{"id":2124544,"date":"2026-09-02T14:49:00","date_gmt":"2026-09-02T11:49:00","guid":{"rendered":"https:\/\/analyse.optim.biz\/?p=2124544"},"modified":"2026-09-02T14:49:00","modified_gmt":"2026-09-02T11:49:00","slug":"primaria-timisoara-si-cj-timis-contre-privind-finantarea-pentru-stadionul-din-calea-buziasului","status":"publish","type":"post","link":"https:\/\/analyse.optim.biz\/?p=2124544","title":{"rendered":"Prim\u0103ria Timi\u015foara \u015fi CJ Timi\u015f, contre privind finan\u0163area pentru stadionul din Calea Buzia\u015fului"},"content":{"rendered":"<p>[analyse_image type=&#8221;featured&#8221; src=&#8221;http:\/\/www.banatulmeu.ro\/wp-content\/uploads\/2026\/09\/793212308_1425803709446613_7310610990140247495_n.jpg&#8221;]<\/p>\n<div class=\"post-content-bd\">\n<p>Prim\u0103ria Timi\u015foara \u015fi Consiliul Jude\u0163ean Timi\u015f au ajuns s\u0103 se contreze, miercuri, pe marginea finan\u0163\u0103rii pentru noul stadion din Calea Buzia\u015fului. Totul a \u00eenceput de la o postare f\u0103cut\u0103 de Alfred Simonis referitoare la faptul c\u0103 Prim\u0103ria Timi\u015foara a solicitat CJ Timi\u015f suplimentarea finan\u0163\u0103rii pentru noua aren\u0103.<\/p>\n<p><em>\u201cLa doar o zi dup\u0103 ce reprezentan\u021bii USR ne explicau c\u0103 Timi\u0219oara nu are nevoie de stadionul Dan P\u0103ltini\u0219anu, Prim\u0103ria Timi\u0219oara ne-a solicitat suplimentarea celor 20 de milioane de lei prev\u0103zu\u021bi \u00een parteneriatul pe care l-am f\u0103cut pentru finalizarea construc\u021biei stadionului Eroii Timi\u0219oarei. Vom convoca o \u0219edin\u021b\u0103 a Consiliului Jude\u021bean, care va avea loc mar\u021bi, pentru suplimentarea sumei ini\u021biale cu \u00eenc\u0103 1.020.000 de lei pentru c\u0103 dincolo de disputele politice, primeaz\u0103 interesul ora\u0219ului. Timi\u0219oara avea nevoie de o astfel de investi\u021bie, Poli la fel. Acestea au fost motivele pentru care am decis s\u0103 ne implic\u0103m. Ne-am dorit s\u0103 ajut\u0103m la finalizarea mai rapid\u0103 a proiectului care stagna de prea mult timp. Situa\u021bia la zi este urm\u0103toarea: se preg\u0103te\u0219te montarea gazonului, a scaunelor \u0219i se lucreaz\u0103 la finisaje. Se sper\u0103 ca p\u00e2n\u0103 la finalul acestui an, dup\u0103 ob\u021binerea tuturor avizelor \u0219i a omolog\u0103rii, Poli s\u0103 joace aici meciurile de pe teren propriu. Asta p\u00e2n\u0103 c\u00e2nd stadionul mare va fi finalizat \u0219i Poli se \u00eentoarce, \u00een sf\u00e2r\u0219it, acas\u0103\u201d<\/em>, a afirmat \u015feful CJ Timi\u015f.<\/p>\n<p>Pe de alt\u0103 parte, Prim\u0103ria Timi\u015foara a transmis faptul c\u0103 nu a solicitat celor de la CJ Timi\u015f bani \u00een plus pentru stadionul din Calea Buzia\u015fului, ci s-ar fi produs o eroare privind valoarea sumei \u00een adresa \u00eenaintat\u0103 institu\u0163iei.<\/p>\n<p>\u201c<em>Nu am solicitat \u0219i nu solicit\u0103m niciun leu \u00een plus fa\u021b\u0103 de suma stabilit\u0103 prin acordul cu Consiliul Jude\u021bean Timi\u0219 pentru stadion. \u00cen adresa transmis\u0103 c\u0103tre CJT, despre care au ap\u0103rut informa\u021bii \u00een spa\u021biul public, a fost solicitat\u0103 doar suma r\u0103mas\u0103 de plat\u0103 \u00een baza acordului. Acest aspect este specificat \u00een mod explicit. \u00cen documentul la care face referire pre\u0219edintele Alfred Simonis s-a strecurat \u00eens\u0103 o eroare privind valoarea. Aceasta a fost identificat\u0103 \u0219i am transmis deja c\u0103tre CJT o nou\u0103 adres\u0103 cu suma corect\u0103. Prim\u0103ria \u0219i-a respectat angajamentele fa\u021b\u0103 de timi\u0219oreni \u0219i, \u00een acest an, finalizeaz\u0103 stadionul pentru care a achitat de la bugetul local, din taxe \u0219i impozite, 112 milioane de lei. Nu avem nicio inten\u021bie de a modifica acordul de asociere, \u00een valoare de 20 de milioane de lei, parafat cu Consiliul Jude\u021bean. Orice modificare a parteneriatelor prim\u0103riei se stabile\u0219te la nivel de conducere \u0219i se formalizeaz\u0103 prin proceduri legale, nu printr-o adres\u0103 administrativ\u0103 pentru o plat\u0103<\/em>\u201c, a explicat Prim\u0103ria Timi\u015foara.<\/p>\n<p><em>\u201cAm v\u0103zut mesajul transmis de Prim\u0103ria Timi\u0219oara. Am \u00een\u021beles c\u0103 nu e nevoie de bani \u0219i ca doar incompeten\u021ba a f\u0103cut s\u0103 ajungem \u00een situa\u021bia de azi. Nu e nicio problem\u0103. Dac\u0103 cei de la PMT se r\u0103zg\u00e2ndesc, noi suntem aici preg\u0103ti\u021bi s\u0103 ajut\u0103m<\/em>\u201c, a r\u0103spuns Alfred Simonis.<\/p>\n<\/div>\n<p>[analyse_source url=&#8221;https:\/\/www.banatulmeu.ro\/primaria-timisoara-si-cj-timis-contre-privind-finantarea-pentru-stadionul-din-calea-buziasului\/&#8221;]<\/p>\n","protected":false},"excerpt":{"rendered":"<p>[analyse_image type=&#8221;featured&#8221; src=&#8221;http:\/\/www.banatulmeu.ro\/wp-content\/uploads\/2026\/09\/793212308_1425803709446613_7310610990140247495_n.jpg&#8221;] Prim\u0103ria Timi\u015foara \u015fi Consiliul Jude\u0163ean Timi\u015f au ajuns s\u0103 se contreze, miercuri, pe marginea finan\u0163\u0103rii pentru noul stadion din Calea Buzia\u015fului. Totul a \u00eenceput de la o postare f\u0103cut\u0103 de Alfred Simonis referitoare la faptul c\u0103 Prim\u0103ria Timi\u015foara a solicitat CJ Timi\u015f suplimentarea finan\u0163\u0103rii pentru noua aren\u0103. \u201cLa doar o zi dup\u0103 [&hellip;]<\/p>\n","protected":false},"author":1,"featured_media":0,"comment_status":"open","ping_status":"","sticky":false,"template":"","format":"standard","meta":{"footnotes":""},"categories":[89],"tags":[204,226],"class_list":["post-2124544","post","type-post","status-publish","format-standard","hentry","category-romania","tag-banatulmeu-ro","tag-crawlmanager"],"_links":{"self":[{"href":"https:\/\/analyse.optim.biz\/index.php?rest_route=\/wp\/v2\/posts\/2124544","targetHints":{"allow":["GET"]}}],"collection":[{"href":"https:\/\/analyse.optim.biz\/index.php?rest_route=\/wp\/v2\/posts"}],"about":[{"href":"https:\/\/analyse.optim.biz\/index.php?rest_route=\/wp\/v2\/types\/post"}],"author":[{"embeddable":true,"href":"https:\/\/analyse.optim.biz\/index.php?rest_route=\/wp\/v2\/users\/1"}],"replies":[{"embeddable":true,"href":"https:\/\/analyse.optim.biz\/index.php?rest_route=%2Fwp%2Fv2%2Fcomments&post=2124544"}],"version-history":[{"count":0,"href":"https:\/\/analyse.optim.biz\/index.php?rest_route=\/wp\/v2\/posts\/2124544\/revisions"}],"wp:attachment":[{"href":"https:\/\/analyse.optim.biz\/index.php?rest_route=%2Fwp%2Fv2%2Fmedia&parent=2124544"}],"wp:term":[{"taxonomy":"category","embeddable":true,"href":"https:\/\/analyse.optim.biz\/index.php?rest_route=%2Fwp%2Fv2%2Fcategories&post=2124544"},{"taxonomy":"post_tag","embeddable":true,"href":"https:\/\/analyse.optim.biz\/index.php?rest_route=%2Fwp%2Fv2%2Ftags&post=2124544"}],"curies":[{"name":"wp","href":"https:\/\/api.w.org\/{rel}","templated":true}]}}