{"id":2124543,"date":"2026-09-02T13:53:47","date_gmt":"2026-09-02T10:53:47","guid":{"rendered":"https:\/\/analyse.optim.biz\/?p=2124543"},"modified":"2026-09-02T13:53:47","modified_gmt":"2026-09-02T10:53:47","slug":"naufragiul-feribotului-din-cipru-20-de-persoane-disparute-autoritatile-cred-ca-sunt-blocate-in-epava-la","status":"publish","type":"post","link":"https:\/\/analyse.optim.biz\/?p=2124543","title":{"rendered":"Naufragiul feribotului din Cipru: 20 de persoane disp\u0103rute, autorit\u0103\u021bile cred c\u0103 sunt blocate \u00een epav\u0103 la&#8230;"},"content":{"rendered":"<p>[analyse_image type=&#8221;featured&#8221; src=&#8221;https:\/\/s.iw.ro\/gateway\/g\/ZmlsZVNvdXJjZT1odHRwJTNBJTJGJTJG\/c3RvcmFnZTA4dHJhbnNjb2Rlci5yY3Mt\/cmRzLnJvJTJGc3RvcmFnZSUyRjIwMjYl\/MkYwOSUyRjAyJTJGMjkzOTk4NV8yOTM5\/OTg1X3Byb2ZpbWVkaWEtMTEyOTU3NDUw\/MC5qcGcmdz0xMjAwJmg9NjMwJnpjPTEm\/aGFzaD04YzU3YzhhMWZlM2YwYTNkYTEzZjRkZjg0MzRkYzQ3Ng==.thumb.jpg&#8221;]<\/p>\n<div class=\"entry data-app-meta data-app-meta-article\" data-embed-base-url-canonical=\"https:\/\/www.digi24.ro\/embed\/stiri\/externe\/mapamond\/naufragiul-feribotului-din-cipru-20-de-persoane-disparute-autoritatile-cred-ca-sunt-blocate-in-epava-la-550-m-adancime-3932369\">\n<p data-index=\"1\"><strong> Cele 20 de persoane disp\u0103rute \u00een naufragiul feribotului care s-a scufundat duminic\u0103 la 550 de metri ad\u00e2ncime \u00een largul Ciprului au fost probabil blocate \u00een epav\u0103, au declarat miercuri autorit\u0103\u0163ile din entitatea separatist\u0103 autointitulat\u0103 Republica Turc\u0103 a Ciprului de Nord (RTCN), relateaz\u0103 AFP.<\/strong><\/p>\n<p data-index=\"2\">Trupurile a opt pasageri turci ai Filo Jet, un catamaran care efectua curse \u00eentre RTCN \u015fi Turcia, au fost deja recuperate \u00een orele care au urmat naufragiului, ale c\u0103rui cauze urmeaz\u0103 a fi stabilite, scrie Agerpres.<\/p>\n<p data-index=\"3\">\u201eOpera\u0163iunile de c\u0103utare continu\u0103 pentru cele 20 de persoane date disp\u0103rute despre care credem c\u0103 se afl\u0103 \u00een interiorul navei\u201d, a declarat Unal Ustel, prim-ministru al republicii autoproclamate.<\/p>\n<p data-index=\"4\">Dou\u0103 nave militare desf\u0103\u015furate de Turcia au ajuns \u00een zon\u0103 mar\u0163i \u015fi miercuri. \u201eS-a ajuns la nav\u0103\u201d, a anun\u0163at pe Facebook Tufan Erh\u00fcrman, pre\u015fedinte al RTCN.<\/p>\n<p data-index=\"5\">Cele dou\u0103 nave sunt echipate \u00eentre altele cu drone submarine capabile s\u0103 ajung\u0103 p\u00e2n\u0103 la 1.000 de metri ad\u00e2ncime.<\/p>\n<p data-index=\"6\">\u201eRobo\u0163ii sunt utiliza\u0163i pentru a cartografia zona din jurul navei (&#8230;) Sper\u0103m c\u0103 aceste eforturi vor da roade p\u00e2n\u0103 sear\u0103\u201d a precizat Unal Ustel, citat de agen\u0163ia turc\u0103 DHA.<\/p>\n<p data-index=\"7\">C\u0103pitanul, plasat \u00een deten\u0163ie provizorie \u00eempreun\u0103 cu \u015fapte membri ai echipajului \u015fi un angajat al companiei, i-a spus unui judec\u0103tor c\u0103 prova navei s-a rupt sub efectul valurilor la pu\u0163in timp dup\u0103 plecarea din Kyrenia, de pe coasta nordic\u0103 a RTCN.<\/p>\n<p data-index=\"8\">Nava, care se \u00eendrepta spre portul turc Tasucu, s-a scufundat duminic\u0103 dup\u0103-amiaz\u0103 la c\u00e2teva mile de Kyrenia.<\/p>\n<p data-index=\"9\">Insula s-a aflat miercuri \u00een cea de a treia zi de doliu na\u0163ional, \u00een timp ce dou\u0103 noi \u00eenmorm\u00e2nt\u0103ri au avut loc \u00een ora\u015ful portuar turc Mersin.<\/p>\n<p data-index=\"10\">Multe necunoscute r\u0103m\u00e2n privind feribotul \u015fi \u00eentre\u0163inerea sa. Potrivit datelor Organiza\u0163iei Maritime Interna\u0163ionale (OMI) consultate de AFP, nava a navigat sub pavilion spaniol \u00eentre 2011 \u015fi 2017.<\/p>\n<p data-index=\"11\">\u00cens\u0103 baza mondial\u0103 a flotei comerciale Equasis, consultat\u0103 \u015fi ea de AFP, informeaz\u0103 c\u0103 nava s-a aflat sub pavilion spaniol p\u00e2n\u0103 \u00een 2011, dup\u0103 care a disp\u0103rut de pe radar p\u00e2n\u0103 \u00een 2017, c\u00e2nd a reap\u0103rut sub pavilion grec. Din 2024, ea poart\u0103 pavilion cipriot.<\/p>\n<p data-index=\"12\">RTCN, recunoscut\u0103 doar de Turcia, \u015fi-a proclamat independen\u0163a \u00een 1983, la nou\u0103 ani dup\u0103 invazia armatei turce din nordul Ciprului, \u00een urma unei lovituri de stat na\u0163ionaliste cipriote sus\u0163inute de Grecia. Aceast\u0103 entitate ocup\u0103 circa o treime din insula mediteraneean\u0103.<\/p>\n<p> Editor : <a href=\"https:\/\/www.digi24.ro\/autor\/bogdan-enache\"> B.E. <\/a><\/p>\n<\/div>\n<p>[analyse_source url=&#8221;https:\/\/www.digi24.ro\/stiri\/externe\/mapamond\/naufragiul-feribotului-din-cipru-20-de-persoane-disparute-autoritatile-cred-ca-sunt-blocate-in-epava-la-550-m-adancime-3932369&#8243;]<\/p>\n","protected":false},"excerpt":{"rendered":"<p>[analyse_image type=&#8221;featured&#8221; src=&#8221;https:\/\/s.iw.ro\/gateway\/g\/ZmlsZVNvdXJjZT1odHRwJTNBJTJGJTJG\/c3RvcmFnZTA4dHJhbnNjb2Rlci5yY3Mt\/cmRzLnJvJTJGc3RvcmFnZSUyRjIwMjYl\/MkYwOSUyRjAyJTJGMjkzOTk4NV8yOTM5\/OTg1X3Byb2ZpbWVkaWEtMTEyOTU3NDUw\/MC5qcGcmdz0xMjAwJmg9NjMwJnpjPTEm\/aGFzaD04YzU3YzhhMWZlM2YwYTNkYTEzZjRkZjg0MzRkYzQ3Ng==.thumb.jpg&#8221;] Cele 20 de persoane disp\u0103rute \u00een naufragiul feribotului care s-a scufundat duminic\u0103 la 550 de metri ad\u00e2ncime \u00een largul Ciprului au fost probabil blocate \u00een epav\u0103, au declarat miercuri autorit\u0103\u0163ile din entitatea separatist\u0103 autointitulat\u0103 Republica Turc\u0103 a Ciprului de Nord (RTCN), relateaz\u0103 AFP. Trupurile a opt pasageri turci ai Filo Jet, un [&hellip;]<\/p>\n","protected":false},"author":1,"featured_media":0,"comment_status":"open","ping_status":"","sticky":false,"template":"","format":"standard","meta":{"footnotes":""},"categories":[89],"tags":[],"class_list":["post-2124543","post","type-post","status-publish","format-standard","hentry","category-romania"],"_links":{"self":[{"href":"https:\/\/analyse.optim.biz\/index.php?rest_route=\/wp\/v2\/posts\/2124543","targetHints":{"allow":["GET"]}}],"collection":[{"href":"https:\/\/analyse.optim.biz\/index.php?rest_route=\/wp\/v2\/posts"}],"about":[{"href":"https:\/\/analyse.optim.biz\/index.php?rest_route=\/wp\/v2\/types\/post"}],"author":[{"embeddable":true,"href":"https:\/\/analyse.optim.biz\/index.php?rest_route=\/wp\/v2\/users\/1"}],"replies":[{"embeddable":true,"href":"https:\/\/analyse.optim.biz\/index.php?rest_route=%2Fwp%2Fv2%2Fcomments&post=2124543"}],"version-history":[{"count":0,"href":"https:\/\/analyse.optim.biz\/index.php?rest_route=\/wp\/v2\/posts\/2124543\/revisions"}],"wp:attachment":[{"href":"https:\/\/analyse.optim.biz\/index.php?rest_route=%2Fwp%2Fv2%2Fmedia&parent=2124543"}],"wp:term":[{"taxonomy":"category","embeddable":true,"href":"https:\/\/analyse.optim.biz\/index.php?rest_route=%2Fwp%2Fv2%2Fcategories&post=2124543"},{"taxonomy":"post_tag","embeddable":true,"href":"https:\/\/analyse.optim.biz\/index.php?rest_route=%2Fwp%2Fv2%2Ftags&post=2124543"}],"curies":[{"name":"wp","href":"https:\/\/api.w.org\/{rel}","templated":true}]}}