{"id":2124523,"date":"2026-09-02T14:05:00","date_gmt":"2026-09-02T11:05:00","guid":{"rendered":"https:\/\/analyse.optim.biz\/?p=2124523"},"modified":"2026-09-02T14:05:00","modified_gmt":"2026-09-02T11:05:00","slug":"la-venezia-dei-giusti-male-ha-fatto-alberto-barbera-a-non-mettere-in-concorso-un-film-forte-e-di-g","status":"publish","type":"post","link":"https:\/\/analyse.optim.biz\/?p=2124523","title":{"rendered":"La venezia dei giusti &#8211; male ha fatto alberto barbera a non mettere in concorso un film forte e di g"},"content":{"rendered":"<p>[analyse_image type=&#8221;featured&#8221; src=&#8221;https:\/\/static.dagospia.com\/img\/patch\/09-2026\/la-ragazza-con-la-leica-2301617_600_q50.webp&#8221;]<\/p>\n<article>\n<div class=\"img-wrapper\"><img decoding=\"async\" src=\"https:\/\/static.dagospia.com\/img\/patch\/09-2026\/la-ragazza-con-la-leica-2301617_600_q50.webp\" alt=\"la ragazza con la leica \"><time class=\"data-ora\">2 set 2026 16:05<\/time><\/div>\n<p><span>LA VENEZIA DEI GIUSTI <\/span>&#8211; MALE HA FATTO ALBERTO BARBERA A NON METTERE IN CONCORSO UN FILM FORTE E DI GRANDI POSSIBILIT\u00c0 COME <span>\u201cLA RAGAZZA CON LA LEICA\u201d <\/span>DI ALINA MARAZZI, CHE APRE OGGI LA SEZIONE ORIZZONTI &#8211; <span>MALE PERCH\u00c9 \u00c8 UN BIOPIC SULLA FIGURA PER NULLA COS\u00cc NOTA DELLA FOTOGRAFA GERDA TARO,<\/span> DI GRANDE FINEZZA INTELLETTUALE E DI GRANDE RIUSCITA, PUR CON UN BUDGET LIMITATO. E DIMOSTRA CHE NON \u00c8 VERO CHE MANCANO I BUONI FILM DIRETTI DA DONNE &#8211; LE GRANDI FOTOGRAFIE DI ROBERT CAPA E GERDA TARO FORNISCONO ALLA REGISTA UNA CHIAVE ASSOLUTAMENTE INEDITA E INVENTIVA PER LA RICOSTRUZIONE DELLA SUA STORIA, CHE \u00c8 UNA STORIA PERSONALE, UNA STORIA DI GUERRA E UNA STORIA D\u2019AMORE\u2026 &#8211; VIDEO<\/p>\n<div class=\"share-section\">\n                Condividi  questo articolo<\/p>\n<div class=\"socials\"><a href=\"http:\/\/www.facebook.com\/sharer.php?u=http:\/\/www.dagospia.com\/media-tv\/venezia-dei-giusti-male-fatto-alberto-barbera-non-mettere-in-concorso-485560\" target=\"_blank\"><img decoding=\"async\" src=\"https:\/\/static.dagospia.com\/img\/icons\/facebook.svg\" alt=\"Condividi su Facebook\"><\/a><a href=\"http:\/\/www.twitter.com\/share?url=http:\/\/www.dagospia.com\/media-tv\/venezia-dei-giusti-male-fatto-alberto-barbera-non-mettere-in-concorso-485560&amp;text=LA%20VENEZIA%20DEI%20GIUSTI%20-%20MALE%20HA%20FATTO%20ALBERTO%20BARBERA%20A%20NON%20METTERE%20IN%20CONCORSO%20UN%20FILM%20FORTE%20E%20DI%20G\" target=\"_blank\"><img decoding=\"async\" src=\"https:\/\/static.dagospia.com\/img\/icons\/x-icon.png\" alt=\"Condividi su X\"><\/a><a href=\"\/\/www.dagospia.com\/media-tv\/venezia-dei-giusti-male-fatto-alberto-barbera-non-mettere-in-concorso-485560\" target=\"_blank\"><img decoding=\"async\" src=\"https:\/\/static.dagospia.com\/img\/icons\/whatsapp.svg\" alt=\"Condividi su Whatsapp\"><\/a><a href=\"mailto:?body=http:\/\/www.dagospia.com\/media-tv\/venezia-dei-giusti-male-fatto-alberto-barbera-non-mettere-in-concorso-485560\" target=\"_blank\"><img decoding=\"async\" src=\"https:\/\/static.dagospia.com\/img\/icons\/mail.svg\" alt=\"Invia in email\"><\/a><\/div>\n<\/div>\n<div class=\"content\">\n<div><iframe loading=\"lazy\" allow=\"accelerometer; autoplay; clipboard-write; encrypted-media; gyroscope; picture-in-picture; web-share\" allowfullscreen frameborder height=\"315\" referrerpolicy=\"strict-origin-when-cross-origin\" src=\"https:\/\/www.youtube.com\/embed\/cB2PGNiqRJc?si=YVTdBnoImY2fvDiO\" title=\"YouTube video player\" width=\"560\"><\/iframe><\/div>\n<p class=\"disable\"><strong>Marco Giusti per Dagopia<\/strong><\/p>\n<p class=\"disable\">\u00a0<\/p>\n<p><a href=\"https:\/\/www.dagospia.com\/media-gallery\/dago-fotogallery-521987\/2301615\" class=\"float-right img-wrapper\"><img decoding=\"async\" id=\"2301615\" loading=\"lazy\" src=\"https:\/\/static.dagospia.com\/img\/foto\/09-2026\/la-ragazza-con-la-leica-5-2301615_800_q50.webp\"><span class=\"img-title\">la ragazza con la leica 5<\/span><\/a><\/p>\n<p class=\"disable\">Male ha fatto Alberto Barbera, e non solo per motivi di presenze femminili, anche se gli avrebbe tolto qualsiasi problema, a non mettere in concorso un film forte e di grandi possibilit\u00e0 come \u201cLa ragazza con la leica\u201d di Alina Marazzi che apre oggi la sezione Orizzonti.<\/p>\n<p class=\"disable\">\u00a0<\/p>\n<p class=\"disable\">Male perch\u00e9 \u00e8 un biopic sulla figura per nulla cos\u00ec nota della fotografa Gerda Taro, ripreso dal libro Premio Strega di Helena Janeczek, prodotto da Marta Donzelli, scritto dalla regista assieme a Valia Santella, interpretato da una magnifica e bellissima Emilia Sch\u00fcle, di grande finezza intellettuale e di grande riuscita pur con un budget limitato. E dimostra che non \u00e8 vero che mancano i buoni film diretti da donne.<\/p>\n<p class=\"disable\">\u00a0<\/p>\n<p><a href=\"https:\/\/www.dagospia.com\/media-gallery\/dago-fotogallery-521987\/2301613\" class=\"float-left img-wrapper\"><img decoding=\"async\" id=\"2301613\" loading=\"lazy\" src=\"https:\/\/static.dagospia.com\/img\/foto\/09-2026\/la-ragazza-con-la-leica-3-2301613_800_q50.webp\"><span class=\"img-title\">la ragazza con la leica 3<\/span><\/a><\/p>\n<p class=\"disable\">Documentarista, attivissima nel recupero di archivi di immagini, Alina Marazzi supplisce alla mancanza di set d\u2019epoca e di grandi ricostruzioni di citt\u00e0 come Parigi o Lipsia, con filmati d\u2019epoca e fotografie. Le grandi fotografie di Robert Capa e Gerda Taro, forniscono alla regista una chiave assolutamente inedita e inventiva per la ricostruzione della sua storia, che \u00e8 una storia personale, una storia di guerra e una storia d\u2019amore.<\/p>\n<p class=\"disable\">\u00a0<\/p>\n<p class=\"disable\">Anche se Gerda non \u00e8 in grado di gestire un solo amore, anzi li unisce costantemente tutti e la guerra stroncher\u00e0 la sua vita a soli 26 anni, travolta da un camion nel 1937 durante la fine della Guerra Civile spagnola, dove era andata, senza Capa, per esserci, per documentare. \u201cUna fotografia non \u00e8 mai indifferente\u201d, dir\u00e0 Gerda all\u2019inizio del film. \u201cPer me fare fotografie \u00e8 essere dentro la storia e prendere posizione\u201d.<\/p>\n<p class=\"disable\">\u00a0<\/p>\n<p><a href=\"https:\/\/www.dagospia.com\/media-gallery\/dago-fotogallery-521987\/2301616\" class=\"float-right img-wrapper\"><img decoding=\"async\" id=\"2301616\" loading=\"lazy\" src=\"https:\/\/static.dagospia.com\/img\/foto\/09-2026\/la-ragazza-con-la-leica-6-2301616_800_q50.webp\"><span class=\"img-title\">la ragazza con la leica 6<\/span><\/a><\/p>\n<p class=\"disable\">Per poterlo fare, dopo la fuga a Parigi dalla Germania, lei ebrea polacca, per l\u2019arrivo di Hitler, Gerda, che si chiama in realt\u00e0 Gerta Pohorylle, e il suo compagno Robert Capa, ebreo ungherese, che si chiama Endre Friedman, si inventano un nome e una professione, Taro-Capa, fotoreporter. Per Capa, Gerda si inventa addirittura un passato da fotografo americano di origine italiane, per aver meno problemi. Per essere un marchio.<\/p>\n<p class=\"disable\">\u00a0<\/p>\n<p class=\"disable\">Non importa chi scatta la fotografia, importa esserci, dir\u00e0 Gerda. Li troviamo sul fronte spagnolo dalla parte dei repubblicani con la speranza che la Spagna non faccia la fine della Germania. Tutto questo \u00e8 raccontato partendo da un solo giorno a Parigi, nel 1937, con Gerda che vuole ripartire per la Spagna, anche se le cose si sono messe malissimo per i Repubblicani. E Capa non vuole andare, perch\u00e9 \u00e8 un suicidio. Vuole andare invece in Cina.<\/p>\n<p class=\"disable\">\u00a0<\/p>\n<p><a href=\"https:\/\/www.dagospia.com\/media-gallery\/dago-fotogallery-521987\/2301612\" class=\"float-left img-wrapper\"><img decoding=\"async\" id=\"2301612\" loading=\"lazy\" src=\"https:\/\/static.dagospia.com\/img\/foto\/09-2026\/la-ragazza-con-la-leica-2-2301612_800_q50.webp\"><span class=\"img-title\">la ragazza con la leica 2<\/span><\/a><\/p>\n<p class=\"disable\">Attorno a lei troviamo tutti i suoi tanti amori. Georg, il medico, Willy, chiamato \u201cil bassotto\u201d, una sola donna. Si sa che le biografie dei grandi artisti sono sempre piene di inesattezze e non so dirvi qui quante ce ne siano. Francamente non mi importa. Perch\u00e9 quello che viene fuori \u00e8 un ritratto di una ragazza, interpretata da una bravissima Emilia Sch\u00fcle, che \u00e8 stata Marie-Antoinette nella serie tedesca, piena di vita e di voglia di far qualcosa per impedire all\u2019onda nera di vincere e di andare incontro anche alla morte ballando.<\/p>\n<p class=\"disable\">\u00a0<\/p>\n<p class=\"disable\">Impossibile non pensare all\u2019onda nera che si \u00e8 abbattuta nell\u2019Europa e nell\u2019America di oggi e all\u2019idea di quanto \u00e8 giusto oggi come ieri prendere una posizione. Aaron Altaras \u00e8 un Capa credibile e Luna Wedler l\u2019amica del cuore. Tecnicamente e artisticamente, Alina Marazzi vince la sfida maggiore. Rendere credibile il passaggio dalla realt\u00e0 delle immagini, foto e vecchi cinegiornali e film, alla fiction della messa in scena.<\/p>\n<p><a href=\"https:\/\/www.dagospia.com\/media-gallery\/dago-fotogallery-521987\/2301611\" class=\"float-right img-wrapper\"><img decoding=\"async\" id=\"2301611\" loading=\"lazy\" src=\"https:\/\/static.dagospia.com\/img\/foto\/09-2026\/la-ragazza-con-la-leica-1-2301611_800_q50.webp\"><span class=\"img-title\">la ragazza con la leica 1<\/span><\/a><\/p>\n<p class=\"disable\">\u00a0<\/p>\n<p class=\"disable\">Un impasto non cos\u00ec facile da rendere credibile. E\u2019 all\u2019interno di questa credibilit\u00e0 fare il suo film che tocca anche il problema, non indifferente, della creativit\u00e0 femminile alle prese con la creativit\u00e0 maschile. Taro-Capa. Una cosa sola. Con queste 4500 magnifiche fotografie che si perdono e si ritrovano in Messico pochi anni fa.<\/p>\n<p><a href=\"https:\/\/www.dagospia.com\/media-gallery\/dago-fotogallery-521987\/2301614\" class=\"float-left img-wrapper\"><img decoding=\"async\" id=\"2301614\" loading=\"lazy\" src=\"https:\/\/static.dagospia.com\/img\/foto\/09-2026\/la-ragazza-con-la-leica-4-2301614_800_q50.webp\"><span class=\"img-title\">la ragazza con la leica 4<\/span><\/a><\/p>\n<p class=\"disable\">\u00a0<\/p>\n<\/div>\n<div class=\"share-section\">\n                Condividi  questo articolo<\/p>\n<div class=\"socials\"><a href=\"https:\/\/www.dagospia.com\/media-tv\/venezia-dei-giusti-male-fatto-alberto-barbera-non-mettere-in-concorso-485560\"><img decoding=\"async\" src=\"https:\/\/static.dagospia.com\/img\/icons\/facebook.svg\" alt=\"Condividi su Facebook\"><\/a><a href=\"https:\/\/www.dagospia.com\/media-tv\/venezia-dei-giusti-male-fatto-alberto-barbera-non-mettere-in-concorso-485560\"><img decoding=\"async\" src=\"https:\/\/static.dagospia.com\/img\/icons\/x-icon.png\" alt=\"Condividi su X\"><\/a><a href=\"https:\/\/www.dagospia.com\/media-tv\/venezia-dei-giusti-male-fatto-alberto-barbera-non-mettere-in-concorso-485560\"><img decoding=\"async\" src=\"https:\/\/static.dagospia.com\/img\/icons\/whatsapp.svg\" alt=\"Condividi su Whatsapp\"><\/a><a href=\"https:\/\/www.dagospia.com\/media-tv\/venezia-dei-giusti-male-fatto-alberto-barbera-non-mettere-in-concorso-485560\"><img decoding=\"async\" src=\"https:\/\/static.dagospia.com\/img\/icons\/mail.svg\" alt=\"Invia in email\"><\/a><\/div>\n<\/div>\n<\/article>\n<div class=\"content\">\n<div><iframe loading=\"lazy\" allow=\"accelerometer; autoplay; clipboard-write; encrypted-media; gyroscope; picture-in-picture; web-share\" allowfullscreen frameborder height=\"315\" referrerpolicy=\"strict-origin-when-cross-origin\" src=\"https:\/\/www.youtube.com\/embed\/cB2PGNiqRJc?si=YVTdBnoImY2fvDiO\" title=\"YouTube video player\" width=\"560\"><\/iframe><\/div>\n<p class=\"disable\"><strong>Marco Giusti per Dagopia<\/strong><\/p>\n<p class=\"disable\">\u00a0<\/p>\n<p><a href=\"https:\/\/www.dagospia.com\/media-gallery\/dago-fotogallery-521987\/2301615\" class=\"float-right img-wrapper\"><img decoding=\"async\" id=\"2301615\" loading=\"lazy\" src=\"https:\/\/static.dagospia.com\/img\/foto\/09-2026\/la-ragazza-con-la-leica-5-2301615_800_q50.webp\"><span class=\"img-title\">la ragazza con la leica 5<\/span><\/a><\/p>\n<p class=\"disable\">Male ha fatto Alberto Barbera, e non solo per motivi di presenze femminili, anche se gli avrebbe tolto qualsiasi problema, a non mettere in concorso un film forte e di grandi possibilit\u00e0 come \u201cLa ragazza con la leica\u201d di Alina Marazzi che apre oggi la sezione Orizzonti.<\/p>\n<p class=\"disable\">\u00a0<\/p>\n<p class=\"disable\">Male perch\u00e9 \u00e8 un biopic sulla figura per nulla cos\u00ec nota della fotografa Gerda Taro, ripreso dal libro Premio Strega di Helena Janeczek, prodotto da Marta Donzelli, scritto dalla regista assieme a Valia Santella, interpretato da una magnifica e bellissima Emilia Sch\u00fcle, di grande finezza intellettuale e di grande riuscita pur con un budget limitato. E dimostra che non \u00e8 vero che mancano i buoni film diretti da donne.<\/p>\n<p class=\"disable\">\u00a0<\/p>\n<p><a href=\"https:\/\/www.dagospia.com\/media-gallery\/dago-fotogallery-521987\/2301613\" class=\"float-left img-wrapper\"><img decoding=\"async\" id=\"2301613\" loading=\"lazy\" src=\"https:\/\/static.dagospia.com\/img\/foto\/09-2026\/la-ragazza-con-la-leica-3-2301613_800_q50.webp\"><span class=\"img-title\">la ragazza con la leica 3<\/span><\/a><\/p>\n<p class=\"disable\">Documentarista, attivissima nel recupero di archivi di immagini, Alina Marazzi supplisce alla mancanza di set d\u2019epoca e di grandi ricostruzioni di citt\u00e0 come Parigi o Lipsia, con filmati d\u2019epoca e fotografie. Le grandi fotografie di Robert Capa e Gerda Taro, forniscono alla regista una chiave assolutamente inedita e inventiva per la ricostruzione della sua storia, che \u00e8 una storia personale, una storia di guerra e una storia d\u2019amore.<\/p>\n<p class=\"disable\">\u00a0<\/p>\n<p class=\"disable\">Anche se Gerda non \u00e8 in grado di gestire un solo amore, anzi li unisce costantemente tutti e la guerra stroncher\u00e0 la sua vita a soli 26 anni, travolta da un camion nel 1937 durante la fine della Guerra Civile spagnola, dove era andata, senza Capa, per esserci, per documentare. \u201cUna fotografia non \u00e8 mai indifferente\u201d, dir\u00e0 Gerda all\u2019inizio del film. \u201cPer me fare fotografie \u00e8 essere dentro la storia e prendere posizione\u201d.<\/p>\n<p class=\"disable\">\u00a0<\/p>\n<p><a href=\"https:\/\/www.dagospia.com\/media-gallery\/dago-fotogallery-521987\/2301616\" class=\"float-right img-wrapper\"><img decoding=\"async\" id=\"2301616\" loading=\"lazy\" src=\"https:\/\/static.dagospia.com\/img\/foto\/09-2026\/la-ragazza-con-la-leica-6-2301616_800_q50.webp\"><span class=\"img-title\">la ragazza con la leica 6<\/span><\/a><\/p>\n<p class=\"disable\">Per poterlo fare, dopo la fuga a Parigi dalla Germania, lei ebrea polacca, per l\u2019arrivo di Hitler, Gerda, che si chiama in realt\u00e0 Gerta Pohorylle, e il suo compagno Robert Capa, ebreo ungherese, che si chiama Endre Friedman, si inventano un nome e una professione, Taro-Capa, fotoreporter. Per Capa, Gerda si inventa addirittura un passato da fotografo americano di origine italiane, per aver meno problemi. Per essere un marchio.<\/p>\n<p class=\"disable\">\u00a0<\/p>\n<p class=\"disable\">Non importa chi scatta la fotografia, importa esserci, dir\u00e0 Gerda. Li troviamo sul fronte spagnolo dalla parte dei repubblicani con la speranza che la Spagna non faccia la fine della Germania. Tutto questo \u00e8 raccontato partendo da un solo giorno a Parigi, nel 1937, con Gerda che vuole ripartire per la Spagna, anche se le cose si sono messe malissimo per i Repubblicani. E Capa non vuole andare, perch\u00e9 \u00e8 un suicidio. Vuole andare invece in Cina.<\/p>\n<p class=\"disable\">\u00a0<\/p>\n<p><a href=\"https:\/\/www.dagospia.com\/media-gallery\/dago-fotogallery-521987\/2301612\" class=\"float-left img-wrapper\"><img decoding=\"async\" id=\"2301612\" loading=\"lazy\" src=\"https:\/\/static.dagospia.com\/img\/foto\/09-2026\/la-ragazza-con-la-leica-2-2301612_800_q50.webp\"><span class=\"img-title\">la ragazza con la leica 2<\/span><\/a><\/p>\n<p class=\"disable\">Attorno a lei troviamo tutti i suoi tanti amori. Georg, il medico, Willy, chiamato \u201cil bassotto\u201d, una sola donna. Si sa che le biografie dei grandi artisti sono sempre piene di inesattezze e non so dirvi qui quante ce ne siano. Francamente non mi importa. Perch\u00e9 quello che viene fuori \u00e8 un ritratto di una ragazza, interpretata da una bravissima Emilia Sch\u00fcle, che \u00e8 stata Marie-Antoinette nella serie tedesca, piena di vita e di voglia di far qualcosa per impedire all\u2019onda nera di vincere e di andare incontro anche alla morte ballando.<\/p>\n<p class=\"disable\">\u00a0<\/p>\n<p class=\"disable\">Impossibile non pensare all\u2019onda nera che si \u00e8 abbattuta nell\u2019Europa e nell\u2019America di oggi e all\u2019idea di quanto \u00e8 giusto oggi come ieri prendere una posizione. Aaron Altaras \u00e8 un Capa credibile e Luna Wedler l\u2019amica del cuore. Tecnicamente e artisticamente, Alina Marazzi vince la sfida maggiore. Rendere credibile il passaggio dalla realt\u00e0 delle immagini, foto e vecchi cinegiornali e film, alla fiction della messa in scena.<\/p>\n<p><a href=\"https:\/\/www.dagospia.com\/media-gallery\/dago-fotogallery-521987\/2301611\" class=\"float-right img-wrapper\"><img decoding=\"async\" id=\"2301611\" loading=\"lazy\" src=\"https:\/\/static.dagospia.com\/img\/foto\/09-2026\/la-ragazza-con-la-leica-1-2301611_800_q50.webp\"><span class=\"img-title\">la ragazza con la leica 1<\/span><\/a><\/p>\n<p class=\"disable\">\u00a0<\/p>\n<p class=\"disable\">Un impasto non cos\u00ec facile da rendere credibile. E\u2019 all\u2019interno di questa credibilit\u00e0 fare il suo film che tocca anche il problema, non indifferente, della creativit\u00e0 femminile alle prese con la creativit\u00e0 maschile. Taro-Capa. Una cosa sola. Con queste 4500 magnifiche fotografie che si perdono e si ritrovano in Messico pochi anni fa.<\/p>\n<p><a href=\"https:\/\/www.dagospia.com\/media-gallery\/dago-fotogallery-521987\/2301614\" class=\"float-left img-wrapper\"><img decoding=\"async\" id=\"2301614\" loading=\"lazy\" src=\"https:\/\/static.dagospia.com\/img\/foto\/09-2026\/la-ragazza-con-la-leica-4-2301614_800_q50.webp\"><span class=\"img-title\">la ragazza con la leica 4<\/span><\/a><\/p>\n<p class=\"disable\">\u00a0<\/p>\n<\/div>\n<article><a href=\"https:\/\/www.dagospia.com\/politica\/dagoreport-grazie-trump-mondo-verso-de-americanizzazione-oggi-si-485332\"><\/p>\n<div class=\"img-wrapper\"><img decoding=\"async\" src=\"https:\/\/static.dagospia.com\/img\/patch\/09-2026\/trump-modi-xi-jinping-putin-2301524_600_q50.webp\" alt=\"trump modi xi jinping putin\" loading=\"lazy\"><time class=\"data-ora\">1 set 19:59<\/time><\/div>\n<div class=\"excerpt\">\n<p>DAGOREPORT \u2013<span> GRAZIE A TRUMP, IL DOLLARO RISCHIA DI DIVENTARE CARTA STRACCIA \u2013<\/span>\u00a0IL PIATTO FORTE AL SUMMIT IN KIRGHIZISTAN DI XI JINPING, VLADIMIR PUTIN E NARENDRA MODI, HA FATTO STRA-INCAZZARE IL CALIGOLA DELLA CASA BIANCA: SUL TAVOLO,\u00a0<span>IL PROGETTO DEI &#8221;BRICS&#8221; (BRASILE, RUSSIA, INDIA, CINA, SUDAFRICA) DI DAR VITA A UNA \u201cMONETA UNICA&#8221;, PER FAR FUORI IL DOLLARO NEGLI SCAMBI INTERNAZIONALI<\/span>\u00a0&#8211; CON UN DEBITO PUBBLICO MONSTRE DI 40MILA MILIARDI, LA DE-DOLLARIZZAZIONE SAREBBE LA FINE DELL&#8217;IMPERO AMERICANO: IL VERDONE&#8221; VIENE UTILIZZATO IN OLTRE L&#8217;80% DELLE TRANSAZIONI COMMERCIALI E IN PI\u00d9 DELLA MET\u00c0 DEI PAGAMENTI INTERNAZIONALI DELLE MATERIE PRIME, COME IL PETROLIO\u00a0&#8211; <span>LA DECISIONE E&#8217; NELLE MANI DELLA CINA: RINUNCERA&#8217; ALLO MONETA NAZIONALE, LO YUAN, PER DIVENTARE LA LOCOMOTIVA DEI &#8221;BRICS&#8221;?<\/span>\u00a0&#8211;\u00a0SUL MAGGIORE IMPEGNO A FAVORE DELL\u2019IRAN, PESANO I DUBBI\u00a0DI MODI (GLI USA SONO IL PRIMO PARTNER COMMERCIALE DELL\u2019INDIA)\u00a0&#8211; PROSSIMO ROUND: IL VERTICE DI XI JIN PING DEL 24 SETTEMBRE CON IL &#8220;DERAGLIATO MENTALE&#8221; DELLA CASA BIANCA&#8230;<\/p>\n<\/div>\n<p><\/a><\/article>\n<article><a href=\"https:\/\/www.dagospia.com\/politica\/elly-ascolta-gli-amici-i-big-pd-scesi-in-campo-cosi-pesantemente-per-485354\"><\/p>\n<div class=\"img-wrapper\"><img decoding=\"async\" src=\"https:\/\/static.dagospia.com\/img\/patch\/08-2026\/giuseppe-conte-elly-schlein-franceschini-bonaccini-nardella-2301098_600_q50.webp\" alt=\"giuseppe conte elly schlein franceschini bonaccini nardella\" loading=\"lazy\"><time class=\"data-ora\">31 ago 20:17<\/time><\/div>\n<div class=\"excerpt\">\n<p>DAGOREPORT &#8211; <span>ELLY, ASCOLTA GLI AMICI!<\/span> I CAPOCCIONI E LE MEZZECALZE DEL PD, CHE SONO SCESI COS\u00cc PESANTEMENTE IN CAMPO PER SCONGIURARE LA JATTURA DELLE PRIMARIE, NON CE L&#8217;HANNO CON TE, LO FANNO SOLO PER IL TUO BENE &#8211; CERTO, TEMONO (A RAGIONE) ANCHE PER LA LORO SOPRAVVIVENZA PARLAMENTARE: <span>SE ELLY, COME PROBABILE, PERDESSE AI GAZEBO IL DUELLO CON CONTE, TRASCINEREBBE IL PARTITO NEL BARATRO <\/span>&#8211; \u00c8 PER QUESTO CHE DA QUALCHE SETTIMANA SONO PARTITI GLI AVVERTIMENTI VIA STAMPA, ANCHE DI ESPONENTI PD NON OSTILI ALLA SCHLEIN COME DARIO NARDELLA, DI FARE UN PASSO INDIETRO \u2013 <span>LA TRAGEDIA \u00c8 CHE L\u2019AMBIZIOSA DUCETTA DEL NAZARENO, NONOSTANTE I SONDAGGI HORROR, SI VEDE GI\u00c0 A PALAZZO CHIGI, VALUTANDOLI COME ATTACCHI ALLA SUA LEADERSHIP<\/span>: \u201cLE INTERVISTE SULLE PRIMARIE? SONO SOLO ESERCIZI INTELLETTUALI, ALLA FESTA DELL\u2019UNITA\u2019 PARLO IO\u201d &#8211; SE ELLY CONTINUA COS\u00cc, RISCHIA CHE LA SUA PROSSIMA OCCUPAZIONE SARA&#8217; DI BALLARE SUI CARRI DEL GAY PRIDE&#8230;<\/p>\n<\/div>\n<p><\/a><\/article>\n<article><a href=\"https:\/\/www.dagospia.com\/politica\/l-ingaggio-fedorov-fa-incazzare-zelensky-mette-in-allarme-agenzie-485343\"><\/p>\n<div class=\"img-wrapper\"><img decoding=\"async\" src=\"https:\/\/static.dagospia.com\/img\/patch\/08-2026\/fedorov-musk-thiel-zelensky-crosetto-2301168_600_q50.webp\" alt=\"fedorov musk thiel zelensky crosetto\" loading=\"lazy\"><time class=\"data-ora\">31 ago 18:41<\/time><\/div>\n<div class=\"excerpt\">\n<p>DAGOREPORT &#8211; <span>A QUALCUNO NON PIACE &#8216;STO FEDOROV<\/span> &#8211;\u00a0PIU&#8217; CHE A INDIGNARE I NEURONI ALLA VODKA DI VANNACCI E DI TRAVAGLIO, L\u2019INGAGGIO DEL GOVERNO ITALIANO DELL&#8217;EX MINISTRO DELLA DIFESA UCRAINO<span> FA INCAZZARE ZELENSKY E METTE IN ALLARME LE AGENZIE DI INTELLIGENCE EUROPEE &#8211; <\/span>IL DINAMISMO DEL NOVELLO CONSULENTE DEL MINISTRO CROSETTO NON POTEVA NON FINIRE &#8220;ATTENZIONATO&#8221;, VISTO E CONFERMATO <span>IL RAPPORTO STRETTISSIMO CON L&#8217;EMINENZA GRIGIA DELLA TECNO-DESTRA PETER THIEL E CON IL CAVALIERE NERO DELLA GALASSIA MAGA, ELON MUSK<\/span> &#8211; \u00c8 STATO FEDOROV A OTTENERE LO SBLOCCO DEL SISTEMA STARLINK E A COLTIVARE RAPPORTI CON PALANTIR, CHE FORNISCE A KIEV I SOFTWARE PER LA DIFESA &#8211; <span>CHE STA COMBINANDO IN QUESTI GIORNI FEDOROV NEGLI STATI UNITI? <\/span>COSA VOGLIONO MUSK E THIEL DA LUI? LE ELEZIONI A KIEV, MAGARI PER SOSTITUIRE ZELENSKY E ARRIVARE A QUALUNQUE \u2018PACE\u2019\u201d?<\/p>\n<\/div>\n<p><\/a><\/article>\n<article><a href=\"https:\/\/www.dagospia.com\/politica\/flash-c-e-grande-perplessita-i-draghi-boys-per-presenza-andrea-485336\"><\/p>\n<div class=\"img-wrapper\"><img decoding=\"async\" src=\"https:\/\/static.dagospia.com\/img\/patch\/08-2026\/xavier-niel-draghi-pignataro-2301175_600_q50.webp\" alt=\"xavier niel draghi pignataro\" loading=\"lazy\"><time class=\"data-ora\">31 ago 18:19<\/time><\/div>\n<div class=\"excerpt\">\n<p>FLASH! \u2013 <span>I \u201cDRAGHI BOYS\u201d DEL POTERE ECONOMICO ITALIANO AVREBBERO ESPRESSO QUALCHE PERPLESSITA&#8217; ALL\u2019EX PREMIER<\/span> SULLA PRESENZA DEL MISTERIOSO MILIARDARIO <span>ANDREA PIGNATARO E DEL FONDATORE DI ILIAD, IL FRANCESE XAVIER NIEL, <\/span>CHE NEL 2004 FU CONDANNATO A DUE ANNI DI GALERA (CON LA CONDIZIONALE), NEL \u201cRHINE GROUP\u201d, IL THINK TANK FONDATO DA \u201cMARIOPIO\u201d PER DARE UNA SFERZATA ALL\u2019UNIONE EUROPEA, COMPOSTO DA 54 MANAGER, ECONOMISTI, ACCADEMICI E IMPRENDITORI TECNOLOGICI&#8230;.<\/p>\n<\/div>\n<p><\/a><\/article>\n<article><a href=\"https:\/\/www.dagospia.com\/politica\/quale-episodio-giulia-presutti-era-habitue-cefalu-bistro-dove-piu-e-485248\"><\/p>\n<div class=\"img-wrapper\"><img decoding=\"async\" src=\"https:\/\/static.dagospia.com\/img\/patch\/08-2026\/ranucci-presutti-cianfoni-floridia-2300757_600_q50.webp\" alt=\"ranucci presutti cianfoni floridia\" loading=\"lazy\"><time class=\"data-ora\">30 ago 19:14<\/time><\/div>\n<div class=\"excerpt\">\n<p>DAGOREPORT &#8211;<span>\u00a0MA QUALE &#8220;EPISODIO&#8221;! GIULIA PRESUTTI ERA UN HABITU\u00c8 DEL \u201cCEFAL\u00d9 BISTR\u00d2\u201d<\/span> DOVE PI\u00d9 VOLTE \u00c8 STATA VISTA INSIEME ALL\u2019AMICA LAURA CIANFONI, CHE A SUA VOLTA \u00c8 LEGATISSIMA A RANUCCI E CARISSIMA A LAVITOLA (COME \u00c8 TESTIMONIATO DALLE FOTO DI DAGOSPIA IN OCCASIONE DEL PREMIO COLALUCCI, SETTEMBRE 2020) &#8211; <span>NELLA DECISIONE DI SCEGLIERE GIULIA PRESUTTI, ACCREDITATA COME ESPRESSIONE DI M5S E AVS, <\/span>PER DARE UN CONTENTINO ALL\u2019OPPOSIZIONE, SAREBBE AVVENUTA UNA INTERLOCUZIONE TRA L\u2019AD RAI, GIAMPAOLO ROSSI, E L\u2019EX PRESIDENTE DELLA VIGILANZA RAI, LA GRILLINA BARBARA FLORIDIA, CHE AVREBBE DATO IL SUO PLACET &#8211; <span>ANCHE SULLA SCELTA DI PIERVINCENZI ALLA CONDUZIONE DI &#8220;REPORT&#8221;, CHE VA A BILANCIARE LA PRESUTTI DI SINISTRA, SI ADDENSANO ALCUNE DOMANDINE<\/span>: A PARTIRE DALLA PASSIONE PER IL RUGBY\u2026<\/p>\n<\/div>\n<p><\/a><\/article>\n<article><a href=\"https:\/\/www.dagospia.com\/politica\/risiko-s-ingrossa-l-apertura-assicurazioni-generali-valutare-l-offerta-484996\"><\/p>\n<div class=\"img-wrapper\"><img decoding=\"async\" src=\"https:\/\/static.dagospia.com\/img\/patch\/08-2026\/generali-philippe-donnet-luigi-lovaglio-carlo-messina-2292458_600_q50.webp\" alt=\"generali philippe donnet luigi lovaglio carlo messina \" loading=\"lazy\"><time class=\"data-ora\">27 ago 21:02<\/time><\/div>\n<div class=\"excerpt\">\n<p>DAGOREPORT &#8211; <span>IL RISIKO S&#8217;INGROSSA!<\/span> L\u2019APERTURA DI ASSICURAZIONI GENERALI A VALUTARE L&#8217;OFFERTA\u201d DI MPS PER L\u2019ACQUISIZIONE DI BANCA GENERALI, <span>\u00c8 UN GRAN PASSO AVANTI PER IL PIANO DI LOVAGLIO PER DISINNESCARE L\u2019OPAS SUL \u201cMONTE\u201d DI BANCA INTESA <\/span>&#8211; SECONDO PIAZZA AFFARI, L\u2019OPERAZIONE TRIESTE-SIENA POTREBBE AVERE DALLA SUA <span>L\u2019APPOGGIO DEI POTENTISSIMI FONDI DI INVESTIMENTO INTERNAZIONALI, TRA CUI BLACKROCK<\/span>, CHE HA PERALTRO IMPORTANTI INTERESSI NELLE BANCHE ITALIANE, TRA CUI INTESA &#8211; <span>ORA INIZIA UNA PARTITA APERTISSIMA DAL PUNTO DI VISTA FINANZIARIO, MA ANCHE DA QUELLO POLITICO:<\/span> IL 26 OTTOBRE\u00a0 L\u2019ASSEMBLEA STRAORDINARIA DI MPS SARA&#8217; CHIAMATA AD APPROVARE L&#8217;ACQUISIZIONE E TUTTO PUO&#8217; SUCCEDERE&#8230;<\/p>\n<\/div>\n<p><\/a><\/article>\n<article><a href=\"https:\/\/www.dagospia.com\/cronache\/come-sta-alessandro-battista-condizioni-salute-dell-ex-deputato-485182\"><\/p>\n<div class=\"img-wrapper\"><img decoding=\"async\" src=\"https:\/\/static.dagospia.com\/img\/patch\/08-2026\/di-battista-grillo-di-maio-alessandro-2300529_600_q50.webp\" alt=\"di battista grillo di maio alessandro\" loading=\"lazy\"><\/div>\n<div class=\"excerpt\">COME STA ALESSANDRO DI BATTISTA? &#8211; LE CONDIZIONI DI SALUTE DELL&#8217;EX DEPUTATO DEL MOVIMENTO 5 STELLE,\u2026<\/div>\n<p><\/a><\/article>\n<article><a href=\"https:\/\/www.dagospia.com\/sport\/pennellone-frou-frou-mole-juve-acquistato-l-attaccante-nick-woltemade-485601\"><\/p>\n<div class=\"img-wrapper\"><img decoding=\"async\" src=\"https:\/\/static.dagospia.com\/img\/patch\/09-2026\/nick-woltemade-2301780_600_q50.webp\" alt loading=\"lazy\"><\/div>\n<div class=\"excerpt\">UN PENNELLONE &#8220;FROU FROU&#8221; SOTTO LA MOLE? \u2013 LA JUVE HA ACQUISTATO IN PRESTITO DAL NEWCASTLE\u2026<\/div>\n<p><\/a><\/article>\n<article><a href=\"https:\/\/www.dagospia.com\/cronache\/42enne-abusa-13enne-gip-scarcera-ha-capito-aver-sbagliato-era-485509\"><\/p>\n<div class=\"img-wrapper\"><img decoding=\"async\" src=\"https:\/\/static.dagospia.com\/img\/patch\/09-2026\/carlo-nordio-violenza-sessuale-2301509_600_q50.webp\" alt=\"carlo nordio violenza sessuale \" loading=\"lazy\"><\/div>\n<div class=\"excerpt\">QUESTI GIUDICI FANNO UN REGALO ALLA PROPAGANDA DEL GOVERNO! ALLA PERIFERIA DI TORINO UN 42ENNE\u2026<\/div>\n<p><\/a><\/article>\n<article><a href=\"https:\/\/www.dagospia.com\/media-tv\/pillole-gossip-leonardo-lini-noemi-bocchi-pitt-jolie-pamela-anderson-la-485460\"><\/p>\n<div class=\"img-wrapper\"><img decoding=\"async\" src=\"https:\/\/static.dagospia.com\/img\/patch\/09-2026\/pillole-avanti-gossip-2301347_600_q50.webp\" alt=\"pillole avanti gossip\" loading=\"lazy\"><\/div>\n<div class=\"excerpt\">AVANTI, C\u2019\u00c8 GOSSIP! SARA\u2019 IL BELLOCCIO LEONARDO LINI IL MAESTRO DI NOEMI BOCCHI A &#8220;BALLANDO CON LE\u2026<\/div>\n<p><\/a><\/article>\n<article><a href=\"https:\/\/www.dagospia.com\/media-tv\/gallina-vecchia-arrapa-ancora-riconoscete-bonissima-attrice-oggi-485609\"><\/p>\n<div class=\"img-wrapper\"><img decoding=\"async\" src=\"https:\/\/static.dagospia.com\/img\/patch\/09-2026\/salma-hayek-2301808_600_q50.webp\" alt=\"salma hayek \" loading=\"lazy\"><\/div>\n<div class=\"excerpt\">GALLINA VECCHIA\u2026 ARRAPA ANCORA! LA RICONOSCETE? \u2013 LA BONISSIMA ATTRICE OGGI COMPIE 60 ANNI, MA \u00c8\u2026<\/div>\n<p><\/a><\/article>\n<article><a href=\"https:\/\/www.dagospia.com\/politica\/dagoreport-grazie-trump-mondo-verso-de-americanizzazione-oggi-si-485332\"><\/p>\n<div class=\"img-wrapper\"><img decoding=\"async\" src=\"https:\/\/static.dagospia.com\/img\/patch\/09-2026\/trump-modi-xi-jinping-putin-2301524_600_q50.webp\" alt=\"trump modi xi jinping putin\" loading=\"lazy\"><\/div>\n<div class=\"excerpt\">DAGOREPORT \u2013 GRAZIE A TRUMP, IL DOLLARO RISCHIA DI DIVENTARE CARTA STRACCIA \u2013\u00a0IL PIATTO FORTE AL\u2026<\/div>\n<p><\/a><\/article>\n<article><a href=\"https:\/\/www.dagospia.com\/politica\/elly-ascolta-gli-amici-i-big-pd-scesi-in-campo-cosi-pesantemente-per-485354\"><\/p>\n<div class=\"img-wrapper\"><img decoding=\"async\" src=\"https:\/\/static.dagospia.com\/img\/patch\/08-2026\/giuseppe-conte-elly-schlein-franceschini-bonaccini-nardella-2301098_600_q50.webp\" alt=\"giuseppe conte elly schlein franceschini bonaccini nardella\" loading=\"lazy\"><\/div>\n<div class=\"excerpt\">DAGOREPORT &#8211; ELLY, ASCOLTA GLI AMICI! I CAPOCCIONI E LE MEZZECALZE DEL PD, CHE SONO SCESI COS\u00cc\u2026<\/div>\n<p><\/a><\/article>\n<article><a href=\"https:\/\/www.dagospia.com\/politica\/l-ingaggio-fedorov-fa-incazzare-zelensky-mette-in-allarme-agenzie-485343\"><\/p>\n<div class=\"img-wrapper\"><img decoding=\"async\" src=\"https:\/\/static.dagospia.com\/img\/patch\/08-2026\/fedorov-musk-thiel-zelensky-crosetto-2301168_600_q50.webp\" alt=\"fedorov musk thiel zelensky crosetto\" loading=\"lazy\"><\/div>\n<div class=\"excerpt\">DAGOREPORT &#8211; A QUALCUNO NON PIACE &#8216;STO FEDOROV &#8211;\u00a0PIU&#8217; CHE A INDIGNARE I NEURONI ALLA VODKA DI\u2026<\/div>\n<p><\/a><\/article>\n<article><a href=\"https:\/\/www.dagospia.com\/politica\/flash-c-e-grande-perplessita-i-draghi-boys-per-presenza-andrea-485336\"><\/p>\n<div class=\"img-wrapper\"><img decoding=\"async\" src=\"https:\/\/static.dagospia.com\/img\/patch\/08-2026\/xavier-niel-draghi-pignataro-2301175_600_q50.webp\" alt=\"xavier niel draghi pignataro\" loading=\"lazy\"><\/div>\n<div class=\"excerpt\">FLASH! \u2013 I \u201cDRAGHI BOYS\u201d DEL POTERE ECONOMICO ITALIANO AVREBBERO ESPRESSO QUALCHE PERPLESSITA&#8217;\u2026<\/div>\n<p><\/a><\/article>\n<article><a href=\"https:\/\/www.dagospia.com\/politica\/quale-episodio-giulia-presutti-era-habitue-cefalu-bistro-dove-piu-e-485248\"><\/p>\n<div class=\"img-wrapper\"><img decoding=\"async\" src=\"https:\/\/static.dagospia.com\/img\/patch\/08-2026\/ranucci-presutti-cianfoni-floridia-2300757_600_q50.webp\" alt=\"ranucci presutti cianfoni floridia\" loading=\"lazy\"><\/div>\n<div class=\"excerpt\">DAGOREPORT &#8211;\u00a0MA QUALE &#8220;EPISODIO&#8221;! GIULIA PRESUTTI ERA UN HABITU\u00c8 DEL \u201cCEFAL\u00d9 BISTR\u00d2\u201d DOVE PI\u00d9 VOLTE\u2026<\/div>\n<p><\/a><\/article>\n<article><a href=\"https:\/\/www.dagospia.com\/politica\/risiko-s-ingrossa-l-apertura-assicurazioni-generali-valutare-l-offerta-484996\"><\/p>\n<div class=\"img-wrapper\"><img decoding=\"async\" src=\"https:\/\/static.dagospia.com\/img\/patch\/08-2026\/generali-philippe-donnet-luigi-lovaglio-carlo-messina-2292458_600_q50.webp\" alt=\"generali philippe donnet luigi lovaglio carlo messina \" loading=\"lazy\"><\/div>\n<div class=\"excerpt\">DAGOREPORT &#8211; IL RISIKO S&#8217;INGROSSA! L\u2019APERTURA DI ASSICURAZIONI GENERALI A VALUTARE L&#8217;OFFERTA\u201d DI\u2026<\/div>\n<p><\/a><\/article>\n<article><a href=\"https:\/\/www.dagospia.com\/cronache\/voluto-trump-t-attacchi-scorta-i-leader-silicon-valley-484985\"><\/p>\n<div class=\"img-wrapper\"><img decoding=\"async\" src=\"https:\/\/static.dagospia.com\/img\/patch\/08-2026\/mark-zuckerberg-proteste-2299936_600_q50.webp\" alt=\"mark zuckerberg proteste \" loading=\"lazy\"><\/div>\n<div class=\"excerpt\">HAI VOLUTO TRUMP? E ORA T\u2019ATTACCHI ALLA SCORTA! \u2013 I LEADER DELLA SILICON VALLEY SONO OSSESSIONATI\u2026<\/div>\n<p><\/a><\/article>\n<article><a href=\"https:\/\/www.dagospia.com\/politica\/flash-giorgia-meloni-manda-armi-sottobanco-all-ucraina-per-non-spaccare-484982\"><\/p>\n<div class=\"img-wrapper\"><img decoding=\"async\" src=\"https:\/\/static.dagospia.com\/img\/patch\/08-2026\/giorgia-meloni-volodymyr-zelensky-mario-draghi-2299913_600_q50.webp\" alt=\"giorgia meloni volodymyr zelensky mario draghi \" loading=\"lazy\"><\/div>\n<div class=\"excerpt\">FLASH \u2013 GIORGIA MELONI MANDA LE ARMI SOTTOBANCO ALL\u2019UCRAINA PER NON SPACCARE LA SUA MAGGIORANZA. IL\u2026<\/div>\n<p><\/a><\/article>\n<article><a href=\"https:\/\/www.dagospia.com\/politica\/qual-era-scopo-blitz-capo-cia-mosca-i-beninformati-washington-484881\"><\/p>\n<div class=\"img-wrapper\"><img decoding=\"async\" src=\"https:\/\/static.dagospia.com\/img\/patch\/12-2025\/vladimir-putin-donald-trump-volodymyr-zelensky-2214409_600_q50.webp\" alt=\"vladimir putin donald trump volodymyr zelensky\" loading=\"lazy\"><\/div>\n<div class=\"excerpt\">FLASH! \u2013 QUANDO LE COSE GIRANO SUL PEGGIO, INTERVENGONO I SERVIZI SEGRETI &#8211;\u00a0IL BENINFORMATO\u00a0CAPO\u2026<\/div>\n<p><\/a><\/article>\n<article><a href=\"https:\/\/www.dagospia.com\/politica\/prossima-destinazione-enrico-mentana-padrone-supremo-tutta-l-informazione-484639\"><\/p>\n<div class=\"img-wrapper\"><img decoding=\"async\" src=\"https:\/\/static.dagospia.com\/img\/patch\/08-2026\/kyriakou-pier-silvio-berlusconi-enrico-mentana-crippa-fedele-confalonieri-medias-2298828_600_q50.webp\" alt=\"kyriakou pier silvio berlusconi enrico mentana crippa fedele confalonieri mediaset urbano cairo marina\" loading=\"lazy\"><\/div>\n<div class=\"excerpt\">DAGOREPORT &#8211; RITORNA A CASA, LESSO! SI ACCAVALLANO LE VOCI CHE LA PROSSIMA DESTINAZIONE DI ENRICO\u2026<\/div>\n<p><\/a><\/article>\n<article><a href=\"https:\/\/www.dagospia.com\/cafonal\/cafonalino-roma-proiezione-documentario-marco-bellocchio-marco-travaglio-485081\"><\/p>\n<div class=\"img-wrapper\"><img decoding=\"async\" src=\"https:\/\/static.dagospia.com\/img\/patch\/08-2026\/2026bellocchio-anteprima-film-di-marco-bellocchio-2300339_600_q50.webp\" alt=\"2026bellocchio anteprima film di marco bellocchio\" loading=\"lazy\"><\/div>\n<div class=\"excerpt\">CAFONALINO! AL CINEMA QUATTRO FONTANE DI ROMA LA PROIEZIONE SPECIALE DEL DOCUMENTARIO \u201cMARCO\u2026<\/div>\n<p><\/a><\/article>\n<article><a href=\"https:\/\/www.dagospia.com\/cafonal\/cafonal-show-ranucci-cerveteri-freni-ho-fatto-scoop-nazionali-484807\"><\/p>\n<div class=\"img-wrapper\"><img decoding=\"async\" src=\"https:\/\/static.dagospia.com\/img\/patch\/08-2026\/2026ranucci-sigfrido-ranucci-2299409_600_q50.webp\" alt=\"2026ranucci sigfrido ranucci\" loading=\"lazy\"><\/div>\n<div class=\"excerpt\">SIGFRIDO, IL MASANIELLO DE NOANTRI \u2013 RANUCCI HA PERSO OGNI FRENO E, ALLA PRESENTAZIONE DEL SUO\u2026<\/div>\n<p><\/a><\/article>\n<article><a href=\"https:\/\/www.dagospia.com\/cafonal\/funeralino-l-ultimo-saluto-mitico-produttore-cinematografico-fulvio-484127\"><\/p>\n<div class=\"img-wrapper\"><img decoding=\"async\" src=\"https:\/\/static.dagospia.com\/img\/patch\/08-2026\/2026lucisano-2297424_600_q50.webp\" alt=\"2026lucisano\" loading=\"lazy\"><\/div>\n<div class=\"excerpt\">FUNERALINO \u2013 NELLA CALLARA ROMANA D\u2019AGOSTO, L\u2019ULTIMO SALUTO AL MITICO PRODUTTORE CINEMATOGRAFICO\u2026<\/div>\n<p><\/a><\/article>\n<article><a href=\"https:\/\/www.dagospia.com\/cafonal\/cafonalino-pizza-riformista-matteo-renzi-raduna-i-suoi-prima-delle-480816\"><\/p>\n<div class=\"img-wrapper\"><img decoding=\"async\" src=\"https:\/\/static.dagospia.com\/img\/patch\/07-2026\/2026kraken-matteo-renzi-2286047_600_q50.webp\" alt=\"2026kraken matteo renzi \" loading=\"lazy\"><\/div>\n<div class=\"excerpt\">CAFONALINO DELLA PIZZA RIFORMISTA \u2013 RENZI RADUNA I SUOI PRIMA DELLE VACANZE ESTIVE AL SATYRUS DI\u2026<\/div>\n<p><\/a><\/article>\n<article><a href=\"https:\/\/www.dagospia.com\/cafonal\/cafonalino-moreno-party-roma-manuela-moreno-festeggia-i-60-anni-480777\"><\/p>\n<div class=\"img-wrapper\"><img decoding=\"async\" src=\"https:\/\/static.dagospia.com\/img\/patch\/07-2026\/manuela-moreno-festa-60-anni-2285871_600_q50.webp\" alt=\"manuela moreno festa 60 anni \" loading=\"lazy\"><\/div>\n<div class=\"excerpt\">CAFONALINO! NO MORENO, NO PARTY \u2013 A ROMA, AL LOVE BAR DI PONTE MILVIO, MANUELA MORENO, CONDUTTRICE\u2026<\/div>\n<p><\/a><\/article>\n<article><a href=\"https:\/\/www.dagospia.com\/cafonal\/cafonalino-firenze-tevere-direttori-redattori-forchettoni-scrocconi-480745\"><\/p>\n<div class=\"img-wrapper\"><img decoding=\"async\" src=\"https:\/\/static.dagospia.com\/img\/patch\/07-2026\/2026agno-marco-agnoletti-2285763_600_q50.webp\" alt=\"2026agno marco agnoletti \" loading=\"lazy\"><\/div>\n<div class=\"excerpt\">CAFONALINO DEGLI AGNOLETTI IN BRODO &#8211; DIRETTORI, REDATTORI, FORCHETTONI E SCROCCONI SFIDANO\u2026<\/div>\n<p><\/a><\/article>\n<p>[analyse_source url=&#8221;https:\/\/www.dagospia.com\/media-tv\/venezia-dei-giusti-male-fatto-alberto-barbera-non-mettere-in-concorso-485560&#8243;]<\/p>\n","protected":false},"excerpt":{"rendered":"<p>[analyse_image type=&#8221;featured&#8221; src=&#8221;https:\/\/static.dagospia.com\/img\/patch\/09-2026\/la-ragazza-con-la-leica-2301617_600_q50.webp&#8221;] 2 set 2026 16:05 LA VENEZIA DEI GIUSTI &#8211; MALE HA FATTO ALBERTO BARBERA A NON METTERE IN CONCORSO UN FILM FORTE E DI GRANDI POSSIBILIT\u00c0 COME \u201cLA RAGAZZA CON LA LEICA\u201d DI ALINA MARAZZI, CHE APRE OGGI LA SEZIONE ORIZZONTI &#8211; MALE PERCH\u00c9 \u00c8 UN BIOPIC SULLA FIGURA PER NULLA COS\u00cc [&hellip;]<\/p>\n","protected":false},"author":1,"featured_media":0,"comment_status":"open","ping_status":"","sticky":false,"template":"","format":"standard","meta":{"footnotes":""},"categories":[87],"tags":[226,149],"class_list":["post-2124523","post","type-post","status-publish","format-standard","hentry","category-italy","tag-crawlmanager","tag-dagospia-com"],"_links":{"self":[{"href":"https:\/\/analyse.optim.biz\/index.php?rest_route=\/wp\/v2\/posts\/2124523","targetHints":{"allow":["GET"]}}],"collection":[{"href":"https:\/\/analyse.optim.biz\/index.php?rest_route=\/wp\/v2\/posts"}],"about":[{"href":"https:\/\/analyse.optim.biz\/index.php?rest_route=\/wp\/v2\/types\/post"}],"author":[{"embeddable":true,"href":"https:\/\/analyse.optim.biz\/index.php?rest_route=\/wp\/v2\/users\/1"}],"replies":[{"embeddable":true,"href":"https:\/\/analyse.optim.biz\/index.php?rest_route=%2Fwp%2Fv2%2Fcomments&post=2124523"}],"version-history":[{"count":0,"href":"https:\/\/analyse.optim.biz\/index.php?rest_route=\/wp\/v2\/posts\/2124523\/revisions"}],"wp:attachment":[{"href":"https:\/\/analyse.optim.biz\/index.php?rest_route=%2Fwp%2Fv2%2Fmedia&parent=2124523"}],"wp:term":[{"taxonomy":"category","embeddable":true,"href":"https:\/\/analyse.optim.biz\/index.php?rest_route=%2Fwp%2Fv2%2Fcategories&post=2124523"},{"taxonomy":"post_tag","embeddable":true,"href":"https:\/\/analyse.optim.biz\/index.php?rest_route=%2Fwp%2Fv2%2Ftags&post=2124523"}],"curies":[{"name":"wp","href":"https:\/\/api.w.org\/{rel}","templated":true}]}}