{"id":2124518,"date":"2026-09-02T17:50:25","date_gmt":"2026-09-02T14:50:25","guid":{"rendered":"https:\/\/analyse.optim.biz\/?p=2124518"},"modified":"2026-09-02T17:50:25","modified_gmt":"2026-09-02T14:50:25","slug":"modificari-de-taxe-si-cursuri-noi-de-dezvoltare-emotionala-prin-muzica-la-centrul-de-cultura-si-arta-cum-pot-trimite-timisenii-propuneri-si-sugestii","status":"publish","type":"post","link":"https:\/\/analyse.optim.biz\/?p=2124518","title":{"rendered":"Modific\u0103ri de taxe \u0219i cursuri noi de \u201eDezvoltare emo\u021bional\u0103 prin muzic\u0103\u201d la Centrul de Cultur\u0103 \u0219i Art\u0103. Cum pot trimite timi\u0219enii propuneri \u0219i sugestii"},"content":{"rendered":"<p>[analyse_image type=&#8221;featured&#8221; src=&#8221;https:\/\/www.pressalert.ro\/wp-content\/uploads\/2026\/06\/consiliul-judetean-timis-cjt.jpghttps:\/\/www.pressalert.ro\/wp-content\/uploads\/2026\/06\/consiliul-judetean-timis-cjt.jpg&#8221;]<\/p>\n<article id=\"post-590016\" class=\"post-590016 post type-post status-publish format-standard has-post-thumbnail hentry category-editori category-stiri category-stiri-locale category-timis-stiri-locale tag-cecart tag-centrul-de-cultura-si-arta-timis tag-consiliul-judetean-timis tag-dezvoltare-emotionala-prin-muzica tag-hotarare-cj-timis tag-scola-de-arte-populare-timisoara tag-taxe-cjt tag-taxe-scolarizare-timisoara tag-transparenta-decizionala-timis\">\n<div class=\"td-post-header td-pb-padding-side\">\n<div class=\"entry-crumbs\"><span><a title class=\"entry-crumb\" href=\"https:\/\/www.pressalert.ro\/\"><span>Acas\u0103<\/span><\/a><\/span><span><a title=\"Vede\u021bi toate articolele \u00een Recomand\u0103rile editorilor\" class=\"entry-crumb\" href=\"https:\/\/www.pressalert.ro\/category\/editori\/\"><span>Recomand\u0103rile editorilor<\/span><\/a><\/span><span class=\"td-bred-no-url-last\">Modific\u0103ri de taxe \u0219i cursuri noi de \u201eDezvoltare emo\u021bional\u0103 prin muzic\u0103\u201d la&#8230;<\/span><\/div>\n<ul class=\"td-category\">\n<li class=\"entry-category\"><a href=\"https:\/\/www.pressalert.ro\/category\/editori\/\">Recomand\u0103rile editorilor<\/a><\/li>\n<li class=\"entry-category\"><a href=\"https:\/\/www.pressalert.ro\/category\/stiri\/\">\u015etiri<\/a><\/li>\n<li class=\"entry-category\"><a href=\"https:\/\/www.pressalert.ro\/category\/stiri\/stiri-locale\/\">\u0218tiri locale<\/a><\/li>\n<li class=\"entry-category\"><a href=\"https:\/\/www.pressalert.ro\/category\/stiri\/stiri-locale\/timis-stiri-locale\/\">\u0218tiri Timi\u0219<\/a><\/li>\n<\/ul>\n<header>\n<h1 class=\"entry-title\">Modific\u0103ri de taxe \u0219i cursuri noi de \u201eDezvoltare emo\u021bional\u0103 prin muzic\u0103\u201d la Centrul de Cultur\u0103 \u0219i Art\u0103. Cum pot trimite timi\u0219enii propuneri \u0219i sugestii<\/h1>\n<div class=\"meta-info\">\n<div class=\"td-post-author-name\">\n<div class=\"td-author-by\">De<\/div>\n<p><a href=\"https:\/\/www.pressalert.ro\/author\/valis\/\">Vali Silaghi<\/a><\/p>\n<div class=\"td-author-line\"> &#8211; <\/div>\n<\/div>\n<p><span class=\"td-post-date\"><time class=\"entry-date updated td-module-date\" datetime=\"2026-09-02T17:50:25+00:00\">sept. 2, 2026<\/time><\/span><\/p>\n<div class=\"td-post-comments\"><a href=\"https:\/\/www.pressalert.ro\/2026\/09\/modificari-de-taxe-si-cursuri-noi-de-dezvoltare-emotionala-prin-muzica-la-centrul-de-cultura-si-arta-cum-pot-trimite-timisenii-propuneri-si-sugestii\/#respond\">0<\/a><\/div>\n<\/div>\n<\/header>\n<\/div>\n<div class=\"td-post-sharing td-post-sharing-top td-pb-padding-side\"><span class=\"td-post-share-title\">DISTRIBUI\u021aI<\/span><\/p>\n<div class=\"td-default-sharing \"><a class=\"td-social-sharing-buttons td-social-facebook\" href=\"https:\/\/www.facebook.com\/sharer.php?u=https%3A%2F%2Fwww.pressalert.ro%2F2026%2F09%2Fmodificari-de-taxe-si-cursuri-noi-de-dezvoltare-emotionala-prin-muzica-la-centrul-de-cultura-si-arta-cum-pot-trimite-timisenii-propuneri-si-sugestii%2F\"><\/p>\n<div class=\"td-social-but-text\">Facebook<\/div>\n<p><\/a><a class=\"td-social-sharing-buttons td-social-twitter\" href=\"https:\/\/twitter.com\/intent\/tweet?text=Modific%C4%83ri+de+taxe+%C8%99i+cursuri+noi+de+%E2%80%9EDezvoltare+emo%C8%9Bional%C4%83+prin+muzic%C4%83%E2%80%9D+la+Centrul+de+Cultur%C4%83+%C8%99i+Art%C4%83.+Cum+pot+trimite+timi%C8%99enii+propuneri+%C8%99i+sugestii&amp;url=https%3A%2F%2Fwww.pressalert.ro%2F2026%2F09%2Fmodificari-de-taxe-si-cursuri-noi-de-dezvoltare-emotionala-prin-muzica-la-centrul-de-cultura-si-arta-cum-pot-trimite-timisenii-propuneri-si-sugestii%2F&amp;via=PRESSALERT.ro\"><\/p>\n<div class=\"td-social-but-text\">Twitter<\/div>\n<p><\/a><\/div>\n<\/div>\n<div class=\"td-post-content td-pb-padding-side\">\n<figure class=\"wp-block-image size-large\"><img loading=\"lazy\" decoding=\"async\" width=\"1280\" height=\"721\" src=\"https:\/\/www.pressalert.ro\/wp-content\/uploads\/2026\/06\/consiliul-judetean-timis-cjt-1280x721.jpg\" alt class=\"wp-image-586399\"><\/figure>\n<p id=\"p-rc_af204358c168906c-30\">Consiliul Jude\u021bean Timi\u0219 a lansat miercuri, 2 septembrie 2026, \u00een procedur\u0103 de transparen\u021b\u0103 decizional\u0103, proiectul de hot\u0103r\u00e2re nr. 270\/31.08.2026 privind modificarea taxelor locale de interes jude\u021bean pentru anul fiscal 2026. Ini\u021biativa vine \u00een urma unei solicit\u0103ri transmise de Centrul de Cultur\u0103 \u0219i Art\u0103 al Jude\u021bului Timi\u0219 (CECART).<\/p>\n<p id=\"p-rc_af204358c168906c-31\">Schimb\u0103rile propuse vizeaz\u0103 actualizarea taxelor de \u0219colarizare pentru anul \u0219colar 2026-2027 \u0219i introducerea unor activit\u0103\u021bi noi \u00een cadrul \u0218colii de Arte Populare.<\/p>\n<p><strong>Principalele modific\u0103ri tarifare propuse:<\/strong><\/p>\n<ul class=\"wp-block-list\">\n<li><strong>\u0218colarizare \u2013 predare individual\u0103:<\/strong> taxa ar urma s\u0103 creasc\u0103 de la 1.325 lei la 1.550 lei\/an de studiu\/cursant.<\/li>\n<li><strong>\u0218colarizare \u2013 predare colectiv\u0103:<\/strong> taxa propus\u0103 este de 1.400 lei\/an de studiu\/cursant, fa\u021b\u0103 de 1.215 lei \u00een prezent.<\/li>\n<li><strong>Cursuri noi:<\/strong> introducerea la sec\u021biunea \u201eCercuri artistice diverse\u201d a cursului \u201eDezvoltare emo\u021bional\u0103 prin muzic\u0103\u201d, cu o tax\u0103 de 200 lei\/persoan\u0103.<\/li>\n<\/ul>\n<p id=\"p-rc_af204358c168906c-35\">Reprezentan\u021bii institu\u021biei justific\u0103 ajust\u0103rile prin necesitatea acoperirii costurilor opera\u021bionale \u0219i de personal, dar \u0219i prin dorin\u021ba de a diversifica oferta educa\u021bional\u0103 \u0219i artistic\u0103 destinat\u0103 copiilor \u0219i tinerilor.<\/p>\n<h2 class=\"wp-block-heading\">Cum pot trimite timi\u0219enii propuneri \u0219i sugestii<\/h2>\n<p id=\"p-rc_af204358c168906c-36\">Proiectul de hot\u0103r\u00e2re \u0219i documenta\u021bia aferent\u0103 pot fi consultate pe site-ul institu\u021biei, \u00een Monitorul Oficial al Jude\u021bului Timi\u0219 (link direct <a target=\"_blank\" rel=\"noreferrer noopener\" href=\"https:\/\/www.cjtimis.ro\/wp-content\/uploads\/2020\/07\/Modificare-taxe-Centrul-de-Cultura.pdf\">aici<\/a>) sau la sediul CJT din Bulevardul Revolu\u021biei din 1989 nr.<\/p>\n<p> 17.<\/p>\n<p id=\"p-rc_af204358c168906c-37\">Persoanele interesate pot trimite recomand\u0103ri \u0219i opinii p\u00e2n\u0103 la data de <strong>12 septembrie 2026<\/strong>:<\/p>\n<ul class=\"wp-block-list\">\n<li>Prin e-mail, la adresa: <code><a href=\"https:\/\/www.pressalert.ro\/cdn-cgi\/l\/email-protection\" class=\"__cf_email__\" data-cfemail=\"35565a475b50595c541b455447545c45545b75565f415c585c461b475a\">[email\u00a0protected]<\/a><\/code>;<\/li>\n<li>Prin po\u0219t\u0103 sau direct la Registratura Consiliului Jude\u021bean Timi\u0219 (Luni\u2013Joi: 08:00\u201316:00, Vineri: 08:00\u201314:00).<\/li>\n<\/ul>\n<p id=\"p-rc_af204358c168906c-40\">Adresele transmise trebuie s\u0103 poarte men\u021biunea: <em>\u201ePropuneri privind Proiectul de hot\u0103r\u00e2re nr. 270\/31.08.2026 pentru modificarea \u0219i completarea Hot\u0103r\u00e2rii Consiliului Jude\u021bean Timi\u0219 nr. 347\/15.12.2025\u2026\u201d<\/em>.<\/p>\n<p id=\"p-rc_af204358c168906c-40\">Tot p\u00e2n\u0103 la 12 septembrie, asocia\u021biile legal constituite sau institu\u021biile publice pot solicita \u00een scris organizarea unei dezbateri publice.<\/p>\n<\/div>\n<footer>\n<div class=\"td-post-source-tags td-pb-padding-side\">\n<ul class=\"td-tags td-post-small-box clearfix\">\n<li><span>ETICHETE<\/span><\/li>\n<li><a href=\"https:\/\/www.pressalert.ro\/tag\/cecart\/\">CECART<\/a><\/li>\n<li><a href=\"https:\/\/www.pressalert.ro\/tag\/centrul-de-cultura-si-arta-timis\/\">centrul de cultura si arta timis<\/a><\/li>\n<li><a href=\"https:\/\/www.pressalert.ro\/tag\/consiliul-judetean-timis\/\">consiliul judetean timis<\/a><\/li>\n<li><a href=\"https:\/\/www.pressalert.ro\/tag\/dezvoltare-emotionala-prin-muzica\/\">dezvoltare emotionala prin muzica<\/a><\/li>\n<li><a href=\"https:\/\/www.pressalert.ro\/tag\/hotarare-cj-timis\/\">hotarare cj timis<\/a><\/li>\n<li><a href=\"https:\/\/www.pressalert.ro\/tag\/scola-de-arte-populare-timisoara\/\">Scola de Arte Populare Timisoara<\/a><\/li>\n<li><a href=\"https:\/\/www.pressalert.ro\/tag\/taxe-cjt\/\">taxe CJT<\/a><\/li>\n<li><a href=\"https:\/\/www.pressalert.ro\/tag\/taxe-scolarizare-timisoara\/\">taxe scolarizare Timisoara<\/a><\/li>\n<li><a href=\"https:\/\/www.pressalert.ro\/tag\/transparenta-decizionala-timis\/\">transparenta decizionala Timis<\/a><\/li>\n<\/ul>\n<\/div>\n<div class=\"td-post-sharing td-post-sharing-bottom td-pb-padding-side\"><span class=\"td-post-share-title\">DISTRIBUI\u021aI<\/span><\/p>\n<div class=\"td-default-sharing \"><a class=\"td-social-sharing-buttons td-social-facebook\" href=\"https:\/\/www.facebook.com\/sharer.php?u=https%3A%2F%2Fwww.pressalert.ro%2F2026%2F09%2Fmodificari-de-taxe-si-cursuri-noi-de-dezvoltare-emotionala-prin-muzica-la-centrul-de-cultura-si-arta-cum-pot-trimite-timisenii-propuneri-si-sugestii%2F\"><\/p>\n<div class=\"td-social-but-text\">Facebook<\/div>\n<p><\/a><a class=\"td-social-sharing-buttons td-social-twitter\" href=\"https:\/\/twitter.com\/intent\/tweet?text=Modific%C4%83ri+de+taxe+%C8%99i+cursuri+noi+de+%E2%80%9EDezvoltare+emo%C8%9Bional%C4%83+prin+muzic%C4%83%E2%80%9D+la+Centrul+de+Cultur%C4%83+%C8%99i+Art%C4%83.+Cum+pot+trimite+timi%C8%99enii+propuneri+%C8%99i+sugestii&amp;url=https%3A%2F%2Fwww.pressalert.ro%2F2026%2F09%2Fmodificari-de-taxe-si-cursuri-noi-de-dezvoltare-emotionala-prin-muzica-la-centrul-de-cultura-si-arta-cum-pot-trimite-timisenii-propuneri-si-sugestii%2F&amp;via=PRESSALERT.ro\"><\/p>\n<div class=\"td-social-but-text\">Twitter<\/div>\n<p><\/a><\/div>\n<\/div>\n<div class=\"td-block-row td-post-next-prev\">\n<div class=\"td-block-span6 td-post-prev-post\">\n<div class=\"td-post-next-prev-content\"><span>Articolul precedent<\/span><a href=\"https:\/\/www.pressalert.ro\/2026\/09\/spital-veterinar-non-stop-cu-chirurgie-imagistica-si-terapie-intensiva-se-deschide-sambata-5-septembrie-in-iulius-town-timisoara\/\">Spital veterinar non-stop, cu chirurgie, imagistic\u0103 \u0219i terapie intensiv\u0103, se deschide s\u00e2mb\u0103t\u0103, 5 septembrie, \u00een Iulius Town Timi\u0219oara<\/a><\/div>\n<\/div>\n<\/div>\n<div class=\"author-box-wrap\"><a href=\"https:\/\/www.pressalert.ro\/author\/valis\/\"><img loading=\"lazy\" decoding=\"async\" alt src=\"https:\/\/secure.gravatar.com\/avatar\/4dd4bf03f54bb1d1013d2062934e6b9b?s=96&amp;d=mm&amp;r=g\" class=\"avatar avatar-96 photo\" height=\"96\" width=\"96\"><\/a><\/p>\n<div class=\"desc\">\n<div class=\"td-author-name vcard author\"><span class=\"fn\"><a href=\"https:\/\/www.pressalert.ro\/author\/valis\/\">Vali Silaghi<\/a><\/span><\/div>\n<div class=\"td-author-url\"><a href=\"https:\/\/www.pressalert.ro\">http:\/\/www.pressalert.ro<\/a><\/div>\n<\/div>\n<\/div>\n<p><span><\/span><span><span><\/span><\/span><span><\/span><\/footer>\n<\/article>\n<div class=\"td-post-content td-pb-padding-side\">\n<figure class=\"wp-block-image size-large\"><img loading=\"lazy\" decoding=\"async\" width=\"1280\" height=\"721\" src=\"https:\/\/www.pressalert.ro\/wp-content\/uploads\/2026\/06\/consiliul-judetean-timis-cjt-1280x721.jpg\" alt class=\"wp-image-586399\"><\/figure>\n<p id=\"p-rc_af204358c168906c-30\">Consiliul Jude\u021bean Timi\u0219 a lansat miercuri, 2 septembrie 2026, \u00een procedur\u0103 de transparen\u021b\u0103 decizional\u0103, proiectul de hot\u0103r\u00e2re nr. 270\/31.08.2026 privind modificarea taxelor locale de interes jude\u021bean pentru anul fiscal 2026. Ini\u021biativa vine \u00een urma unei solicit\u0103ri transmise de Centrul de Cultur\u0103 \u0219i Art\u0103 al Jude\u021bului Timi\u0219 (CECART).<\/p>\n<p id=\"p-rc_af204358c168906c-31\">Schimb\u0103rile propuse vizeaz\u0103 actualizarea taxelor de \u0219colarizare pentru anul \u0219colar 2026-2027 \u0219i introducerea unor activit\u0103\u021bi noi \u00een cadrul \u0218colii de Arte Populare.<\/p>\n<p><strong>Principalele modific\u0103ri tarifare propuse:<\/strong><\/p>\n<ul class=\"wp-block-list\">\n<li><strong>\u0218colarizare \u2013 predare individual\u0103:<\/strong> taxa ar urma s\u0103 creasc\u0103 de la 1.325 lei la 1.550 lei\/an de studiu\/cursant.<\/li>\n<li><strong>\u0218colarizare \u2013 predare colectiv\u0103:<\/strong> taxa propus\u0103 este de 1.400 lei\/an de studiu\/cursant, fa\u021b\u0103 de 1.215 lei \u00een prezent.<\/li>\n<li><strong>Cursuri noi:<\/strong> introducerea la sec\u021biunea \u201eCercuri artistice diverse\u201d a cursului \u201eDezvoltare emo\u021bional\u0103 prin muzic\u0103\u201d, cu o tax\u0103 de 200 lei\/persoan\u0103.<\/li>\n<\/ul>\n<p id=\"p-rc_af204358c168906c-35\">Reprezentan\u021bii institu\u021biei justific\u0103 ajust\u0103rile prin necesitatea acoperirii costurilor opera\u021bionale \u0219i de personal, dar \u0219i prin dorin\u021ba de a diversifica oferta educa\u021bional\u0103 \u0219i artistic\u0103 destinat\u0103 copiilor \u0219i tinerilor.<\/p>\n<h2 class=\"wp-block-heading\">Cum pot trimite timi\u0219enii propuneri \u0219i sugestii<\/h2>\n<p id=\"p-rc_af204358c168906c-36\">Proiectul de hot\u0103r\u00e2re \u0219i documenta\u021bia aferent\u0103 pot fi consultate pe site-ul institu\u021biei, \u00een Monitorul Oficial al Jude\u021bului Timi\u0219 (link direct <a target=\"_blank\" rel=\"noreferrer noopener\" href=\"https:\/\/www.cjtimis.ro\/wp-content\/uploads\/2020\/07\/Modificare-taxe-Centrul-de-Cultura.pdf\">aici<\/a>) sau la sediul CJT din Bulevardul Revolu\u021biei din 1989 nr.<\/p>\n<p> 17.<\/p>\n<p id=\"p-rc_af204358c168906c-37\">Persoanele interesate pot trimite recomand\u0103ri \u0219i opinii p\u00e2n\u0103 la data de <strong>12 septembrie 2026<\/strong>:<\/p>\n<ul class=\"wp-block-list\">\n<li>Prin e-mail, la adresa: <code><a href=\"https:\/\/www.pressalert.ro\/cdn-cgi\/l\/email-protection\" class=\"__cf_email__\" data-cfemail=\"35565a475b50595c541b455447545c45545b75565f415c585c461b475a\">[email\u00a0protected]<\/a><\/code>;<\/li>\n<li>Prin po\u0219t\u0103 sau direct la Registratura Consiliului Jude\u021bean Timi\u0219 (Luni\u2013Joi: 08:00\u201316:00, Vineri: 08:00\u201314:00).<\/li>\n<\/ul>\n<p id=\"p-rc_af204358c168906c-40\">Adresele transmise trebuie s\u0103 poarte men\u021biunea: <em>\u201ePropuneri privind Proiectul de hot\u0103r\u00e2re nr. 270\/31.08.2026 pentru modificarea \u0219i completarea Hot\u0103r\u00e2rii Consiliului Jude\u021bean Timi\u0219 nr. 347\/15.12.2025\u2026\u201d<\/em>.<\/p>\n<p id=\"p-rc_af204358c168906c-40\">Tot p\u00e2n\u0103 la 12 septembrie, asocia\u021biile legal constituite sau institu\u021biile publice pot solicita \u00een scris organizarea unei dezbateri publice.<\/p>\n<\/div>\n<p>[analyse_source url=&#8221;https:\/\/www.pressalert.ro\/2026\/09\/modificari-de-taxe-si-cursuri-noi-de-dezvoltare-emotionala-prin-muzica-la-centrul-de-cultura-si-arta-cum-pot-trimite-timisenii-propuneri-si-sugestii\/&#8221;]<\/p>\n","protected":false},"excerpt":{"rendered":"<p>[analyse_image type=&#8221;featured&#8221; src=&#8221;https:\/\/www.pressalert.ro\/wp-content\/uploads\/2026\/06\/consiliul-judetean-timis-cjt.jpghttps:\/\/www.pressalert.ro\/wp-content\/uploads\/2026\/06\/consiliul-judetean-timis-cjt.jpg&#8221;] Acas\u0103Recomand\u0103rile editorilorModific\u0103ri de taxe \u0219i cursuri noi de \u201eDezvoltare emo\u021bional\u0103 prin muzic\u0103\u201d la&#8230; Recomand\u0103rile editorilor \u015etiri \u0218tiri locale \u0218tiri Timi\u0219 Modific\u0103ri de taxe \u0219i cursuri noi de \u201eDezvoltare emo\u021bional\u0103 prin muzic\u0103\u201d la Centrul de Cultur\u0103 \u0219i Art\u0103. Cum pot trimite timi\u0219enii propuneri \u0219i sugestii De Vali Silaghi &#8211; sept. 2, 2026 0 [&hellip;]<\/p>\n","protected":false},"author":1,"featured_media":0,"comment_status":"open","ping_status":"","sticky":false,"template":"","format":"standard","meta":{"footnotes":""},"categories":[89],"tags":[226,176],"class_list":["post-2124518","post","type-post","status-publish","format-standard","hentry","category-romania","tag-crawlmanager","tag-pressalert-ro"],"_links":{"self":[{"href":"https:\/\/analyse.optim.biz\/index.php?rest_route=\/wp\/v2\/posts\/2124518","targetHints":{"allow":["GET"]}}],"collection":[{"href":"https:\/\/analyse.optim.biz\/index.php?rest_route=\/wp\/v2\/posts"}],"about":[{"href":"https:\/\/analyse.optim.biz\/index.php?rest_route=\/wp\/v2\/types\/post"}],"author":[{"embeddable":true,"href":"https:\/\/analyse.optim.biz\/index.php?rest_route=\/wp\/v2\/users\/1"}],"replies":[{"embeddable":true,"href":"https:\/\/analyse.optim.biz\/index.php?rest_route=%2Fwp%2Fv2%2Fcomments&post=2124518"}],"version-history":[{"count":0,"href":"https:\/\/analyse.optim.biz\/index.php?rest_route=\/wp\/v2\/posts\/2124518\/revisions"}],"wp:attachment":[{"href":"https:\/\/analyse.optim.biz\/index.php?rest_route=%2Fwp%2Fv2%2Fmedia&parent=2124518"}],"wp:term":[{"taxonomy":"category","embeddable":true,"href":"https:\/\/analyse.optim.biz\/index.php?rest_route=%2Fwp%2Fv2%2Fcategories&post=2124518"},{"taxonomy":"post_tag","embeddable":true,"href":"https:\/\/analyse.optim.biz\/index.php?rest_route=%2Fwp%2Fv2%2Ftags&post=2124518"}],"curies":[{"name":"wp","href":"https:\/\/api.w.org\/{rel}","templated":true}]}}