{"id":2124501,"date":"2026-09-02T15:42:30","date_gmt":"2026-09-02T12:42:30","guid":{"rendered":"https:\/\/analyse.optim.biz\/?p=2124501"},"modified":"2026-09-02T15:42:30","modified_gmt":"2026-09-02T12:42:30","slug":"allen-coliban-usr-il-cheama-la-comisiile-de-aparare-din-parlament-pe-seful-spp-lucian-pahontu","status":"publish","type":"post","link":"https:\/\/analyse.optim.biz\/?p=2124501","title":{"rendered":"Allen Coliban: USR \u00eel cheam\u0103 la Comisiile de ap\u0103rare din Parlament pe \u0219eful SPP, Lucian Pahon\u021bu"},"content":{"rendered":"<p>[analyse_image type=&#8221;featured&#8221; src=&#8221;https:\/\/ziardesuceava.ro\/wp-content\/uploads\/2026\/09\/79895.png&#8221;]<\/p>\n<div class=\"post-content clearfix\">\n<div class=\"blog-post-thumb\"><img loading=\"lazy\" decoding=\"async\" width=\"835\" height=\"694\" src=\"https:\/\/ziardesuceava.ro\/wp-content\/uploads\/2026\/09\/79895-835x694.png\" class=\"attachment-inhype-blog-thumb size-inhype-blog-thumb wp-post-image\" alt><\/div>\n<div class=\"entry-content\">\n<div>\n<p class=\"fara-orfani lead\">Deputatul Allen Coliban a anun\u021bat miercuri c\u0103 USR ini\u021biaz\u0103 demersuri pentru aducerea \u00een fa\u021ba comisiilor de ap\u0103rare din Parlament a \u0219efului SPP, Lucian Pahon\u021bu.<\/p>\n<div class=\"continut-articol\">\n<p>\u201cConsider\u0103m c\u0103 este absolut necesar ca informa\u021biile care au ap\u0103rut parte din investiga\u021biile jurnalistice s\u0103 fie subiect al unei anchete, al unei ac\u021biuni de control civil, \u00eentruc\u00e2t \u0219eful SPP-ului este \u00een aceast\u0103 func\u021bie de 21 de ani \u0219i exist\u0103 foarte multe semne de \u00eentrebare, foarte multe umbre cu privire la participarea sa la evenimentele din Revolu\u021bia din 1989 \u0219i Mineriadele din anul 1990\u201d, a declarat deputatul USR.<\/p>\n<p>Coliban a spus c\u0103 exist\u0103 ap\u0103rarea lui Pahon\u021bu, dar \u0219i trei declara\u021bii olografe ale unor subordona\u021bi: \u201cToate aceste lucruri reprezint\u0103, pe de o parte, din perspectiv\u0103 juridic\u0103, prezum\u021bia sau posibilitatea unui fals \u00een declara\u021bii\u201d.<\/p>\n<p>El s-a referit \u0219i la dimensiunea moral\u0103 a cazului.<\/p>\n<p>\u201cLa Revolu\u021bie a fost implicat de cealalt\u0103 parte a baricadei de la Intercontinental. Este datoria noastr\u0103 s\u0103 clarific\u0103m aceste lucruri \u0219i acest lucru poate fi f\u0103cut prin control civil \u00een Comisia de Ap\u0103rare ale Parlamentului \u2026 Audierile respective s\u0103 aib\u0103 \u0219i o sec\u021biune dedicat\u0103 \u0219i deschis\u0103 presei, pentru c\u0103 societatea rom\u00e2neasc\u0103 are nevoie de r\u0103spunsuri pe aceste subiecte\u201d, a mai spus Allen Coliban.\u00a0<\/p>\n<p>\u00cen solicitarea USR sunt incluse mai multe \u00eentreb\u0103ri la care Pahon\u021bu ar trebui s\u0103 r\u0103spund\u0103, precum discrepan\u021bele dintre punctul de vedere oficial transmis \u00een 31 august \u0219i declara\u021biile olografe ale fo\u0219tilor subordona\u021bi, pozi\u021bionarea exact\u0103 a dispozitivului condus \u00een noaptea de 21 spre 22 decembrie 1989 de c\u0103tre Pahon\u021bu, fa\u021b\u0103 de m\u0103rturiile care \u00eel plaseaz\u0103 la baricada de la Intercontinental \u0219i motivele pentru care declara\u021bia pe proprie r\u0103spundere privind poli\u021bia politic\u0103 nu a fost depus\u0103 timp de 18 ani.<\/p>\n<p>De asemenea, Pahon\u021bu ar trebui s\u0103 clarifice modalitatea \u0219i temeiul legal al reangaj\u0103rii pe func\u021bia de director SPP imediat dup\u0103 pensionare, cumulul dintre pensia militar\u0103 special\u0103 \u0219i salariul actual, precum \u0219i modul \u00een care a ajuns s\u0103 aib\u0103 o pensie de 7.000 de euro.<\/p>\n<p>\u201cEu cred c\u0103 toate aceste semne de \u00eentrebare constituie o pat\u0103 pe tot ce \u00eenseamn\u0103 sistemul de protejare a securit\u0103\u021bii na\u021bionale. Cred c\u0103 s-ar impune o decizie unilateral\u0103, printr-un act de onoare din partea domnului Pahon\u021bu. Dar, pe de alt\u0103 parte, avem datoria aceasta de a pune \u00eentreb\u0103ri \u0219i de a ob\u021bine r\u0103spunsuri. Cred c\u0103 o parte dintre r\u0103spunsurile acestea vor fi utile \u0219i celor care \u00eei fac evaluarea, \u00een cazul de fa\u021b\u0103 pre\u0219edin\u021biei\u201d, a mai spus deputatul Coliban.<\/p>\n<\/div>\n<\/div>\n<\/div>\n<div class=\"inhype-social-share-fixed sidebar-position-right\">\n<div class=\"post-social-wrapper\">\n<div class=\"post-social-title\"><span class=\"post-social-title-text\">Share<\/span><\/div>\n<\/div>\n<\/div>\n<\/div>\n<p>[analyse_source url=&#8221;https:\/\/ziardesuceava.ro\/allen-coliban-usr-il-cheama-la-comisiile-de-aparare-din-parlament-pe-seful-spp-lucian-pahontu\/&#8221;]<\/p>\n","protected":false},"excerpt":{"rendered":"<p>[analyse_image type=&#8221;featured&#8221; src=&#8221;https:\/\/ziardesuceava.ro\/wp-content\/uploads\/2026\/09\/79895.png&#8221;] Deputatul Allen Coliban a anun\u021bat miercuri c\u0103 USR ini\u021biaz\u0103 demersuri pentru aducerea \u00een fa\u021ba comisiilor de ap\u0103rare din Parlament a \u0219efului SPP, Lucian Pahon\u021bu. \u201cConsider\u0103m c\u0103 este absolut necesar ca informa\u021biile care au ap\u0103rut parte din investiga\u021biile jurnalistice s\u0103 fie subiect al unei anchete, al unei ac\u021biuni de control civil, \u00eentruc\u00e2t \u0219eful [&hellip;]<\/p>\n","protected":false},"author":1,"featured_media":0,"comment_status":"open","ping_status":"","sticky":false,"template":"","format":"standard","meta":{"footnotes":""},"categories":[89],"tags":[226,171],"class_list":["post-2124501","post","type-post","status-publish","format-standard","hentry","category-romania","tag-crawlmanager","tag-ziardesuceava-ro"],"_links":{"self":[{"href":"https:\/\/analyse.optim.biz\/index.php?rest_route=\/wp\/v2\/posts\/2124501","targetHints":{"allow":["GET"]}}],"collection":[{"href":"https:\/\/analyse.optim.biz\/index.php?rest_route=\/wp\/v2\/posts"}],"about":[{"href":"https:\/\/analyse.optim.biz\/index.php?rest_route=\/wp\/v2\/types\/post"}],"author":[{"embeddable":true,"href":"https:\/\/analyse.optim.biz\/index.php?rest_route=\/wp\/v2\/users\/1"}],"replies":[{"embeddable":true,"href":"https:\/\/analyse.optim.biz\/index.php?rest_route=%2Fwp%2Fv2%2Fcomments&post=2124501"}],"version-history":[{"count":0,"href":"https:\/\/analyse.optim.biz\/index.php?rest_route=\/wp\/v2\/posts\/2124501\/revisions"}],"wp:attachment":[{"href":"https:\/\/analyse.optim.biz\/index.php?rest_route=%2Fwp%2Fv2%2Fmedia&parent=2124501"}],"wp:term":[{"taxonomy":"category","embeddable":true,"href":"https:\/\/analyse.optim.biz\/index.php?rest_route=%2Fwp%2Fv2%2Fcategories&post=2124501"},{"taxonomy":"post_tag","embeddable":true,"href":"https:\/\/analyse.optim.biz\/index.php?rest_route=%2Fwp%2Fv2%2Ftags&post=2124501"}],"curies":[{"name":"wp","href":"https:\/\/api.w.org\/{rel}","templated":true}]}}