{"id":2124471,"date":"2026-09-02T12:46:50","date_gmt":"2026-09-02T09:46:50","guid":{"rendered":"https:\/\/analyse.optim.biz\/?p=2124471"},"modified":"2026-09-02T12:46:50","modified_gmt":"2026-09-02T09:46:50","slug":"cum-comenteaza-george-simion-discursul-lui-nicusor-dan-despre-nationalismul-sanatos-il-vad-ca-pe-un","status":"publish","type":"post","link":"https:\/\/analyse.optim.biz\/?p=2124471","title":{"rendered":"Cum comenteaz\u0103 George Simion discursul lui Nicu\u0219or Dan despre \u201ena\u021bionalismul s\u0103n\u0103tos\u201d: \u201e\u00cel v\u0103d ca pe un&#8230;"},"content":{"rendered":"<p>[analyse_image type=&#8221;featured&#8221; src=&#8221;https:\/\/s.iw.ro\/gateway\/g\/ZmlsZVNvdXJjZT1odHRwJTNBJTJGJTJG\/c3RvcmFnZTA4dHJhbnNjb2Rlci5yY3Mt\/cmRzLnJvJTJGc3RvcmFnZSUyRjIwMjYl\/MkYwNSUyRjA0JTJGMjcwNzM4NV8yNzA3\/Mzg1X2dlb3JnZS1zaW1pb24tbmljdXNv\/ci1kYW4uanBnJnc9MTIwMCZoPTYzMCZ6\/Yz0xJmhhc2g9NzFkZjE0MjA3NGU3NGFiMjViZGQzZGQ0YWM4NWNhY2M=.thumb.jpg&#8221;]<\/p>\n<div class=\"entry data-app-meta data-app-meta-article\" data-embed-base-url-canonical=\"https:\/\/www.digi24.ro\/embed\/stiri\/actualitate\/politica\/cum-comenteaza-george-simion-discursul-lui-nicusor-dan-despre-nationalismul-sanatos-il-vad-ca-pe-un-incurca-lume-3932223\">\n<p data-index=\"1\"><strong>George Simion \u00eel catalogheaz\u0103 pe Nicu\u0219or Dan drept \u201eun \u00eencurc\u0103 lume\u201d \u0219i consider\u0103 \u201eo naivitate\u201d ideea c\u0103 pre\u0219edintele ar putea atrage electoratul suveranist. Liderul AUR critic\u0103 discursul sus\u021binut de \u0219eful statului la Catedrala M\u00e2ntuirii Neamului, unde acesta a vorbit despre un \u201ena\u021bionalism s\u0103n\u0103tos\u201d, \u0219i spune c\u0103 folosirea acestei sintagme este \u201efoarte periculoas\u0103\u201d.<\/strong><\/p>\n<p data-index=\"2\">\u201eNu. Din p\u0103cate, cu tot respectul fa\u021b\u0103 de institu\u021bia preziden\u021bial\u0103, \u00eel v\u0103d ca pe un \u00eencurc\u0103 lume\u201d, a declarat George Simion, miercuri, la Palatul Parlamentului, \u00eentrebat dac\u0103 \u00eel vede pe Nicu\u0219or Dan drept lider al unei mi\u0219c\u0103ri na\u021bionaliste s\u0103n\u0103toase.<\/p>\n<p data-index=\"3\">Liderul AUR a criticat \u0219i ideea c\u0103 \u0219eful statului ar putea atrage electoratul suveranist prin mesajele despre \u201ena\u021bionalismul s\u0103n\u0103tos\u201d.<\/p>\n<p data-index=\"4\">\u201eE o sintagm\u0103 foarte periculoas\u0103, aceasta folosit\u0103 de Nicu\u0219or Dan. Repet, s-a \u00eenconjurat de tot felul de \u201eyes man-i\u201d care probabil i-au dat aceast\u0103 sintagm\u0103 \u0219i aceast\u0103 idee. Domnul Dungaciu a exprimat corect pozi\u021bia partidului nostru la ceea ce s-a \u00eent\u00e2mplat la Catedrala M\u00e2ntuirii Neamului. Dac\u0103 era o sal\u0103 de conferin\u021be, dac\u0103 era alt cadru, dar s\u0103 vii s\u0103 predici din fa\u021ba altarului este un pic cam mult \u0219i arat\u0103 disperare \u0219i necunoa\u0219tere. S\u0103 crezi c\u0103 o s\u0103 vin\u0103 Nicu\u0219or Dan s\u0103 fie votat de suverani\u0219ti, m\u0103 scuza\u021bi, este o naivitate\u201d, a spus Simion.<\/p>\n<p class=\"gdpr-placeholder gdpr-social-media gdpr-iframe-fix\" data-index=\"6\"> Setarile tale privind cookie-urile nu permit afisarea continutul din aceasta sectiune. Poti actualiza setarile modulelor coookie direct din browser sau de <a class=\"ot-sdk-show-settings\" data-skip-linkfix=\"1\">aici<\/a> \u2013 e nevoie sa accepti cookie-urile social media<\/p>\n<h2 id=\"highlight-3932223-1\">Dan Dungaciu: \u201ePolitizarea a mers un pic prea departe\u201d<\/h2>\n<p data-index=\"7\">Vicepre\u0219edintele AUR Dan Dungaciu a criticat, la r\u00e2ndul s\u0103u, discursul sus\u021binut de Nicu\u0219or Dan \u00een Catedrala M\u00e2ntuirii Neamului, sus\u021bin\u00e2nd c\u0103 pre\u0219edintele a f\u0103cut afirma\u021bii politice \u00een fa\u021ba tinerilor ortodoc\u0219i.<\/p>\n<p data-index=\"8\">\u201eAici ceva nu e \u00een regul\u0103 ce s-a \u00eent\u00e2mplat \u00een Catedrala M\u00e2ntuirii Neamului. Au mai fost pre\u0219edin\u021bi care au vorbit \u00een biseric\u0103, (&#8230;) pre\u0219edin\u021bii Iohannis \u0219i B\u0103sescu, dar niciodat\u0103 nu au f\u0103cut aser\u021biuni politice. Au vorbit comemorativ, au vorbit omagial, ceremonial, dar nu au f\u0103cut aser\u021biuni politice. De data aceasta suntem \u00eentr-o situa\u021bie \u00een care un pre\u0219edinte \u00een fa\u021ba tineretului ortodocs, cu ocazia unui eveniment numit \u00cent\u00e2lnirea Interna\u021bional\u0103 a Tinerilor Ortodoc\u0219i, \u00een fa\u021ba unor tineri, mul\u021bi dintre ei minori, face afirma\u021bii politice, face aser\u021biuni politice, vorbe\u0219te despre cei buni \u0219i cei r\u0103i, despre cei cu na\u021bionalismul s\u0103n\u0103tos \u0219i cei cu na\u021bionalismul demagogic\u201d, a declarat Dan Dungaciu.<\/p>\n<p data-index=\"9\">El a f\u0103cut o compara\u021bie cu situa\u021bia \u00een care un politician AUR ar fi sus\u021binut un discurs politic \u00eentr-un cadru similar.<\/p>\n<p data-index=\"10\">\u201eA\u0219a ceva nu s-a mai \u00eent\u00e2mplat. Imagina\u021bi-v\u0103, prin compara\u021bie, dac\u0103 domnul George Simion, domnul Petri\u0219or Peiu sau eu, dup\u0103 o slujb\u0103 din biseric\u0103, dup\u0103 o predic\u0103, ne-ar fi invitat preotul s\u0103 spunem c\u00e2teva cuvinte celor prezen\u021bi \u0219i noi am fi vorbit despre na\u021bionalismul s\u0103n\u0103tos. Ce s-ar fi \u00eent\u00e2mplat? Ce a\u021bi fi scris dumneavoastr\u0103 dup\u0103 aceea au ce ar fi trebuit s\u0103 scrie\u021bi dumneavoastr\u0103? Ce ar fi spus institu\u021bia Bisericii Ortodoxe Rom\u00e2ne despre preot?\u201d, a spus Dungaciu.<\/p>\n<p data-index=\"11\">Potrivit acestuia, prin discursul sus\u021binut la Catedrala M\u00e2ntuirii Neamului, \u201epolitizarea a mers un pic prea departe\u201d.<\/p>\n<p data-index=\"12\">\u201eCe vrem s\u0103 spunem aici c\u0103 pentru prima dat\u0103 politizarea a mers un pic prea departe, pentru c\u0103 evident c\u0103 pre\u0219edintele Rom\u00e2niei a lansat un proiect politic \u0219i sper\u0103m, credem, nu \u0219tim, sper\u0103m c\u0103 organizatorii acelui festival al Interna\u021bionalei Tinerilor Ortodoc\u0219i s\u0103 nu fi \u0219tiut despre ce este vorba acolo\u201d, a ad\u0103ugat el.<\/p>\n<p data-index=\"13\">Dungaciu a spus c\u0103 este firesc ca pre\u0219edintele s\u0103 vorbeasc\u0103 tinerilor ortodoc\u0219i, \u00eens\u0103 consider\u0103 c\u0103 mesajul politic transmis \u00een cadrul reuniunii ridic\u0103 probleme.<\/p>\n<p data-index=\"14\">\u201ePentru c\u0103 s\u0103 vorbe\u0219ti tinerilor ortodoc\u0219i e firesc, e normal, dar s\u0103 vorbe\u0219ti despre subiectul respectivei reuniunii \u0219i s\u0103 ai cuno\u0219tiin\u021ba c\u0103 ai \u00een fa\u021b\u0103 tineri, unii \u0219i minori, care sunt interesa\u021bi s\u0103 aud\u0103 ce spune un pre\u0219edinte apropo de subiectul respectivei \u00eentruniri interna\u021bionale. De data aceasta lucrurile au sc\u0103pat de sub control \u0219i din aceast\u0103 perspectiv\u0103 sper\u0103m ca lucrurile s\u0103 se clarifice. Oricum am luat act de ele\u201d, a mai declarat vicepre\u0219edintele AUR.<\/p>\n<h2 id=\"highlight-3932223-2\">Ce a spus Nicu\u0219or Dan la Catedrala M\u00e2ntuirii Neamului<\/h2>\n<p data-index=\"15\">Nicu\u0219or Dan a participat mar\u021bi la \u00cent\u00e2lnirea Interna\u021bional\u0103 a Tinerilor Ortodoc\u0219i, organizat\u0103 la Catedrala M\u00e2ntuirii Neamului. \u00cen discursul s\u0103u,<a href=\"https:\/\/www.digi24.ro\/stiri\/actualitate\/social\/nicusor-dan-spatiul-public-este-dominat-de-defetisti-si-demagogi-apel-pentru-un-nationalism-sanatos-3930001\" data-skip-linkfix=\"1\"> pre\u0219edintele a vorbit despre un \u201ena\u021bionalism s\u0103n\u0103tos\u201d<\/a> \u0219i a criticat ceea ce a numit \u201edefeti\u0219tii\u201d \u0219i \u201edemagogii\u201d din societate.<\/p>\n<p data-index=\"16\">\u0218eful statului a sus\u021binut c\u0103 vocea celor care \u201ecu decen\u021b\u0103, cred \u0219i muncesc pentru Rom\u00e2nia\u201d trebuie s\u0103 se aud\u0103 mai puternic \u00een spa\u021biul public \u0219i a f\u0103cut apel la unitate \u0219i la promovarea valorilor rom\u00e2ne\u0219ti.<\/p>\n<p> Editor : <a href=\"https:\/\/www.digi24.ro\/autor\/ana-petrescu\"> Ana Petrescu <\/a><\/p>\n<\/div>\n<p>[analyse_source url=&#8221;https:\/\/www.digi24.ro\/stiri\/actualitate\/politica\/cum-comenteaza-george-simion-discursul-lui-nicusor-dan-despre-nationalismul-sanatos-il-vad-ca-pe-un-incurca-lume-3932223&#8243;]<\/p>\n","protected":false},"excerpt":{"rendered":"<p>[analyse_image type=&#8221;featured&#8221; src=&#8221;https:\/\/s.iw.ro\/gateway\/g\/ZmlsZVNvdXJjZT1odHRwJTNBJTJGJTJG\/c3RvcmFnZTA4dHJhbnNjb2Rlci5yY3Mt\/cmRzLnJvJTJGc3RvcmFnZSUyRjIwMjYl\/MkYwNSUyRjA0JTJGMjcwNzM4NV8yNzA3\/Mzg1X2dlb3JnZS1zaW1pb24tbmljdXNv\/ci1kYW4uanBnJnc9MTIwMCZoPTYzMCZ6\/Yz0xJmhhc2g9NzFkZjE0MjA3NGU3NGFiMjViZGQzZGQ0YWM4NWNhY2M=.thumb.jpg&#8221;] George Simion \u00eel catalogheaz\u0103 pe Nicu\u0219or Dan drept \u201eun \u00eencurc\u0103 lume\u201d \u0219i consider\u0103 \u201eo naivitate\u201d ideea c\u0103 pre\u0219edintele ar putea atrage electoratul suveranist. Liderul AUR critic\u0103 discursul sus\u021binut de \u0219eful statului la Catedrala M\u00e2ntuirii Neamului, unde acesta a vorbit despre un \u201ena\u021bionalism s\u0103n\u0103tos\u201d, \u0219i spune c\u0103 folosirea acestei sintagme este \u201efoarte periculoas\u0103\u201d. [&hellip;]<\/p>\n","protected":false},"author":1,"featured_media":0,"comment_status":"open","ping_status":"","sticky":false,"template":"","format":"standard","meta":{"footnotes":""},"categories":[89],"tags":[],"class_list":["post-2124471","post","type-post","status-publish","format-standard","hentry","category-romania"],"_links":{"self":[{"href":"https:\/\/analyse.optim.biz\/index.php?rest_route=\/wp\/v2\/posts\/2124471","targetHints":{"allow":["GET"]}}],"collection":[{"href":"https:\/\/analyse.optim.biz\/index.php?rest_route=\/wp\/v2\/posts"}],"about":[{"href":"https:\/\/analyse.optim.biz\/index.php?rest_route=\/wp\/v2\/types\/post"}],"author":[{"embeddable":true,"href":"https:\/\/analyse.optim.biz\/index.php?rest_route=\/wp\/v2\/users\/1"}],"replies":[{"embeddable":true,"href":"https:\/\/analyse.optim.biz\/index.php?rest_route=%2Fwp%2Fv2%2Fcomments&post=2124471"}],"version-history":[{"count":0,"href":"https:\/\/analyse.optim.biz\/index.php?rest_route=\/wp\/v2\/posts\/2124471\/revisions"}],"wp:attachment":[{"href":"https:\/\/analyse.optim.biz\/index.php?rest_route=%2Fwp%2Fv2%2Fmedia&parent=2124471"}],"wp:term":[{"taxonomy":"category","embeddable":true,"href":"https:\/\/analyse.optim.biz\/index.php?rest_route=%2Fwp%2Fv2%2Fcategories&post=2124471"},{"taxonomy":"post_tag","embeddable":true,"href":"https:\/\/analyse.optim.biz\/index.php?rest_route=%2Fwp%2Fv2%2Ftags&post=2124471"}],"curies":[{"name":"wp","href":"https:\/\/api.w.org\/{rel}","templated":true}]}}