{"id":2124463,"date":"2026-09-02T12:18:44","date_gmt":"2026-09-02T09:18:44","guid":{"rendered":"https:\/\/analyse.optim.biz\/?p=2124463"},"modified":"2026-09-02T12:18:44","modified_gmt":"2026-09-02T09:18:44","slug":"israelul-se-asteapta-la-un-atac-iminent-al-iranului-katz-nu-vrem-sa-fim-luati-prin-surprindere","status":"publish","type":"post","link":"https:\/\/analyse.optim.biz\/?p=2124463","title":{"rendered":"Israelul se a\u0219teapt\u0103 la un atac iminent al Iranului. Katz: \u201eNu vrem s\u0103 fim lua\u0163i prin surprindere\u201d"},"content":{"rendered":"<p>[analyse_image type=&#8221;featured&#8221; src=&#8221;https:\/\/s.iw.ro\/gateway\/g\/ZmlsZVNvdXJjZT1odHRwJTNBJTJGJTJG\/c3RvcmFnZTA4dHJhbnNjb2Rlci5yY3Mt\/cmRzLnJvJTJGc3RvcmFnZSUyRjIwMjYl\/MkYwNyUyRjA5JTJGMjg0MDE5NF8yODQw\/MTk0X1JhY2hldGEtaXJhbmlhbmEtRmF0\/ZWgtMTEwXy1JbWFnaW5lLWN1LWNhcmFj\/dGVyLWlsdXN0cmF0aXZfLUZvdG8tUHJv\/ZmltZWRpYS5qcGcmdz0xMjAwJmg9NjMw\/JnpjPTEmaGFzaD02YzAyNTRjNjY0ZjE0YTE1YzhlNzcyNDNiMWJhYjdkNA==.thumb.jpg&#8221;]<\/p>\n<div class=\"entry data-app-meta data-app-meta-article\" data-embed-base-url-canonical=\"https:\/\/www.digi24.ro\/embed\/stiri\/externe\/israelul-se-asteapta-la-un-atac-iminent-al-iranului-katz-nu-vrem-sa-fim-luati-prin-surprindere-3932183\">\n<p data-index=\"1\"><strong>Ministrul ap\u0103r\u0103rii israelian, Israel Katz, a avertizat miercuri c\u0103 Iranul ar putea profita de perioada s\u0103rb\u0103torilor evreie\u015fti care \u00eencepe pe 11 septembrie cu Rosh Hashanah (Anul Nou evreiesc) pentru a lansa un atac \u00eempotriva Israelului, dar a dat asigur\u0103ri c\u0103 \u0163ara sa este preg\u0103tit\u0103 s\u0103 r\u0103spund\u0103 \u201ecu mare for\u0163\u0103\u201d dac\u0103 este atacat\u0103, informeaz\u0103 EFE, potrivit Agerpres.<\/strong><\/p>\n<p data-index=\"2\">Katz a f\u0103cut aceste declara\u0163ii \u00een timpul unei conferin\u0163e organizate de ziarul israelian Yediot Ahronot.<\/p>\n<p data-index=\"3\">\u201eIranului \u00eei place s\u0103 atace \u00een timpul s\u0103rb\u0103torilor evreie\u015fti pentru c\u0103 \u00eei ur\u0103\u015fte pe evrei. Trebuie doar s\u0103 te ui\u0163i la tot ce s-a \u00eent\u00e2mplat \u00een trecut. Dar suntem preg\u0103ti\u0163i at\u00e2t defensiv, c\u00e2t \u015fi ofensiv, \u00een coordonare cu Statele Unite\u201d, a declarat ministrul miercuri diminea\u0163a, \u00een contextul \u00een care, \u00een cursul nop\u0163ii, for\u0163ele SUA au lansat noi atacuri \u00eempotriva Iranului, soldate cu 18 mor\u0163i \u015fi 68 de r\u0103ni\u0163i.<\/p>\n<p data-index=\"4\">Katz a afirmat c\u0103 monitorizeaz\u0103 \u00eendeaproape situa\u0163ia \u201ezilnic\u201d \u00eempreun\u0103 cu prim-ministrul Benjamin Netanyahu \u015fi armata israelian\u0103: \u201eUneori (ne \u00eent\u00e2lnim) chiar \u015fi \u00een miez de noapte (&#8230;) Nu trat\u0103m superficial nicio informa\u0163ie. Nu vrem s\u0103 fim lua\u0163i prin surprindere. Suntem preg\u0103ti\u0163i\u201d.<\/p>\n<p data-index=\"5\">Oficialul israelian a clarificat totodat\u0103 c\u0103, de\u015fi guvernul Netanyahu permite deocamdat\u0103 <a href=\"https:\/\/www.digi24.ro\/stiri\/externe\/rusia-a-ajutat-in-secret-iranul-sa-dezvolte-rachete-de-croaziera-supersonice-care-ar-putea-pune-in-pericol-navele-de-razboi-americane-3931381\" target=\"_blank\" rel=\"noopener\" data-skip-linkfix=\"1\">SUA<\/a> s\u0103 preia conducerea ac\u0163iunilor militare \u00eempotriva Iranului, armata \u015fi for\u0163ele aeriene israeliene sunt gata s\u0103 intervin\u0103 \u201eindependent de oricine altcineva\u201d dac\u0103 Teheranul atac\u0103.<\/p>\n<p data-index=\"6\">Ti\u015frei, a \u015faptea lun\u0103 a calendarului ebraic, cade \u00eentre septembrie \u015fi \u00eenceputul lunii octombrie \u015fi include \u00een mai pu\u0163in de o lun\u0103 s\u0103rb\u0103tori precum Rosh Hashanah, Yom Kippur, Sukkot \u015fi Simchat Torah, perioad\u0103 care, potrivit lui Katz, necesit\u0103 o vigilen\u0163\u0103 sporit\u0103 din partea for\u0163elor de securitate israeliene.<\/p>\n<p data-index=\"7\">Activitatea \u00een Israel \u00eencetine\u015fte considerabil \u00een aceast\u0103 perioad\u0103, dar armata \u015fi for\u0163ele de securitate r\u0103m\u00e2n \u00een mod tradi\u0163ional foarte mobilizate, noteaz\u0103 AFP.<\/p>\n<p data-index=\"8\">Katz nu a men\u0163ionat nicio informa\u0163ie despre un <a href=\"https:\/\/www.digi24.ro\/stiri\/externe\/iranul-a-atacat-baze-sua-din-golf-dupa-ultimele-lovituri-americane-3931395\" target=\"_blank\" rel=\"noopener\" data-skip-linkfix=\"1\">atac<\/a> specific planificat. Cu toate acestea, Israelul s-a confruntat cu atacuri \u00een timpul s\u0103rb\u0103torilor evreie\u015fti de mai multe ori de-a lungul istoriei sale, un memento care reapare ori de c\u00e2te ori se apropie s\u0103rb\u0103torile.<\/p>\n<p data-index=\"9\">Acesta a fost cazul, de exemplu, al R\u0103zboiului de Yom Kippur din 1973, declan\u015fat de un atac surpriz\u0103 din partea Egiptului \u015fi Siriei de aceast\u0103 s\u0103rb\u0103toare evreiasc\u0103. Sau al atacului f\u0103r\u0103 precedent comis de gruparea terorist\u0103 palestinian\u0103 Hamas pe 7 octombrie 2023, zi de Shabbat \u015fi ziua s\u0103rb\u0103torii evreie\u015fti Simchat Torah.<\/p>\n<p data-index=\"10\">Israelul \u015fi Iranul s-au bombardat reciproc de mai multe ori de anul trecut.<\/p>\n<p> Editor : <a href=\"https:\/\/www.digi24.ro\/autor\/claudia-bancas\"> C.L.B. <\/a><\/p>\n<\/div>\n<p>[analyse_source url=&#8221;https:\/\/www.digi24.ro\/stiri\/externe\/israelul-se-asteapta-la-un-atac-iminent-al-iranului-katz-nu-vrem-sa-fim-luati-prin-surprindere-3932183&#8243;]<\/p>\n","protected":false},"excerpt":{"rendered":"<p>[analyse_image type=&#8221;featured&#8221; src=&#8221;https:\/\/s.iw.ro\/gateway\/g\/ZmlsZVNvdXJjZT1odHRwJTNBJTJGJTJG\/c3RvcmFnZTA4dHJhbnNjb2Rlci5yY3Mt\/cmRzLnJvJTJGc3RvcmFnZSUyRjIwMjYl\/MkYwNyUyRjA5JTJGMjg0MDE5NF8yODQw\/MTk0X1JhY2hldGEtaXJhbmlhbmEtRmF0\/ZWgtMTEwXy1JbWFnaW5lLWN1LWNhcmFj\/dGVyLWlsdXN0cmF0aXZfLUZvdG8tUHJv\/ZmltZWRpYS5qcGcmdz0xMjAwJmg9NjMw\/JnpjPTEmaGFzaD02YzAyNTRjNjY0ZjE0YTE1YzhlNzcyNDNiMWJhYjdkNA==.thumb.jpg&#8221;] Ministrul ap\u0103r\u0103rii israelian, Israel Katz, a avertizat miercuri c\u0103 Iranul ar putea profita de perioada s\u0103rb\u0103torilor evreie\u015fti care \u00eencepe pe 11 septembrie cu Rosh Hashanah (Anul Nou evreiesc) pentru a lansa un atac \u00eempotriva Israelului, dar a dat asigur\u0103ri c\u0103 \u0163ara sa este preg\u0103tit\u0103 s\u0103 r\u0103spund\u0103 \u201ecu mare for\u0163\u0103\u201d dac\u0103 este atacat\u0103, [&hellip;]<\/p>\n","protected":false},"author":1,"featured_media":0,"comment_status":"open","ping_status":"","sticky":false,"template":"","format":"standard","meta":{"footnotes":""},"categories":[89],"tags":[],"class_list":["post-2124463","post","type-post","status-publish","format-standard","hentry","category-romania"],"_links":{"self":[{"href":"https:\/\/analyse.optim.biz\/index.php?rest_route=\/wp\/v2\/posts\/2124463","targetHints":{"allow":["GET"]}}],"collection":[{"href":"https:\/\/analyse.optim.biz\/index.php?rest_route=\/wp\/v2\/posts"}],"about":[{"href":"https:\/\/analyse.optim.biz\/index.php?rest_route=\/wp\/v2\/types\/post"}],"author":[{"embeddable":true,"href":"https:\/\/analyse.optim.biz\/index.php?rest_route=\/wp\/v2\/users\/1"}],"replies":[{"embeddable":true,"href":"https:\/\/analyse.optim.biz\/index.php?rest_route=%2Fwp%2Fv2%2Fcomments&post=2124463"}],"version-history":[{"count":0,"href":"https:\/\/analyse.optim.biz\/index.php?rest_route=\/wp\/v2\/posts\/2124463\/revisions"}],"wp:attachment":[{"href":"https:\/\/analyse.optim.biz\/index.php?rest_route=%2Fwp%2Fv2%2Fmedia&parent=2124463"}],"wp:term":[{"taxonomy":"category","embeddable":true,"href":"https:\/\/analyse.optim.biz\/index.php?rest_route=%2Fwp%2Fv2%2Fcategories&post=2124463"},{"taxonomy":"post_tag","embeddable":true,"href":"https:\/\/analyse.optim.biz\/index.php?rest_route=%2Fwp%2Fv2%2Ftags&post=2124463"}],"curies":[{"name":"wp","href":"https:\/\/api.w.org\/{rel}","templated":true}]}}