{"id":2124451,"date":"2026-09-02T12:04:52","date_gmt":"2026-09-02T09:04:52","guid":{"rendered":"https:\/\/analyse.optim.biz\/?p=2124451"},"modified":"2026-09-02T12:04:52","modified_gmt":"2026-09-02T09:04:52","slug":"george-simion-intervine-in-scandalul-locurilor-din-biroul-permanent-care-e-abuzul-ni-se-cuveneau","status":"publish","type":"post","link":"https:\/\/analyse.optim.biz\/?p=2124451","title":{"rendered":"George Simion intervine \u00een scandalul locurilor din Biroul permanent: \u201eCare e abuzul? Ni se cuveneau\u201d"},"content":{"rendered":"<p>[analyse_image type=&#8221;featured&#8221; src=&#8221;https:\/\/s.iw.ro\/gateway\/g\/ZmlsZVNvdXJjZT1odHRwJTNBJTJGJTJG\/c3RvcmFnZTA4dHJhbnNjb2Rlci5yY3Mt\/cmRzLnJvJTJGc3RvcmFnZSUyRjIwMjYl\/MkYwNiUyRjIyJTJGMjgwMjIzMl8yODAy\/MjMyX04yMC1SRUFDVElJLUdFT1JHRS1T\/SU1JT04tU0lOQ1JPTi0yMjA2MjZfMDA4\/NTIuanBnJnc9MTIwMCZoPTYzMCZ6Yz0x\/Jmhhc2g9YjIxYjlkYTgzOTkxZDRmZWI2NDFlYTIxODA4MjRmNGM=.thumb.jpg&#8221;]<\/p>\n<div class=\"entry data-app-meta data-app-meta-article\" data-embed-base-url-canonical=\"https:\/\/www.digi24.ro\/embed\/stiri\/actualitate\/politica\/george-simion-intervine-in-scandalul-locurilor-din-biroul-permanent-care-e-abuzul-ni-se-cuveneau-3932169\">\n<p data-index=\"1\"><strong>George Simion sus\u021bine c\u0103 nu a existat nicio negociere pentru func\u021biile ob\u021binute de Alian\u021ba pentru Unirea Rom\u00e2nilor (AUR) \u00een Biroul Permanent al Camerei Deputa\u021bilor, pentru c\u0103, de fapt, cele dou\u0103 locuri ob\u021binute \u00een plus de AUR \u201eli se cuveneau\u201d.<\/strong><\/p>\n<p data-index=\"2\">\u201eCe loc am primit? \u00cen momentul acesta, avem patru reprezentan\u021bi \u00een Biroul Permanent din 12. P\u00e2n\u0103 acum aveam doi. Votul rom\u00e2nilor pentru partidele suveraniste a fost undeva la 33%, adic\u0103 noi avem o treime din Biroul Permanent\u201d, a declarat George Simion, \u00eentr-o conferin\u021b\u0103 de pres\u0103 sus\u021binut\u0103 la Parlament.<\/p>\n<p data-index=\"3\">Liderul AUR a subliniat c\u0103, \u00een primele dou\u0103 sesiuni parlamentare, majoritatea PSD-PNL-USR-UDMR \u201eilegal, \u00eenc\u0103lc\u00e2nd orice cutum\u0103\u201d, a atribuit doar dou\u0103 locuri partidului condus de George Simion.\u00a0<\/p>\n<p data-index=\"4\">\u201eDe ce se dau peste cap? Ce s-a \u00eent\u00e2mplat? Care e abuzul? Nu am primit nimic, ni se cuveneau, \u0219i nu s-a respectat acest lucru pentru c\u0103 exista o majoritate care a considerat s\u0103 ne sfideze, cu locurile \u00een birourile permanente, cu spa\u021biile de aici, cu chestiunile care \u021bin de pondere parlamentar\u0103 \u00een anumite institu\u021bii, vede\u021bi aici, cu locurile \u00een SRR \u0219i TVR\u201d, a ad\u0103ugat Simion.\u00a0<\/p>\n<p data-index=\"5\"><a href=\"https:\/\/www.digi24.ro\/stiri\/actualitate\/politica\/pnl-si-usr-boicoteaza-miercuri-activitatea-din-camera-deputatilor-nu-vom-gira-aceasta-mizerie-acest-abuz-3931649\" target=\"_blank\" rel=\"noopener\" data-skip-linkfix=\"1\">CITE\u0218TE \u0218I: PNL \u0219i USR boicoteaz\u0103 miercuri activitatea din Camera Deputa\u021bilor. Sorin \u0218ipo\u0219: \u201eVom ataca la CCR\u201d. Reac\u021bia lui Grindeanu<\/a><\/p>\n<p> Editor : <a href=\"https:\/\/www.digi24.ro\/autor\/alexander-garvey\"> M.G. <\/a><\/p>\n<\/div>\n<p>[analyse_source url=&#8221;https:\/\/www.digi24.ro\/stiri\/actualitate\/politica\/george-simion-intervine-in-scandalul-locurilor-din-biroul-permanent-care-e-abuzul-ni-se-cuveneau-3932169&#8243;]<\/p>\n","protected":false},"excerpt":{"rendered":"<p>[analyse_image type=&#8221;featured&#8221; src=&#8221;https:\/\/s.iw.ro\/gateway\/g\/ZmlsZVNvdXJjZT1odHRwJTNBJTJGJTJG\/c3RvcmFnZTA4dHJhbnNjb2Rlci5yY3Mt\/cmRzLnJvJTJGc3RvcmFnZSUyRjIwMjYl\/MkYwNiUyRjIyJTJGMjgwMjIzMl8yODAy\/MjMyX04yMC1SRUFDVElJLUdFT1JHRS1T\/SU1JT04tU0lOQ1JPTi0yMjA2MjZfMDA4\/NTIuanBnJnc9MTIwMCZoPTYzMCZ6Yz0x\/Jmhhc2g9YjIxYjlkYTgzOTkxZDRmZWI2NDFlYTIxODA4MjRmNGM=.thumb.jpg&#8221;] George Simion sus\u021bine c\u0103 nu a existat nicio negociere pentru func\u021biile ob\u021binute de Alian\u021ba pentru Unirea Rom\u00e2nilor (AUR) \u00een Biroul Permanent al Camerei Deputa\u021bilor, pentru c\u0103, de fapt, cele dou\u0103 locuri ob\u021binute \u00een plus de AUR \u201eli se cuveneau\u201d. \u201eCe loc am primit? \u00cen momentul acesta, avem patru reprezentan\u021bi \u00een Biroul Permanent [&hellip;]<\/p>\n","protected":false},"author":1,"featured_media":0,"comment_status":"open","ping_status":"","sticky":false,"template":"","format":"standard","meta":{"footnotes":""},"categories":[89],"tags":[11],"class_list":["post-2124451","post","type-post","status-publish","format-standard","hentry","category-romania","tag-digi24"],"_links":{"self":[{"href":"https:\/\/analyse.optim.biz\/index.php?rest_route=\/wp\/v2\/posts\/2124451","targetHints":{"allow":["GET"]}}],"collection":[{"href":"https:\/\/analyse.optim.biz\/index.php?rest_route=\/wp\/v2\/posts"}],"about":[{"href":"https:\/\/analyse.optim.biz\/index.php?rest_route=\/wp\/v2\/types\/post"}],"author":[{"embeddable":true,"href":"https:\/\/analyse.optim.biz\/index.php?rest_route=\/wp\/v2\/users\/1"}],"replies":[{"embeddable":true,"href":"https:\/\/analyse.optim.biz\/index.php?rest_route=%2Fwp%2Fv2%2Fcomments&post=2124451"}],"version-history":[{"count":0,"href":"https:\/\/analyse.optim.biz\/index.php?rest_route=\/wp\/v2\/posts\/2124451\/revisions"}],"wp:attachment":[{"href":"https:\/\/analyse.optim.biz\/index.php?rest_route=%2Fwp%2Fv2%2Fmedia&parent=2124451"}],"wp:term":[{"taxonomy":"category","embeddable":true,"href":"https:\/\/analyse.optim.biz\/index.php?rest_route=%2Fwp%2Fv2%2Fcategories&post=2124451"},{"taxonomy":"post_tag","embeddable":true,"href":"https:\/\/analyse.optim.biz\/index.php?rest_route=%2Fwp%2Fv2%2Ftags&post=2124451"}],"curies":[{"name":"wp","href":"https:\/\/api.w.org\/{rel}","templated":true}]}}