{"id":2124447,"date":"2026-09-02T12:01:34","date_gmt":"2026-09-02T09:01:34","guid":{"rendered":"https:\/\/analyse.optim.biz\/?p=2124447"},"modified":"2026-09-02T12:01:34","modified_gmt":"2026-09-02T09:01:34","slug":"ue-si-nato-dupa-atacul-rusiei-la-leipzig-europenii-se-confrunta-cu-un-adevar-dur-aceasta-este-noua","status":"publish","type":"post","link":"https:\/\/analyse.optim.biz\/?p=2124447","title":{"rendered":"UE \u0219i NATO, dup\u0103 atacul Rusiei la Leipzig: \u201eEuropenii se confrunt\u0103 cu un adev\u0103r dur. Aceasta este noua&#8230;"},"content":{"rendered":"<p>[analyse_image type=&#8221;featured&#8221; src=&#8221;https:\/\/s.iw.ro\/gateway\/g\/ZmlsZVNvdXJjZT1odHRwJTNBJTJGJTJG\/c3RvcmFnZTA4dHJhbnNjb2Rlci5yY3Mt\/cmRzLnJvJTJGc3RvcmFnZSUyRjIwMjYl\/MkYwOSUyRjAyJTJGMjkzODY5N18yOTM4\/Njk3X1Vyc3VsYS12b24tZGVyLUxleWVu\/LXNpLU1hcmstUnV0dGUtZHVwYS1pbnRh\/bG5pcmVhLWRlLWxhLUJydXhlbGxlc18t\/Rm90by1Qcm9maW1lZGlhLmpwZyZ3PTEy\/MDAmaD02MzAmemM9MSZoYXNoPTlmMDc5\/NjRkZTkzMTlmMjM2MDUzMGIxNmNhMjU1ZmU4.thumb.jpg&#8221;]<\/p>\n<div class=\"entry data-app-meta data-app-meta-article\" data-embed-base-url-canonical=\"https:\/\/www.digi24.ro\/embed\/stiri\/externe\/presedinta-comisiei-europene-despre-atacul-rusiei-la-leipzig-vom-sprijini-orice-stat-membru-pe-care-rusia-il-vizeaza-3932157\">\n<p data-index=\"1\"><strong>Pre\u0219edinta Comisiei Europene, Ursula von der Leyen, \u0219i secretarul general al NATO, Mark Rutte, s-au \u00eent\u00e2lnit miercuri la Bruxelles, pentru a discuta despre atacul hibrid al Rusiei pe teritoriul german, respectiv la aeroportul din Leipzig, din august.\u00a0 NATO \u015fi UE \u015fi-au exprimat mar\u0163i solidaritatea cu Germania, dup\u0103 ce Berlinul a acuzat Moscova c\u0103 se afl\u0103 \u00een spatele atacului efectuat cu o dron\u0103 \u00eenc\u0103rcat\u0103 cu explozibili av\u00e2nd drept \u0163int\u0103 aeroportul. Miercuri, \u0219efa Comisiei Europene a transmis c\u0103 NATO \u0219i UE vor continua presiunea asupra Rusiei \u0219i chiar o vor intensifica, p\u00e2n\u0103 c\u00e2nd aceasta va \u00eenceta r\u0103zboiul din Ucraina.<\/strong><\/p>\n<p data-index=\"2\">Incidentul a avut loc la \u00eenceputul lunii august, c\u00e2nd o dron\u0103 echipat\u0103 cu explozibili a fost descoperit\u0103 \u00een zona aeroportului, \u00een apropierea unor aeronave cargo ucrainene. Ancheta german\u0103 a concluzionat c\u0103 Rusia este responsabil\u0103, Berlinul afirm\u00e2nd c\u0103 investiga\u021biile poli\u021biei, informa\u021biile serviciilor \u0219i modul de operare indic\u0103 implicarea unor agen\u021bi ru\u0219i. Moscova a respins acuza\u021biile \u0219i le-a calificat drept nefondate.<\/p>\n<p data-index=\"3\">\u00cenaintea \u00eent\u00e2lnirii, at\u00e2t UE, c\u00e2t \u0219i NATO \u0219i-au exprimat solidaritatea cu Germania. Mark Rutte a declarat c\u0103 dovezile prezentate de Berlin sunt clare \u0219i a sus\u021binut m\u0103surile anun\u021bate de autorit\u0103\u021bile germane, \u00een timp ce von der Leyen a promis un r\u0103spuns european la ceea ce a descris drept intensificarea atacurilor hibride atribuite Rusiei.<\/p>\n<p data-index=\"4\">\u201eEuropa \u015fi NATO nu doar c\u0103 vor men\u0163ine presiunea asupra Rusiei, dar o vor cre\u015fte. \u015ei nu ne vom opri p\u00e2n\u0103 c\u00e2nd Rusia nu va \u00eenceta s\u0103 bombardeze \u015fi s\u0103 omoare copii, b\u0103rba\u0163i \u015fi femei nevinova\u0163i \u00een Ucraina\u201d, <a href=\"https:\/\/www.livetube.tv\/news\/video-live-nato-chief-rutte-and-eu-president-von-der-leyen-hold-a-press-conference\" target=\"_blank\" rel=\"noopener\" data-skip-linkfix=\"1\">a spus von der Leyen<\/a> dup\u0103 o \u00eent\u00e2lnire cu Rutte la sediul Executivului european din Bruxelles.<\/p>\n<p>Potrivit U rsulei von der Leyen, ceea ce s-a \u00eent\u00e2mplat la Leipzig \u201emarcheaz\u0103 o nou\u0103 escaladare pe teritoriul Uniunii Europene ce poate fi atribuit\u0103 \u00een mod direct Rusiei\u201d \u015fi presupune o \u201enou\u0103 normalitate\u201d care cere europenilor \u201es\u0103 fac\u0103 un pas \u00eenainte\u201d.\u00a0<\/p>\n<p data-index=\"5\">\u201eDac\u0103 acest atac ar fi reu\u0219it, ar fi provocat pagube enorme \u0219i, posibil, chiar pierderi de vie\u021bi omene\u0219ti. A\u0219adar, vreau s\u0103 fiu foarte clar cu privire la natura acestui incident. A fost un atac \u00een care s-au folosit materiale de uz militar, desf\u0103\u0219urat de agen\u021bi ru\u0219i pe teritoriul UE. \u0218i nu vom tolera acest lucru. Suntem pe deplin solidari cu Germania. \u0218i dac\u0103 inten\u021bia a fost aceea de a ne face s\u0103 ne g\u00e2ndim de dou\u0103 ori \u00eenainte de a sprijini Ucraina, v\u0103 pot spune c\u0103 acest lucru nu a f\u0103cut dec\u00e2t s\u0103-mi \u00eent\u0103reasc\u0103 hot\u0103r\u00e2rea. Intimidarea nu va da roade. \u0218i de aceea m\u0103 \u00eent\u00e2lnesc ast\u0103zi cu secretarul general al NATO. Suntem uni\u021bi. Europa \u0219i NATO nu se vor limita doar la men\u021binerea presiunii asupra Rusiei. O vom intensifica. \u0218i nu ne vom opri. Nu p\u00e2n\u0103 c\u00e2nd Rusia nu va \u00eenceta s\u0103 bombardeze \u0219i s\u0103 ucid\u0103 copii, b\u0103rba\u021bi \u0219i femei nevinova\u021bi \u00een Ucraina\u201d, a transmis \u0219efa Comisiei Europene.<\/p>\n<p data-index=\"6\">Leipzig marcheaz\u0103 o nou\u0103 escaladare pe teritoriul european, atribuit\u0103 direct Rusiei.<\/p>\n<h2 id=\"highlight-3932157-1\">\u201eUn tipar mai larg de incidente din ce \u00een ce mai periculoase\u201d<\/h2>\n<p data-index=\"7\">\u00cen opinia Ursulei von der Leyen, \u201eaceasta face parte dintr-un tipar mai larg de incidente din ce \u00een ce mai periculoase. Incursiuni repetate \u00een spa\u021biul nostru aerian. Dronele care paralizeaz\u0103 aeroporturile noastre. Interferen\u021be cu infrastructura noastr\u0103 critic\u0103. Europenii se confrunt\u0103 cu un adev\u0103r dur: aceasta este noua normalitate. Trebuie s\u0103 ne intensific\u0103m eforturile. Iar asta \u00eenseamn\u0103 s\u0103 fim preg\u0103ti\u021bi s\u0103 r\u0103spundem mai rapid \u0219i mai eficient la impruden\u021ba Rusiei. Trebuie s\u0103 trat\u0103m infrastructura noastr\u0103 de zi cu zi ca pe ni\u0219te \u021binte de prim\u0103 linie \u0219i s\u0103 o protej\u0103m \u00een consecin\u021b\u0103\u201d.<\/p>\n<p data-index=\"8\">Von der Leyen a promis c\u0103 UE va sprijini orice stat membru pe care Rusia \u00eel vizeaz\u0103.<\/p>\n<p data-index=\"9\">\u201eEuropa dispune deja de echipe de reac\u021bie rapid\u0103 care pot r\u0103spunde la acest tip de atacuri, indiferent dac\u0103 acestea au loc \u00een interiorul sau \u00een afara Uniunii noastre. Puterea noastr\u0103, preg\u0103tirea noastr\u0103, hot\u0103r\u00e2rea noastr\u0103 constituie for\u021ba noastr\u0103 de descurajare.<br \/>Facem acest lucru \u0219i prin utilizarea puterii pie\u021bei noastre unice. Sanc\u021biunile noastre au sl\u0103bit economia Rusiei. Putem recurge la mai multe sanc\u021biuni \u0219i s\u0103 le avem preg\u0103tite pentru a le impune, de \u00eendat\u0103 ce sunt atribuite astfel de acte periculoase, care pun via\u021ba \u00een pericol. Fiecare lacun\u0103 pe care Rusia o exploateaz\u0103 este una pe care trebuie s\u0103 o elimin\u0103m. Ast\u0103zi, \u00een Irlanda, mini\u0219trii europeni ai Afacerilor Externe discut\u0103 noi includeri pe liste. La Comisie, c\u0103ut\u0103m modalit\u0103\u021bi de a reduce \u0219i mai mult fondurile de r\u0103zboi ale Rusiei\u201d, a spus Von der Leyen.<\/p>\n<h2 id=\"highlight-3932157-2\">\u0218efa Comisiei Europene a dat asigur\u0103ri c\u0103 sprijinul pentru Ucraina continu\u0103<\/h2>\n<p data-index=\"10\">\u201eAst\u0103zi pot confirma c\u0103 am primit o nou\u0103 cerere de plat\u0103. Aceasta se ridic\u0103 la c\u00e2teva miliarde de euro \u0219i ar acoperi sistemele de ap\u0103rare aerian\u0103 ale Ucrainei, inclusiv sistemele extrem de avansate de ap\u0103rare aerian\u0103 PAC-3 Patriot. Statele membre analizeaz\u0103 \u00een prezent cererea Ucrainei, dar pot afirma c\u0103 lucrurile evolueaz\u0103 \u00een direc\u021bia corect\u0103. \u00cen acela\u0219i timp, noi, \u00een Europa, colabor\u0103m cu Ucraina la proiectul FREYA. Acesta este un proiect european menit s\u0103 ne construiasc\u0103 propriile sisteme de ap\u0103rare antirachet\u0103 balistice. Toate acestea se adaug\u0103 la \u201e\u00eemprumutul de sprijin de 90 de miliarde de euro\u201d pentru Ucraina, care este deja \u00een derulare. Din iunie, am alocat 8,5 miliarde de euro pentru drone \u0219i rachete destinate Ucrainei. Iar ace\u0219ti bani vor fi folosi\u021bi \u0219i pentru achizi\u021bionarea de avioane de v\u00e2n\u0103toare de la industria european\u0103\u201d, a spus Ursula von der Leyen.<\/p>\n<p data-index=\"11\">Ea a dat asigur\u0103ri c\u0103 toate acestea se fac \u201e\u00eempreun\u0103 cu NATO\u201d.<\/p>\n<p data-index=\"12\">\u201eMark \u0219i cu mine am fost \u00een repetate r\u00e2nduri al\u0103turi unul de cel\u0103lalt pentru a exprima aceast\u0103 solidaritate, \u0219i facem acest lucru \u0219i ast\u0103zi pentru a ar\u0103ta c\u0103 Europa este unit\u0103. Iar Europa trebuie s\u0103-\u0219i intensifice eforturile de ap\u0103rare chiar mai repede. Ap\u0103rarea aerian\u0103 este esen\u021bial\u0103. Avem nevoie de un sistem de alert\u0103 mai rapid \u0219i mai integrat la nivel european. \u0218i apoi trebuie s\u0103 intercept\u0103m amenin\u021b\u0103rile mai repede. De aceea am prezentat un plan de investi\u021bii \u00een ap\u0103rare \u00een valoare de 800 de miliarde de euro. Inclusiv 150 de miliarde de euro prin intermediul SAFE, astfel \u00eenc\u00e2t s\u0103 putem investi mai mult, dar \u00eempreun\u0103 \u0219i, prin urmare, mai inteligent.<br \/>Mark, ultima dat\u0103 c\u00e2nd ne-am \u00eent\u00e2lnit a fost la summitul NATO din Turcia, unde am discutat aceste subiecte. A\u0219a cum ai spus, UE \u0219i NATO se \u00eent\u0103resc reciproc. Iar ast\u0103zi mesajul nostru este foarte clar. Ne afl\u0103m \u00eentr-o nou\u0103 er\u0103 a securit\u0103\u021bii europene. Iar investi\u021biile europene \u00een ap\u0103rare consolideaz\u0103 NATO \u0219i redinamizeaz\u0103 baza noastr\u0103 industrial\u0103. Vom continua; vom \u00eenvinge; \u0219i vom descuraja pe oricine ne atac\u0103 libertatea \u0219i securitatea\u201d, a spus Ursula von der Leyen.<\/p>\n<h2 id=\"highlight-3932157-3\">Rutte sus\u021bine afirma\u021biile lui von der Leyen<\/h2>\n<p data-index=\"13\">De altfel, \u00een declara\u021biile sale pentru pres\u0103, secretarul general NATO, Mark Rutte, a \u021binut s\u0103 sublinieze unitatea \u00een r\u00e2ndul Alian\u021bei \u0219i a insistat asupra necesit\u0103\u021bii unei cooper\u0103ri mai str\u00e2nse \u00eentre UE \u0219i NATO \u0219i asupra acceler\u0103rii investi\u021biilor europene \u00een domeniul ap\u0103r\u0103rii.<\/p>\n<p data-index=\"14\">Rutte a sus\u021binut afirma\u021biile lui von der Leyen, spun\u00e2nd c\u0103 Rusia a devenit \u201edin ce \u00een ce mai nes\u0103buit\u0103\u201d pe m\u0103sur\u0103 ce \u00ee\u0219i continu\u0103 invazia pe scar\u0103 larg\u0103 a Ucrainei, amenin\u021barea extinz\u00e2ndu-se acum \u0219i asupra teritoriului european \u0219i al NATO. \u201ePericolul pe care \u00eel reprezint\u0103 Rusia este evident\u201d, a afirmat el, subliniind cre\u0219terea num\u0103rului de drone \u0219i rachete care traverseaz\u0103 spa\u021biul aerian al alia\u021bilor, precum \u0219i intensificarea activit\u0103\u021bilor ostile \u00eendreptate \u00eempotriva teritoriului NATO.<\/p>\n<p data-index=\"15\">El a ad\u0103ugat c\u0103, dac\u0103 Rusia crede c\u0103 Europa \u0219i NATO ar fi divizate sau descurajate s\u0103 sprijine Ucraina \u00een contextul acestei amenin\u021b\u0103ri recente, se \u00een\u0219al\u0103. \u201eUnitatea noastr\u0103 este de neclintit\u201d, a spus el.<\/p>\n<p data-index=\"16\">Rutte a afirmat c\u0103 NATO \u0219i UE lucreaz\u0103 \u201enon-stop\u201d pentru a-\u0219i proteja popula\u021biile \u00eempotriva amenin\u021b\u0103rilor tot mai mari.<\/p>\n<p data-index=\"17\">El a men\u021bionat, de asemenea, ceea ce a descris drept activit\u0103\u021bi ostile care vizeaz\u0103 direct teritoriul NATO, inclusiv incendii care ar fi fost provocate la fabrici care produc echipamente de ap\u0103rare pentru Ucraina \u0219i un \u201eatac hibrid\u201d rus la Leipzig, \u00een Germania.<\/p>\n<p data-index=\"18\">\u201ePericolele pe care le reprezint\u0103 Rusia sunt clare\u201d, a spus Rutte, resping\u00e2nd sugestiile potrivit c\u0103rora ac\u021biunile Moscovei ar putea diviza alia\u021bii NATO sau ar putea sl\u0103bi sprijinul acestora pentru Ucraina.<\/p>\n<h2 id=\"highlight-3932157-4\">Suspec\u021bii \u00een cazul Leipzig, identifica\u021bi<\/h2>\n<p data-index=\"19\"><span dir=\"auto\">Conform informa\u021biilor de la\u00a0<\/span><span dir=\"auto\">NDR<\/span><span dir=\"auto\">\u00a0,\u00a0<\/span><span dir=\"auto\">WDR<\/span><span dir=\"auto\"> \u0219i S\u00fcddeutsche Zeitung (SZ), anchetatorii din cadrul Oficiului Federal de Poli\u021bie Criminal\u0103 (BKA) au reu\u0219it acum s\u0103 identifice suspec\u021bii \u00een cazul Leipzig. Die Zeit a relatat c\u0103 sunt \u00een curs de desf\u0103\u0219urare anchete \u00eempotriva a dou\u0103 persoane, scrie <a href=\"https:\/\/www.tagesschau.de\/investigativ\/ndr-wdr\/leipzig-drohne-russland-100.html\" target=\"_blank\" rel=\"noopener\" data-skip-linkfix=\"1\">Tagesschau<\/a>.<\/span><\/p>\n<p data-index=\"20\"><span dir=\"auto\">Conform informa\u021biilor ob\u021binute de\u00a0<\/span><span dir=\"auto\">NDR<\/span><span dir=\"auto\">\u00a0,\u00a0<\/span><span dir=\"auto\">WDR<\/span><span dir=\"auto\"> \u0219i SZ, un suspect este un cet\u0103\u021bean belarus al c\u0103rui ADN a fost descoperit. B\u0103rbatul, care de\u021bine, se pare, \u0219i un pa\u0219aport rusesc, ar avea cazier judiciar \u00een statele baltice. Anchetatorii germani au reu\u0219it s\u0103 reconstituie intrarea \u0219i ie\u0219irea sa din Germania. Conform cercet\u0103rilor efectuate de <\/span><span dir=\"auto\">NDR<\/span><span dir=\"auto\">\u00a0,\u00a0<\/span><span dir=\"auto\">WDR<\/span><span dir=\"auto\">\u00a0\u0219i SZ, acesta a intrat \u00een spa\u021biul Schengen cu o viz\u0103 turistic\u0103 italian\u0103. Autorit\u0103\u021bile au stabilit c\u0103 documentul a fost eliberat la o ambasad\u0103 italian\u0103 din Minsk la sf\u00e2r\u0219itul lunii aprilie.<\/span><\/p>\n<p data-index=\"21\"><span dir=\"auto\">Conform cercet\u0103rilor efectuate de\u00a0<\/span><span dir=\"auto\">NDR<\/span><span dir=\"auto\">\u00a0,\u00a0<\/span><span dir=\"auto\">WDR<\/span><span dir=\"auto\"> \u0219i SZ, se crede c\u0103 un al doilea b\u0103rbat a ac\u021bionat drept coordonator logistic \u0219i instructor pentru atac. Se pare c\u0103 a intrat \u00een Germania la sf\u00e2r\u0219itul lunii iulie prin aeroportul BER din Berlin \u0219i apoi a condus spre Saxonia cu o ma\u0219in\u0103 \u00eenchiriat\u0103. Cu dou\u0103 zile \u00eenainte de atacul e\u0219uat cu drona de la Leipzig, se spune c\u0103 ar fi p\u0103r\u0103sit din nou \u021bara cu avionul. Se crede c\u0103 suspectul de\u021bine at\u00e2t pa\u0219apoarte letone, c\u00e2t \u0219i ruse\u0219ti. <\/span><span dir=\"auto\">Biroul ARD din Berlin<\/span><span dir=\"auto\"> a relatat c\u0103 anchetatorii au identificat o persoan\u0103 cu leg\u0103turi cu o agen\u021bie de informa\u021bii rus\u0103.<\/span><\/p>\n<p data-index=\"22\"><span dir=\"auto\">Conform anchetei, anchetatorii sunt sceptici cu privire la posibilitatea de a-i prinde pe suspec\u021bii de sabotaj. \u00cen trecut, de exemplu, dup\u0103 atacul cibernetic din Bundestag din 2015, acest lucru s-a dovedit a fi un e\u0219ec, deoarece suspec\u021bii de sabotaj nu c\u0103l\u0103toriser\u0103 \u00een Europa. Se crede c\u0103 \u0219i coordonatorii din spatele atacurilor de sabotaj din ultimii ani, pe care agen\u021biile de securitate occidentale le atribuie Kremlinului, se afl\u0103 \u00een Rusia.<\/span><\/p>\n<h2 id=\"highlight-3932157-5\"><span dir=\"auto\">Urmele ADN dau rezultate \u00een bazele de date europene<\/span><\/h2>\n<p data-index=\"23\"><span dir=\"auto\">Mai multe urme de ADN<\/span><span dir=\"auto\"> descoperite la locul faptei \u0219i \u00een zona din jurul aeroportului din Leipzig joac\u0103 un rol \u00een ancheta de la Leipzig . Tehnicienii criminali\u0219ti le-au g\u0103sit pe o dron\u0103, \u00een interiorul unei cutii de conserve pline cu explozibili \u0219i pe o anten\u0103 ata\u0219at\u0103 la un copac din apropierea aeroportului. Aceste urme au condus la potriviri \u00een bazele de date europene, inclusiv cele din Lituania \u0219i Finlanda. Serviciile de informa\u021bii au contribuit, de asemenea, la identificarea suspec\u021bilor.<\/span><\/p>\n<p data-index=\"24\"><span dir=\"auto\">Anchetatorii cred acum c\u0103 \u00een atacul e\u0219uat de acum aproximativ o lun\u0103 s-ar fi putut folosi mai multe drone dec\u00e2t se \u0219tia anterior. Se spune c\u0103 dovezile tehnice indic\u0103 acest lucru. P\u00e2n\u0103 \u00een prezent, trei drone au fost recuperate, fie \u00eentregi, fie par\u021bial, scrie Tagesschau.<\/span><\/p>\n<h2 id=\"highlight-3932157-6\">Rusia a negat orice responsabilitate pentru tentativa de atentat<\/h2>\n<p data-index=\"25\">\u00centr-un comunicat al Ambasadei Rusiei la Berlin se afirma c\u0103 totul ar fi o \u201eprovocare pus\u0103 la cale \u00een grab\u0103\u201d. S-a exprimat, totodat\u0103, \u201e\u00eengrijorarea fa\u021b\u0103 de un nou val de isterie antiruseasc\u0103 \u00een Germania\u201d, aminte\u0219te sursa citat\u0103.<\/p>\n<p data-index=\"26\">\u0218i \u00een trecut, Rusia a negat \u00een repetate r\u00e2nduri c\u0103 ar fi \u00een spatele unor infrac\u021biuni. De exemplu, \u00een cazul uciderii unui georgian \u00een Kleiner Tiergarten din Berlin, \u00een august 2019. La acea vreme, un asasin pl\u0103tit rus a fost arestat \u0219i condamnat ulterior la \u00eenchisoare pe via\u021b\u0103.<\/p>\n<p data-index=\"27\">Instan\u021ba a constatat c\u0103 b\u0103rbatul ac\u021bionase la comanda statului, din partea Kremlinului. \u00cen cadrul unui schimb de prizonieri, rusul a fost eliberat \u00een cele din urm\u0103 \u00een 2024 \u0219i a fost primit personal la Moscova de c\u0103tre pre\u0219edintele rus Vladimir Putin, aminte\u0219te Tagesschau.<\/p>\n<p> Editor : <a href=\"https:\/\/www.digi24.ro\/autor\/marina-constantinoiu\"> M.C <\/a><\/p>\n<\/div>\n<p>[analyse_source url=&#8221;https:\/\/www.digi24.ro\/stiri\/externe\/presedinta-comisiei-europene-despre-atacul-rusiei-la-leipzig-vom-sprijini-orice-stat-membru-pe-care-rusia-il-vizeaza-3932157&#8243;]<\/p>\n","protected":false},"excerpt":{"rendered":"<p>[analyse_image type=&#8221;featured&#8221; src=&#8221;https:\/\/s.iw.ro\/gateway\/g\/ZmlsZVNvdXJjZT1odHRwJTNBJTJGJTJG\/c3RvcmFnZTA4dHJhbnNjb2Rlci5yY3Mt\/cmRzLnJvJTJGc3RvcmFnZSUyRjIwMjYl\/MkYwOSUyRjAyJTJGMjkzODY5N18yOTM4\/Njk3X1Vyc3VsYS12b24tZGVyLUxleWVu\/LXNpLU1hcmstUnV0dGUtZHVwYS1pbnRh\/bG5pcmVhLWRlLWxhLUJydXhlbGxlc18t\/Rm90by1Qcm9maW1lZGlhLmpwZyZ3PTEy\/MDAmaD02MzAmemM9MSZoYXNoPTlmMDc5\/NjRkZTkzMTlmMjM2MDUzMGIxNmNhMjU1ZmU4.thumb.jpg&#8221;] Pre\u0219edinta Comisiei Europene, Ursula von der Leyen, \u0219i secretarul general al NATO, Mark Rutte, s-au \u00eent\u00e2lnit miercuri la Bruxelles, pentru a discuta despre atacul hibrid al Rusiei pe teritoriul german, respectiv la aeroportul din Leipzig, din august.\u00a0 NATO \u015fi UE \u015fi-au exprimat mar\u0163i solidaritatea cu Germania, dup\u0103 ce Berlinul a acuzat Moscova [&hellip;]<\/p>\n","protected":false},"author":1,"featured_media":0,"comment_status":"open","ping_status":"","sticky":false,"template":"","format":"standard","meta":{"footnotes":""},"categories":[89],"tags":[11],"class_list":["post-2124447","post","type-post","status-publish","format-standard","hentry","category-romania","tag-digi24"],"_links":{"self":[{"href":"https:\/\/analyse.optim.biz\/index.php?rest_route=\/wp\/v2\/posts\/2124447","targetHints":{"allow":["GET"]}}],"collection":[{"href":"https:\/\/analyse.optim.biz\/index.php?rest_route=\/wp\/v2\/posts"}],"about":[{"href":"https:\/\/analyse.optim.biz\/index.php?rest_route=\/wp\/v2\/types\/post"}],"author":[{"embeddable":true,"href":"https:\/\/analyse.optim.biz\/index.php?rest_route=\/wp\/v2\/users\/1"}],"replies":[{"embeddable":true,"href":"https:\/\/analyse.optim.biz\/index.php?rest_route=%2Fwp%2Fv2%2Fcomments&post=2124447"}],"version-history":[{"count":0,"href":"https:\/\/analyse.optim.biz\/index.php?rest_route=\/wp\/v2\/posts\/2124447\/revisions"}],"wp:attachment":[{"href":"https:\/\/analyse.optim.biz\/index.php?rest_route=%2Fwp%2Fv2%2Fmedia&parent=2124447"}],"wp:term":[{"taxonomy":"category","embeddable":true,"href":"https:\/\/analyse.optim.biz\/index.php?rest_route=%2Fwp%2Fv2%2Fcategories&post=2124447"},{"taxonomy":"post_tag","embeddable":true,"href":"https:\/\/analyse.optim.biz\/index.php?rest_route=%2Fwp%2Fv2%2Ftags&post=2124447"}],"curies":[{"name":"wp","href":"https:\/\/api.w.org\/{rel}","templated":true}]}}