{"id":2124444,"date":"2026-09-02T11:34:59","date_gmt":"2026-09-02T08:34:59","guid":{"rendered":"https:\/\/analyse.optim.biz\/?p=2124444"},"modified":"2026-09-02T11:34:59","modified_gmt":"2026-09-02T08:34:59","slug":"sorin-grindeanu-atac-la-pnl-si-usr-dupa-boicotul-din-parlament-isi-plang-functiile-in-timp-ce-romanii","status":"publish","type":"post","link":"https:\/\/analyse.optim.biz\/?p=2124444","title":{"rendered":"Sorin Grindeanu, atac la PNL \u0219i USR dup\u0103 boicotul din Parlament: \u201e\u00ce\u0219i pl\u00e2ng func\u021biile, \u00een timp ce rom\u00e2nii&#8230;"},"content":{"rendered":"<p>[analyse_image type=&#8221;featured&#8221; src=&#8221;https:\/\/s.iw.ro\/gateway\/g\/ZmlsZVNvdXJjZT1odHRwJTNBJTJGJTJG\/c3RvcmFnZTA4dHJhbnNjb2Rlci5yY3Mt\/cmRzLnJvJTJGc3RvcmFnZSUyRjIwMjYl\/MkYwNSUyRjE4JTJGMjczNTU4NF8yNzM1\/NTg0X0lEMjgxMjc4LUlOUVVBTS1QSE9U\/T1MtT0NUQVYtR0FORUEuanBnJnc9MTIw\/MCZoPTYzMCZ6Yz0xJmhhc2g9MTBmYjll\/ZDhjOTA2MWU5ZDgxYzAyNDgyMzE2ZTg3Nzg=.thumb.jpg&#8221;]<\/p>\n<div class=\"entry data-app-meta data-app-meta-article\" data-embed-base-url-canonical=\"https:\/\/www.digi24.ro\/embed\/stiri\/actualitate\/politica\/sorin-grindeanu-atac-la-pnl-si-usr-dupa-boicotul-din-parlament-isi-plang-functiile-in-timp-ce-romanii-asteapta-un-guvern-3932119\">\n<p data-index=\"1\"><strong>Pre\u0219edintele Camerei Deputa\u021bilor Sorin Grindeanu \u00eei critic\u0103 pe liberali \u0219i pe reprezentan\u021bii USR pentru <a href=\"https:\/\/www.digi24.ro\/stiri\/actualitate\/politica\/pnl-si-usr-boicoteaza-miercuri-activitatea-din-camera-deputatilor-nu-vom-gira-aceasta-mizerie-acest-abuz-3931649\" data-skip-linkfix=\"1\">boicotul activit\u0103\u021bii parlamentare<\/a> \u0219i sus\u021bine c\u0103 cele dou\u0103 partide sunt preocupate de func\u021bii \u0219i putere, \u00een timp ce Rom\u00e2nia a\u0219teapt\u0103 un nou Guvern. Liderul PSD afirm\u0103 c\u0103 social-democra\u021bii nu au blocat activitatea Legislativului dup\u0103 ce a pierdut o func\u021bie \u00een conducerea Senatului.<\/strong><\/p>\n<p data-index=\"2\">\u201eRom\u00e2nia nu are un Guvern. PNL \u0219i USR au \u00eens\u0103 alte urgen\u021be: func\u021biile, banii \u0219i puterea\u201d, a scris Sorin Grindeanu, miercuri, pe Facebook.<\/p>\n<p data-index=\"3\">Liderul PSD sus\u021bine c\u0103 PNL \u0219i USR au reac\u021bionat prin boicot dup\u0103 ce au pierdut c\u00e2te o func\u021bie \u00een conducerea Camerei Deputa\u021bilor.<\/p>\n<p class=\"gdpr-placeholder gdpr-social-media gdpr-iframe-fix\" data-index=\"5\"> Setarile tale privind cookie-urile nu permit afisarea continutul din aceasta sectiune. Poti actualiza setarile modulelor coookie direct din browser sau de <a class=\"ot-sdk-show-settings\" data-skip-linkfix=\"1\">aici<\/a> \u2013 e nevoie sa accepti cookie-urile social media<\/p>\n<p data-index=\"6\">\u201eAu pierdut c\u00e2te un post \u00een conducerea Camerei Deputa\u021bilor \u0219i au declan\u0219at circul: boicot, acuza\u021bii, alian\u021be inventate peste noapte \u0219i, brusc, democra\u021bia este pus\u0103 \u00een pericol. Totul pentru dou\u0103 func\u021bii\u201d, a afirmat Grindeanu.<\/p>\n<p data-index=\"7\">El compar\u0103 reac\u021bia celor dou\u0103 partide cu cea a PSD, care, potrivit acestuia, a pierdut o func\u021bie \u00een conducerea Senatului f\u0103r\u0103 s\u0103 blocheze activitatea Parlamentului.<\/p>\n<p data-index=\"8\">\u201ePSD a pierdut, la r\u00e2ndul s\u0103u, o func\u021bie \u00een conducerea Senatului. Nu a blocat Parlamentul \u0219i nu a inventat o criz\u0103 politic\u0103 pentru un post \u00een minus\u201d, a transmis liderul social-democrat.<\/p>\n<p data-index=\"9\"><strong>Cite\u0219te \u0219i: <a href=\"https:\/\/www.digi24.ro\/stiri\/actualitate\/politica\/csoma-botond-in-scandalul-functiilor-de-la-camera-deputatilor-psd-a-format-o-noua-majoritate-si-noi-am-aflat-in-plen-de-acest-acord-3932093\" data-skip-linkfix=\"1\">Csoma Botond, \u00een scandalul func\u021biilor de la Camera Deputa\u021bilor: \u201ePSD a format o nou\u0103 majoritate \u015fi noi am aflat \u00een plen de acest acord\u201d<\/a><\/strong><\/p>\n<h2 id=\"highlight-3932119-1\">\u201eRegulile sunt bune c\u00e2t timp le convin\u201d<\/h2>\n<p data-index=\"10\">Grindeanu \u00eei acuz\u0103 pe liberali \u0219i pe reprezentan\u021bii USR de \u201edublu standard\u201d \u0219i sus\u021bine c\u0103 ace\u0219tia contest\u0103 regulile atunci c\u00e2nd rezultatul nu le este favorabil.<\/p>\n<p data-index=\"11\">\u201eDar, PNL \u0219i USR ne-au obi\u0219nuit deja cu minciuna ridicat\u0103 la rang de argument, dublul standard transformat \u00een principiu \u0219i lipsa de responsabilitate prezentat\u0103 drept reform\u0103. Regulile sunt bune c\u00e2t timp le convin. C\u00e2nd rezultatul nu le mai convine este \u00een pericol chiar democra\u021bia!\u201d, a scris acesta.<\/p>\n<p data-index=\"12\">Liderul PSD a criticat \u0219i alian\u021bele politice invocate de PNL \u0219i USR \u0219i a f\u0103cut referire la situa\u021bia Guvernului condus de Ilie Bolojan.<\/p>\n<p data-index=\"13\">\u201eDac\u0103 tot vorbesc despre alian\u021be, despre care alian\u021b\u0103 vorbesc? Despre cea cu partidul din mila c\u0103ruia domnul Bolojan \u00ee\u0219i prelunge\u0219te abuziv \u0219ederea \u00een scaunul de premier, dup\u0103 ce Guvernul s\u0103u a fost demis de Parlament?\u201d, a afirmat Grindeanu.<\/p>\n<p data-index=\"14\">\u00cen finalul mesajului, Sorin Grindeanu sus\u021bine c\u0103 PSD este preocupat de formarea unei majorit\u0103\u021bi parlamentare care s\u0103 permit\u0103 instalarea unui nou Guvern.<\/p>\n<p data-index=\"15\">\u201ePNL \u0219i USR \u00ee\u0219i pl\u00e2ng func\u021biile, \u00een timp ce rom\u00e2nii a\u0219teapt\u0103 un Guvern. PSD \u00ee\u0219i dore\u0219te s\u0103 formeze o majoritate parlamentar\u0103 pentru a da Rom\u00e2niei un Guvern\u201d, a transmis liderul PSD.<\/p>\n<p data-index=\"16\">\u201eFiecare lupt\u0103 pentru ce \u00eel preocup\u0103!\u201d, a \u00eencheiat Sorin Grindeanu.<\/p>\n<p> Editor : <a href=\"https:\/\/www.digi24.ro\/autor\/ana-petrescu\"> Ana Petrescu <\/a><\/p>\n<\/div>\n<p>[analyse_source url=&#8221;https:\/\/www.digi24.ro\/stiri\/actualitate\/politica\/sorin-grindeanu-atac-la-pnl-si-usr-dupa-boicotul-din-parlament-isi-plang-functiile-in-timp-ce-romanii-asteapta-un-guvern-3932119&#8243;]<\/p>\n","protected":false},"excerpt":{"rendered":"<p>[analyse_image type=&#8221;featured&#8221; src=&#8221;https:\/\/s.iw.ro\/gateway\/g\/ZmlsZVNvdXJjZT1odHRwJTNBJTJGJTJG\/c3RvcmFnZTA4dHJhbnNjb2Rlci5yY3Mt\/cmRzLnJvJTJGc3RvcmFnZSUyRjIwMjYl\/MkYwNSUyRjE4JTJGMjczNTU4NF8yNzM1\/NTg0X0lEMjgxMjc4LUlOUVVBTS1QSE9U\/T1MtT0NUQVYtR0FORUEuanBnJnc9MTIw\/MCZoPTYzMCZ6Yz0xJmhhc2g9MTBmYjll\/ZDhjOTA2MWU5ZDgxYzAyNDgyMzE2ZTg3Nzg=.thumb.jpg&#8221;] Pre\u0219edintele Camerei Deputa\u021bilor Sorin Grindeanu \u00eei critic\u0103 pe liberali \u0219i pe reprezentan\u021bii USR pentru boicotul activit\u0103\u021bii parlamentare \u0219i sus\u021bine c\u0103 cele dou\u0103 partide sunt preocupate de func\u021bii \u0219i putere, \u00een timp ce Rom\u00e2nia a\u0219teapt\u0103 un nou Guvern. Liderul PSD afirm\u0103 c\u0103 social-democra\u021bii nu au blocat activitatea Legislativului dup\u0103 ce a pierdut o [&hellip;]<\/p>\n","protected":false},"author":1,"featured_media":0,"comment_status":"open","ping_status":"","sticky":false,"template":"","format":"standard","meta":{"footnotes":""},"categories":[89],"tags":[226,11],"class_list":["post-2124444","post","type-post","status-publish","format-standard","hentry","category-romania","tag-crawlmanager","tag-digi24"],"_links":{"self":[{"href":"https:\/\/analyse.optim.biz\/index.php?rest_route=\/wp\/v2\/posts\/2124444","targetHints":{"allow":["GET"]}}],"collection":[{"href":"https:\/\/analyse.optim.biz\/index.php?rest_route=\/wp\/v2\/posts"}],"about":[{"href":"https:\/\/analyse.optim.biz\/index.php?rest_route=\/wp\/v2\/types\/post"}],"author":[{"embeddable":true,"href":"https:\/\/analyse.optim.biz\/index.php?rest_route=\/wp\/v2\/users\/1"}],"replies":[{"embeddable":true,"href":"https:\/\/analyse.optim.biz\/index.php?rest_route=%2Fwp%2Fv2%2Fcomments&post=2124444"}],"version-history":[{"count":0,"href":"https:\/\/analyse.optim.biz\/index.php?rest_route=\/wp\/v2\/posts\/2124444\/revisions"}],"wp:attachment":[{"href":"https:\/\/analyse.optim.biz\/index.php?rest_route=%2Fwp%2Fv2%2Fmedia&parent=2124444"}],"wp:term":[{"taxonomy":"category","embeddable":true,"href":"https:\/\/analyse.optim.biz\/index.php?rest_route=%2Fwp%2Fv2%2Fcategories&post=2124444"},{"taxonomy":"post_tag","embeddable":true,"href":"https:\/\/analyse.optim.biz\/index.php?rest_route=%2Fwp%2Fv2%2Ftags&post=2124444"}],"curies":[{"name":"wp","href":"https:\/\/api.w.org\/{rel}","templated":true}]}}