{"id":2124439,"date":"2026-09-02T11:34:56","date_gmt":"2026-09-02T08:34:56","guid":{"rendered":"https:\/\/analyse.optim.biz\/?p=2124439"},"modified":"2026-09-02T11:34:56","modified_gmt":"2026-09-02T08:34:56","slug":"george-simion-declara-ca-nu-va-vota-niciun-guvern-daca-aur-nu-face-parte-din-el-trebuie-sa-ne-intoarcem","status":"publish","type":"post","link":"https:\/\/analyse.optim.biz\/?p=2124439","title":{"rendered":"George Simion declar\u0103 c\u0103 nu va vota niciun Guvern, dac\u0103 AUR nu face parte din el: \u201eTrebuie s\u0103 ne \u00eentoarcem&#8230;"},"content":{"rendered":"<p>[analyse_image type=&#8221;featured&#8221; src=&#8221;https:\/\/s.iw.ro\/gateway\/g\/ZmlsZVNvdXJjZT1odHRwJTNBJTJGJTJG\/c3RvcmFnZTA4dHJhbnNjb2Rlci5yY3Mt\/cmRzLnJvJTJGc3RvcmFnZSUyRjIwMjYl\/MkYwNCUyRjI0JTJGMjY5NzY5Ml8yNjk3\/NjkyX2dlb3JnZS1zaW1pb24taW5xdWFt\/LmpwZyZ3PTEyMDAmaD02MzAmemM9MSZo\/YXNoPTgwNjYyOGZjYTJiMzk1MTc1YmQ5M2IyMmQ0YTI3ZGE4.thumb.jpg&#8221;]<\/p>\n<div class=\"entry data-app-meta data-app-meta-article\" data-embed-base-url-canonical=\"https:\/\/www.digi24.ro\/embed\/stiri\/actualitate\/politica\/george-simion-declara-ca-nu-va-vota-niciun-guvern-daca-aur-nu-face-parte-din-el-trebuie-sa-ne-intoarcem-cat-mai-repede-la-urne-3932083\">\n<p data-index=\"1\"><strong>George Simion, liderul Alian\u021bei pentru Unirea Rom\u00e2nilor (AUR), a transmis \u00eenc\u0103 o dat\u0103 \u00eentr-o conferin\u021b\u0103 de pres\u0103 sus\u021binut\u0103 la Parlament c\u0103 partidul pe care \u00eel conduce cere organizarea alegerilor anticipate. Simion a subliniat c\u0103 \u201enu va fi instalat niciun Guvern cu voturile AUR, f\u0103r\u0103 ca AUR s\u0103 participe la aceast\u0103 guvernare\u201d.<\/strong><\/p>\n<p data-index=\"2\">\u201eNu va fi instalat niciun Guvern cu voturile AUR, f\u0103r\u0103 ca AUR s\u0103 participe la aceast\u0103 guvernare (&#8230;) Decizia AUR este clar\u0103 \u0219i comunic\u0103m direct cu rom\u00e2nii, spun\u00e2ndu-le adev\u0103rul: Avem nevoie de o majoritate parlamentar\u0103 stabil\u0103 \u0219i un guvern pe urm\u0103torii patru ani.<\/p>\n<p data-index=\"3\">Orice Guvern este instalat acum nu va face dec\u00e2t s\u0103 ad\u00e2nceasc\u0103 criza \u0219i nu va face via\u021ba rom\u00e2nilor mai bun\u0103\u201d, a declarat George Simion, \u00eentr-o conferin\u021b\u0103 de pres\u0103 sus\u021binut\u0103 la Parlament.<\/p>\n<p data-index=\"4\">George Simion l-a atacat din nou pe Nicu\u0219or Dan pentru ultimele dou\u0103 nominaliz\u0103ri pe care pre\u0219edintele le-a f\u0103cut pentru func\u021bia de prim-ministru, adic\u0103 Eugen Tomac \u0219i Adrian Ve\u0219tea.<\/p>\n<p data-index=\"5\">\u201eNiciun partid nu s-a dus acolo pronun\u021b\u00e2nd numele Eugen Tomac, Alexandru Nazare, Adrian Ve\u0219tea (&#8230;) \u00a0Nu este nicio diferen\u021b\u0103 \u00eentre Guvernul demis de noi, Guvernul Bolojan, \u0219i surogate de Guvern. Nicu\u0219or Dan \u00eencalc\u0103 Constitu\u021bia Rom\u00e2niei.<\/p>\n<p data-index=\"6\">El trebuia s\u0103 nu exclud\u0103 niciun partid politic. Nicu\u0219or Dan \u00een continuare exclude AUR \u0219i jigne\u0219te un num\u0103r important din cet\u0103\u021benii Rom\u00e2niei\u201d, a ad\u0103ugat Simion.<\/p>\n<p data-index=\"7\">\u00cen acela\u0219i timp, liderul AUR l-a criticat \u0219i pe Ilie Bolojan pentru c\u0103 nu a renun\u021bat \u00eenc\u0103 la func\u021bia de prim-ministru, de\u0219i a fost demis \u00een urma mo\u021biunii de cenzur\u0103.<\/p>\n<p data-index=\"8\">\u201eDe\u0219i am obosit, trebuie s\u0103 ne \u00eentoarcem c\u00e2t mai repede la urne, solu\u021bia este democra\u021bia, nu totalitarismul, nu afundarea \u00een lovitura de stat\u201d, a fost concluzia lui Simion.\u00a0<\/p>\n<p> Editor : <a href=\"https:\/\/www.digi24.ro\/autor\/alexander-garvey\"> M.G. <\/a><\/p>\n<\/div>\n<p>[analyse_source url=&#8221;https:\/\/www.digi24.ro\/stiri\/actualitate\/politica\/george-simion-declara-ca-nu-va-vota-niciun-guvern-daca-aur-nu-face-parte-din-el-trebuie-sa-ne-intoarcem-cat-mai-repede-la-urne-3932083&#8243;]<\/p>\n","protected":false},"excerpt":{"rendered":"<p>[analyse_image type=&#8221;featured&#8221; src=&#8221;https:\/\/s.iw.ro\/gateway\/g\/ZmlsZVNvdXJjZT1odHRwJTNBJTJGJTJG\/c3RvcmFnZTA4dHJhbnNjb2Rlci5yY3Mt\/cmRzLnJvJTJGc3RvcmFnZSUyRjIwMjYl\/MkYwNCUyRjI0JTJGMjY5NzY5Ml8yNjk3\/NjkyX2dlb3JnZS1zaW1pb24taW5xdWFt\/LmpwZyZ3PTEyMDAmaD02MzAmemM9MSZo\/YXNoPTgwNjYyOGZjYTJiMzk1MTc1YmQ5M2IyMmQ0YTI3ZGE4.thumb.jpg&#8221;] George Simion, liderul Alian\u021bei pentru Unirea Rom\u00e2nilor (AUR), a transmis \u00eenc\u0103 o dat\u0103 \u00eentr-o conferin\u021b\u0103 de pres\u0103 sus\u021binut\u0103 la Parlament c\u0103 partidul pe care \u00eel conduce cere organizarea alegerilor anticipate. Simion a subliniat c\u0103 \u201enu va fi instalat niciun Guvern cu voturile AUR, f\u0103r\u0103 ca AUR s\u0103 participe la aceast\u0103 guvernare\u201d. \u201eNu [&hellip;]<\/p>\n","protected":false},"author":1,"featured_media":0,"comment_status":"open","ping_status":"","sticky":false,"template":"","format":"standard","meta":{"footnotes":""},"categories":[89],"tags":[],"class_list":["post-2124439","post","type-post","status-publish","format-standard","hentry","category-romania"],"_links":{"self":[{"href":"https:\/\/analyse.optim.biz\/index.php?rest_route=\/wp\/v2\/posts\/2124439","targetHints":{"allow":["GET"]}}],"collection":[{"href":"https:\/\/analyse.optim.biz\/index.php?rest_route=\/wp\/v2\/posts"}],"about":[{"href":"https:\/\/analyse.optim.biz\/index.php?rest_route=\/wp\/v2\/types\/post"}],"author":[{"embeddable":true,"href":"https:\/\/analyse.optim.biz\/index.php?rest_route=\/wp\/v2\/users\/1"}],"replies":[{"embeddable":true,"href":"https:\/\/analyse.optim.biz\/index.php?rest_route=%2Fwp%2Fv2%2Fcomments&post=2124439"}],"version-history":[{"count":0,"href":"https:\/\/analyse.optim.biz\/index.php?rest_route=\/wp\/v2\/posts\/2124439\/revisions"}],"wp:attachment":[{"href":"https:\/\/analyse.optim.biz\/index.php?rest_route=%2Fwp%2Fv2%2Fmedia&parent=2124439"}],"wp:term":[{"taxonomy":"category","embeddable":true,"href":"https:\/\/analyse.optim.biz\/index.php?rest_route=%2Fwp%2Fv2%2Fcategories&post=2124439"},{"taxonomy":"post_tag","embeddable":true,"href":"https:\/\/analyse.optim.biz\/index.php?rest_route=%2Fwp%2Fv2%2Ftags&post=2124439"}],"curies":[{"name":"wp","href":"https:\/\/api.w.org\/{rel}","templated":true}]}}