{"id":2124397,"date":"2026-09-02T06:30:31","date_gmt":"2026-09-02T03:30:31","guid":{"rendered":"https:\/\/analyse.optim.biz\/?p=2124397"},"modified":"2026-09-02T06:30:31","modified_gmt":"2026-09-02T03:30:31","slug":"george-mihaita-omagiat-la-buzau-international-arts-festival","status":"publish","type":"post","link":"https:\/\/analyse.optim.biz\/?p=2124397","title":{"rendered":"George Mih\u0103i\u021b\u0103, omagiat la Buz\u0103u International Arts Festival"},"content":{"rendered":"<p>[analyse_image type=&#8221;featured&#8221; src=&#8221;https:\/\/opiniabuzau.ro\/wp-content\/uploads\/2026\/09\/GEORGE-MIHAITA.webp&#8221;]<\/p>\n<div class=\"entry-content entry clearfix\">\n<blockquote>\n<p class=\"isSelectedEnd\"><strong>Actorul George Mih\u0103i\u021b\u0103 este invitatul edi\u021biei din acest an a seriei \u201eBIAF Talks\u201d, eveniment programat miercuri, 2 septembrie, la Sala de Teatru \u201eGeorge Ciprian\u201d din Buz\u0103u. \u00cent\u00e2lnirea \u00eei este dedicat\u0103 actorului \u0219i parcursului s\u0103u \u00een teatru \u0219i cinematografie, iar programul include o discu\u021bie cu publicul, lansarea unei c\u0103r\u021bi despre via\u021ba sa \u0219i proiec\u021bia filmului \u201eReconstituirea\u201d, regizat de Lucian Pintilie.<\/strong><\/p>\n<\/blockquote>\n<p class=\"isSelectedEnd\">Seara \u00eencepe la ora 18.00, c\u00e2nd George Mih\u0103i\u021b\u0103 va intra \u00een dialog cu publicul \u00eentr-o \u00eent\u00e2lnire moderat\u0103 de Irina Margareta Nistor. Discu\u021bia este legat\u0103 de apari\u021bia volumului \u201eMIH\u0102I\u021a\u0102 \u2013 Reconstituirea unei vie\u021bi\u201d, o carte care propune o privire asupra traseului profesional \u0219i personal al actorului \u0219i asupra unor momente care i-au definit cariera.<\/p>\n<p class=\"isSelectedEnd\">\u00cent\u00e2lnirea va avea \u0219i o component\u0103 de recunoa\u0219tere institu\u021bional\u0103. \u00cen cadrul evenimentului, George Mih\u0103i\u021b\u0103 va primi \u201eTrofeul de Excelen\u021b\u0103 BIAF 2026\u201d, distinc\u021bie acordat\u0103 \u00een cadrul festivalului pentru contribu\u021bia sa la cultura teatral\u0103 \u0219i cinematografic\u0103 rom\u00e2neasc\u0103.<\/p>\n<p class=\"isSelectedEnd\">De la dialogul despre biografie \u0219i carier\u0103, programul se mut\u0103 spre filmul care a avut un rol esen\u021bial \u00een consacrarea actorului. La ora 19.30 este programat\u0103 o proiec\u021bie special\u0103 a filmului \u201eReconstituirea\u201d, realizat de Lucian Pintilie, cu participarea actri\u021bei Ileana Popovici.<\/p>\n<p class=\"isSelectedEnd\">Lansat \u00een 1968, \u201eReconstituirea\u201d ocup\u0103 un loc important \u00een cinematografia rom\u00e2n\u0103, iar prezen\u021ba lui George Mih\u0103i\u021b\u0103 \u00een distribu\u021bie leag\u0103 direct proiec\u021bia de tema serii: felul \u00een care un rol, un film \u0219i un moment din istoria cinematografiei pot continua s\u0103 fie discutate \u0219i reinterpretate dup\u0103 decenii.<\/p>\n<div class=\"stream-item stream-item-in-post stream-item-inline-post aligncenter\"><a href=\"https:\/\/vreaulanova.ro\/?utm_source=opiniabuzau&amp;utm_medium=image\" title target=\"_blank\"><img loading=\"lazy\" decoding=\"async\" data-od-unknown-tag data-od-xpath=\"\/HTML\/BODY\/DIV[@class=&apos;background-overlay&apos;]\/*[1][self::DIV]\/*[1][self::DIV]\/*[4][self::DIV]\/*[1][self::DIV]\/*[1][self::DIV]\/*[2][self::ARTICLE]\/*[3][self::DIV]\/*[7][self::DIV]\/*[1][self::A]\/*[1][self::IMG]\" src=\"https:\/\/opiniabuzau.ro\/wp-content\/smush-webp\/2022\/02\/MicrosoftTeams-image-4-1.jpg.webp\" alt width=\"728\" height=\"91\" class=\"perfmatters-lazy\"><img loading=\"lazy\" decoding=\"async\" data-od-unknown-tag data-od-xpath=\"\/HTML\/BODY\/DIV[@class=&apos;background-overlay&apos;]\/*[1][self::DIV]\/*[1][self::DIV]\/*[4][self::DIV]\/*[1][self::DIV]\/*[1][self::DIV]\/*[2][self::ARTICLE]\/*[3][self::DIV]\/*[7][self::DIV]\/*[1][self::A]\/*[1][self::IMG]\" src=\"https:\/\/opiniabuzau.ro\/wp-content\/smush-webp\/2022\/02\/MicrosoftTeams-image-4-1.jpg.webp\" alt width=\"728\" height=\"91\"><\/a><\/div>\n<p class=\"isSelectedEnd\">Prin succesiunea celor trei momente \u2014 \u00eent\u00e2lnirea cu publicul, lansarea volumului \u0219i proiec\u021bia filmului \u2014 \u201eBIAF Talks\u201d construie\u0219te o sear\u0103 centrat\u0103 pe actorul George Mih\u0103i\u021b\u0103 \u0219i pe memoria profesiei sale. Publicul este invitat s\u0103 urm\u0103reasc\u0103 parcursul acestuia at\u00e2t prin m\u0103rturii \u0219i dialog, c\u00e2t \u0219i printr-o oper\u0103 cinematografic\u0103 r\u0103mas\u0103 asociat\u0103 unei perioade importante din filmul rom\u00e2nesc.<\/p>\n<p class=\"isSelectedEnd\">Accesul la programul \u201eBIAF Talks\u201d ofer\u0103 publicului ocazia de a-l \u00eent\u00e2lni pe George Mih\u0103i\u021b\u0103 \u00eentr-un context \u00een care conversa\u021bia despre cariera sa este completat\u0103 de apari\u021bia unei c\u0103r\u021bi \u0219i de revenirea pe ecran a unuia dintre filmele reprezentative ale parcursului s\u0103u.<\/p>\n<p>\u201eBIAF Talks\u201d face parte din programul Buz\u0103u International Arts Festival, serie de \u00eent\u00e2lniri ajuns\u0103 la cea de-a \u0219asea edi\u021bie, dedicat\u0103 dialogului dintre arti\u0219ti \u0219i public.<\/p>\n<\/div>\n<p>[analyse_source url=&#8221;https:\/\/opiniabuzau.ro\/george-mihaita-omagiat-la-buzau-international-arts-festival\/&#8221;]<\/p>\n","protected":false},"excerpt":{"rendered":"<p>[analyse_image type=&#8221;featured&#8221; src=&#8221;https:\/\/opiniabuzau.ro\/wp-content\/uploads\/2026\/09\/GEORGE-MIHAITA.webp&#8221;] Actorul George Mih\u0103i\u021b\u0103 este invitatul edi\u021biei din acest an a seriei \u201eBIAF Talks\u201d, eveniment programat miercuri, 2 septembrie, la Sala de Teatru \u201eGeorge Ciprian\u201d din Buz\u0103u. \u00cent\u00e2lnirea \u00eei este dedicat\u0103 actorului \u0219i parcursului s\u0103u \u00een teatru \u0219i cinematografie, iar programul include o discu\u021bie cu publicul, lansarea unei c\u0103r\u021bi despre via\u021ba sa \u0219i [&hellip;]<\/p>\n","protected":false},"author":1,"featured_media":0,"comment_status":"open","ping_status":"","sticky":false,"template":"","format":"standard","meta":{"footnotes":""},"categories":[2],"tags":[],"class_list":["post-2124397","post","type-post","status-publish","format-standard","hentry","category-politics"],"_links":{"self":[{"href":"https:\/\/analyse.optim.biz\/index.php?rest_route=\/wp\/v2\/posts\/2124397","targetHints":{"allow":["GET"]}}],"collection":[{"href":"https:\/\/analyse.optim.biz\/index.php?rest_route=\/wp\/v2\/posts"}],"about":[{"href":"https:\/\/analyse.optim.biz\/index.php?rest_route=\/wp\/v2\/types\/post"}],"author":[{"embeddable":true,"href":"https:\/\/analyse.optim.biz\/index.php?rest_route=\/wp\/v2\/users\/1"}],"replies":[{"embeddable":true,"href":"https:\/\/analyse.optim.biz\/index.php?rest_route=%2Fwp%2Fv2%2Fcomments&post=2124397"}],"version-history":[{"count":0,"href":"https:\/\/analyse.optim.biz\/index.php?rest_route=\/wp\/v2\/posts\/2124397\/revisions"}],"wp:attachment":[{"href":"https:\/\/analyse.optim.biz\/index.php?rest_route=%2Fwp%2Fv2%2Fmedia&parent=2124397"}],"wp:term":[{"taxonomy":"category","embeddable":true,"href":"https:\/\/analyse.optim.biz\/index.php?rest_route=%2Fwp%2Fv2%2Fcategories&post=2124397"},{"taxonomy":"post_tag","embeddable":true,"href":"https:\/\/analyse.optim.biz\/index.php?rest_route=%2Fwp%2Fv2%2Ftags&post=2124397"}],"curies":[{"name":"wp","href":"https:\/\/api.w.org\/{rel}","templated":true}]}}