{"id":2124385,"date":"2026-09-02T13:51:29","date_gmt":"2026-09-02T10:51:29","guid":{"rendered":"https:\/\/analyse.optim.biz\/?p=2124385"},"modified":"2026-09-02T13:51:29","modified_gmt":"2026-09-02T10:51:29","slug":"un-oradean-retinut-dupa-ce-a-fost-filmat-masturbandu-se-la-fereastra-apartamentului-politistii-au-deschis","status":"publish","type":"post","link":"https:\/\/analyse.optim.biz\/?p=2124385","title":{"rendered":"Un or\u0103dean, re\u021binut dup\u0103 ce a fost filmat masturb\u00e2ndu-se la fereastra apartamentului. Poli\u021bi\u0219tii au deschis&#8230;"},"content":{"rendered":"<p>[analyse_image type=&#8221;featured&#8221; src=&#8221;https:\/\/cdn.adh.reperio.news\/image-e\/ede16903-ae73-4b84-9858-d73988e17aef\/index.gif?p=f%3Djpeg%26w%3D1200%26h%3D630%26r%3Dcover&#8221;]<\/p>\n<article class=\"svelte-x63bga\">\n<nav>\n<ul class=\"breadcrump svelte-1pk9a69\">\n<li class=\"svelte-1pk9a69\"><a href=\"https:\/\/adevarul.ro\/\" title=\"Adev\u0103rul\" class=\"svelte-1pk9a69\">Home<\/a><\/li>\n<li class=\"svelte-1pk9a69\"><a href=\"https:\/\/adevarul.ro\/stiri-locale\" class=\"svelte-1pk9a69\">\u0218tiri locale<\/a><\/li>\n<li class=\"svelte-1pk9a69\"><a href=\"https:\/\/adevarul.ro\/stiri-locale\/oradea\" class=\"svelte-1pk9a69\">Oradea<\/a><\/li>\n<li class=\"svelte-1pk9a69\"><a href=\"https:\/\/adevarul.ro\/stiri-locale\/oradea\/un-oradean-retinut-dupa-ce-a-fost-filmat-2553676.html\" class=\"svelte-1pk9a69\">Un or\u0103dean, re\u021binut dup\u0103 ce a fost filmat masturb\u00e2ndu-se la fereastra apartamentului. Poli\u021bi\u0219tii au deschis anchet\u0103<\/a><\/li>\n<\/ul>\n<\/nav>\n<p><main class=\"svelte-x63bga\"><\/p>\n<p>Un b\u0103rbat de 47 de ani din Oradea a fost re\u021binut pentru 24 de ore \u0219i s-a ales cu dosar penal, dup\u0103 ce ar fi fost surprins de mai multe persoane \u00een timp ce se masturba la fereastra apartamentului s\u0103u.<\/p>\n<div class=\"_hydratable\" data-props=\"%7B%22type%22%3A%22video%22%2C%22data%22%3A%7B%22player_options%22%3A%7B%7D%2C%22video%22%3A%7B%22animated%22%3A0%2C%22created_at%22%3A%222026-09-02T12%3A58%3A00.000Z%22%2C%22created_by%22%3A267%2C%22entity_type%22%3A%22media%22%2C%22extension%22%3A%22mp4%22%2C%22id%22%3A%22abe23a82-6e1e-4faa-b791-11a0cf87ca0e%22%2C%22origin_duration%22%3A19120%2C%22origin_hash%22%3A%2276895771af30f43de8da8fc88030d1d682eb2f6e%22%2C%22origin_height%22%3A1080%2C%22origin_name%22%3A%22masturbator%20oradea.mp4%22%2C%22origin_size%22%3A20294443%2C%22origin_width%22%3A1920%2C%22path%22%3A%22video-a%2Fabe23a82-6e1e-4faa-b791-11a0cf87ca0e%2Findex.m3u8%22%2C%22prevent_prune%22%3A0%2C%22published%22%3A0%2C%22restrict_domains%22%3Anull%2C%22source%22%3A%22ebihoreanul.ro%22%2C%22source_url%22%3Anull%2C%22status%22%3A%22ready%22%2C%22thumb%22%3A%22https%3A%2F%2Fcdn.adh.reperio.news%2Fvideo-a%2Fabe23a82-6e1e-4faa-b791-11a0cf87ca0e%2Fthumb.0000000.jpg%22%2C%22title%22%3A%22masturbator%20oradea%20mp4%22%2C%22type%22%3A%22video%22%2C%22updated_at%22%3A%222026-09-02T12%3A58%3A13.000Z%22%2C%22url%22%3A%22https%3A%2F%2Fcdn.adh.reperio.news%2Fvideo-a%2Fabe23a82-6e1e-4faa-b791-11a0cf87ca0e%2Findex.m3u8%22%2C%22video_raw%22%3Anull%2C%22video_thumbnail%22%3A%22thumb.0000000.jpg%22%7D%7D%7D\" data-context=\"%7B%22parentBlockColumnCount%22%3A%7B%22value%22%3A0%2C%22type%22%3A%22store%2Freadable%22%7D%2C%22parentBlockBackgroundColor%22%3A%7B%22type%22%3A%22store%2Freadable%22%7D%7D\" data-component=\"EditorVideoPlayer\"><\/div>\n<p>Sursa video:\u00a0ebihoreanul.ro<\/p>\n<p>Incidentul a avut loc mar\u021bi, 1 septembrie, \u00een jurul orei 23.00, \u00eentr-un bloc din Oradea, potrivit Inspectoratului de Poli\u021bie Jude\u021bean (IPJ) Bihor.<\/p>\n<p><i>\u201eUn b\u0103rbat, de 47 de ani, din municipiul Oradea, s-ar fi expus \u00een mod inten\u021bionat, \u00een timp ce ar fi s\u0103v\u00e2r\u0219it acte sexuale explicite, la fereastra unei \u00eenc\u0103peri a locuin\u021bei sale, fiind observat de mai multe persoane\u201d, <\/i>a transmis Poli\u021bia din Bihor.<\/p>\n<p>Potrivit informa\u021biilor publicate de\u00a0<a href=\"https:\/\/www.ebihoreanul.ro\/stiri\/un-barbat-din-oradea-s-a-masturbat-la-fereastra-apartamentului-a-fost-retinut-pentru-ultraj-contra-bunelor-moravuri-204777.html\" rel=\"nofollow\">eBIHOREANUL,<\/a>\u00a0incidentul s-ar fi produs \u00een zona blocurilor Prima, din cartierul Nuf\u0103rul. Cazul a intrat \u00een aten\u021bia poli\u021bi\u0219tilor de la Investiga\u021bii Criminale Bihor, iar b\u0103rbatul a fost re\u021binut miercuri diminea\u021b\u0103 pentru 24 de ore.<\/p>\n<p>El este cercetat penal pentru ultraj contra bunelor moravuri, iar ancheta continu\u0103 sub coordonarea\u00a0<a href=\"https:\/\/adevarul.ro\/stiri-locale\/oradea\/avocat-trimis-in-judecata-pentru-camatarie-a-2345424.html\">Parchetului de pe l\u00e2ng\u0103 Judec\u0103toria Oradea.<\/a><\/p>\n<p>Potrivit unor vecini cita\u021bi de publica\u021bia local\u0103, b\u0103rbatul nu s-ar afla la prima situa\u021bie de acest fel. Unul dintre locatari a sus\u021binut c\u0103 acesta ar fi avut un comportament similar \u00eenc\u0103 din luna noiembrie \u0219i a transmis publica\u021biei imagini \u00een sprijinul afirma\u021biilor sale.<\/p>\n<p>Poli\u021bi\u0219tii continu\u0103 cercet\u0103rile pentru stabilirea tuturor \u00eemprejur\u0103rilor.<\/p>\n<p><\/main><\/p>\n<footer class=\"svelte-x63bga\">\n<div class=\"related-wrap related-footer svelte-78g0vl\"><span class=\"related-label svelte-78g0vl\">Cite\u0219te \u0219i<\/span><a class=\"related svelte-78g0vl\" data-gtrack=\"{&quot;event&quot;:&quot;utm_click&quot;,&quot;data&quot;:{&quot;event_category&quot;:&quot;article_related&quot;}}\" href=\"https:\/\/adevarul.ro\/stiri-locale\/oradea\/goana-dupa-reduceri-a-facut-prapad-in-magazine-din-2550601.html\" title=\"Alt articol de interes pentru tine\"><img decoding=\"async\" class=\"thumb svelte-78g0vl\" src=\"https:\/\/cdn.adh.reperio.news\/image-3\/364cd638-d283-4ab2-a5cd-41fd27528d8e\/index.gif?p=f%3Dwebp%26w%3D120%26h%3D80%26r%3Dcover%26a%3D0\" alt loading=\"lazy\" width=\"80\" height=\"54\"><span class=\"title svelte-78g0vl\">Goana dup\u0103 reduceri a f\u0103cut pr\u0103p\u0103d \u00een magazine din Oradea \u0219i Turda: \u201eDin p\u0103cate, nu ne mai civiliz\u0103m niciodat\u0103\u201d<\/span><\/a><a class=\"related svelte-78g0vl\" data-gtrack=\"{&quot;event&quot;:&quot;utm_click&quot;,&quot;data&quot;:{&quot;event_category&quot;:&quot;article_related&quot;}}\" href=\"https:\/\/adevarul.ro\/stiri-locale\/oradea\/zicea-ca-nu-are-noroc-femeia-din-oradea-care-a-2552601.html\" title=\"Alt articol de interes pentru tine\"><img decoding=\"async\" class=\"thumb svelte-78g0vl\" src=\"https:\/\/cdn.adh.reperio.news\/image-3\/367abee1-ebba-4228-81b5-9ffa629d0da4\/index.jpeg?p=f%3Dwebp%26w%3D120%26h%3D80%26r%3Dcover%26a%3D0\" alt loading=\"lazy\" width=\"80\" height=\"54\"><span class=\"title svelte-78g0vl\">\u201eZicea c\u0103 nu are noroc\u201d. Femeia din Oradea care a c\u00e2\u0219tigat peste 10 milioane de euro nu mai jucase la Loto de 5 ani  <\/span><\/a><a class=\"related svelte-78g0vl\" data-gtrack=\"{&quot;event&quot;:&quot;utm_click&quot;,&quot;data&quot;:{&quot;event_category&quot;:&quot;article_related&quot;}}\" href=\"https:\/\/adevarul.ro\/stiri-locale\/oradea\/ancheta-interna-la-scoala-de-agenti-de-politie-de-2552665.html\" title=\"Alt articol de interes pentru tine\"><img decoding=\"async\" class=\"thumb svelte-78g0vl\" src=\"https:\/\/cdn.adh.reperio.news\/image-f\/f2dfb1dd-1314-4295-9e23-33749c6a1f8a\/index.png?p=f%3Dwebp%26w%3D120%26h%3D80%26r%3Dcover%26a%3D0\" alt loading=\"lazy\" width=\"80\" height=\"54\"><span class=\"title svelte-78g0vl\">Anchet\u0103 intern\u0103 la \u0218coala de Agen\u021bi de Poli\u021bie de Frontier\u0103 din Oradea. Un elev ar fi intrat b\u0103ut \u0219i ar fi \u00eencercat s\u0103-\u0219i s\u0103rute cu for\u021ba o coleg\u0103<\/span><\/a><\/div>\n<div class=\"meta svelte-x63bga\">\n<div class=\"authors svelte-x63bga\"><span class=\"names svelte-x63bga\"><a href=\"https:\/\/adevarul.ro\/author\/2086\" rel=\"author\" class=\"svelte-x63bga\">Oana Ababei<\/a><\/span><\/p>\n<div class=\"_hydratable\" data-props=\"%7B%22showLive%22%3Atrue%7D\" data-context=\"%7B%22parentBlockColumnCount%22%3A%7B%22value%22%3A0%2C%22type%22%3A%22store%2Freadable%22%7D%2C%22parentBlockBackgroundColor%22%3A%7B%22type%22%3A%22store%2Freadable%22%7D%7D\" data-component=\"ShareButton\">\n<div class=\"shareButtons svelte-itwbrr\">\n<div class=\"liveSessions metaFont svelte-1maxmbf\"><span class=\"value svelte-1maxmbf\">1<\/span> live <\/div>\n<\/div>\n<\/div>\n<\/div>\n<div class=\"tags svelte-1l3vwp1\"><span class=\"tags-label metaFont svelte-1l3vwp1\">Cite\u0219te mai multe despre<\/span><\/p>\n<div class=\"tags-list svelte-1l3vwp1\"><a href=\"https:\/\/adevarul.ro\/tag\/oradea\" title=\"Ultimele \u0219tiri despre oradea\" class=\"tag-pill svelte-1l3vwp1\">oradea<\/a><a href=\"https:\/\/adevarul.ro\/tag\/ipj%20bihor\" title=\"Ultimele \u0219tiri despre ipj bihor\" class=\"tag-pill svelte-1l3vwp1\">ipj bihor<\/a><a href=\"https:\/\/adevarul.ro\/tag\/masturbare\" title=\"Ultimele \u0219tiri despre masturbare\" class=\"tag-pill svelte-1l3vwp1\">masturbare<\/a><\/div>\n<\/div>\n<\/div>\n<p><a class=\"moreFromCategory svelte-x63bga\" href=\"https:\/\/adevarul.ro\/stiri-locale\/oradea\" title=\"Oradea\">Mai multe din <strong class=\"svelte-x63bga\">Oradea<\/strong> \u203a<\/a><\/footer>\n<\/article>\n<p>[analyse_source url=&#8221;https:\/\/adevarul.ro\/stiri-locale\/oradea\/un-oradean-retinut-dupa-ce-a-fost-filmat-2553676.html&#8221;]<\/p>\n","protected":false},"excerpt":{"rendered":"<p>[analyse_image type=&#8221;featured&#8221; src=&#8221;https:\/\/cdn.adh.reperio.news\/image-e\/ede16903-ae73-4b84-9858-d73988e17aef\/index.gif?p=f%3Djpeg%26w%3D1200%26h%3D630%26r%3Dcover&#8221;] Home \u0218tiri locale Oradea Un or\u0103dean, re\u021binut dup\u0103 ce a fost filmat masturb\u00e2ndu-se la fereastra apartamentului. Poli\u021bi\u0219tii au deschis anchet\u0103 Un b\u0103rbat de 47 de ani din Oradea a fost re\u021binut pentru 24 de ore \u0219i s-a ales cu dosar penal, dup\u0103 ce ar fi fost surprins de mai multe persoane \u00een [&hellip;]<\/p>\n","protected":false},"author":1,"featured_media":0,"comment_status":"open","ping_status":"","sticky":false,"template":"","format":"standard","meta":{"footnotes":""},"categories":[89],"tags":[],"class_list":["post-2124385","post","type-post","status-publish","format-standard","hentry","category-romania"],"_links":{"self":[{"href":"https:\/\/analyse.optim.biz\/index.php?rest_route=\/wp\/v2\/posts\/2124385","targetHints":{"allow":["GET"]}}],"collection":[{"href":"https:\/\/analyse.optim.biz\/index.php?rest_route=\/wp\/v2\/posts"}],"about":[{"href":"https:\/\/analyse.optim.biz\/index.php?rest_route=\/wp\/v2\/types\/post"}],"author":[{"embeddable":true,"href":"https:\/\/analyse.optim.biz\/index.php?rest_route=\/wp\/v2\/users\/1"}],"replies":[{"embeddable":true,"href":"https:\/\/analyse.optim.biz\/index.php?rest_route=%2Fwp%2Fv2%2Fcomments&post=2124385"}],"version-history":[{"count":0,"href":"https:\/\/analyse.optim.biz\/index.php?rest_route=\/wp\/v2\/posts\/2124385\/revisions"}],"wp:attachment":[{"href":"https:\/\/analyse.optim.biz\/index.php?rest_route=%2Fwp%2Fv2%2Fmedia&parent=2124385"}],"wp:term":[{"taxonomy":"category","embeddable":true,"href":"https:\/\/analyse.optim.biz\/index.php?rest_route=%2Fwp%2Fv2%2Fcategories&post=2124385"},{"taxonomy":"post_tag","embeddable":true,"href":"https:\/\/analyse.optim.biz\/index.php?rest_route=%2Fwp%2Fv2%2Ftags&post=2124385"}],"curies":[{"name":"wp","href":"https:\/\/api.w.org\/{rel}","templated":true}]}}