{"id":2124375,"date":"2026-09-02T13:32:42","date_gmt":"2026-09-02T10:32:42","guid":{"rendered":"https:\/\/analyse.optim.biz\/?p=2124375"},"modified":"2026-09-02T13:32:42","modified_gmt":"2026-09-02T10:32:42","slug":"primar-urmarit-si-amendat-pentru-ca-se-grabea-la-un-incendiu-m-am-bucurat-crezand-ca-vin-si-ei-sa-dea-o","status":"publish","type":"post","link":"https:\/\/analyse.optim.biz\/?p=2124375","title":{"rendered":"Primar urm\u0103rit \u0219i amendat pentru c\u0103 se gr\u0103bea la un incendiu: \u201eM-am bucurat, crez\u00e2nd c\u0103 vin \u0219i ei s\u0103 dea o&#8230;"},"content":{"rendered":"<p>[analyse_image type=&#8221;featured&#8221; src=&#8221;https:\/\/cdn.adh.reperio.news\/image-9\/9f2f048d-8490-4fa8-b57c-c7e81a0ce30b\/index.png?p=f%3Djpeg%26w%3D1200%26h%3D630%26r%3Dcover&#8221;]<\/p>\n<article class=\"svelte-x63bga\">\n<nav>\n<ul class=\"breadcrump svelte-1pk9a69\">\n<li class=\"svelte-1pk9a69\"><a href=\"https:\/\/adevarul.ro\/\" title=\"Adev\u0103rul\" class=\"svelte-1pk9a69\">Home<\/a><\/li>\n<li class=\"svelte-1pk9a69\"><a href=\"https:\/\/adevarul.ro\/stiri-locale\" class=\"svelte-1pk9a69\">\u0218tiri locale<\/a><\/li>\n<li class=\"svelte-1pk9a69\"><a href=\"https:\/\/adevarul.ro\/stiri-locale\/slatina\" class=\"svelte-1pk9a69\">Slatina<\/a><\/li>\n<li class=\"svelte-1pk9a69\"><a href=\"https:\/\/adevarul.ro\/stiri-locale\/slatina\/primar-urmarit-si-amendat-pentru-ca-se-grabea-la-2553670.html\" class=\"svelte-1pk9a69\">Primar urm\u0103rit \u0219i amendat pentru c\u0103 se gr\u0103bea la un incendiu: \u201eM-am bucurat, crez\u00e2nd c\u0103 vin \u0219i ei s\u0103 dea o m\u00e2n\u0103 de ajutor\u201d<\/a><\/li>\n<\/ul>\n<\/nav>\n<p><main class=\"svelte-x63bga\"><\/p>\n<p>IPJ Olt face<br \/>\nverific\u0103ri dup\u0103 ce primarul din Movileni, care se gr\u0103bea la un incendiu, a fost<br \/>\nurm\u0103rit de poli\u021bi\u0219ti, amendat \u0219i l\u0103sat f\u0103r\u0103 permis pentru trei luni. Dup\u0103 ce au \u00eentocmit procesul-verbal, au plecat f\u0103r\u0103 s\u0103 \u00eentrebe m\u0103car dac\u0103 e nevoie de ajutor, de\u015fi era o situa\u0163ie de urgen\u0163\u0103.<\/p>\n<div class=\"container-image  svelte-1xbw4f3\"><source type=\"image\/webp\" srcset=\"https:\/\/cdn.adh.reperio.news\/image-9\/9f2f048d-8490-4fa8-b57c-c7e81a0ce30b\/index.png?p=a%3D1%26co%3D1.05%26w%3D1400%26h%3D721%26r%3Dcontain%26f%3Dwebp 1400w\" media=\"(min-width: 1400px)\" \/><\/p>\n<div class=\"caption svelte-1xbw4f3\"><span class=\"captionText svelte-1xbw4f3\">O localnic\u0103 i-a luat la rost pe poli\u0163i\u015ftii care l-am amendat pe primar.  <span class=\"source svelte-1xbw4f3\">Foto: olt-alert<\/span><\/span><\/div>\n<\/div>\n<p>Inspectoratul de<br \/>\nPoli\u021bie Jude\u021bean Olt anun\u021b\u0103 verific\u0103ri interne dup\u0103 cazul primarului din<br \/>\nMovileni, Ion Sorin Toma, pe care poli\u021bi\u0219tii l-au urm\u0103rit p\u00e2n\u0103 la locul unui<br \/>\nincendiu, l-au amendat pentru vitez\u0103 \u0219i i-au re\u021binut permisul pentru trei luni.<br \/>\nEdilul recunoa\u0219te c\u0103 a dep\u0103\u0219it limita legal\u0103 cu mai mult de 50 de kilometri pe<br \/>\nor\u0103 \u00een localitate, dar spune c\u0103 se gr\u0103bea s\u0103 ajung\u0103 la focul care se<br \/>\nreaprinsese pe islaz \u0219i amenin\u021ba din nou zona \u00een care se afl\u0103 locuin\u021be. Nemul\u0163umirea<br \/>\nlui privind comportamentul agen\u0163ilor de poli\u0163ie este alta: poli\u0163i\u015ftii au<br \/>\n\u00eencheiat procesul-verbal chiar la locul incendiului \u015fi au f\u0103cut st\u00e2nga-mprejur<br \/>\nf\u0103r\u0103 s\u0103 le pese c\u0103 este vorba despre o situa\u0163ie de urgen\u0163\u0103, oentru care nu se<br \/>\nmobilizaser\u0103 doar autorit\u0103\u0163ile, ci \u015fi s\u0103tenii.<\/p>\n<p>Potrivit presei<br \/>\nlocale, echipajul de poli\u0163ie era format din trei agen\u021bi, \u00eentre care Ionu\u021b Alin<br \/>\nMirea, de la Poli\u021bia Potcoava, \u0219i C\u0103t\u0103lin C\u00e2rstea, \u0219eful Postului de Poli\u021bie<br \/>\nMovileni, iar ma\u015fina cu care l-au urm\u0103rit pe primar nu avea \u00eensemnele Poli\u0163iei.<\/p>\n<p>La patru zile de la<br \/>\nacest acest incident, relatat pe larg de <a href=\"https:\/\/olt-alert.ro\/2026\/09\/02\/primar-din-olt-sanctionat-de-politisti-in-timp-ce-lupta-cu-un-incendiu-provocat-intentionat-pentru-identificarea-autorului-nicio-cercetare-video\/\" target=\"_blank\" rel=\"nofollow\">olt-alert,<\/a> miercuri, 2 septmbrie, IPJ<br \/>\nOlt a transmis c\u0103 va verifica modul \u00een care au ac\u021bionat poli\u021bi\u0219tii. Potrivit<br \/>\nrelat\u0103rii publica\u021biei, <\/p>\n<h2>Incendiul a mistuit o<br \/>\nst\u00e2n\u0103 <\/h2>\n<p>Incendiul a izbucnit<br \/>\ns\u00e2mb\u0103t\u0103, 29 august, pe islazul comunei Movileni, \u015fi s-a extins rapid prin<br \/>\nvegeta\u021bia uscat\u0103. Fl\u0103c\u0103rile au distrus mii de metri p\u0103tra\u021bi de vegeta\u021bie, o<br \/>\nst\u00e2n\u0103 \u0219i alte bunuri, iar locuin\u021bele aflate \u00een apropiere au fost puse \u00een<br \/>\npericol.<\/p>\n<p>Primele persoane care<br \/>\nau intervenit au fost membrii Serviciului Voluntar pentru Situa\u021bii de Urgen\u021b\u0103<br \/>\n(SVSU) Movileni. Au ie\u0219it cu autospeciala comunei, iar localnicii s-au mobilizat<br \/>\n\u015fi ei care cum a putut. Printre cei care au mers s\u0103 ajute s-a aflat \u0219i primarul<br \/>\nIon Sorin Toma.<\/p>\n<p><i>\u201eAm fost lua\u021bi cu to\u021bii prin surprindere de aceast\u0103<br \/>\nnenorocire. Au s\u0103rit b\u0103ie\u021bii no\u0219tri de la SVSU, cu autospeciala pe care o avem<br \/>\n\u00een dotare, am s\u0103rit \u0219i noi, \u0219i localnicii cu ce au avut la \u00eendem\u00e2n\u0103 pentru<br \/>\nstingerea focului \u0219i limitarea pagubelor\u201d,<\/i> declara primarul.<\/p>\n<p>Dup\u0103 ce pompierii<br \/>\nInspectoratului pentru Situa\u021bii de Urgen\u021b\u0103 (ISU) Olt au ajuns la fa\u021ba locului,<br \/>\nace\u0219tia au preluat interven\u021bia \u0219i au reu\u0219it s\u0103 sting\u0103 incendiul.<\/p>\n<h2>A crezut c\u0103<br \/>\npoli\u021bi\u0219tii vin s\u0103 ajute la stingerea focului<\/h2>\n<p>Din p\u0103cate, \u00een cursul<br \/>\nserii, fl\u0103c\u0103rile au izbucnit din nou. Oamenii care locuiesc \u00een apropierea<br \/>\nislazului au sunat de dou\u0103 ori la 112 pentru a anun\u021ba reaprinderea incendiului.<\/p>\n<p>Primarul Ion Sorin<br \/>\nToma a povestit c\u0103 era acas\u0103 atunci c\u00e2nd a fost sunat de o femeie care pl\u00e2ngea<br \/>\n\u0219i striga c\u0103 focul a reizbucnit \u0219i c\u0103 situa\u021bia este grav\u0103, a\u015fa c\u0103 a plecat<br \/>\nimediat spre islaz.<\/p>\n<p><a class=\"related-inline svelte-78g0vl\" data-gtrack=\"{&quot;event&quot;:&quot;utm_click&quot;,&quot;data&quot;:{&quot;event_category&quot;:&quot;article_related&quot;}}\" href=\"https:\/\/adevarul.ro\/stiri-locale\/sibiu\/politisti-din-sibiu-acuzati-ca-au-batut-si-umilit-2492860.html\" title=\"Alt articol de interes pentru tine\"><span class=\"inline-title svelte-78g0vl\">Poli\u021bi\u0219ti din Sibiu, acuza\u021bi c\u0103 au b\u0103tut \u0219i umilit mai mul\u021bi elevi. P\u0103rin\u021bii sunt revolta\u021bi \u0219i cer dreptate: \u201eLe-au dat cu pumnii \u00een burt\u0103, i-au lovit cu palma peste fa\u021b\u0103, i-au tras de p\u0103r\u201d<\/span><\/a><\/p>\n<p>Pe drum, a aflat c\u0103<br \/>\nunul dintre furtunurile autospecialei SVSU, deja deteriorat, nu mai rezista la<br \/>\npresiunea apei, astfel c\u0103 a f\u0103cut un ocol pentru a lua un furtun nou \u0219i apoi \u0219i-a<br \/>\ncontinuat drumul c\u0103tre incendiu, ap\u0103s\u00e2nd pedala de accelera\u0163ie.<\/p>\n<p>A a dep\u0103\u0219it cu mai<br \/>\nmult de 50 km\/h viteza legal\u0103 \u00een localitate. Nu neag\u0103 abaterea. Potrivit aceleia\u015fi<br \/>\nsurse, poli\u0163i\u015ftii l-au prins pe radar, l-au l\u0103sat s\u0103 treac\u0103 \u0219i au pornit dup\u0103<br \/>\nel cu o ma\u0219in\u0103 f\u0103r\u0103 \u00eensemne.<\/p>\n<p>C\u00e2nd a observat<br \/>\nma\u0219ina \u00een spatele s\u0103u, primarul spune c\u0103 a crezut c\u0103 poli\u021bi\u0219tii au aflat despre<br \/>\nincendiu \u0219i se \u00eendreapt\u0103 spre islaz pentru a ajuta.<\/p>\n<p><i>\u201eEu nu am fost oprit pe loc de poli\u021bi\u0219ti, m-au l\u0103sat s\u0103<br \/>\ntrec \u0219i au pornit dup\u0103 mine. La un moment dat, am observat ma\u0219ina f\u0103r\u0103 \u00eensemne<br \/>\n\u00een spatele meu \u0219i m-am bucurat, crez\u00e2nd c\u0103 oamenii legii vin \u0219i ei s\u0103 dea o<br \/>\nm\u00e2n\u0103 de ajutor la stingerea incendiului. C\u00e2nd colo, ei nu doar c\u0103 nu ne-au<br \/>\najutat, dar ne-au \u0219i \u00eempiedicat \u00een ac\u021biunea noastr\u0103\u201d,<\/i> a declarat Ion Sorin Toma.<\/p>\n<p>Poli\u021bi\u0219tii au ajuns<br \/>\n\u00een cele din urm\u0103 la locul incendiului \u0219i l-au abordat pe edil. Acesta le-a<br \/>\nexplicat de ce se gr\u0103bea \u0219i de ce dep\u0103\u0219ise viteza, \u00eens\u0103 agen\u021bii au continuat<br \/>\nprocedura. Ion Sorin Toma a fost amendat \u015fi i s-a re\u0163inut permisul trei luni.<\/p>\n<p>Dup\u0103 \u00eentocmirea<br \/>\nactelor, poli\u021bi\u0219tii au plecat, potrivit primarului. El sus\u021bine c\u0103 agen\u021bii nu<br \/>\ns-au interesat dac\u0103 pot ajuta la stingerea incendiului, \u00een timp ce localnicii,<br \/>\nmembrii SVSU \u0219i edilul au r\u0103mas la fa\u021ba locului. O femeie chiar i-a luat la rost c\u0103 l-au amendat degeaba pe primar \u015fi c\u0103 nu \u00een\u0163ele ditua\u0163ia.<\/p>\n<div class=\"_hydratable\" data-props=\"%7B%22data%22%3A%7B%22caption%22%3A%22%22%2C%22embed%22%3A%22https%3A%2F%2Fwww.youtube.com%2Fembed%2FRTNKlkbRgqY%22%2C%22height%22%3A320%2C%22service%22%3A%22youtube%22%2C%22source%22%3A%22https%3A%2F%2Fwww.youtube.com%2Fwatch%3Fv%3DRTNKlkbRgqY%22%2C%22width%22%3A580%7D%2C%22id%22%3A%22AsxGlBosgS%22%2C%22type%22%3A%22embed%22%2C%22lines%22%3A10%2C%22linesAbove%22%3A115%2C%22index%22%3A19%2C%22paragraphsAbove%22%3A16%2C%22percentage%22%3A0.782312925170068%2C%22linesBellow%22%3A32%7D\" data-context=\"%7B%22parentBlockColumnCount%22%3A%7B%22value%22%3A0%2C%22type%22%3A%22store%2Freadable%22%7D%2C%22parentBlockBackgroundColor%22%3A%7B%22type%22%3A%22store%2Freadable%22%7D%7D\" data-component=\"EditorEmbedViewDefault\">\n<div class=\"container-embed svelte-1petmjv\"><iframe src=\"https:\/\/www.youtube.com\/embed\/RTNKlkbRgqY\" class=\"embed-youtube svelte-1petmjv\" width=\"580\" allowfullscreen title=\"embed media\" loading=\"lazy\"><\/iframe><\/div>\n<\/div>\n<p>Potrivit presei<br \/>\nlocale, pompierii ar fi stabilit c\u0103 focul a fost pus inten\u0163ionat, \u00eens\u0103 poli\u0163ia<br \/>\nnu ar fi deschis p\u00e2n\u0103 \u00een acest moment nicio anchet\u0103.<\/p>\n<h2>Primarul a ajuns la<br \/>\nspital dup\u0103 ce a inhalat fum<\/h2>\n<p>Dup\u0103 ce incendiul a<br \/>\nfost stins pentru a doua oar\u0103, Ion Sorin Toma a ajuns la Unitatea de Primiri<br \/>\nUrgen\u021be a Spitalului Jude\u021bean de Urgen\u021b\u0103 Slatina. Avea dureri puternice de cap<br \/>\n\u0219i usturimi \u00een g\u00e2t, pe care le-a pus pe seama fumului inhalat \u00een timpul<br \/>\ninterven\u021biei.<\/p>\n<p>Medicii l-au<br \/>\ndiagnosticat cu \u201eintoxica\u021bie cu CO\u201d. Primarul a primit \u00eengrijiri medicale \u0219i a<br \/>\nstat c\u00e2teva ore cu masc\u0103 de oxigen, p\u00e2n\u0103 c\u00e2nd starea sa s-a \u00eembun\u0103t\u0103\u021bit.<\/p>\n<div class=\"container-image  svelte-1xbw4f3\"><source type=\"image\/webp\" srcset=\"https:\/\/cdn.adh.reperio.news\/image-f\/f71822bc-77fe-4177-b1ce-28f6f772924f\/index.jpeg?p=a%3D1%26co%3D1.05%26w%3D1400%26h%3D750%26r%3Dcontain%26f%3Dwebp 1400w\" media=\"(min-width: 1400px)\" \/><\/p>\n<div class=\"caption svelte-1xbw4f3\"><span class=\"captionText svelte-1xbw4f3\">Primarul Ion Sorin Toma a ajuns la spital, dup\u0103 ce s-a intoxicat cu fum. <span class=\"source svelte-1xbw4f3\">Foto: olt-alert<\/span><\/span><\/div>\n<\/div>\n<p><i>\u201ePermisul meu conteaz\u0103 mai pu\u021bin, vie\u021bile oamenilor \u00eens\u0103<br \/>\nsunt prioritate zero\u201d,<\/i><br \/>\nspune primarul.<\/p>\n<p>Cazul a ajuns \u00een<br \/>\naten\u021bia conducerii IPJ Olt dup\u0103 materialul publicat de olt-alert, iar IPJ a<br \/>\nanun\u0163at \u00een cursul acestei zile va face verific\u0103ri interne cu privire la modul<br \/>\n\u00een care poli\u021bi\u0219tii au gestionat situa\u021bia.<\/p>\n<p><\/main><\/p>\n<footer class=\"svelte-x63bga\">\n<div class=\"related-wrap related-footer svelte-78g0vl\"><span class=\"related-label svelte-78g0vl\">Cite\u0219te \u0219i<\/span><a class=\"related svelte-78g0vl\" data-gtrack=\"{&quot;event&quot;:&quot;utm_click&quot;,&quot;data&quot;:{&quot;event_category&quot;:&quot;article_related&quot;}}\" href=\"https:\/\/adevarul.ro\/stiri-interne\/societate\/sa-sara-permisele-scandal-in-politie-dupa-ce-2522358.html\" title=\"Alt articol de interes pentru tine\"><img decoding=\"async\" class=\"thumb svelte-78g0vl\" src=\"https:\/\/cdn.adh.reperio.news\/image-a\/ae393f95-51d5-4a38-888d-d07f496eb39c\/index.jpeg?p=f%3Dwebp%26w%3D120%26h%3D80%26r%3Dcover%26a%3D0\" alt loading=\"lazy\" width=\"80\" height=\"54\"><span class=\"title svelte-78g0vl\">\u201eS\u0103 sar\u0103 permisele!\u201d Scandal \u00een Poli\u021bie, dup\u0103 ce doi agen\u021bi s-au filmat \u00een autospecial\u0103 \u00een timp ce fredoneaz\u0103 manele<\/span><\/a><a class=\"related svelte-78g0vl\" data-gtrack=\"{&quot;event&quot;:&quot;utm_click&quot;,&quot;data&quot;:{&quot;event_category&quot;:&quot;article_related&quot;}}\" href=\"https:\/\/adevarul.ro\/stiri-locale\/timisoara\/politist-suspectat-ca-oferea-sprijin-unei-grupari-2550547.html\" title=\"Alt articol de interes pentru tine\"><img decoding=\"async\" class=\"thumb svelte-78g0vl\" src=\"https:\/\/cdn.adh.reperio.news\/image-6\/69c675fd-dd13-4196-827c-a9c0cef48f93\/index.jpeg?p=f%3Dwebp%26w%3D120%26h%3D80%26r%3Dcover%26a%3D0\" alt loading=\"lazy\" width=\"80\" height=\"54\"><span class=\"title svelte-78g0vl\">Poli\u021bist suspectat c\u0103 oferea sprijin unei grup\u0103ri de ho\u021bi. Fostul consilier al lui Bolojan, printre victimele grup\u0103rii<\/span><\/a><\/div>\n<div class=\"meta svelte-x63bga\">\n<div class=\"authors svelte-x63bga\"><span class=\"names svelte-x63bga\"><a href=\"https:\/\/adevarul.ro\/author\/2048\" rel=\"author\" class=\"svelte-x63bga\">Florentina Grigore<\/a><\/span><\/p>\n<div class=\"_hydratable\" data-props=\"%7B%22showLive%22%3Atrue%7D\" data-context=\"%7B%22parentBlockColumnCount%22%3A%7B%22value%22%3A0%2C%22type%22%3A%22store%2Freadable%22%7D%2C%22parentBlockBackgroundColor%22%3A%7B%22type%22%3A%22store%2Freadable%22%7D%7D\" data-component=\"ShareButton\">\n<div class=\"shareButtons svelte-itwbrr\">\n<div class=\"liveSessions metaFont svelte-1maxmbf\"><span class=\"value svelte-1maxmbf\">1<\/span> live <\/div>\n<\/div>\n<\/div>\n<\/div>\n<div class=\"tags svelte-1l3vwp1\"><span class=\"tags-label metaFont svelte-1l3vwp1\">Cite\u0219te mai multe despre<\/span><\/p>\n<div class=\"tags-list svelte-1l3vwp1\"><a href=\"https:\/\/adevarul.ro\/tag\/video\" title=\"Ultimele \u0219tiri despre video\" class=\"tag-pill svelte-1l3vwp1\">video<\/a><a href=\"https:\/\/adevarul.ro\/tag\/incendiu\" title=\"Ultimele \u0219tiri despre incendiu\" class=\"tag-pill svelte-1l3vwp1\">incendiu<\/a><a href=\"https:\/\/adevarul.ro\/tag\/ancheta\" title=\"Ultimele \u0219tiri despre ancheta\" class=\"tag-pill svelte-1l3vwp1\">ancheta<\/a><a href=\"https:\/\/adevarul.ro\/tag\/ipj%20olt\" title=\"Ultimele \u0219tiri despre ipj olt\" class=\"tag-pill svelte-1l3vwp1\">ipj olt<\/a><\/div>\n<\/div>\n<\/div>\n<p><a class=\"moreFromCategory svelte-x63bga\" href=\"https:\/\/adevarul.ro\/stiri-locale\/slatina\" title=\"Slatina\">Mai multe din <strong class=\"svelte-x63bga\">Slatina<\/strong> \u203a<\/a><\/footer>\n<\/article>\n<p>[analyse_source url=&#8221;https:\/\/adevarul.ro\/stiri-locale\/slatina\/primar-urmarit-si-amendat-pentru-ca-se-grabea-la-2553670.html&#8221;]<\/p>\n","protected":false},"excerpt":{"rendered":"<p>[analyse_image type=&#8221;featured&#8221; src=&#8221;https:\/\/cdn.adh.reperio.news\/image-9\/9f2f048d-8490-4fa8-b57c-c7e81a0ce30b\/index.png?p=f%3Djpeg%26w%3D1200%26h%3D630%26r%3Dcover&#8221;] Home \u0218tiri locale Slatina Primar urm\u0103rit \u0219i amendat pentru c\u0103 se gr\u0103bea la un incendiu: \u201eM-am bucurat, crez\u00e2nd c\u0103 vin \u0219i ei s\u0103 dea o m\u00e2n\u0103 de ajutor\u201d IPJ Olt face verific\u0103ri dup\u0103 ce primarul din Movileni, care se gr\u0103bea la un incendiu, a fost urm\u0103rit de poli\u021bi\u0219ti, amendat \u0219i l\u0103sat f\u0103r\u0103 [&hellip;]<\/p>\n","protected":false},"author":1,"featured_media":0,"comment_status":"open","ping_status":"","sticky":false,"template":"","format":"standard","meta":{"footnotes":""},"categories":[89],"tags":[19,226],"class_list":["post-2124375","post","type-post","status-publish","format-standard","hentry","category-romania","tag-adevarul","tag-crawlmanager"],"_links":{"self":[{"href":"https:\/\/analyse.optim.biz\/index.php?rest_route=\/wp\/v2\/posts\/2124375","targetHints":{"allow":["GET"]}}],"collection":[{"href":"https:\/\/analyse.optim.biz\/index.php?rest_route=\/wp\/v2\/posts"}],"about":[{"href":"https:\/\/analyse.optim.biz\/index.php?rest_route=\/wp\/v2\/types\/post"}],"author":[{"embeddable":true,"href":"https:\/\/analyse.optim.biz\/index.php?rest_route=\/wp\/v2\/users\/1"}],"replies":[{"embeddable":true,"href":"https:\/\/analyse.optim.biz\/index.php?rest_route=%2Fwp%2Fv2%2Fcomments&post=2124375"}],"version-history":[{"count":0,"href":"https:\/\/analyse.optim.biz\/index.php?rest_route=\/wp\/v2\/posts\/2124375\/revisions"}],"wp:attachment":[{"href":"https:\/\/analyse.optim.biz\/index.php?rest_route=%2Fwp%2Fv2%2Fmedia&parent=2124375"}],"wp:term":[{"taxonomy":"category","embeddable":true,"href":"https:\/\/analyse.optim.biz\/index.php?rest_route=%2Fwp%2Fv2%2Fcategories&post=2124375"},{"taxonomy":"post_tag","embeddable":true,"href":"https:\/\/analyse.optim.biz\/index.php?rest_route=%2Fwp%2Fv2%2Ftags&post=2124375"}],"curies":[{"name":"wp","href":"https:\/\/api.w.org\/{rel}","templated":true}]}}