{"id":2124371,"date":"2026-09-02T12:09:31","date_gmt":"2026-09-02T09:09:31","guid":{"rendered":"https:\/\/analyse.optim.biz\/?p=2124371"},"modified":"2026-09-02T12:09:31","modified_gmt":"2026-09-02T09:09:31","slug":"dormim-dar-nu-ne-odihnim-sute-de-buzoieni-au-ajuns-la-laboratorul-de-somnologie-al-spitalului-judetean","status":"publish","type":"post","link":"https:\/\/analyse.optim.biz\/?p=2124371","title":{"rendered":"Dormim, dar nu ne odihnim. Sute de buzoieni au ajuns la Laboratorul de Somnologie al Spitalului Jude\u021bean"},"content":{"rendered":"<p>[analyse_image type=&#8221;featured&#8221; src=&#8221;https:\/\/sansanews.ro\/wp-content\/uploads\/2023\/05\/apnee.jpghttps:\/\/sansanews.ro\/wp-content\/uploads\/2023\/05\/apnee.jpg&#8221;]<\/p>\n<div class=\"entry-content herald-entry-content\">\n<div class=\"herald-ad herald-ad-above-single\"><a href=\"https:\/\/buzau.21k.ro\/\"><img loading=\"lazy\" decoding=\"async\" src=\"https:\/\/sansanews.ro\/wp-content\/uploads\/2026\/08\/300x300-k21.gif\" alt width=\"300\" height=\"300\" class=\"aligncenter size-full wp-image-124436\"><\/a><\/div>\n<p>Sute de buzoieni au ajuns la somnolog \u00een ultima jum\u0103tate de an, iar aproape o treime dintre pacien\u021bi au avut nevoie de internare pentru o perioad\u0103 mai lung\u0103, pentru supraveghere \u0219i pe timpul nop\u021bilor. Este rezultatul bilan\u021bului f\u0103cut dup\u0103 primele \u0219ase luni de la \u00eenfiin\u021barea Laboratorului de Somnologie din cadrul Spitalului Jude\u021bean Buz\u0103u, o premier\u0103 pentru zona de Sud Est a \u021b\u0103rii. <\/p>\n<p>Potrivit datelor furnizate, \u00een aceast\u0103 perioad\u0103 348 de pacien\u021bi au fost interna\u021bi la Laboratorul de Somnologie din cadrul Spitalului Jude\u021bean de Urgen\u021b\u0103 Buz\u0103u dintre care 124 prin internare continu\u0103 \u0219i 224 prin internare de zi. Practic, cifrele arat\u0103 un flux constant de pacien\u021bi care au nevoie de investiga\u021bii, diagnostic \u0219i tratament pentru tulbur\u0103ri de somn.<\/p>\n<h4>Apneea, cea mai diagnosticat\u0103 afec\u021biune<\/h4>\n<p>Cei mai mul\u021bi dintre pacien\u021bii care au ajuns \u00een<br \/>\nLaboratorul de Somnologie au fost diagnostica\u021bi cu apneea de somn, o afec\u021biune<br \/>\ncaracterizat\u0103 \u201dprin pauze sau limit\u0103ri ale respira\u021biei care supun constant<br \/>\norganismul uman la hipoxie\u201d. Cu alte cuvinte, este o problem\u0103 medical\u0103 care ar<br \/>\ntrebui luat\u0103 \u00een serios pentru c\u0103, netratat\u0103, poate afecta serios \u00eentregul<br \/>\norganism.<\/p>\n<div class=\"wp-block-image\">\n<figure class=\"alignright is-resized\"><img loading=\"lazy\" decoding=\"async\" src=\"https:\/\/sansanews.ro\/wp-content\/uploads\/2026\/09\/WhatsApp-Image-2026-09-02-at-04.00.08-1024x948.jpeg\" alt class=\"wp-image-125754\" width=\"247\" height=\"228\"><figcaption><strong>dr. Oana Goidescu<\/strong><\/figcaption><\/figure>\n<\/div>\n<p>Din fericire, laboratorul de la Buz\u0103u este foarte<br \/>\nbine dotat \u0219i pacien\u021bii beneficiaz\u0103 de o abordare multidisciplinar\u0103.<\/p>\n<blockquote class=\"wp-block-quote\">\n<p>\u201dAbordarea pacien\u021bilor este una multidisciplinar\u0103, laboratorul colabor\u00e2nd cu o gam\u0103 larg\u0103 de medici speciali\u0219ti, inclusiv din cardiologie, ORL, endocrinologie \u0219i boli de nutri\u021bie, neurologie \u0219i psihiatrie. Aceast\u0103 colaborare permite integrarea investiga\u021biilor \u0219i a recomand\u0103rilor de specialitate pentru o evaluare c\u00e2t mai complet\u0103 \u0219i pentru adaptarea conduitei terapeutice la particularit\u0103\u021bile fiec\u0103rui pacient\u201d au transmis reprezentan\u021bii spitalului.<\/p>\n<\/blockquote>\n<div class=\"wp-block-image\">\n<figure class=\"alignleft is-resized\"><img loading=\"lazy\" decoding=\"async\" src=\"https:\/\/sansanews.ro\/wp-content\/uploads\/2026\/09\/WhatsApp-Image-2026-09-02-at-03.54.39-1024x576.jpeg\" alt class=\"wp-image-125755\" width=\"326\" height=\"182\"><\/figure>\n<\/div>\n<p>Laboratorul este dotat cu dou\u0103 polisomnografe, trei<br \/>\npoligrafe, \u00a0cinci aparate de titrare, ceea ce permite realizarea<br \/>\ninvestiga\u021biilor necesare pentru un diagnostic complet \u0219i pentru stabilirea unei<br \/>\nterapii personalizate. Un element important \u00eel reprezint\u0103 posibilitatea<br \/>\nefectu\u0103rii polisomnografiilor cu titrare manual\u0103, adaptate particularit\u0103\u021bilor<br \/>\nfiec\u0103rui pacient.<\/p>\n<blockquote class=\"wp-block-quote\">\n<p>\u201dActivitatea laboratorului acoper\u0103 \u00eentregul parcurs medical al pacientului: de la diagnostic, la stabilirea \u0219i personalizarea terapiei, p\u00e2n\u0103 la monitorizarea \u0219i ajustarea tratamentului. Pentru optimizarea terapiei, pacien\u021bii beneficiaz\u0103 de acces la o gam\u0103 variat\u0103 de m\u0103\u0219ti, pe care le pot testa \u00een cadrul laboratorului, astfel \u00eenc\u00e2t s\u0103 fie identificat\u0103 varianta cea mai potrivit\u0103 pentru confortul \u0219i necesit\u0103\u021bile individuale\u201d.<\/p>\n<\/blockquote>\n<p>Activitatea laboratorului este sus\u021binut\u0103 de dr. Oana Goidescu, medic primar \u0219i doctor \u00een \u0219tiin\u021be medicale, cu preg\u0103tire avansat\u0103 \u00een medicina somnului, competen\u021be \u00een somnologie nivel I, II \u0219i III \u0219i expertiz\u0103 \u00een ventila\u021bie non-invaziv\u0103.<\/p>\n<div class=\"meta-tags\"><span>Etichete<\/span><a href=\"https:\/\/sansanews.ro\/tag\/apnee-de-somn\/\" rel=\"tag\">apnee de somn<\/a><a href=\"https:\/\/sansanews.ro\/tag\/dr-oana-goidescu\/\" rel=\"tag\">dr oana goidescu<\/a><a href=\"https:\/\/sansanews.ro\/tag\/laborator-somnologie\/\" rel=\"tag\">laborator somnologie<\/a><\/div>\n<div class=\"herald-share-content\">\n<div class=\"meks_ess rectangle no-labels outline\"><a class=\"meks_ess-item socicon-facebook\" data-url=\"http:\/\/www.facebook.com\/sharer\/sharer.php?u=https%3A%2F%2Fsansanews.ro%2Fdormim-dar-nu-ne-odihnim-sute-de-buzoieni-au-ajuns-la-laboratorul-de-somnologie-al-spitalului-judetean%2F&amp;t=Dormim%2C%20dar%20nu%20ne%20odihnim.%20Sute%20de%20buzoieni%20au%20ajuns%20la%20Laboratorul%20de%20Somnologie%20al%20Spitalului%20Jude%C8%9Bean\"><span>Facebook<\/span><\/a><a href=\"https:\/\/api.whatsapp.com\/send?text=Dormim%2C%20dar%20nu%20ne%20odihnim.%20Sute%20de%20buzoieni%20au%20ajuns%20la%20Laboratorul%20de%20Somnologie%20al%20Spitalului%20Jude%C8%9Bean%20https%3A%2F%2Fsansanews.ro%2Fdormim-dar-nu-ne-odihnim-sute-de-buzoieni-au-ajuns-la-laboratorul-de-somnologie-al-spitalului-judetean%2F\" class=\"meks_ess-item socicon-whatsapp prevent-share-popup\"><span>WhatsApp<\/span><\/a><a class=\"meks_ess-item socicon-twitter\" data-url=\"http:\/\/twitter.com\/intent\/tweet?url=https%3A%2F%2Fsansanews.ro%2Fdormim-dar-nu-ne-odihnim-sute-de-buzoieni-au-ajuns-la-laboratorul-de-somnologie-al-spitalului-judetean%2F&amp;text=Dormim%2C%20dar%20nu%20ne%20odihnim.%20Sute%20de%20buzoieni%20au%20ajuns%20la%20Laboratorul%20de%20Somnologie%20al%20Spitalului%20Jude%C8%9Bean\"><span>Twitter<\/span><\/a><a class=\"meks_ess-item socicon-pinterest\" data-url=\"http:\/\/pinterest.com\/pin\/create\/button\/?url=https%3A%2F%2Fsansanews.ro%2Fdormim-dar-nu-ne-odihnim-sute-de-buzoieni-au-ajuns-la-laboratorul-de-somnologie-al-spitalului-judetean%2F&amp;media=https%3A%2F%2Fsansanews.ro%2Fwp-content%2Fuploads%2F2023%2F05%2Fapnee.jpg&amp;description=Dormim%2C%20dar%20nu%20ne%20odihnim.%20Sute%20de%20buzoieni%20au%20ajuns%20la%20Laboratorul%20de%20Somnologie%20al%20Spitalului%20Jude%C8%9Bean\"><span>Pinterest<\/span><\/a><\/div>\n<\/div>\n<\/div>\n<div class=\"entry-content herald-entry-content\">\n<div class=\"herald-ad herald-ad-above-single\"><a href=\"https:\/\/buzau.21k.ro\/\"><img loading=\"lazy\" decoding=\"async\" src=\"https:\/\/sansanews.ro\/wp-content\/uploads\/2026\/08\/300x300-k21.gif\" alt width=\"300\" height=\"300\" class=\"aligncenter size-full wp-image-124436\"><\/a><\/div>\n<p>Sute de buzoieni au ajuns la somnolog \u00een ultima jum\u0103tate de an, iar aproape o treime dintre pacien\u021bi au avut nevoie de internare pentru o perioad\u0103 mai lung\u0103, pentru supraveghere \u0219i pe timpul nop\u021bilor. Este rezultatul bilan\u021bului f\u0103cut dup\u0103 primele \u0219ase luni de la \u00eenfiin\u021barea Laboratorului de Somnologie din cadrul Spitalului Jude\u021bean Buz\u0103u, o premier\u0103 pentru zona de Sud Est a \u021b\u0103rii. <\/p>\n<p>Potrivit datelor furnizate, \u00een aceast\u0103 perioad\u0103 348 de pacien\u021bi au fost interna\u021bi la Laboratorul de Somnologie din cadrul Spitalului Jude\u021bean de Urgen\u021b\u0103 Buz\u0103u dintre care 124 prin internare continu\u0103 \u0219i 224 prin internare de zi. Practic, cifrele arat\u0103 un flux constant de pacien\u021bi care au nevoie de investiga\u021bii, diagnostic \u0219i tratament pentru tulbur\u0103ri de somn.<\/p>\n<h4>Apneea, cea mai diagnosticat\u0103 afec\u021biune<\/h4>\n<p>Cei mai mul\u021bi dintre pacien\u021bii care au ajuns \u00een<br \/>\nLaboratorul de Somnologie au fost diagnostica\u021bi cu apneea de somn, o afec\u021biune<br \/>\ncaracterizat\u0103 \u201dprin pauze sau limit\u0103ri ale respira\u021biei care supun constant<br \/>\norganismul uman la hipoxie\u201d. Cu alte cuvinte, este o problem\u0103 medical\u0103 care ar<br \/>\ntrebui luat\u0103 \u00een serios pentru c\u0103, netratat\u0103, poate afecta serios \u00eentregul<br \/>\norganism.<\/p>\n<div class=\"wp-block-image\">\n<figure class=\"alignright is-resized\"><img loading=\"lazy\" decoding=\"async\" src=\"https:\/\/sansanews.ro\/wp-content\/uploads\/2026\/09\/WhatsApp-Image-2026-09-02-at-04.00.08-1024x948.jpeg\" alt class=\"wp-image-125754\" width=\"247\" height=\"228\"><figcaption><strong>dr. Oana Goidescu<\/strong><\/figcaption><\/figure>\n<\/div>\n<p>Din fericire, laboratorul de la Buz\u0103u este foarte<br \/>\nbine dotat \u0219i pacien\u021bii beneficiaz\u0103 de o abordare multidisciplinar\u0103.<\/p>\n<blockquote class=\"wp-block-quote\">\n<p>\u201dAbordarea pacien\u021bilor este una multidisciplinar\u0103, laboratorul colabor\u00e2nd cu o gam\u0103 larg\u0103 de medici speciali\u0219ti, inclusiv din cardiologie, ORL, endocrinologie \u0219i boli de nutri\u021bie, neurologie \u0219i psihiatrie. Aceast\u0103 colaborare permite integrarea investiga\u021biilor \u0219i a recomand\u0103rilor de specialitate pentru o evaluare c\u00e2t mai complet\u0103 \u0219i pentru adaptarea conduitei terapeutice la particularit\u0103\u021bile fiec\u0103rui pacient\u201d au transmis reprezentan\u021bii spitalului.<\/p>\n<\/blockquote>\n<div class=\"wp-block-image\">\n<figure class=\"alignleft is-resized\"><img loading=\"lazy\" decoding=\"async\" src=\"https:\/\/sansanews.ro\/wp-content\/uploads\/2026\/09\/WhatsApp-Image-2026-09-02-at-03.54.39-1024x576.jpeg\" alt class=\"wp-image-125755\" width=\"326\" height=\"182\"><\/figure>\n<\/div>\n<p>Laboratorul este dotat cu dou\u0103 polisomnografe, trei<br \/>\npoligrafe, \u00a0cinci aparate de titrare, ceea ce permite realizarea<br \/>\ninvestiga\u021biilor necesare pentru un diagnostic complet \u0219i pentru stabilirea unei<br \/>\nterapii personalizate. Un element important \u00eel reprezint\u0103 posibilitatea<br \/>\nefectu\u0103rii polisomnografiilor cu titrare manual\u0103, adaptate particularit\u0103\u021bilor<br \/>\nfiec\u0103rui pacient.<\/p>\n<blockquote class=\"wp-block-quote\">\n<p>\u201dActivitatea laboratorului acoper\u0103 \u00eentregul parcurs medical al pacientului: de la diagnostic, la stabilirea \u0219i personalizarea terapiei, p\u00e2n\u0103 la monitorizarea \u0219i ajustarea tratamentului. Pentru optimizarea terapiei, pacien\u021bii beneficiaz\u0103 de acces la o gam\u0103 variat\u0103 de m\u0103\u0219ti, pe care le pot testa \u00een cadrul laboratorului, astfel \u00eenc\u00e2t s\u0103 fie identificat\u0103 varianta cea mai potrivit\u0103 pentru confortul \u0219i necesit\u0103\u021bile individuale\u201d.<\/p>\n<\/blockquote>\n<p>Activitatea laboratorului este sus\u021binut\u0103 de dr. Oana Goidescu, medic primar \u0219i doctor \u00een \u0219tiin\u021be medicale, cu preg\u0103tire avansat\u0103 \u00een medicina somnului, competen\u021be \u00een somnologie nivel I, II \u0219i III \u0219i expertiz\u0103 \u00een ventila\u021bie non-invaziv\u0103.<\/p>\n<div class=\"meta-tags\"><span>Etichete<\/span><a href=\"https:\/\/sansanews.ro\/tag\/apnee-de-somn\/\" rel=\"tag\">apnee de somn<\/a><a href=\"https:\/\/sansanews.ro\/tag\/dr-oana-goidescu\/\" rel=\"tag\">dr oana goidescu<\/a><a href=\"https:\/\/sansanews.ro\/tag\/laborator-somnologie\/\" rel=\"tag\">laborator somnologie<\/a><\/div>\n<div class=\"herald-share-content\">\n<div class=\"meks_ess rectangle no-labels outline\"><a class=\"meks_ess-item socicon-facebook\" data-url=\"http:\/\/www.facebook.com\/sharer\/sharer.php?u=https%3A%2F%2Fsansanews.ro%2Fdormim-dar-nu-ne-odihnim-sute-de-buzoieni-au-ajuns-la-laboratorul-de-somnologie-al-spitalului-judetean%2F&amp;t=Dormim%2C%20dar%20nu%20ne%20odihnim.%20Sute%20de%20buzoieni%20au%20ajuns%20la%20Laboratorul%20de%20Somnologie%20al%20Spitalului%20Jude%C8%9Bean\"><span>Facebook<\/span><\/a><a href=\"https:\/\/api.whatsapp.com\/send?text=Dormim%2C%20dar%20nu%20ne%20odihnim.%20Sute%20de%20buzoieni%20au%20ajuns%20la%20Laboratorul%20de%20Somnologie%20al%20Spitalului%20Jude%C8%9Bean%20https%3A%2F%2Fsansanews.ro%2Fdormim-dar-nu-ne-odihnim-sute-de-buzoieni-au-ajuns-la-laboratorul-de-somnologie-al-spitalului-judetean%2F\" class=\"meks_ess-item socicon-whatsapp prevent-share-popup\"><span>WhatsApp<\/span><\/a><a class=\"meks_ess-item socicon-twitter\" data-url=\"http:\/\/twitter.com\/intent\/tweet?url=https%3A%2F%2Fsansanews.ro%2Fdormim-dar-nu-ne-odihnim-sute-de-buzoieni-au-ajuns-la-laboratorul-de-somnologie-al-spitalului-judetean%2F&amp;text=Dormim%2C%20dar%20nu%20ne%20odihnim.%20Sute%20de%20buzoieni%20au%20ajuns%20la%20Laboratorul%20de%20Somnologie%20al%20Spitalului%20Jude%C8%9Bean\"><span>Twitter<\/span><\/a><a class=\"meks_ess-item socicon-pinterest\" data-url=\"http:\/\/pinterest.com\/pin\/create\/button\/?url=https%3A%2F%2Fsansanews.ro%2Fdormim-dar-nu-ne-odihnim-sute-de-buzoieni-au-ajuns-la-laboratorul-de-somnologie-al-spitalului-judetean%2F&amp;media=https%3A%2F%2Fsansanews.ro%2Fwp-content%2Fuploads%2F2023%2F05%2Fapnee.jpg&amp;description=Dormim%2C%20dar%20nu%20ne%20odihnim.%20Sute%20de%20buzoieni%20au%20ajuns%20la%20Laboratorul%20de%20Somnologie%20al%20Spitalului%20Jude%C8%9Bean\"><span>Pinterest<\/span><\/a><\/div>\n<\/div>\n<\/div>\n<p>[analyse_source url=&#8221;https:\/\/sansanews.ro\/dormim-dar-nu-ne-odihnim-sute-de-buzoieni-au-ajuns-la-laboratorul-de-somnologie-al-spitalului-judetean\/&#8221;]<\/p>\n","protected":false},"excerpt":{"rendered":"<p>[analyse_image type=&#8221;featured&#8221; src=&#8221;https:\/\/sansanews.ro\/wp-content\/uploads\/2023\/05\/apnee.jpghttps:\/\/sansanews.ro\/wp-content\/uploads\/2023\/05\/apnee.jpg&#8221;] Sute de buzoieni au ajuns la somnolog \u00een ultima jum\u0103tate de an, iar aproape o treime dintre pacien\u021bi au avut nevoie de internare pentru o perioad\u0103 mai lung\u0103, pentru supraveghere \u0219i pe timpul nop\u021bilor. Este rezultatul bilan\u021bului f\u0103cut dup\u0103 primele \u0219ase luni de la \u00eenfiin\u021barea Laboratorului de Somnologie din cadrul Spitalului Jude\u021bean [&hellip;]<\/p>\n","protected":false},"author":1,"featured_media":0,"comment_status":"open","ping_status":"","sticky":false,"template":"","format":"standard","meta":{"footnotes":""},"categories":[2],"tags":[226,51],"class_list":["post-2124371","post","type-post","status-publish","format-standard","hentry","category-politics","tag-crawlmanager","tag-sansanews-ro"],"_links":{"self":[{"href":"https:\/\/analyse.optim.biz\/index.php?rest_route=\/wp\/v2\/posts\/2124371","targetHints":{"allow":["GET"]}}],"collection":[{"href":"https:\/\/analyse.optim.biz\/index.php?rest_route=\/wp\/v2\/posts"}],"about":[{"href":"https:\/\/analyse.optim.biz\/index.php?rest_route=\/wp\/v2\/types\/post"}],"author":[{"embeddable":true,"href":"https:\/\/analyse.optim.biz\/index.php?rest_route=\/wp\/v2\/users\/1"}],"replies":[{"embeddable":true,"href":"https:\/\/analyse.optim.biz\/index.php?rest_route=%2Fwp%2Fv2%2Fcomments&post=2124371"}],"version-history":[{"count":0,"href":"https:\/\/analyse.optim.biz\/index.php?rest_route=\/wp\/v2\/posts\/2124371\/revisions"}],"wp:attachment":[{"href":"https:\/\/analyse.optim.biz\/index.php?rest_route=%2Fwp%2Fv2%2Fmedia&parent=2124371"}],"wp:term":[{"taxonomy":"category","embeddable":true,"href":"https:\/\/analyse.optim.biz\/index.php?rest_route=%2Fwp%2Fv2%2Fcategories&post=2124371"},{"taxonomy":"post_tag","embeddable":true,"href":"https:\/\/analyse.optim.biz\/index.php?rest_route=%2Fwp%2Fv2%2Ftags&post=2124371"}],"curies":[{"name":"wp","href":"https:\/\/api.w.org\/{rel}","templated":true}]}}