{"id":2124324,"date":"2026-09-01T18:54:42","date_gmt":"2026-09-01T15:54:42","guid":{"rendered":""},"modified":"2026-09-01T18:54:42","modified_gmt":"2026-09-01T15:54:42","slug":"directori-noi-in-peste-20-de-scoli-din-olt-o-profesoara-condamnata-numita-la-conducerea-unui-liceu","status":"publish","type":"post","link":"https:\/\/analyse.optim.biz\/?p=2124324","title":{"rendered":"Directori noi \u00een peste 20 de \u0219coli din Olt. O profesoar\u0103 condamnat\u0103, numit\u0103 la conducerea unui liceu"},"content":{"rendered":"<p>[analyse_image type=&#8221;featured&#8221; src=&#8221;https:\/\/cdn.adh.reperio.news\/image-0\/07a593cd-4058-4ee2-b1f3-55937bad25c1\/index.jpeg?p=f%3Djpeg%26w%3D1200%26h%3D630%26r%3Dcover&#8221;]<\/p>\n<article class=\"svelte-x63bga\">\n<nav>\n<ul class=\"breadcrump svelte-1pk9a69\">\n<li class=\"svelte-1pk9a69\"><a href=\"https:\/\/adevarul.ro\/\" title=\"Adev\u0103rul\" class=\"svelte-1pk9a69\">Home<\/a><\/li>\n<li class=\"svelte-1pk9a69\"><a href=\"https:\/\/adevarul.ro\/stiri-locale\" class=\"svelte-1pk9a69\">\u0218tiri locale<\/a><\/li>\n<li class=\"svelte-1pk9a69\"><a href=\"https:\/\/adevarul.ro\/stiri-locale\/slatina\" class=\"svelte-1pk9a69\">Slatina<\/a><\/li>\n<li class=\"svelte-1pk9a69\"><a href=\"https:\/\/adevarul.ro\/stiri-locale\/slatina\/directori-noi-in-27-de-scoli-din-olt-o-profesoara-2553480.html\" class=\"svelte-1pk9a69\">Directori noi \u00een peste 20 de \u0219coli din Olt. O profesoar\u0103 condamnat\u0103, numit\u0103 la conducerea unui liceu<\/a><\/li>\n<\/ul>\n<\/nav>\n<p><main class=\"svelte-x63bga\"><\/p>\n<p>Prima zi de \u0219coal\u0103 a venit cu o ampl\u0103 schimbare a conducerii unit\u0103\u021bilor de \u00eenv\u0103\u021b\u0103m\u00e2nt din Olt: 27 de directori noi au preluat func\u021biile, iar la Inspectoratul \u0218colar Jude\u021bean s-au schimbat \u0219i \u0219efii. Printre numiri se afl\u0103 \u0219i una controversat\u0103, la un liceu din Caracal, unde conducerea a fost preluat\u0103 de o profesoar\u0103 condamnat\u0103 definitiv pentru fapte legate de \u00eencasarea necuvenit\u0103 a salariului.<\/p>\n<div class=\"container-image  svelte-1xbw4f3\"><source type=\"image\/webp\" srcset=\"https:\/\/cdn.adh.reperio.news\/image-0\/07a593cd-4058-4ee2-b1f3-55937bad25c1\/index.jpeg?p=a%3D1%26co%3D1.05%26w%3D1400%26h%3D750%26r%3Dcontain%26f%3Dwebp 1400w\" media=\"(min-width: 1400px)\" \/><\/p>\n<div class=\"caption svelte-1xbw4f3\"><span class=\"captionText svelte-1xbw4f3\">Numirile directorilor au fost f\u0103cute de c\u0103tre I\u0218J, pe \u0219efii I\u0218J i-a numit ministerul FOTO: A.M. <span class=\"source svelte-1xbw4f3\">Foto: Alina Mitran<\/span><\/span><\/div>\n<\/div>\n<p>Prima zi din anul \u0219colar 2026-2027 a adus schimb\u0103ri \u00een peste 20 de unit\u0103\u021bi \u0219colare din jude\u021bul Olt, din cele aproximativ 160 cu personalitate juridic\u0103, dar \u0219i la v\u00e2rful institu\u021biei care coordoneaz\u0103 activitatea didactic\u0103 din jude\u021b.<\/p>\n<p> Astfel, inspectorul \u0219colar general Adrian B\u0103rbulete a trecut pe func\u021bia de inspector \u0219colar general-adjunct, \u00een timp ce Mariana Gheorghe, care ocupa func\u021bia de inspector \u0219colar-adjunct, a promovat pe postul de \u0219ef al I\u0218J Olt.  Cei doi sunt sus\u021binu\u021bi de partide diferite, Adrian B\u0103rbulete de c\u0103tre PSD, iar Mariana Gheorghe de c\u0103tre PNL, iar ambii au vechime \u00een func\u021bii de conducere la nivelul I\u0218J Olt. Teoretic, numirile ar urma s\u0103 ac\u021bioneze p\u00e2n\u0103 la organizarea concursului pentru respectivele posturi, dar nu mai t\u00e2rziu de sf\u00e2r\u0219itul anului \u0219colar 2026-2027, \u00eens\u0103 \u00een practic\u0103 ar putea interveni chiar mai devreme schimb\u0103ri, \u00een func\u021bie de componen\u021ba viitorului guvern.<\/p>\n<p>O numire cel pu\u021bin ciudat\u0103 a fost f\u0103cut\u0103 la Caracal, unde o profesoar\u0103 acuzat\u0103 c\u0103 a \u00eencasat bani f\u0103r\u0103 s\u0103-\u0219i fi efectuat orele, \u00een timpul mandatului de viceprimar, conduce de la 1 septembrie liceul.<\/p>\n<h2>27 de directori noi \u00een fruntea \u0219colilor<\/h2>\n<p>Schimb\u0103ri sunt, de la 1 septembrie 2026,  \u0219i \u00een fruntea a peste 20 de \u0219coli, din tot jude\u021bul. Unele dintre acestea erau a\u0219teptate, fiind directori care au anun\u021bat cu ceva vreme \u00een urm\u0103 c\u0103 nu doresc s\u0103 mai continue \u00een func\u021bie \u0219i \u00een noul an \u0219colar, altele pot fi considerate surprize majore.<\/p>\n<p>A renun\u021bat la conducerea Liceului Teoretic \u201ePetre Pandrea\u201d profesorul Marian Anghel, pre\u0219edintele organiza\u021biei de directori de \u0219coli CEMS, care a militat activ pentru profesionalizarea real\u0103 a managementului \u0219colar, consider\u00e2nd c\u0103 metodologia actual\u0103 propus\u0103 de Ministerul Educa\u021biei pune accent pe birocra\u021bie \u00een loc de competen\u021be. La Liceul Teoretic \u201ePetre Pandrea\u201d au fost, astfel, numi\u021bi noi directori, \u0219i adjunctul fiind \u00eenlocuit.<\/p>\n<p>La \u0218coala Gimnazial\u0103 nr. 3 Slatina <a href=\"https:\/\/adevarul.ro\/stiri-locale\/slatina\/telenovela-la-o-scoala-din-olt-unde-directoarea-2182006.html\">a revenit pe postul de director<\/a> profesoara \u0218tefania Cristina Nicu. Pentru acest post s-a derulat, \u00een prim\u0103vara anului 2022, un adev\u0103rat scandal, zeci de p\u0103rin\u021bi protest\u00e2nd \u00een curtea \u0219colii \u0219i la Inspectoratul \u0218colar Jude\u021bean (ISJ) Olt \u0219i contest\u00e2nd vehement \u00eenlocuirea directoarei de la acea vreme (prof. Cristina Nicu) cu un nou candidat (prof. Denisa Maican), care promovase concursul cu o not\u0103 mai mare. P\u0103rin\u021bii au trimis memorii oficiale c\u0103tre Ministerul Educa\u021biei, reclam\u00e2nd vicii de procedur\u0103 \u0219i suspiciuni privind corectitudinea evalu\u0103rii.<\/p>\n<p>De la 1 septembrie 2026, prof. Nicu se \u00eentoarce pe postul de director la \u0218coala Gimnazial\u0103 nr. 3, \u00een timp ce prof. Denisa Maican a fost delegat\u0103 \u00een func\u021bia de director al Liceului Tehnologic \u201eAlexe Marin\u201d din Slatina. <\/p>\n<h2>Numire controversat\u0103 la Liceul Tehnologic \u201eMatei Basarab\u201d Caracal<\/h2>\n<p>Un nume controversat apare \u00een fruntea Liceului Tehnologic \u201eMatei Basarab\u201d din Caracal. Prof. Marina Samiee, fost viceprimar (PSD) al municipiului Caracal \u00een mandatul trecut, este noul director, \u00een ciuda faptului c\u0103 profesoara a fost acuzat\u0103 \u0219i condamnat\u0103 pentru instigare la fals  \u00een \u00eenscrisuri sub semn\u0103tur\u0103  privat\u0103 \u0219i \u00een\u0219el\u0103ciune. Samiee a fost acuzat\u0103 c\u0103 timp de trei ani (2021-2023) a \u00eencasat salariul  de profesor f\u0103r\u0103  s\u0103  fi efectuat orele de curs, \u00een locul s\u0103u semn\u00e2nd \u00een condica de prezen\u021b\u0103 sora sa. Potrivit <a href=\"https:\/\/hotnews.ro\/fostul-viceprimar-de-caracal-a-luat-bani-si-ca-profesor-aproape-tot-mandatul-desi-nu-a-calcat-la-clasa-sora-sa-ii-semna-condica-1951023\" rel=\"nofollow\">Hot News,<\/a> Marina Samiee \u0219i-a recunoscut faptele \u0219i a returnat integral sumele \u00eencasate necuvenit (aproximativ 60.000 lei), fiind condamnat\u0103 definitiv de magistra\u021bi la 1 an \u0219i 6 luni de \u00eenchisoare cu suspendare.<\/p>\n<p><a class=\"related-inline svelte-78g0vl\" data-gtrack=\"{&quot;event&quot;:&quot;utm_click&quot;,&quot;data&quot;:{&quot;event_category&quot;:&quot;article_related&quot;}}\" href=\"https:\/\/adevarul.ro\/stiri-locale\/slatina\/sefa-filialei-pdl-bals-mariana-gheorghe-a-trecut-1562390.html\" title=\"Alt articol de interes pentru tine\"><span class=\"inline-title svelte-78g0vl\">\u015eefa<br \/>\nfilialei PDL Bal\u015f, Mariana Gheorghe, a trecut la PSD<\/span><\/a><\/p>\n<p>Noii directori ar urma s\u0103 asigure conducerea unit\u0103\u021bilor de \u00eenv\u0103\u021b\u0103m\u00e2nt p\u00e2n\u0103 la numirea unor directori cu concurs, Ministerul Educa\u021biei anun\u021b\u00e2nd organizarea acestuia chiar \u00een aceast\u0103 toamn\u0103. Potrivit calendarului, \u00een perioada 14 septembrie \u2013 2 octombrie 2026 are loc \u00eenscrierea candida\u021bilor, \u00een 9 octombrie se afi\u0219eaz\u0103 lista final\u0103 a candida\u021bilor care \u00eendeplinesc condi\u021biile de participare, iar din 13 octombrie \u00eencepe sus\u021binerea probelor. Rezultatele finale  ale concursului ar urma s\u0103 fie afi\u0219ate \u00een 9 decembrie, astfel \u00eenc\u00e2t directorii care vor fi declara\u021bi admi\u0219i s\u0103 fie numi\u021bi \u00eencep\u00e2nd cu 1 ianuarie2027. <\/p>\n<p>Iat\u0103 care sunt noii directori delega\u021bi de conducerea I\u0218J Olt s\u0103 conduc\u0103 \u0219colile din Olt:<\/p>\n<p>1. Liceul Tehnologic \u201eDanubius\u201d Corabia \u2013 Ionela Liliana As\u0103nic\u0103, director adjunct;<\/p>\n<p>2. Liceul Teoretic \u201eNicolae Titulescu\u201d Slatina \u2013  Stela Rodica Baciu, director adjunct;<\/p>\n<p>3. Gr\u0103dini\u021ba cu program prelungit nr. 8 \u2013 B\u0103doi C\u0103t\u0103lina M\u0103d\u0103lina, director;<\/p>\n<p>4. \u0218coala Gimnazial\u0103 Ob\u00e2r\u0219ia \u2013 Mih\u0103i\u021b\u0103 Mircea Bejan, director;<\/p>\n<p>5. \u0218coala Gimnazial\u0103 F\u0103lcoiu \u2013  Ramona Bor\u021ba, director;<\/p>\n<p>6. \u0218coala Gimnazial\u0103 Leleasca \u2013 Cojocaru Ana, director;<\/p>\n<p>7. \u0218coala Gimnazial\u0103 \u201eIon I. Graure B\u0103lteni \u2013 Ciprian Dinu, director;<\/p>\n<p>8. Liceul Tehnologic \u201eMatei Basarab\u201d Caracal \u2013 Adrian Dobre, director adjunct;<\/p>\n<p>9. \u0218coala Gimnazial\u0103 M\u0103rg\u0103rite\u0219ti, comuna Voineasa \u2013 Marina Aurora Dumitra\u0219cu, director:;<\/p>\n<p>10. \u0218coala Gimnazial\u0103 \u201eVirgil Mazilescu\u201d Corabia \u2013 Mirela Claudia Efrimov, director;<\/p>\n<p>11. \u0218coala  Gimnazial\u0103 Dobrosloveni \u2013 Maria Paula Ionescu, director;<\/p>\n<p>12. \u0218coala  Gimnazial\u0103 \u201eDumitru Popovici\u201d \u0218erb\u0103ne\u0219ti \u2013 Ionel Cristian Ionescu, director;<\/p>\n<p>13. Liceul Tehnologic \u201eAlexe Marin\u201d Slatina \u2013 Denisa Maican, director; <\/p>\n<p>14. Liceul Economic \u201ePetre S. Aurelian\u201d Slatina \u2013 Mariana Matei, director;<\/p>\n<p>15. Liceul Teoretic \u201eA.I. Cuza\u201d Corabia \u2013 Ciprian Edmond Mirea, director adjunct;<\/p>\n<p>16. Liceul Tehnologic \u201eDanubius\u201d Corabia \u2013 Felix Sorin Mogo\u0219, director;<\/p>\n<p>17. Colegiul Na\u021bional \u201eRadu Greceanu\u201d Slatina \u2013 Mirela Elena Moraru, director-adjunct;<\/p>\n<p>18. \u0218coala Gimnazial\u0103 \u201eLeonida Marineanu\u201d Tia Mare \u2013 Florentin Nenu, director;<\/p>\n<p>19. \u0218coala  Gimnazial\u0103 Deveselu \u2013 Rodica Simona Nic\u0103, director;<\/p>\n<p>20. \u0218coala  Gimnazial\u0103 nr. 3 Slatina \u2013 \u0218tefania Cristina Nicu, director;<\/p>\n<p>21. \u0218coala  Gimnazial\u0103 \u201eAda Umbr\u0103\u201d Ianca \u2013 Alina Claudia P\u00e2rvule\u021bu, director;<\/p>\n<p>22. Liceul Teoretic \u201ePetre Pandrea\u201d Bal\u0219 \u2013 Alexandra Petrescu, director adjunct;<\/p>\n<p>23. Liceul Economic \u201ePetre S. Aurelian\u201d Slatina \u2013 Marina Cristina Raicu, director adjunct;<\/p>\n<p>24. \u0218coala  Gimnazial\u0103 \u201eNicolae Titulescu\u201d Caracal \u2013 Laura Ro\u0219ianu, director adjunct;<\/p>\n<p>25. Liceul Tehnologic \u201eMatei Basarab\u201d Caracal \u2013 Marina Samiee, director;<\/p>\n<p>26. Liceul Teoretic \u201ePetre Pandrea\u201d Bal\u0219 \u2013 Marius Cristian Untaru;<\/p>\n<p>27. \u0218coala Gimnazial\u0103 \u201eFlorian Di\u021buleasa\u201d Vit\u0103ne\u0219ti (comuna S\u00e2rbii  M\u0103gura) \u2013 Loredana Valentina Vasilescu, director.<\/p>\n<p><\/main><\/p>\n<footer class=\"svelte-x63bga\">\n<div class=\"related-wrap related-footer svelte-78g0vl\"><span class=\"related-label svelte-78g0vl\">Cite\u0219te \u0219i<\/span><a class=\"related svelte-78g0vl\" data-gtrack=\"{&quot;event&quot;:&quot;utm_click&quot;,&quot;data&quot;:{&quot;event_category&quot;:&quot;article_related&quot;}}\" href=\"https:\/\/adevarul.ro\/stiri-locale\/slatina\/revolta-la-finalul-concursului-pentru-functiile-de-2138119.html\" title=\"Alt articol de interes pentru tine\"><img decoding=\"async\" class=\"thumb svelte-78g0vl\" src=\"https:\/\/cdn.adh.reperio.news\/image-0\/07a593cd-4058-4ee2-b1f3-55937bad25c1\/index.jpeg?p=f%3Dwebp%26w%3D120%26h%3D80%26r%3Dcover%26a%3D0\" alt loading=\"lazy\" width=\"80\" height=\"54\"><span class=\"title svelte-78g0vl\">Revolt\u0103 la finalul concursului pentru func\u0163iile de director de \u015fcoal\u0103: \u201eE cu dedica\u0163ie!\u201c<\/span><\/a><a class=\"related svelte-78g0vl\" data-gtrack=\"{&quot;event&quot;:&quot;utm_click&quot;,&quot;data&quot;:{&quot;event_category&quot;:&quot;article_related&quot;}}\" href=\"https:\/\/adevarul.ro\/stiri-locale\/slatina\/tapul-ispasitor-in-scandalul-lucrarilor-aranjate-2207200.html\" title=\"Alt articol de interes pentru tine\"><img decoding=\"async\" class=\"thumb svelte-78g0vl\" src=\"https:\/\/cdn.adh.reperio.news\/image-d\/d32902a2-cae2-4436-a48c-c31eb540094b\/index.jpeg?p=f%3Dwebp%26w%3D120%26h%3D80%26r%3Dcover%26a%3D0\" alt loading=\"lazy\" width=\"80\" height=\"54\"><span class=\"title svelte-78g0vl\">\u021aapul isp\u0103\u0219itor \u00een scandalul lucr\u0103rilor \u201earanjate\u201d de la concursul de directori de \u0219coal\u0103 din Olt<\/span><\/a><\/div>\n<div class=\"meta svelte-x63bga\">\n<div class=\"authors svelte-x63bga\"><span class=\"names svelte-x63bga\"><a href=\"https:\/\/adevarul.ro\/author\/462\" rel=\"author\" class=\"svelte-x63bga\">Alina Mitran<\/a><\/span><\/p>\n<div class=\"_hydratable\" data-props=\"%7B%22showLive%22%3Atrue%7D\" data-context=\"%7B%22parentBlockColumnCount%22%3A%7B%22value%22%3A0%2C%22type%22%3A%22store%2Freadable%22%7D%2C%22parentBlockBackgroundColor%22%3A%7B%22type%22%3A%22store%2Freadable%22%7D%7D\" data-component=\"ShareButton\">\n<div class=\"shareButtons svelte-itwbrr\">\n<div class=\"liveSessions metaFont svelte-1maxmbf\"><span class=\"value svelte-1maxmbf\">1<\/span> live <\/div>\n<\/div>\n<\/div>\n<\/div>\n<div class=\"tags svelte-1l3vwp1\"><span class=\"tags-label metaFont svelte-1l3vwp1\">Cite\u0219te mai multe despre<\/span><\/p>\n<div class=\"tags-list svelte-1l3vwp1\"><a href=\"https:\/\/adevarul.ro\/tag\/exclusiv\" title=\"Ultimele \u0219tiri despre exclusiv\" class=\"tag-pill svelte-1l3vwp1\">exclusiv<\/a><a href=\"https:\/\/adevarul.ro\/tag\/caracal\" title=\"Ultimele \u0219tiri despre caracal\" class=\"tag-pill svelte-1l3vwp1\">caracal<\/a><a href=\"https:\/\/adevarul.ro\/tag\/i%C8%99j%20olt\" title=\"Ultimele \u0219tiri despre i\u0219j olt\" class=\"tag-pill svelte-1l3vwp1\">i\u0219j olt<\/a><\/div>\n<\/div>\n<\/div>\n<p><a class=\"moreFromCategory svelte-x63bga\" href=\"https:\/\/adevarul.ro\/stiri-locale\/slatina\" title=\"Slatina\">Mai multe din <strong class=\"svelte-x63bga\">Slatina<\/strong> \u203a<\/a><\/footer>\n<\/article>\n<p>[analyse_source url=&#8221;https:\/\/adevarul.ro\/stiri-locale\/slatina\/directori-noi-in-27-de-scoli-din-olt-o-profesoara-2553480.html&#8221;]<\/p>\n","protected":false},"excerpt":{"rendered":"<p>[analyse_image type=&#8221;featured&#8221; src=&#8221;https:\/\/cdn.adh.reperio.news\/image-0\/07a593cd-4058-4ee2-b1f3-55937bad25c1\/index.jpeg?p=f%3Djpeg%26w%3D1200%26h%3D630%26r%3Dcover&#8221;] Home \u0218tiri locale Slatina Directori noi \u00een peste 20 de \u0219coli din Olt. O profesoar\u0103 condamnat\u0103, numit\u0103 la conducerea unui liceu Prima zi de \u0219coal\u0103 a venit cu o ampl\u0103 schimbare a conducerii unit\u0103\u021bilor de \u00eenv\u0103\u021b\u0103m\u00e2nt din Olt: 27 de directori noi au preluat func\u021biile, iar la Inspectoratul \u0218colar Jude\u021bean s-au schimbat [&hellip;]<\/p>\n","protected":false},"author":1,"featured_media":0,"comment_status":"open","ping_status":"","sticky":false,"template":"","format":"standard","meta":{"footnotes":""},"categories":[89],"tags":[],"class_list":["post-2124324","post","type-post","status-publish","format-standard","hentry","category-romania"],"_links":{"self":[{"href":"https:\/\/analyse.optim.biz\/index.php?rest_route=\/wp\/v2\/posts\/2124324","targetHints":{"allow":["GET"]}}],"collection":[{"href":"https:\/\/analyse.optim.biz\/index.php?rest_route=\/wp\/v2\/posts"}],"about":[{"href":"https:\/\/analyse.optim.biz\/index.php?rest_route=\/wp\/v2\/types\/post"}],"author":[{"embeddable":true,"href":"https:\/\/analyse.optim.biz\/index.php?rest_route=\/wp\/v2\/users\/1"}],"replies":[{"embeddable":true,"href":"https:\/\/analyse.optim.biz\/index.php?rest_route=%2Fwp%2Fv2%2Fcomments&post=2124324"}],"version-history":[{"count":0,"href":"https:\/\/analyse.optim.biz\/index.php?rest_route=\/wp\/v2\/posts\/2124324\/revisions"}],"wp:attachment":[{"href":"https:\/\/analyse.optim.biz\/index.php?rest_route=%2Fwp%2Fv2%2Fmedia&parent=2124324"}],"wp:term":[{"taxonomy":"category","embeddable":true,"href":"https:\/\/analyse.optim.biz\/index.php?rest_route=%2Fwp%2Fv2%2Fcategories&post=2124324"},{"taxonomy":"post_tag","embeddable":true,"href":"https:\/\/analyse.optim.biz\/index.php?rest_route=%2Fwp%2Fv2%2Ftags&post=2124324"}],"curies":[{"name":"wp","href":"https:\/\/api.w.org\/{rel}","templated":true}]}}