{"id":2124309,"date":"2026-09-01T15:23:25","date_gmt":"2026-09-01T12:23:25","guid":{"rendered":"https:\/\/analyse.optim.biz\/?p=2124309"},"modified":"2026-09-01T15:23:25","modified_gmt":"2026-09-01T12:23:25","slug":"marinar-ranit-dupa-ce-un-balot-de-cherestea-a-cazut-peste-el-pe-o-nava-aflata-in-portul-constanta","status":"publish","type":"post","link":"https:\/\/analyse.optim.biz\/?p=2124309","title":{"rendered":"Marinar r\u0103nit dup\u0103 ce un balot de cherestea a c\u0103zut peste el, pe o nav\u0103 aflat\u0103 \u00een Portul Constan\u0163a"},"content":{"rendered":"<p>[analyse_image type=&#8221;featured&#8221; src=&#8221;https:\/\/cdn.adh.reperio.news\/image-e\/e906a7b8-37e4-41e7-b117-1c3a4d476669\/index.jpeg?p=f%3Djpeg%26w%3D1200%26h%3D630%26r%3Dcover&#8221;]<\/p>\n<article class=\"svelte-x63bga\">\n<nav>\n<ul class=\"breadcrump svelte-1pk9a69\">\n<li class=\"svelte-1pk9a69\"><a href=\"https:\/\/adevarul.ro\/\" title=\"Adev\u0103rul\" class=\"svelte-1pk9a69\">Home<\/a><\/li>\n<li class=\"svelte-1pk9a69\"><a href=\"https:\/\/adevarul.ro\/stiri-locale\" class=\"svelte-1pk9a69\">\u0218tiri locale<\/a><\/li>\n<li class=\"svelte-1pk9a69\"><a href=\"https:\/\/adevarul.ro\/stiri-locale\/constanta\" class=\"svelte-1pk9a69\">Constan\u0163a<\/a><\/li>\n<li class=\"svelte-1pk9a69\"><a href=\"https:\/\/adevarul.ro\/stiri-locale\/constanta\/marinar-ranit-dupa-ce-un-balot-de-cherestea-a-2553452.html\" class=\"svelte-1pk9a69\">Marinar r\u0103nit dup\u0103 ce un balot de cherestea a c\u0103zut peste el, pe o nav\u0103 aflat\u0103 \u00een Portul Constan\u0163a<\/a><\/li>\n<\/ul>\n<\/nav>\n<p><main class=\"svelte-x63bga\"><\/p>\n<p>Un marinar a fost<br \/>\nr\u0103nit dup\u0103 ce un balot de cherestea a c\u0103zut peste el, la bordul unei nave<br \/>\naflate \u00een Portul Constan\u021ba. B\u0103rbatul a fost transportat la spital.<\/p>\n<div class=\"container-image  svelte-1xbw4f3\"><source type=\"image\/webp\" srcset=\"https:\/\/cdn.adh.reperio.news\/image-e\/e906a7b8-37e4-41e7-b117-1c3a4d476669\/index.jpeg?p=a%3D1%26co%3D1.05%26w%3D1400%26h%3D750%26r%3Dcontain%26f%3Dwebp 1400w\" media=\"(min-width: 1400px)\" \/><\/p>\n<div class=\"caption svelte-1xbw4f3\"><span class=\"captionText svelte-1xbw4f3\">Marinarul a fost tramsportat de urgen\u0163\u0103 la spital. <span class=\"source svelte-1xbw4f3\">Foto: Shutterstock<\/span><\/span><\/div>\n<\/div>\n<p>Un accident de munc\u0103<br \/>\na avut loc mar\u021bi, 1 septembrie, \u00een Portul Constan\u021ba, \u00een timpul activit\u0103\u021bilor<br \/>\ndesf\u0103\u0219urate la bordul unei nave. Un marinar \u00een v\u00e2rst\u0103 de 53 de ani a fost r\u0103nit<br \/>\ndup\u0103 ce un balot de cherestea s-a desprins \u0219i a c\u0103zut peste el.<\/p>\n<p>Incidentul s-a produs<br \/>\npe nava \u201eCaptain Amir\u201d, aflat\u0103 \u00een Dana 8. Marinarul se afla \u00een zona pupa a<br \/>\nnavei \u00een momentul \u00een care \u00eenc\u0103rc\u0103tura a c\u0103zut. Potrivit <a href=\"https:\/\/www.replicaonline.ro\/un-marinar-a-fost-strivit-de-un-balot-de-cherestea-in-dana-8-din-portul-constanta-667243?z=b&amp;utm\" target=\"_blank\" rel=\"nofollow\">replica<\/a>, acesta<br \/>\nar fi r\u0103mas prins \u00eentre balot \u0219i bordajul navei.<\/p>\n<p>La fa\u021ba locului au<br \/>\nfost solicitate echipajele medicale de urgen\u021b\u0103 ale ISU Constan\u021ba. Marinarul a<br \/>\nfost scos din zona \u00een care r\u0103m\u0103sese blocat \u0219i preluat de echipajul medical,<br \/>\ndup\u0103 care a fost transportat la Spitalul Clinic Jude\u021bean de Urgen\u021b\u0103 Constan\u021ba. B\u0103rbatul<br \/>\nera con\u0219tient \u0219i cooperant \u00een momentul interven\u021bie, \u00eens\u0103 ar fi suferit r\u0103ni destul de serioase la bazin.<\/p>\n<p>Presa local\u0103 citeaz\u0103<br \/>\nsurse potrivit c\u0103rora accidentul ar fi avut loc \u00een zona operatorului portuar<br \/>\nSOCEP.<\/p>\n<p><\/main><\/p>\n<footer class=\"svelte-x63bga\">\n<div class=\"related-wrap related-footer svelte-78g0vl\"><span class=\"related-label svelte-78g0vl\">Cite\u0219te \u0219i<\/span><a class=\"related svelte-78g0vl\" data-gtrack=\"{&quot;event&quot;:&quot;utm_click&quot;,&quot;data&quot;:{&quot;event_category&quot;:&quot;article_related&quot;}}\" href=\"https:\/\/adevarul.ro\/stiri-locale\/constanta\/accident-mortal-in-portul-constanta-un-sudor-a-2396747.html\" title=\"Alt articol de interes pentru tine\"><img decoding=\"async\" class=\"thumb svelte-78g0vl\" src=\"https:\/\/cdn.adh.reperio.news\/image-9\/9c2ef21f-3212-405f-b756-2a13f4c6563a\/index.jpeg?p=f%3Dwebp%26w%3D120%26h%3D80%26r%3Dcover%26a%3D0\" alt loading=\"lazy\" width=\"80\" height=\"54\"><span class=\"title svelte-78g0vl\">Accident mortal \u00een Portul Constan\u021ba. Un sudor a c\u0103zut de la 8 metri<\/span><\/a><a class=\"related svelte-78g0vl\" data-gtrack=\"{&quot;event&quot;:&quot;utm_click&quot;,&quot;data&quot;:{&quot;event_category&quot;:&quot;article_related&quot;}}\" href=\"https:\/\/adevarul.ro\/stiri-interne\/evenimente\/accident-in-marea-neagra-un-marinar-cu-degetele-2437717.html\" title=\"Alt articol de interes pentru tine\"><img decoding=\"async\" class=\"thumb svelte-78g0vl\" src=\"https:\/\/cdn.adh.reperio.news\/image-9\/9a8feddc-d969-4732-8093-4f254a7426e1\/index.jpeg?p=f%3Dwebp%26w%3D120%26h%3D80%26r%3Dcover%26a%3D0\" alt loading=\"lazy\" width=\"80\" height=\"54\"><span class=\"title svelte-78g0vl\">Accident \u00een Marea Neagr\u0103: un marinar cu degetele t\u0103iate a fost salvat. B\u0103rbatul se afla la bordul unei nave sub pavilion maltez<\/span><\/a><a class=\"related svelte-78g0vl\" data-gtrack=\"{&quot;event&quot;:&quot;utm_click&quot;,&quot;data&quot;:{&quot;event_category&quot;:&quot;article_related&quot;}}\" href=\"https:\/\/adevarul.ro\/stiri-locale\/constanta\/cinci-marinari-salvati-de-pe-nava-care-a-luat-foc-2552634.html\" title=\"Alt articol de interes pentru tine\"><img decoding=\"async\" class=\"thumb svelte-78g0vl\" src=\"https:\/\/cdn.adh.reperio.news\/image-0\/08fb180b-996e-47c5-9ba1-a0b78aa6f1cd\/index.png?p=f%3Dwebp%26w%3D120%26h%3D80%26r%3Dcover%26a%3D0\" alt loading=\"lazy\" width=\"80\" height=\"54\"><span class=\"title svelte-78g0vl\">Cinci marinari salva\u0163i de pe nava care a luat foc \u00een Marea Neagr\u0103 au fost externa\u021bi<\/span><\/a><\/div>\n<div class=\"meta svelte-x63bga\">\n<div class=\"authors svelte-x63bga\"><span class=\"names svelte-x63bga\"><a href=\"https:\/\/adevarul.ro\/author\/2048\" rel=\"author\" class=\"svelte-x63bga\">Florentina Grigore<\/a><\/span><\/p>\n<div class=\"_hydratable\" data-props=\"%7B%22showLive%22%3Atrue%7D\" data-context=\"%7B%22parentBlockColumnCount%22%3A%7B%22value%22%3A0%2C%22type%22%3A%22store%2Freadable%22%7D%2C%22parentBlockBackgroundColor%22%3A%7B%22type%22%3A%22store%2Freadable%22%7D%7D\" data-component=\"ShareButton\">\n<div class=\"shareButtons svelte-itwbrr\">\n<div class=\"liveSessions metaFont svelte-1maxmbf\"><span class=\"value svelte-1maxmbf\">1<\/span> live <\/div>\n<\/div>\n<\/div>\n<\/div>\n<div class=\"tags svelte-1l3vwp1\"><span class=\"tags-label metaFont svelte-1l3vwp1\">Cite\u0219te mai multe despre<\/span><\/p>\n<div class=\"tags-list svelte-1l3vwp1\"><a href=\"https:\/\/adevarul.ro\/tag\/accident%20de%20munca\" title=\"Ultimele \u0219tiri despre accident de munca\" class=\"tag-pill svelte-1l3vwp1\">accident de munca<\/a><a href=\"https:\/\/adevarul.ro\/tag\/portul%20constanta\" title=\"Ultimele \u0219tiri despre portul constanta\" class=\"tag-pill svelte-1l3vwp1\">portul constanta<\/a><\/div>\n<\/div>\n<\/div>\n<p><a class=\"moreFromCategory svelte-x63bga\" href=\"https:\/\/adevarul.ro\/stiri-locale\/constanta\" title=\"Constan\u0163a\">Mai multe din <strong class=\"svelte-x63bga\">Constan\u0163a<\/strong> \u203a<\/a><\/footer>\n<\/article>\n<p>[analyse_source url=&#8221;https:\/\/adevarul.ro\/stiri-locale\/constanta\/marinar-ranit-dupa-ce-un-balot-de-cherestea-a-2553452.html&#8221;]<\/p>\n","protected":false},"excerpt":{"rendered":"<p>[analyse_image type=&#8221;featured&#8221; src=&#8221;https:\/\/cdn.adh.reperio.news\/image-e\/e906a7b8-37e4-41e7-b117-1c3a4d476669\/index.jpeg?p=f%3Djpeg%26w%3D1200%26h%3D630%26r%3Dcover&#8221;] Home \u0218tiri locale Constan\u0163a Marinar r\u0103nit dup\u0103 ce un balot de cherestea a c\u0103zut peste el, pe o nav\u0103 aflat\u0103 \u00een Portul Constan\u0163a Un marinar a fost r\u0103nit dup\u0103 ce un balot de cherestea a c\u0103zut peste el, la bordul unei nave aflate \u00een Portul Constan\u021ba. B\u0103rbatul a fost transportat la spital. [&hellip;]<\/p>\n","protected":false},"author":1,"featured_media":0,"comment_status":"open","ping_status":"","sticky":false,"template":"","format":"standard","meta":{"footnotes":""},"categories":[89],"tags":[],"class_list":["post-2124309","post","type-post","status-publish","format-standard","hentry","category-romania"],"_links":{"self":[{"href":"https:\/\/analyse.optim.biz\/index.php?rest_route=\/wp\/v2\/posts\/2124309","targetHints":{"allow":["GET"]}}],"collection":[{"href":"https:\/\/analyse.optim.biz\/index.php?rest_route=\/wp\/v2\/posts"}],"about":[{"href":"https:\/\/analyse.optim.biz\/index.php?rest_route=\/wp\/v2\/types\/post"}],"author":[{"embeddable":true,"href":"https:\/\/analyse.optim.biz\/index.php?rest_route=\/wp\/v2\/users\/1"}],"replies":[{"embeddable":true,"href":"https:\/\/analyse.optim.biz\/index.php?rest_route=%2Fwp%2Fv2%2Fcomments&post=2124309"}],"version-history":[{"count":0,"href":"https:\/\/analyse.optim.biz\/index.php?rest_route=\/wp\/v2\/posts\/2124309\/revisions"}],"wp:attachment":[{"href":"https:\/\/analyse.optim.biz\/index.php?rest_route=%2Fwp%2Fv2%2Fmedia&parent=2124309"}],"wp:term":[{"taxonomy":"category","embeddable":true,"href":"https:\/\/analyse.optim.biz\/index.php?rest_route=%2Fwp%2Fv2%2Fcategories&post=2124309"},{"taxonomy":"post_tag","embeddable":true,"href":"https:\/\/analyse.optim.biz\/index.php?rest_route=%2Fwp%2Fv2%2Ftags&post=2124309"}],"curies":[{"name":"wp","href":"https:\/\/api.w.org\/{rel}","templated":true}]}}