{"id":2124299,"date":"2026-09-02T12:01:46","date_gmt":"2026-09-02T09:01:46","guid":{"rendered":"https:\/\/analyse.optim.biz\/?p=2124299"},"modified":"2026-09-02T12:01:46","modified_gmt":"2026-09-02T09:01:46","slug":"pesta-porcina-africana-in-doua-localitati-din-judetul-buzau","status":"publish","type":"post","link":"https:\/\/analyse.optim.biz\/?p=2124299","title":{"rendered":"Pest\u0103 porcin\u0103 african\u0103 \u00een dou\u0103 localit\u0103\u021bi din jude\u021bul Buz\u0103u"},"content":{"rendered":"<p>[analyse_image type=&#8221;featured&#8221; src=&#8221;https:\/\/www.buzau.net\/stiri-din-buzau\/wp-content\/uploads\/2026\/02\/noi-focare-de-pesta-porcina-africana-in-judetul-buzau.jpg&#8221;]<\/p>\n<div id=\"mvp-content-main\" class=\"left relative\">\n<p>Dou\u0103 focare de pest\u0103 porcin\u0103 african\u0103 sunt active \u00een prezent \u00een jude\u021bul Buz\u0103u, \u00een localit\u0103\u021bile B\u0103l\u0103ceanu \u0219i Ziduri. \u00cen total, 17 porci au fost afecta\u021bi, animalele fiind sacrificate \u00een urma confirm\u0103rii bolii.<\/p>\n<p>Potrivit Direc\u021biei Sanitar Veterinare \u0219i pentru Siguran\u021ba Alimentelor (DSVSA) Buz\u0103u, cel mai recent focar a fost identificat la 1 septembrie, \u00eentr-o gospod\u0103rie din localitatea B\u0103l\u0103ceanu, scrie Agerpres.<\/p>\n<p>\u201eLa nivelul jude\u021bului Buz\u0103u sunt \u00een prezent active dou\u0103 focare de pest\u0103 porcin\u0103 african\u0103. Unul a fost identificat la data de 1 septembrie \u00een localitatea B\u0103l\u0103ceanu, unde au fost afectate opt suine. Toate animalele au fost sacrificate\u201d, a declarat purt\u0103torul de cuv\u00e2nt al DSVSA Buz\u0103u, Onoriu \u021a\u0103ranu.<\/p>\n<p>Cel de-al doilea focar a fost confirmat \u00een localitatea Ziduri, la data de 25 august. \u00cen acest caz au fost afectate nou\u0103 animale, care au fost, de asemenea, sacrificate.<\/p>\n<p>\u201eUn alt focar a fost \u00eenregistrat la Ziduri, \u00een data de 25 august, cu nou\u0103 suine afectate care au fost ucise. \u00cen cele dou\u0103 cazuri, anchetele sunt \u00een desf\u0103\u0219urare\u201d, a precizat reprezentantul DSVSA Buz\u0103u.<\/p>\n<p>Autorit\u0103\u021bile sanitar-veterinare au instituit zone de protec\u021bie \u0219i de supraveghere \u00een jurul focarelor. \u00cen aceste zone va fi realizat\u0103 catagrafierea tuturor porcilor din gospod\u0103rii, urmat\u0103 de examinarea clinic\u0103 a animalelor.<\/p>\n<p>Totodat\u0103, circula\u021bia porcilor din zona de protec\u021bie a fost restric\u021bionat\u0103, \u00een \u00eencercarea de a preveni r\u0103sp\u00e2ndirea virusului.<\/p>\n<div class=\"heateor_sss_sharing_container heateor_sss_horizontal_sharing\" data-heateor-sss-href=\"https:\/\/www.buzau.net\/stiri-din-buzau\/pesta-porcina-africana-in-doua-localitati-din-judetul-buzau\/\">\n<div class=\"heateor_sss_sharing_title\">DISTRIBUIE ACEST ARTICOL<\/div>\n<\/div>\n<\/div>\n<p>[analyse_source url=&#8221;https:\/\/www.buzau.net\/stiri-din-buzau\/pesta-porcina-africana-in-doua-localitati-din-judetul-buzau\/&#8221;]<\/p>\n","protected":false},"excerpt":{"rendered":"<p>[analyse_image type=&#8221;featured&#8221; src=&#8221;https:\/\/www.buzau.net\/stiri-din-buzau\/wp-content\/uploads\/2026\/02\/noi-focare-de-pesta-porcina-africana-in-judetul-buzau.jpg&#8221;] Dou\u0103 focare de pest\u0103 porcin\u0103 african\u0103 sunt active \u00een prezent \u00een jude\u021bul Buz\u0103u, \u00een localit\u0103\u021bile B\u0103l\u0103ceanu \u0219i Ziduri. \u00cen total, 17 porci au fost afecta\u021bi, animalele fiind sacrificate \u00een urma confirm\u0103rii bolii. Potrivit Direc\u021biei Sanitar Veterinare \u0219i pentru Siguran\u021ba Alimentelor (DSVSA) Buz\u0103u, cel mai recent focar a fost identificat la 1 septembrie, [&hellip;]<\/p>\n","protected":false},"author":1,"featured_media":0,"comment_status":"open","ping_status":"","sticky":false,"template":"","format":"standard","meta":{"footnotes":""},"categories":[2],"tags":[],"class_list":["post-2124299","post","type-post","status-publish","format-standard","hentry","category-politics"],"_links":{"self":[{"href":"https:\/\/analyse.optim.biz\/index.php?rest_route=\/wp\/v2\/posts\/2124299","targetHints":{"allow":["GET"]}}],"collection":[{"href":"https:\/\/analyse.optim.biz\/index.php?rest_route=\/wp\/v2\/posts"}],"about":[{"href":"https:\/\/analyse.optim.biz\/index.php?rest_route=\/wp\/v2\/types\/post"}],"author":[{"embeddable":true,"href":"https:\/\/analyse.optim.biz\/index.php?rest_route=\/wp\/v2\/users\/1"}],"replies":[{"embeddable":true,"href":"https:\/\/analyse.optim.biz\/index.php?rest_route=%2Fwp%2Fv2%2Fcomments&post=2124299"}],"version-history":[{"count":0,"href":"https:\/\/analyse.optim.biz\/index.php?rest_route=\/wp\/v2\/posts\/2124299\/revisions"}],"wp:attachment":[{"href":"https:\/\/analyse.optim.biz\/index.php?rest_route=%2Fwp%2Fv2%2Fmedia&parent=2124299"}],"wp:term":[{"taxonomy":"category","embeddable":true,"href":"https:\/\/analyse.optim.biz\/index.php?rest_route=%2Fwp%2Fv2%2Fcategories&post=2124299"},{"taxonomy":"post_tag","embeddable":true,"href":"https:\/\/analyse.optim.biz\/index.php?rest_route=%2Fwp%2Fv2%2Ftags&post=2124299"}],"curies":[{"name":"wp","href":"https:\/\/api.w.org\/{rel}","templated":true}]}}