{"id":212423,"date":"2014-02-14T07:16:05","date_gmt":"2014-02-14T04:16:05","guid":{"rendered":"https:\/\/analyse.optim.biz\/?p=212423"},"modified":"2014-02-14T07:16:05","modified_gmt":"2014-02-14T04:16:05","slug":"revizuirea-constitutiei-pe-masa-ccr-curtea-trebuie-sa-se-pronunte-pana-la-data-de-17-februarie","status":"publish","type":"post","link":"https:\/\/analyse.optim.biz\/?p=212423","title":{"rendered":"Revizuirea Constitu\u021biei, pe masa CCR. Curtea trebuie s\u0103 se pronun\u021be p\u00e2n\u0103 la data de 17 februarie"},"content":{"rendered":"<div class=\"entry data-app-meta data-app-meta-article\" data-embed-base-url-canonical=\"https:\/\/www.digi24.ro\/embed\/stiri\/actualitate\/politica\/revizuirea-constitutiei-pe-masa-ccr-curtea-trebuie-sa-se-pronunte-pana-la-data-de-17-februarie-200165\">\n<p data-index=\"1\">Curtea se pronun\u0163\u0103 asupra proiectului cu votul a dou\u0103 treimi din num\u0103rul judec\u0103torilor. \u00cen 4 februarie, Comisia pentru revizuirea Constitu\u0163iei a adoptat \u00een unanimitate proiectul de modificare a Legii fundamentale.<\/p>\n<\/div>\n<p> Source URL: https:\/\/www.digi24.ro\/stiri\/actualitate\/politica\/revizuirea-constitutiei-pe-masa-ccr-curtea-trebuie-sa-se-pronunte-pana-la-data-de-17-februarie-200165<\/p>\n","protected":false},"excerpt":{"rendered":"<p>Curtea se pronun\u0163\u0103 asupra proiectului cu votul a dou\u0103 treimi din num\u0103rul judec\u0103torilor. \u00cen 4 februarie, Comisia pentru revizuirea Constitu\u0163iei a adoptat \u00een unanimitate proiectul de modificare a Legii fundamentale. Source URL: https:\/\/www.digi24.ro\/stiri\/actualitate\/politica\/revizuirea-constitutiei-pe-masa-ccr-curtea-trebuie-sa-se-pronunte-pana-la-data-de-17-februarie-200165<\/p>\n","protected":false},"author":1,"featured_media":212424,"comment_status":"open","ping_status":"","sticky":false,"template":"","format":"standard","meta":{"footnotes":""},"categories":[2],"tags":[11],"class_list":["post-212423","post","type-post","status-publish","format-standard","has-post-thumbnail","hentry","category-politics","tag-digi24"],"_links":{"self":[{"href":"https:\/\/analyse.optim.biz\/index.php?rest_route=\/wp\/v2\/posts\/212423","targetHints":{"allow":["GET"]}}],"collection":[{"href":"https:\/\/analyse.optim.biz\/index.php?rest_route=\/wp\/v2\/posts"}],"about":[{"href":"https:\/\/analyse.optim.biz\/index.php?rest_route=\/wp\/v2\/types\/post"}],"author":[{"embeddable":true,"href":"https:\/\/analyse.optim.biz\/index.php?rest_route=\/wp\/v2\/users\/1"}],"replies":[{"embeddable":true,"href":"https:\/\/analyse.optim.biz\/index.php?rest_route=%2Fwp%2Fv2%2Fcomments&post=212423"}],"version-history":[{"count":0,"href":"https:\/\/analyse.optim.biz\/index.php?rest_route=\/wp\/v2\/posts\/212423\/revisions"}],"wp:featuredmedia":[{"embeddable":true,"href":"https:\/\/analyse.optim.biz\/index.php?rest_route=\/wp\/v2\/media\/212424"}],"wp:attachment":[{"href":"https:\/\/analyse.optim.biz\/index.php?rest_route=%2Fwp%2Fv2%2Fmedia&parent=212423"}],"wp:term":[{"taxonomy":"category","embeddable":true,"href":"https:\/\/analyse.optim.biz\/index.php?rest_route=%2Fwp%2Fv2%2Fcategories&post=212423"},{"taxonomy":"post_tag","embeddable":true,"href":"https:\/\/analyse.optim.biz\/index.php?rest_route=%2Fwp%2Fv2%2Ftags&post=212423"}],"curies":[{"name":"wp","href":"https:\/\/api.w.org\/{rel}","templated":true}]}}