{"id":212420,"date":"2014-02-14T09:43:17","date_gmt":"2014-02-14T06:43:17","guid":{"rendered":"https:\/\/analyse.optim.biz\/?p=212420"},"modified":"2014-02-14T09:43:17","modified_gmt":"2014-02-14T06:43:17","slug":"interactiv-va-rezista-usl-celei-mai-grave-crize-de-la-infiintare","status":"publish","type":"post","link":"https:\/\/analyse.optim.biz\/?p=212420","title":{"rendered":"INTERACTIV. Va rezista USL celei mai grave crize de la \u00eenfiin\u021bare?"},"content":{"rendered":"<div class=\"entry data-app-meta data-app-meta-article\" data-embed-base-url-canonical=\"https:\/\/www.digi24.ro\/embed\/stiri\/actualitate\/politica\/interactiv-va-rezista-usl-celei-mai-grave-crize-de-la-infiintare-200232\">\n<p data-index=\"1\"><img decoding=\"async\" src=\"https:\/\/analyse.optim.biz\/wp-content\/uploads\/2024\/09\/jmhhc2g9nmmxmzhlyjc3ymyzzmi2ztqxztexogu3zteznwvkyje-thumb_.jpg\" data-skip-htmlfix=\"1\" title=\"jmhhc2g9nmmxmzhlyjc3ymyzzmi2ztqxztexogu3zteznwvkyje-thumb_\"><\/p>\n<p data-index=\"2\">Acesta este subiectul pe care Adriana Nedelea \u00eel va dezbate \u00een direct cu dumneavoastr\u0103, telespectatorii Digi24, la ora 15.00.<\/p>\n<p data-index=\"3\"><strong>Va rezista USL celei mai grave crize de la \u00eenfiin\u021bare?<\/strong><\/p>\n<p data-index=\"4\">R\u0103spunde\u021bi la \u00eentrebare pe site-ul nostru, la sec\u021biunea DigiVOX, l\u0103sa\u021bi-v\u0103 num\u0103rul de telefon \u0219i pute\u021bi intra \u00een direct la ora 15.00, cu Adriana Nedelea. De asemenea, v\u0103 a\u0219teptam comentariile pe site \u0219i pe pagina noastr\u0103 de Facebook.<\/p>\n<\/div>\n<p> Source URL: https:\/\/www.digi24.ro\/stiri\/actualitate\/politica\/interactiv-va-rezista-usl-celei-mai-grave-crize-de-la-infiintare-200232<\/p>\n","protected":false},"excerpt":{"rendered":"<p>Acesta este subiectul pe care Adriana Nedelea \u00eel va dezbate \u00een direct cu dumneavoastr\u0103, telespectatorii Digi24, la ora 15.00. Va rezista USL celei mai grave crize de la \u00eenfiin\u021bare? R\u0103spunde\u021bi la \u00eentrebare pe site-ul nostru, la sec\u021biunea DigiVOX, l\u0103sa\u021bi-v\u0103 num\u0103rul de telefon \u0219i pute\u021bi intra \u00een direct la ora 15.00, cu Adriana Nedelea. De asemenea, [&hellip;]<\/p>\n","protected":false},"author":1,"featured_media":212421,"comment_status":"open","ping_status":"","sticky":false,"template":"","format":"standard","meta":{"footnotes":""},"categories":[2],"tags":[11],"class_list":["post-212420","post","type-post","status-publish","format-standard","has-post-thumbnail","hentry","category-politics","tag-digi24"],"_links":{"self":[{"href":"https:\/\/analyse.optim.biz\/index.php?rest_route=\/wp\/v2\/posts\/212420","targetHints":{"allow":["GET"]}}],"collection":[{"href":"https:\/\/analyse.optim.biz\/index.php?rest_route=\/wp\/v2\/posts"}],"about":[{"href":"https:\/\/analyse.optim.biz\/index.php?rest_route=\/wp\/v2\/types\/post"}],"author":[{"embeddable":true,"href":"https:\/\/analyse.optim.biz\/index.php?rest_route=\/wp\/v2\/users\/1"}],"replies":[{"embeddable":true,"href":"https:\/\/analyse.optim.biz\/index.php?rest_route=%2Fwp%2Fv2%2Fcomments&post=212420"}],"version-history":[{"count":0,"href":"https:\/\/analyse.optim.biz\/index.php?rest_route=\/wp\/v2\/posts\/212420\/revisions"}],"wp:featuredmedia":[{"embeddable":true,"href":"https:\/\/analyse.optim.biz\/index.php?rest_route=\/wp\/v2\/media\/212421"}],"wp:attachment":[{"href":"https:\/\/analyse.optim.biz\/index.php?rest_route=%2Fwp%2Fv2%2Fmedia&parent=212420"}],"wp:term":[{"taxonomy":"category","embeddable":true,"href":"https:\/\/analyse.optim.biz\/index.php?rest_route=%2Fwp%2Fv2%2Fcategories&post=212420"},{"taxonomy":"post_tag","embeddable":true,"href":"https:\/\/analyse.optim.biz\/index.php?rest_route=%2Fwp%2Fv2%2Ftags&post=212420"}],"curies":[{"name":"wp","href":"https:\/\/api.w.org\/{rel}","templated":true}]}}