{"id":2124178,"date":"2026-09-02T11:39:19","date_gmt":"2026-09-02T08:39:19","guid":{"rendered":"https:\/\/analyse.optim.biz\/?p=2124178"},"modified":"2026-09-02T11:39:19","modified_gmt":"2026-09-02T08:39:19","slug":"doliu-in-educatia-barladeana-a-murit-profesorul-vasile-carcota-omul-care-a-pus-bazele-scolii-de-muzica-si-arte-plastice-n-n-tonitza-din-barlad-foto","status":"publish","type":"post","link":"https:\/\/analyse.optim.biz\/?p=2124178","title":{"rendered":"Doliu \u00een educa\u021bia b\u00e2rl\u0103dean\u0103. A murit profesorul Vasile C\u00e2rcot\u0103, omul care a pus bazele \u0218colii de Muzic\u0103 \u0219i Arte Plastice \u201eN. N. Tonitza\u201d din B\u00e2rlad \u2013 FOTO"},"content":{"rendered":"<p>[analyse_image type=&#8221;featured&#8221; src=&#8221;https:\/\/bzv.ro\/wp-content\/uploads\/2026\/09\/profesor-barlad-scaled.jpg&#8221;]<\/p>\n<div class=\"tdb-block-inner td-fix-index\"><a class=\"tdb-logo-a\" href=\"https:\/\/bzv.ro\/\" title=\"BZV\"><span class=\"tdb-logo-text-wrap\"><span class=\"tdb-logo-text-title\">BZV.ro<\/span><\/span><\/a><\/div>\n<div class=\"tdb-block-inner td-fix-index\"><a class=\"tdb-logo-a\" href=\"https:\/\/bzv.ro\/\" title=\"BZV\"><span class=\"tdb-logo-text-wrap\"><span class=\"tdb-logo-text-title\">BZV.ro<\/span><\/span><\/a><\/div>\n<div class=\"tdb-block-inner td-fix-index\">\n<div class=\"tdb-head-date-txt\">miercuri, 2 septembrie, 2026<\/div>\n<\/div>\n<div class=\"tdb-block-inner td-fix-index\"><a class=\"tdb-logo-a\" href=\"https:\/\/bzv.ro\/\" title=\"BZV\"><span class=\"tdb-logo-text-wrap\"><span class=\"tdb-logo-text-title\">BZV.ro<\/span><\/span><\/a><\/div>\n<div class=\"tdb-block-inner td-fix-index\"><a class=\"tdb-logo-a\" href=\"https:\/\/bzv.ro\/\" title=\"BZV\"><span class=\"tdb-logo-text-wrap\"><span class=\"tdb-logo-text-title\">BZV.ro<\/span><\/span><\/a><\/div>\n<div class=\"tdb-block-inner td-fix-index\">\n<h1 class=\"tdb-title-text\">Doliu \u00een educa\u021bia b\u00e2rl\u0103dean\u0103. A murit profesorul Vasile C\u00e2rcot\u0103, omul care a pus bazele \u0218colii de Muzic\u0103 \u0219i Arte Plastice \u201eN. N. Tonitza\u201d din B\u00e2rlad \u2013 FOTO<\/h1>\n<\/div>\n<div class=\"tdb-block-inner td-fix-index\"><time class=\"entry-date updated td-module-date\" datetime=\"2026-09-02T14:39:19+03:00\">2 septembrie, 2026<\/time><\/div>\n<div class=\"td_block_wrap tdb_single_content tdi_106 td-pb-border-top td_block_template_1 td-post-content tagdiv-type\" data-td-block-uid=\"tdi_106\">\n<div class=\"tdb-block-inner td-fix-index\">\n<p class=\"isSelectedEnd\">Comunitatea b\u00e2rl\u0103dean\u0103 este \u00een doliu dup\u0103 trecerea la cele ve\u0219nice a profesorului <strong>Vasile C\u00e2rcot\u0103<\/strong>, una dintre personalit\u0103\u021bile care \u0219i-au pus amprenta asupra educa\u021biei \u0219i vie\u021bii culturale din municipiul B\u00e2rlad.<\/p>\n<p class=\"isSelectedEnd\">Numele s\u0103u este str\u00e2ns legat de \u00eenfiin\u021barea, \u00een anul <strong>1961<\/strong>, a \u0218colii de Muzic\u0103 \u0219i Arte Plastice \u201eN. N. Tonitza\u201d. La numai 27 de ani, \u00een calitate de \u0219ef al Sec\u021biei de \u00cenv\u0103\u021b\u0103m\u00e2nt \u0219i Cultur\u0103 din B\u00e2rlad, Vasile C\u00e2rcot\u0103 a avut ini\u021biativa cre\u0103rii acestei institu\u021bii, care avea s\u0103 devin\u0103, \u00een timp, un adev\u0103rat reper pentru \u00eenv\u0103\u021b\u0103m\u00e2ntul artistic din jude\u021bul Vaslui.<\/p>\n<p class=\"isSelectedEnd\">De-a lungul deceniilor, \u0219coala a format genera\u021bii \u00eentregi de copii \u0219i tineri, iar contribu\u021bia profesorului Vasile C\u00e2rcot\u0103 la dezvoltarea cultural\u0103 a ora\u0219ului r\u0103m\u00e2ne una important\u0103.<\/p>\n<p class=\"isSelectedEnd\">Pre\u0219edintele Consiliului Jude\u021bean Vaslui, <strong>Ciprian-Ionu\u021b Trifan<\/strong>, a transmis un mesaj de condolean\u021be familiei, colegilor \u0219i fo\u0219tilor elevi ai profesorului.<\/p>\n<p class=\"isSelectedEnd\">\u201ePrin pasiunea, implicarea \u0219i viziunea sa, profesorul Vasile C\u00e2rcot\u0103 a l\u0103sat \u00een urm\u0103 o mo\u0219tenire important\u0103 pentru comunitatea b\u00e2rl\u0103dean\u0103 \u0219i pentru \u00eenv\u0103\u021b\u0103m\u00e2ntul vasluian. Transmit sincere condolean\u021be familiei \u00eendoliate, colegilor, fo\u0219tilor elevi \u0219i tuturor celor care l-au cunoscut \u0219i apreciat. Dumnezeu s\u0103-l odihneasc\u0103 \u00een pace!\u201d, a transmis Ciprian-Ionu\u021b Trifan.<\/p>\n<p>Prin ceea ce a construit \u0219i prin genera\u021biile care au trecut pragul institu\u021biei pe care a contribuit decisiv s\u0103 o \u00eenfiin\u021beze, profesorul Vasile C\u00e2rcot\u0103 r\u0103m\u00e2ne parte din istoria cultural\u0103 \u0219i educa\u021bional\u0103 a B\u00e2rladului.<\/p>\n<\/div>\n<\/div>\n<div class=\"tdb-block-inner td-fix-index\">\n<p class=\"isSelectedEnd\">Comunitatea b\u00e2rl\u0103dean\u0103 este \u00een doliu dup\u0103 trecerea la cele ve\u0219nice a profesorului <strong>Vasile C\u00e2rcot\u0103<\/strong>, una dintre personalit\u0103\u021bile care \u0219i-au pus amprenta asupra educa\u021biei \u0219i vie\u021bii culturale din municipiul B\u00e2rlad.<\/p>\n<p class=\"isSelectedEnd\">Numele s\u0103u este str\u00e2ns legat de \u00eenfiin\u021barea, \u00een anul <strong>1961<\/strong>, a \u0218colii de Muzic\u0103 \u0219i Arte Plastice \u201eN. N. Tonitza\u201d. La numai 27 de ani, \u00een calitate de \u0219ef al Sec\u021biei de \u00cenv\u0103\u021b\u0103m\u00e2nt \u0219i Cultur\u0103 din B\u00e2rlad, Vasile C\u00e2rcot\u0103 a avut ini\u021biativa cre\u0103rii acestei institu\u021bii, care avea s\u0103 devin\u0103, \u00een timp, un adev\u0103rat reper pentru \u00eenv\u0103\u021b\u0103m\u00e2ntul artistic din jude\u021bul Vaslui.<\/p>\n<p class=\"isSelectedEnd\">De-a lungul deceniilor, \u0219coala a format genera\u021bii \u00eentregi de copii \u0219i tineri, iar contribu\u021bia profesorului Vasile C\u00e2rcot\u0103 la dezvoltarea cultural\u0103 a ora\u0219ului r\u0103m\u00e2ne una important\u0103.<\/p>\n<p class=\"isSelectedEnd\">Pre\u0219edintele Consiliului Jude\u021bean Vaslui, <strong>Ciprian-Ionu\u021b Trifan<\/strong>, a transmis un mesaj de condolean\u021be familiei, colegilor \u0219i fo\u0219tilor elevi ai profesorului.<\/p>\n<p class=\"isSelectedEnd\">\u201ePrin pasiunea, implicarea \u0219i viziunea sa, profesorul Vasile C\u00e2rcot\u0103 a l\u0103sat \u00een urm\u0103 o mo\u0219tenire important\u0103 pentru comunitatea b\u00e2rl\u0103dean\u0103 \u0219i pentru \u00eenv\u0103\u021b\u0103m\u00e2ntul vasluian. Transmit sincere condolean\u021be familiei \u00eendoliate, colegilor, fo\u0219tilor elevi \u0219i tuturor celor care l-au cunoscut \u0219i apreciat. Dumnezeu s\u0103-l odihneasc\u0103 \u00een pace!\u201d, a transmis Ciprian-Ionu\u021b Trifan.<\/p>\n<p>Prin ceea ce a construit \u0219i prin genera\u021biile care au trecut pragul institu\u021biei pe care a contribuit decisiv s\u0103 o \u00eenfiin\u021beze, profesorul Vasile C\u00e2rcot\u0103 r\u0103m\u00e2ne parte din istoria cultural\u0103 \u0219i educa\u021bional\u0103 a B\u00e2rladului.<\/p>\n<\/div>\n<div class=\"tdb-block-inner td-fix-index\">\n<div class=\"tdb-next-post tdb-next-post-bg tdb-post-prev\"><span>Articolul precedent<\/span><\/p>\n<div class=\"td-module-container\">\n<div class=\"next-prev-title\"><a href=\"https:\/\/bzv.ro\/o-mama-si-cei-doi-copii-ai-sai-implicati-intr-un-accident-in-localitatea-vasluiana-horoiata-masina-a-intrat-intr-un-stalp-de-electricitate-foto\/\">O mam\u0103 \u0219i cei doi copii ai s\u0103i, implica\u021bi \u00eentr-un accident \u00een localitatea vasluian\u0103 Horoiata. Ma\u0219ina a intrat \u00eentr-un st\u00e2lp de electricitate \u2013 FOTO<\/a><\/div>\n<\/div>\n<\/div>\n<\/div>\n<div class=\"tdb-block-inner td-fix-index\"><a class=\"tdb-logo-a\" href=\"https:\/\/bzv.ro\/\" title=\"BZV\"><span class=\"tdb-logo-text-wrap\"><span class=\"tdb-logo-text-title\">BZV.ro<\/span><\/span><\/a><\/div>\n<p>[analyse_source url=&#8221;https:\/\/bzv.ro\/doliu-in-educatia-barladeana-a-murit-profesorul-vasile-carcota-omul-care-a-pus-bazele-scolii-de-muzica-si-arte-plastice-n-n-tonitza-din-barlad-foto\/#new_tab&#8221;]<\/p>\n","protected":false},"excerpt":{"rendered":"<p>[analyse_image type=&#8221;featured&#8221; src=&#8221;https:\/\/bzv.ro\/wp-content\/uploads\/2026\/09\/profesor-barlad-scaled.jpg&#8221;] BZV.ro BZV.ro miercuri, 2 septembrie, 2026 BZV.ro BZV.ro Doliu \u00een educa\u021bia b\u00e2rl\u0103dean\u0103. A murit profesorul Vasile C\u00e2rcot\u0103, omul care a pus bazele \u0218colii de Muzic\u0103 \u0219i Arte Plastice \u201eN. N. Tonitza\u201d din B\u00e2rlad \u2013 FOTO 2 septembrie, 2026 Comunitatea b\u00e2rl\u0103dean\u0103 este \u00een doliu dup\u0103 trecerea la cele ve\u0219nice a profesorului Vasile C\u00e2rcot\u0103, [&hellip;]<\/p>\n","protected":false},"author":1,"featured_media":0,"comment_status":"open","ping_status":"","sticky":false,"template":"","format":"standard","meta":{"footnotes":""},"categories":[89],"tags":[226,217],"class_list":["post-2124178","post","type-post","status-publish","format-standard","hentry","category-romania","tag-crawlmanager","tag-vaslui-robo-stiri-ro"],"_links":{"self":[{"href":"https:\/\/analyse.optim.biz\/index.php?rest_route=\/wp\/v2\/posts\/2124178","targetHints":{"allow":["GET"]}}],"collection":[{"href":"https:\/\/analyse.optim.biz\/index.php?rest_route=\/wp\/v2\/posts"}],"about":[{"href":"https:\/\/analyse.optim.biz\/index.php?rest_route=\/wp\/v2\/types\/post"}],"author":[{"embeddable":true,"href":"https:\/\/analyse.optim.biz\/index.php?rest_route=\/wp\/v2\/users\/1"}],"replies":[{"embeddable":true,"href":"https:\/\/analyse.optim.biz\/index.php?rest_route=%2Fwp%2Fv2%2Fcomments&post=2124178"}],"version-history":[{"count":0,"href":"https:\/\/analyse.optim.biz\/index.php?rest_route=\/wp\/v2\/posts\/2124178\/revisions"}],"wp:attachment":[{"href":"https:\/\/analyse.optim.biz\/index.php?rest_route=%2Fwp%2Fv2%2Fmedia&parent=2124178"}],"wp:term":[{"taxonomy":"category","embeddable":true,"href":"https:\/\/analyse.optim.biz\/index.php?rest_route=%2Fwp%2Fv2%2Fcategories&post=2124178"},{"taxonomy":"post_tag","embeddable":true,"href":"https:\/\/analyse.optim.biz\/index.php?rest_route=%2Fwp%2Fv2%2Ftags&post=2124178"}],"curies":[{"name":"wp","href":"https:\/\/api.w.org\/{rel}","templated":true}]}}