{"id":2124173,"date":"2026-09-02T12:38:33","date_gmt":"2026-09-02T09:38:33","guid":{"rendered":"https:\/\/analyse.optim.biz\/?p=2124173"},"modified":"2026-09-02T12:38:33","modified_gmt":"2026-09-02T09:38:33","slug":"foto-a-dat-foc-componentelor-auto-pentru-a-recupera-cuprul-unde-pe-morilor-izvorului-ca-aproape-in","status":"publish","type":"post","link":"https:\/\/analyse.optim.biz\/?p=2124173","title":{"rendered":"FOTO. A dat foc componentelor auto pentru a recupera cuprul! UNDE? Pe Morilor-Izvorului, ca aproape \u00een"},"content":{"rendered":"<p>[analyse_image type=&#8221;featured&#8221; src=&#8221;https:\/\/www.gazeta-valceana.ro\/wp-content\/uploads\/2026\/09\/Deseuri-Foc-Incendiu-Cauciuc-Ramnicu-Valcea-Morilor-Izvorului.jpg&#8221;]<\/p>\n<article id=\"template-id-91645\" class=\"post-91645 tdb_templates type-tdb_templates status-publish post\">\n<div id=\"tdi_49\" class=\"tdc-zone\">\n<div class=\"tdc_zone tdi_50  wpb_row td-pb-row\">\n<div id=\"tdi_51\" class=\"tdc-row stretch_row_1200 td-stretch-content\">\n<div class=\"vc_row tdi_52  wpb_row td-pb-row\">\n<div class=\"vc_column tdi_54  wpb_column vc_column_container tdc-column td-pb-span8\">\n<div class=\"wpb_wrapper\">\n<div class=\"td_block_wrap tdb_title tdi_55 tdb-single-title td-pb-border-top td_block_template_1\" data-td-block-uid=\"tdi_55\">\n<div class=\"tdb-block-inner td-fix-index\">\n<h1 class=\"tdb-title-text\">FOTO. A dat foc componentelor auto pentru a recupera cuprul! UNDE? Pe Morilor-Izvorului, ca aproape \u00een fiecare zi!<\/h1>\n<\/div>\n<\/div>\n<div class=\"vc_row_inner tdi_58  vc_row vc_inner wpb_row td-pb-row tdc-row-content-vert-center\">\n<div class=\"vc_column_inner tdi_60  wpb_column vc_column_container tdc-inner-column td-pb-span12\">\n<div class=\"vc_column-inner\">\n<div class=\"wpb_wrapper\">\n<div class=\"td_block_wrap tdb_single_categories tdi_61 td-pb-border-top td_block_template_1 \" data-td-block-uid=\"tdi_61\">\n<div class=\"tdb-category td-fix-index\"><a class=\"tdb-entry-category\" href=\"https:\/\/www.gazeta-valceana.ro\/category\/anchetedezvaluri\/\">Anchete\/Dezv\u0103luri<\/a><a class=\"tdb-entry-category\" href=\"https:\/\/www.gazeta-valceana.ro\/category\/i\/\">I<\/a><\/div>\n<\/div>\n<div class=\"td_block_wrap tdb_single_date tdi_62 td-pb-border-top td_block_template_1 tdb-post-meta\" data-td-block-uid=\"tdi_62\">\n<div class=\"tdb-block-inner td-fix-index\"><time class=\"entry-date updated td-module-date\" datetime=\"2026-09-02T14:38:33+02:00\">2 septembrie 2026<\/time><\/div>\n<\/div>\n<\/div>\n<\/div>\n<\/div>\n<\/div>\n<\/div>\n<\/div>\n<\/div>\n<\/div>\n<div id=\"tdi_65\" class=\"tdc-row stretch_row_1200 td-stretch-content\">\n<div class=\"vc_row tdi_66  wpb_row td-pb-row\">\n<div class=\"vc_column tdi_68  wpb_column vc_column_container tdc-column td-pb-span8\">\n<div class=\"wpb_wrapper\">\n<div class=\"td_block_wrap tdb_single_featured_image tdi_69 tdb-content-horiz-left td-pb-border-top td_block_template_1\" data-td-block-uid=\"tdi_69\">\n<div class=\"tdb-block-inner td-fix-index\"><img loading=\"lazy\" decoding=\"async\" width=\"696\" height=\"503\" class=\"entry-thumb\" src=\"https:\/\/www.gazeta-valceana.ro\/wp-content\/uploads\/2026\/09\/Deseuri-Foc-Incendiu-Cauciuc-Ramnicu-Valcea-Morilor-Izvorului-696x503.jpg\" alt title=\"Deseuri Foc Incendiu Cauciuc Ramnicu Valcea Morilor Izvorului\"><\/div>\n<\/div>\n<div class=\"td_block_wrap tdb_single_post_share tdi_70  td-pb-border-top td_block_template_1\" data-td-block-uid=\"tdi_70\">\n<div id=\"tdi_70\" class=\"td-post-sharing tdb-block td-ps-border td-ps-border-grey td-ps-notext td-ps-icon-color td-ps-text-color td-post-sharing-style16 \">\n<div class=\"td-post-sharing-visible\">\n<div class=\"td-social-sharing-button td-social-sharing-button-js td-social-handler td-social-share-text\">\n<div class=\"td-social-but-text\">Ac\u021biune<\/div>\n<\/div>\n<p><a class=\"td-social-sharing-button td-social-sharing-button-js td-social-network td-social-facebook\" href=\"https:\/\/www.facebook.com\/sharer.php?u=https%3A%2F%2Fwww.gazeta-valceana.ro%2Fanchetedezvaluri%2Ffoto-a-dat-foc-componentelor-auto-pentru-a-recupera-cuprul-unde-pe-morilor-izvorului-ca-aproape-in-fiecare-zi%2F\" title=\"Facebook\"><\/p>\n<div class=\"td-social-but-text\">Facebook<\/div>\n<p><\/a><a class=\"td-social-sharing-button td-social-sharing-button-js td-social-network td-social-twitter\" href=\"https:\/\/twitter.com\/intent\/tweet?text=FOTO.+A+dat+foc+componentelor+auto+pentru+a+recupera+cuprul%21+UNDE%3F+Pe+Morilor-Izvorului%2C+ca+aproape+%C3%AEn+fiecare+zi%21&amp;url=https%3A%2F%2Fwww.gazeta-valceana.ro%2Fanchetedezvaluri%2Ffoto-a-dat-foc-componentelor-auto-pentru-a-recupera-cuprul-unde-pe-morilor-izvorului-ca-aproape-in-fiecare-zi%2F&amp;via=Gazeta+V%C3%A2lcean%C4%83\" title=\"Twitter\"><\/p>\n<div class=\"td-social-but-text\">Twitter<\/div>\n<p><\/a><a class=\"td-social-sharing-button td-social-sharing-button-js td-social-network td-social-pinterest\" href=\"https:\/\/pinterest.com\/pin\/create\/button\/?url=https:\/\/www.gazeta-valceana.ro\/anchetedezvaluri\/foto-a-dat-foc-componentelor-auto-pentru-a-recupera-cuprul-unde-pe-morilor-izvorului-ca-aproape-in-fiecare-zi\/&amp;media=https:\/\/www.gazeta-valceana.ro\/wp-content\/uploads\/2026\/09\/Deseuri-Foc-Incendiu-Cauciuc-Ramnicu-Valcea-Morilor-Izvorului.jpg&amp;description=FOTO.+A+dat+foc+componentelor+auto+pentru+a+recupera+cuprul%21+UNDE%3F+Pe+Morilor-Izvorului%2C+ca+aproape+%C3%AEn+fiecare+zi%21\" title=\"Pinterest\"><\/p>\n<div class=\"td-social-but-text\">Pinterest<\/div>\n<p><\/a><a class=\"td-social-sharing-button td-social-sharing-button-js td-social-network td-social-whatsapp\" href=\"https:\/\/api.whatsapp.com\/send?text=FOTO.+A+dat+foc+componentelor+auto+pentru+a+recupera+cuprul%21+UNDE%3F+Pe+Morilor-Izvorului%2C+ca+aproape+%C3%AEn+fiecare+zi%21%20%0A%0A%20https:\/\/www.gazeta-valceana.ro\/anchetedezvaluri\/foto-a-dat-foc-componentelor-auto-pentru-a-recupera-cuprul-unde-pe-morilor-izvorului-ca-aproape-in-fiecare-zi\/\" title=\"WhatsApp\"><\/p>\n<div class=\"td-social-but-text\">WhatsApp<\/div>\n<p><\/a><\/div>\n<\/div>\n<\/div>\n<div class=\"td_block_wrap tdb_single_content tdi_71 td-pb-border-top td_block_template_1 td-post-content tagdiv-type\" data-td-block-uid=\"tdi_71\">\n<div class=\"tdb-block-inner td-fix-index\">\n<p>\u00cen dup\u0103-amiaza de mar\u021bi, 1 septembrie 2026, \u00een jurul orei 18.40, jandarmii v\u00e2lceni au observat, de la distan\u021b\u0103, un fum dens, de culoare neagr\u0103, care provenea din zona str\u0103zii Izvorului din municipiul R\u00e2mnicu V\u00e2lcea (zona cartierului Morilor). Ace\u0219tia s-au deplasat \u00een zona respectiv\u0103 pentru a verifica de unde provenea fumul. \u00cen urma verific\u0103rilor, jandarmii au identificat un b\u0103rbat, \u00een v\u00e2rst\u0103 de 39 de ani, care ardea componente auto provenite din dezmembr\u0103ri, cu scopul de a recupera cuprul.<\/p>\n<p>Jandarmii au constatat c\u0103 arderea acestor materiale a generat un fum dens \u0219i toxic, cu un miros puternic, care putea afecta calitatea aerului \u0219i persoanele aflate \u00een apropiere.<\/p>\n<p><em>\u201ePentru fapta constatat\u0103, b\u0103rbatul a fost sanc\u021bionat contraven\u021bional cu amend\u0103 \u00een valoare de 30.000 de lei, \u00een conformitate cu prevederile OUG nr. 92\/2021 privind regimul de\u0219eurilor. Jandarmeria V\u00e2lcea atrage aten\u021bia asupra pericolului reprezentat de arderea de\u0219eurilor, care poate genera fum \u0219i substan\u021be toxice, cu efecte asupra mediului \u0219i s\u0103n\u0103t\u0103\u021bii\u201d<\/em>, au anun\u021bat reprezentan\u021bii Jandarmeriei V\u00e2lcea.<\/p>\n<\/div>\n<\/div>\n<div class=\"tdb-author-box td_block_wrap tdb_single_author_box tdi_72 tdb-content-vert-top td-pb-border-top td_block_template_1\" data-td-block-uid=\"tdi_72\">\n<div class=\"tdb-block-inner td-fix-index\"><a href=\"https:\/\/www.gazeta-valceana.ro\/author\/redactia\/\" class=\"tdb-author-photo\" title=\"Redactia\"><img decoding=\"async\" alt=\"Redactia\" src=\"https:\/\/secure.gravatar.com\/avatar\/d9699bfd17d7f55fcf6bbdfb0214d48a942c5fd23a1db27f4a803a8d0651670f?s=500&amp;d=mm&amp;r=g\" class=\"avatar avatar-500 photo\" height=\"500\" width=\"500\" loading=\"lazy\"><\/a><\/p>\n<div class=\"tdb-author-info\"><a href=\"https:\/\/www.gazeta-valceana.ro\/author\/redactia\/\" class=\"tdb-author-name\">Redactia<\/a><\/div>\n<\/div>\n<\/div>\n<\/div>\n<\/div>\n<div class=\"vc_column tdi_76  wpb_column vc_column_container tdc-column td-pb-span4 td-is-sticky\">\n<div class=\"wpb_wrapper\" data-sticky-enabled-on=\"W3RydWUsdHJ1ZSx0cnVlLHRydWVd\" data-sticky-offset=\"20\" data-sticky-is-width-auto=\"W2ZhbHNlLGZhbHNlLGZhbHNlLGZhbHNlXQ==\">\n<div class=\"vc_row_inner tdi_81  vc_row vc_inner wpb_row td-pb-row tdc-row-content-vert-center\">\n<div class=\"vc_column_inner tdi_83  wpb_column vc_column_container tdc-inner-column td-pb-span12\">\n<div class=\"vc_column-inner\">\n<div class=\"wpb_wrapper\">\n<div class=\"tdm_block td_block_wrap tdm_block_inline_text tdi_86 tdm-inline-block td-pb-border-top td_block_template_1\" data-td-block-uid=\"tdi_86\">\n<p class=\"tdm-descr\">Ultimele articole<\/p>\n<\/div>\n<\/div>\n<\/div>\n<\/div>\n<\/div>\n<div class=\"td_block_wrap td_flex_block_1 tdi_87 td-pb-border-top td_block_template_1 td_flex_block\" data-td-block-uid=\"tdi_87\">\n<div id=\"tdi_87\" class=\"td_block_inner td-mc1-wrap\">\n<div class=\"td_module_flex td_module_flex_1 td_module_wrap td-animation-stack td-cpt-post\">\n<div class=\"td-module-container td-category-pos-\">\n<div class=\"td-module-meta-info\">\n<h3 class=\"entry-title td-module-title\"><a href=\"https:\/\/www.gazeta-valceana.ro\/administratie\/sindrom-bipolar-la-chimcomplex-cum-s-a-comportat-gigantul-petro-chimic-in-criza-gigacaloriei-la-ramnicu-valcea\/\" rel=\"bookmark\" title=\"Sindrom bipolar la Chimcomplex. Cum s-a comportat gigantul petro-chimic \u00een criza gigacaloriei la R\u00e2mnicu V\u00e2lcea\">Sindrom bipolar la Chimcomplex. Cum s-a comportat gigantul petro-chimic \u00een criza gigacaloriei la R\u00e2mnicu V\u00e2lcea<\/a><\/h3>\n<div class=\"td-editor-date\"><span class=\"td-author-date\"><span class=\"td-post-date\"><time class=\"entry-date updated td-module-date\" datetime=\"2026-09-02T15:06:04+02:00\">2 septembrie 2026<\/time><\/span><\/span><\/div>\n<\/div>\n<\/div>\n<\/div>\n<div class=\"td_module_flex td_module_flex_1 td_module_wrap td-animation-stack td-cpt-post\">\n<div class=\"td-module-container td-category-pos-\">\n<div class=\"td-module-meta-info\">\n<h3 class=\"entry-title td-module-title\"><a href=\"https:\/\/www.gazeta-valceana.ro\/anchetedezvaluri\/valcean-de-76-de-ani-cu-probleme-medicale-depistat-la-volanul-unei-masini-tocmai-in-hunedoara-batranul-este-domiciliat-in\/\" rel=\"bookmark\" title=\"V\u00e2lcean de 76 de ani, cu probleme medicale, depistat la volanul unei ma\u0219ini tocmai \u00een Hunedoara. B\u0103tr\u00e2nul este domiciliat \u00een\u2026\">V\u00e2lcean de 76 de ani, cu probleme medicale, depistat la volanul unei ma\u0219ini tocmai \u00een Hunedoara. B\u0103tr\u00e2nul este domiciliat \u00een\u2026<\/a><\/h3>\n<div class=\"td-editor-date\"><span class=\"td-author-date\"><span class=\"td-post-date\"><time class=\"entry-date updated td-module-date\" datetime=\"2026-09-02T11:39:15+02:00\">2 septembrie 2026<\/time><\/span><\/span><\/div>\n<\/div>\n<\/div>\n<\/div>\n<div class=\"td_module_flex td_module_flex_1 td_module_wrap td-animation-stack td-cpt-post\">\n<div class=\"td-module-container td-category-pos-\">\n<div class=\"td-module-meta-info\">\n<h3 class=\"entry-title td-module-title\"><a href=\"https:\/\/www.gazeta-valceana.ro\/justitie\/imagini-dosare-penale-intocmite-de-politistii-din-prundeni-si-olanesti-sunt-vizati-doi-barbati-din-ionesti-si-pausesti-maglasi-detalii\/\" rel=\"bookmark\" title=\"IMAGINI. Dosare penale \u00eentocmite de poli\u021bi\u0219tii din Prundeni \u0219i Ol\u0103ne\u0219ti. Sunt viza\u021bi doi b\u0103rba\u021bi, din Ione\u0219ti \u0219i P\u0103u\u0219e\u0219ti M\u0103gla\u0219i. DETALII\">IMAGINI. Dosare penale \u00eentocmite de poli\u021bi\u0219tii din Prundeni \u0219i Ol\u0103ne\u0219ti. Sunt viza\u021bi doi b\u0103rba\u021bi, din Ione\u0219ti \u0219i P\u0103u\u0219e\u0219ti M\u0103gla\u0219i. DETALII<\/a><\/h3>\n<div class=\"td-editor-date\"><span class=\"td-author-date\"><span class=\"td-post-date\"><time class=\"entry-date updated td-module-date\" datetime=\"2026-09-02T10:18:15+02:00\">2 septembrie 2026<\/time><\/span><\/span><\/div>\n<\/div>\n<\/div>\n<\/div>\n<div class=\"td_module_flex td_module_flex_1 td_module_wrap td-animation-stack td-cpt-post\">\n<div class=\"td-module-container td-category-pos-\">\n<div class=\"td-module-meta-info\">\n<h3 class=\"entry-title td-module-title\"><a href=\"https:\/\/www.gazeta-valceana.ro\/anchetedezvaluri\/garda-de-mediu-valcea-falimentara-in-fata-unui-clan-de-piromani\/\" rel=\"bookmark\" title=\"Garda de Mediu V\u00e2lcea, falimentar\u0103 \u00een fa\u021ba unui clan de piromani\">Garda de Mediu V\u00e2lcea, falimentar\u0103 \u00een fa\u021ba unui clan de piromani<\/a><\/h3>\n<div class=\"td-editor-date\"><span class=\"td-author-date\"><span class=\"td-post-date\"><time class=\"entry-date updated td-module-date\" datetime=\"2026-09-02T09:37:30+02:00\">2 septembrie 2026<\/time><\/span><\/span><\/div>\n<\/div>\n<\/div>\n<\/div>\n<\/div>\n<\/div>\n<\/div>\n<\/div>\n<\/div>\n<\/div>\n<div id=\"tdi_95\" class=\"tdc-row stretch_row_1200 td-stretch-content\">\n<div class=\"vc_row tdi_96  wpb_row td-pb-row\">\n<div class=\"vc_column tdi_98  wpb_column vc_column_container tdc-column td-pb-span12\">\n<div class=\"wpb_wrapper\">\n<div class=\"td_block_wrap tdb_single_next_prev tdi_99 td-pb-border-top td_block_template_1\" data-td-block-uid=\"tdi_99\">\n<div class=\"tdb-block-inner td-fix-index\">\n<div class=\"tdb-next-post tdb-next-post-bg tdb-post-prev\"><span>Articolul precedent<\/span><\/p>\n<div class=\"td-module-container\">\n<div class=\"next-prev-title\"><a href=\"https:\/\/www.gazeta-valceana.ro\/anchetedezvaluri\/valcean-de-76-de-ani-cu-probleme-medicale-depistat-la-volanul-unei-masini-tocmai-in-hunedoara-batranul-este-domiciliat-in\/\">V\u00e2lcean de 76 de ani, cu probleme medicale, depistat la volanul unei ma\u0219ini tocmai \u00een Hunedoara. B\u0103tr\u00e2nul este domiciliat \u00een\u2026<\/a><\/div>\n<\/div>\n<\/div>\n<div class=\"tdb-next-post tdb-next-post-bg tdb-post-next\"><span>Articolul urm\u0103tor<\/span><\/p>\n<div class=\"td-module-container\">\n<div class=\"next-prev-title\"><a href=\"https:\/\/www.gazeta-valceana.ro\/administratie\/sindrom-bipolar-la-chimcomplex-cum-s-a-comportat-gigantul-petro-chimic-in-criza-gigacaloriei-la-ramnicu-valcea\/\">Sindrom bipolar la Chimcomplex. Cum s-a comportat gigantul petro-chimic \u00een criza gigacaloriei la R\u00e2mnicu V\u00e2lcea<\/a><\/div>\n<\/div>\n<\/div>\n<\/div>\n<\/div>\n<div class=\"vc_row_inner tdi_101  vc_row vc_inner wpb_row td-pb-row tdc-row-content-vert-center\">\n<div class=\"vc_column_inner tdi_103  wpb_column vc_column_container tdc-inner-column td-pb-span12\">\n<div class=\"vc_column-inner\">\n<div class=\"wpb_wrapper\">\n<div class=\"tdm_block td_block_wrap tdm_block_inline_text tdi_106 tdm-inline-block td-pb-border-top td_block_template_1\" data-td-block-uid=\"tdi_106\">\n<p class=\"tdm-descr\">Related articles<\/p>\n<\/div>\n<\/div>\n<\/div>\n<\/div>\n<\/div>\n<div class=\"td_block_wrap tdb_single_related tdi_107 td_with_ajax_pagination td-pb-border-top td_block_template_1 tdb-single-related-posts\" data-td-block-uid=\"tdi_107\">\n<div id=\"tdi_107\" class=\"td_block_inner tdb-block-inner td-fix-index\">\n<div class=\"tdb_module_related td_module_wrap td-animation-stack\">\n<div class=\"td-module-container td-category-pos-\">\n<div class=\"td-module-meta-info\">\n<h3 class=\"entry-title td-module-title\"><a href=\"https:\/\/www.gazeta-valceana.ro\/administratie\/sindrom-bipolar-la-chimcomplex-cum-s-a-comportat-gigantul-petro-chimic-in-criza-gigacaloriei-la-ramnicu-valcea\/\" rel=\"bookmark\" title=\"Sindrom bipolar la Chimcomplex. Cum s-a comportat gigantul petro-chimic \u00een criza gigacaloriei la R\u00e2mnicu V\u00e2lcea\">Sindrom bipolar la Chimcomplex. Cum s-a comportat gigantul petro-chimic \u00een criza gigacaloriei la R\u00e2mnicu V\u00e2lcea<\/a><\/h3>\n<div class=\"td-editor-date\"><a href=\"https:\/\/www.gazeta-valceana.ro\/category\/administratie\/\" class=\"td-post-category\">Administra\u0163ie<\/a><span class=\"td-author-date\"><span class=\"td-post-date\"><time class=\"entry-date updated td-module-date\" datetime=\"2026-09-02T15:06:04+02:00\">2 septembrie 2026<\/time><\/span><\/span><\/div>\n<\/div>\n<\/div>\n<\/div>\n<div class=\"tdb_module_related td_module_wrap td-animation-stack\">\n<div class=\"td-module-container td-category-pos-\">\n<div class=\"td-module-meta-info\">\n<h3 class=\"entry-title td-module-title\"><a href=\"https:\/\/www.gazeta-valceana.ro\/anchetedezvaluri\/valcean-de-76-de-ani-cu-probleme-medicale-depistat-la-volanul-unei-masini-tocmai-in-hunedoara-batranul-este-domiciliat-in\/\" rel=\"bookmark\" title=\"V\u00e2lcean de 76 de ani, cu probleme medicale, depistat la volanul unei ma\u0219ini tocmai \u00een Hunedoara. B\u0103tr\u00e2nul este domiciliat \u00een\u2026\">V\u00e2lcean de 76 de ani, cu probleme medicale, depistat la volanul unei ma\u0219ini tocmai \u00een Hunedoara. B\u0103tr\u00e2nul este domiciliat \u00een\u2026<\/a><\/h3>\n<div class=\"td-editor-date\"><a href=\"https:\/\/www.gazeta-valceana.ro\/category\/anchetedezvaluri\/\" class=\"td-post-category\">Anchete\/Dezv\u0103luri<\/a><span class=\"td-author-date\"><span class=\"td-post-date\"><time class=\"entry-date updated td-module-date\" datetime=\"2026-09-02T11:39:15+02:00\">2 septembrie 2026<\/time><\/span><\/span><\/div>\n<\/div>\n<\/div>\n<\/div>\n<div class=\"tdb_module_related td_module_wrap td-animation-stack\">\n<div class=\"td-module-container td-category-pos-\">\n<div class=\"td-module-meta-info\">\n<h3 class=\"entry-title td-module-title\"><a href=\"https:\/\/www.gazeta-valceana.ro\/justitie\/imagini-dosare-penale-intocmite-de-politistii-din-prundeni-si-olanesti-sunt-vizati-doi-barbati-din-ionesti-si-pausesti-maglasi-detalii\/\" rel=\"bookmark\" title=\"IMAGINI. Dosare penale \u00eentocmite de poli\u021bi\u0219tii din Prundeni \u0219i Ol\u0103ne\u0219ti. Sunt viza\u021bi doi b\u0103rba\u021bi, din Ione\u0219ti \u0219i P\u0103u\u0219e\u0219ti M\u0103gla\u0219i. DETALII\">IMAGINI. Dosare penale \u00eentocmite de poli\u021bi\u0219tii din Prundeni \u0219i Ol\u0103ne\u0219ti. Sunt viza\u021bi doi b\u0103rba\u021bi, din Ione\u0219ti \u0219i P\u0103u\u0219e\u0219ti M\u0103gla\u0219i. DETALII<\/a><\/h3>\n<div class=\"td-editor-date\"><a href=\"https:\/\/www.gazeta-valceana.ro\/category\/anchetedezvaluri\/\" class=\"td-post-category\">Anchete\/Dezv\u0103luri<\/a><span class=\"td-author-date\"><span class=\"td-post-date\"><time class=\"entry-date updated td-module-date\" datetime=\"2026-09-02T10:18:15+02:00\">2 septembrie 2026<\/time><\/span><\/span><\/div>\n<\/div>\n<\/div>\n<\/div>\n<\/div>\n<\/div>\n<\/div>\n<\/div>\n<\/div>\n<\/div>\n<div id=\"tdi_114\" class=\"tdc-row stretch_row_1200 td-stretch-content\">\n<div class=\"vc_row tdi_115  wpb_row td-pb-row\">\n<div class=\"vc_column tdi_120  wpb_column vc_column_container tdc-column td-pb-span4 td-is-sticky\">\n<div class=\"wpb_wrapper\" data-sticky-enabled-on=\"W3RydWUsdHJ1ZSx0cnVlLHRydWVd\" data-sticky-offset=\"20\" data-sticky-is-width-auto=\"W2ZhbHNlLGZhbHNlLGZhbHNlLGZhbHNlXQ==\">\n<div class=\"td_block_wrap td-a-rec td-a-rec-id-custom-spot td-a-rec-img tdi_121 td_block_template_1\">\n<div><a href=\"https:\/\/www.gazeta-valceana.ro\/anchetedezvaluri\/foto-a-dat-foc-componentelor-auto-pentru-a-recupera-cuprul-unde-pe-morilor-izvorului-ca-aproape-in-fiecare-zi\/\" class=\"td_spot_img_all\"><img loading=\"lazy\" decoding=\"async\" src=\"https:\/\/www.gazeta-valceana.ro\/wp-content\/uploads\/2025\/01\/image-4.jpg\" alt=\"spot_img\" width=\"347\" height=\"277\"><\/a><a href=\"https:\/\/www.gazeta-valceana.ro\/anchetedezvaluri\/foto-a-dat-foc-componentelor-auto-pentru-a-recupera-cuprul-unde-pe-morilor-izvorului-ca-aproape-in-fiecare-zi\/\" class=\"td_spot_img_mob\"><img loading=\"lazy\" decoding=\"async\" src=\"https:\/\/www.gazeta-valceana.ro\/wp-content\/uploads\/2025\/01\/image-4.jpg\" alt=\"spot_img\" width=\"347\" height=\"247\"><\/a><\/div>\n<\/div>\n<div class=\"td_block_wrap td-a-rec td-a-rec-id-custom-spot td-a-rec-img tdi_122 td_block_template_1\">\n<div><a href=\"https:\/\/www.gazeta-valceana.ro\/anchetedezvaluri\/foto-a-dat-foc-componentelor-auto-pentru-a-recupera-cuprul-unde-pe-morilor-izvorului-ca-aproape-in-fiecare-zi\/\" class=\"td_spot_img_all\"><img loading=\"lazy\" decoding=\"async\" src=\"https:\/\/www.gazeta-valceana.ro\/wp-content\/uploads\/2025\/01\/image-5.jpg\" alt=\"spot_img\" width=\"347\" height=\"277\"><\/a><a href=\"https:\/\/www.gazeta-valceana.ro\/anchetedezvaluri\/foto-a-dat-foc-componentelor-auto-pentru-a-recupera-cuprul-unde-pe-morilor-izvorului-ca-aproape-in-fiecare-zi\/\" class=\"td_spot_img_mob\"><img loading=\"lazy\" decoding=\"async\" src=\"https:\/\/www.gazeta-valceana.ro\/wp-content\/uploads\/2025\/01\/image-5.jpg\" alt=\"spot_img\" width=\"347\" height=\"247\"><\/a><\/div>\n<\/div>\n<div class=\"td_block_wrap td-a-rec td-a-rec-id-custom-spot td-a-rec-img tdi_123 td_block_template_1\">\n<div><a href=\"https:\/\/www.gazeta-valceana.ro\/anchetedezvaluri\/foto-a-dat-foc-componentelor-auto-pentru-a-recupera-cuprul-unde-pe-morilor-izvorului-ca-aproape-in-fiecare-zi\/\" class=\"td_spot_img_all\"><img loading=\"lazy\" decoding=\"async\" src=\"https:\/\/www.gazeta-valceana.ro\/wp-content\/uploads\/2025\/01\/image-3.jpeg\" alt=\"spot_img\" width=\"347\" height=\"277\"><\/a><a href=\"https:\/\/www.gazeta-valceana.ro\/anchetedezvaluri\/foto-a-dat-foc-componentelor-auto-pentru-a-recupera-cuprul-unde-pe-morilor-izvorului-ca-aproape-in-fiecare-zi\/\" class=\"td_spot_img_mob\"><img loading=\"lazy\" decoding=\"async\" src=\"https:\/\/www.gazeta-valceana.ro\/wp-content\/uploads\/2025\/01\/image-3.jpeg\" alt=\"spot_img\" width=\"347\" height=\"247\"><\/a><\/div>\n<\/div>\n<\/div>\n<\/div>\n<\/div>\n<\/div>\n<\/div>\n<\/div>\n<p><span class=\"td-page-meta\"><\/span><span class=\"td-page-meta\"><span class=\"td-page-meta\"><\/span><\/span><span class=\"td-page-meta\"><\/span><\/article>\n<\/p>\n<div class=\"td_block_wrap tdb_single_content tdi_71 td-pb-border-top td_block_template_1 td-post-content tagdiv-type\" data-td-block-uid=\"tdi_71\">\n<div class=\"tdb-block-inner td-fix-index\">\n<p>\u00cen dup\u0103-amiaza de mar\u021bi, 1 septembrie 2026, \u00een jurul orei 18.40, jandarmii v\u00e2lceni au observat, de la distan\u021b\u0103, un fum dens, de culoare neagr\u0103, care provenea din zona str\u0103zii Izvorului din municipiul R\u00e2mnicu V\u00e2lcea (zona cartierului Morilor). Ace\u0219tia s-au deplasat \u00een zona respectiv\u0103 pentru a verifica de unde provenea fumul. \u00cen urma verific\u0103rilor, jandarmii au identificat un b\u0103rbat, \u00een v\u00e2rst\u0103 de 39 de ani, care ardea componente auto provenite din dezmembr\u0103ri, cu scopul de a recupera cuprul.<\/p>\n<p>Jandarmii au constatat c\u0103 arderea acestor materiale a generat un fum dens \u0219i toxic, cu un miros puternic, care putea afecta calitatea aerului \u0219i persoanele aflate \u00een apropiere.<\/p>\n<p><em>\u201ePentru fapta constatat\u0103, b\u0103rbatul a fost sanc\u021bionat contraven\u021bional cu amend\u0103 \u00een valoare de 30.000 de lei, \u00een conformitate cu prevederile OUG nr. 92\/2021 privind regimul de\u0219eurilor. Jandarmeria V\u00e2lcea atrage aten\u021bia asupra pericolului reprezentat de arderea de\u0219eurilor, care poate genera fum \u0219i substan\u021be toxice, cu efecte asupra mediului \u0219i s\u0103n\u0103t\u0103\u021bii\u201d<\/em>, au anun\u021bat reprezentan\u021bii Jandarmeriei V\u00e2lcea.<\/p>\n<\/div>\n<\/div>\n<p>\u00cen dup\u0103-amiaza de mar\u021bi, 1 septembrie 2026, \u00een jurul orei 18.40, jandarmii v\u00e2lceni au observat, de la distan\u021b\u0103, un fum dens, de culoare neagr\u0103, care provenea din zona str\u0103zii Izvorului din municipiul R\u00e2mnicu V\u00e2lcea (zona cartierului Morilor). Ace\u0219tia s-au deplasat \u00een zona respectiv\u0103 pentru a verifica de unde provenea fumul. \u00cen urma verific\u0103rilor, jandarmii au identificat un b\u0103rbat, \u00een v\u00e2rst\u0103 de 39 de ani, care ardea componente auto provenite din dezmembr\u0103ri, cu scopul de a recupera cuprul.<\/p>\n<p>Jandarmii au constatat c\u0103 arderea acestor materiale a generat un fum dens \u0219i toxic, cu un miros puternic, care putea afecta calitatea aerului \u0219i persoanele aflate \u00een apropiere.<\/p>\n<p><em>\u201ePentru fapta constatat\u0103, b\u0103rbatul a fost sanc\u021bionat contraven\u021bional cu amend\u0103 \u00een valoare de 30.000 de lei, \u00een conformitate cu prevederile OUG nr. 92\/2021 privind regimul de\u0219eurilor. Jandarmeria V\u00e2lcea atrage aten\u021bia asupra pericolului reprezentat de arderea de\u0219eurilor, care poate genera fum \u0219i substan\u021be toxice, cu efecte asupra mediului \u0219i s\u0103n\u0103t\u0103\u021bii\u201d<\/em>, au anun\u021bat reprezentan\u021bii Jandarmeriei V\u00e2lcea.<\/p>\n<p>[analyse_source url=&#8221;https:\/\/www.gazeta-valceana.ro\/anchetedezvaluri\/foto-a-dat-foc-componentelor-auto-pentru-a-recupera-cuprul-unde-pe-morilor-izvorului-ca-aproape-in-fiecare-zi\/&#8221;]<\/p>\n","protected":false},"excerpt":{"rendered":"<p>[analyse_image type=&#8221;featured&#8221; src=&#8221;https:\/\/www.gazeta-valceana.ro\/wp-content\/uploads\/2026\/09\/Deseuri-Foc-Incendiu-Cauciuc-Ramnicu-Valcea-Morilor-Izvorului.jpg&#8221;] FOTO. A dat foc componentelor auto pentru a recupera cuprul! UNDE? Pe Morilor-Izvorului, ca aproape \u00een fiecare zi! Anchete\/Dezv\u0103luriI 2 septembrie 2026 Ac\u021biune Facebook Twitter Pinterest WhatsApp \u00cen dup\u0103-amiaza de mar\u021bi, 1 septembrie 2026, \u00een jurul orei 18.40, jandarmii v\u00e2lceni au observat, de la distan\u021b\u0103, un fum dens, de culoare neagr\u0103, care [&hellip;]<\/p>\n","protected":false},"author":1,"featured_media":0,"comment_status":"open","ping_status":"","sticky":false,"template":"","format":"standard","meta":{"footnotes":""},"categories":[89],"tags":[226,214],"class_list":["post-2124173","post","type-post","status-publish","format-standard","hentry","category-romania","tag-crawlmanager","tag-gazetavalceana-ro"],"_links":{"self":[{"href":"https:\/\/analyse.optim.biz\/index.php?rest_route=\/wp\/v2\/posts\/2124173","targetHints":{"allow":["GET"]}}],"collection":[{"href":"https:\/\/analyse.optim.biz\/index.php?rest_route=\/wp\/v2\/posts"}],"about":[{"href":"https:\/\/analyse.optim.biz\/index.php?rest_route=\/wp\/v2\/types\/post"}],"author":[{"embeddable":true,"href":"https:\/\/analyse.optim.biz\/index.php?rest_route=\/wp\/v2\/users\/1"}],"replies":[{"embeddable":true,"href":"https:\/\/analyse.optim.biz\/index.php?rest_route=%2Fwp%2Fv2%2Fcomments&post=2124173"}],"version-history":[{"count":0,"href":"https:\/\/analyse.optim.biz\/index.php?rest_route=\/wp\/v2\/posts\/2124173\/revisions"}],"wp:attachment":[{"href":"https:\/\/analyse.optim.biz\/index.php?rest_route=%2Fwp%2Fv2%2Fmedia&parent=2124173"}],"wp:term":[{"taxonomy":"category","embeddable":true,"href":"https:\/\/analyse.optim.biz\/index.php?rest_route=%2Fwp%2Fv2%2Fcategories&post=2124173"},{"taxonomy":"post_tag","embeddable":true,"href":"https:\/\/analyse.optim.biz\/index.php?rest_route=%2Fwp%2Fv2%2Ftags&post=2124173"}],"curies":[{"name":"wp","href":"https:\/\/api.w.org\/{rel}","templated":true}]}}