{"id":2124134,"date":"2026-09-01T18:18:03","date_gmt":"2026-09-01T15:18:03","guid":{"rendered":"https:\/\/analyse.optim.biz\/?p=2124134"},"modified":"2026-09-01T18:18:03","modified_gmt":"2026-09-01T15:18:03","slug":"le-primarieinevitabili-schlein-se-ne-frega-dei-consigli-dei-capoccioni-dem-il-pizzino-di-conte","status":"publish","type":"post","link":"https:\/\/analyse.optim.biz\/?p=2124134","title":{"rendered":"\u2018le primarie?inevitabili\u2019-schlein se ne frega dei consigli dei capoccioni dem-il pizzino di conte"},"content":{"rendered":"<p>[analyse_image type=&#8221;featured&#8221; src=&#8221;https:\/\/static.dagospia.com\/img\/patch\/09-2026\/conte-schlein-2301260_600_q50.webp&#8221;]<\/p>\n<article>\n<div class=\"img-wrapper\"><img decoding=\"async\" src=\"https:\/\/static.dagospia.com\/img\/patch\/09-2026\/conte-schlein-2301260_600_q50.webp\" alt=\"conte schlein\"><time class=\"data-ora\">1 set 2026 20:18<\/time><\/div>\n<p><span>UN PAESE SENZA FUTURO &#8211; \u201cLE PRIMARIE? SONO INEVITABILI\u201d \u2013 ELLY SCHLEIN SE NE FREGA DEI CONSIGLI DEI CAPOCCIONI DEM <\/span>(CHE L\u2019HANNO SCONGIURATA DI RINUNCIARE ALL\u2019ORDALIA DEI GAZEBO) E TIRA DRITTO, NONOSTANTE I SONDAGGI HORROR E I RISCHI DI TRASCINARE IL PD NEL BARATRO \u2013 E SE LA RIFORMA ELETTORALE NON ANDASSE IN PORTO? LE PRIMARIE NON SAREBBERO PI\u00d9 COS\u00cc SCONTATE MA A QUEL PUNTO, SECONDO LA DUCETTA DEL NAZARENO, <span>\u201cLA GUIDA VA AL PARTITO DELLA COALIZIONE CHE PRENDE PI\u00d9 VOTI,<\/span> I NOSTRI ELETTORI NON SOPPORTEREBBERO GIOCHINI DI PALAZZO\u201d \u2013 <span>CONTE MANDA UN PIZZINO A ELLY: \u201cL\u2019IPOTESI CHE IL PARTITO PI\u00d9 FORTE PRENDA TUTTO NON \u00c8 SOSTENIBILE,<\/span> EQUIVALE A DEGRADARE GLI ALLEATI A CESPUGLI E L\u2019ELETTORATO SI SENTIREBBE DI RECITARE UNA PARTE DA NON COPROTAGONISTA &#8211; <span>LE PRIMARIE? DIBATTITO STUCCHEVOLE E SNERVANTE. SE NON LE VOGLIONO, CE LO DICANO\u201d \u2013 IL NO ALLA CANDIDATURA DI RANUCCI CON IL M5S<\/span> \u2013 VIDEO+DAGOREPORT<\/p>\n<\/article>\n<div class=\"share-section\">\n                Condividi  questo articolo<\/p>\n<div class=\"socials\"><a href=\"http:\/\/www.facebook.com\/sharer.php?u=http:\/\/www.dagospia.com\/politica\/le-primarie-inevitabili-schlein-se-ne-frega-dei-consigli-dei-capoccioni-485432\" target=\"_blank\"><img decoding=\"async\" src=\"https:\/\/static.dagospia.com\/img\/icons\/facebook.svg\" alt=\"Condividi su Facebook\"><\/a><a href=\"http:\/\/www.twitter.com\/share?url=http:\/\/www.dagospia.com\/politica\/le-primarie-inevitabili-schlein-se-ne-frega-dei-consigli-dei-capoccioni-485432&amp;text=%E2%80%98LE%20PRIMARIE?INEVITABILI%E2%80%99-SCHLEIN%20SE%20NE%20FREGA%20DEI%20CONSIGLI%20DEI%20CAPOCCIONI%20DEM-IL%20PIZZINO%20DI%20CONTE\" target=\"_blank\"><img decoding=\"async\" src=\"https:\/\/static.dagospia.com\/img\/icons\/x-icon.png\" alt=\"Condividi su X\"><\/a><a href=\"\/\/www.dagospia.com\/politica\/le-primarie-inevitabili-schlein-se-ne-frega-dei-consigli-dei-capoccioni-485432\" target=\"_blank\"><img decoding=\"async\" src=\"https:\/\/static.dagospia.com\/img\/icons\/whatsapp.svg\" alt=\"Condividi su Whatsapp\"><\/a><a href=\"mailto:?body=http:\/\/www.dagospia.com\/politica\/le-primarie-inevitabili-schlein-se-ne-frega-dei-consigli-dei-capoccioni-485432\" target=\"_blank\"><img decoding=\"async\" src=\"https:\/\/static.dagospia.com\/img\/icons\/mail.svg\" alt=\"Invia in email\"><\/a><\/div>\n<\/div>\n<div class=\"content\">\n<div><iframe loading=\"lazy\" allow=\"accelerometer; autoplay; clipboard-write; encrypted-media; gyroscope; picture-in-picture; web-share\" allowfullscreen frameborder height=\"315\" referrerpolicy=\"strict-origin-when-cross-origin\" src=\"https:\/\/www.youtube.com\/embed\/6NNsEiBWuoY?si=hHL5hP8srVBCxo2j\" title=\"YouTube video player\" width=\"560\"><\/iframe><\/div>\n<p class=\"disable\">\u00a0<\/p>\n<p class=\"disable\"><strong>DAGOREPORT &#8211; ELLY, ASCOLTA GLI AMICI! I CAPOCCIONI E LE MEZZECALZE DEL PD, CHE SONO SCESI COS\u00cc PESANTEMENTE IN CAMPO PER SCONGIURARE LA JATTURA DELLE PRIMARIE, NON CE L&#8217;HANNO CON TE, LO FANNO PER SOLO PER IL TUO BENE &#8211; CERTO, TEMONO (A RAGIONE) ANCHE PER LA LORO SOPRAVVIVENZA PARLAMENTARE: SE ELLY, COME PROBABILE, PERDESSE AI GAZEBO IL DUELLO CON CONTE, TRASCINEREBBE IL PARTITO NEL BARATRO &#8211; \u00c8 PER QUESTO CHE DA QUALCHE SETTIMANA SONO PARTITI GLI AVVERTIMENTI VIA STAMPA, ANCHE DI ESPONENTI PD NON OSTILI ALLA SCHLEIN COME DARIO NARDELLA, DI FARE UN PASSO INDIETRO \u2013 LA TRAGEDIA \u00c8 CHE L\u2019AMBIZIOSA DUCETTA DEL NAZARENO, NONOSTANTE I SONDAGGI HORROR, SI VEDE GI\u00c0 A PALAZZO CHIGI, VALUTANDOLI COME ATTACCHI ALLA SUA LEADERSHIP: \u201cLE INTERVISTE SULLE PRIMARIE? SONO SOLO ESERCIZI INTELLETTUALI, ALLA FESTA DELL\u2019UNITA\u2019 PARLO IO\u201d &#8211; SE ELLY CONTINUA COS\u00cc, RISCHIA CHE LA SUA PROSSIMA OCCUPAZIONE SARA&#8217; DI BALLARE SUI CARRI DEL GAY PRIDE&#8230;<\/strong><\/p>\n<p class=\"disable\"><strong><a href=\"https:\/\/www.dagospia.com\/politica\/elly-ascolta-gli-amici-i-big-pd-scesi-in-campo-cosi-pesantemente-per-485354\">https:\/\/www.dagospia.com\/politica\/elly-ascolta-gli-amici-i-big-pd-scesi-in-campo-cosi-pesantemente-per-485354<\/a><\/strong><\/p>\n<p class=\"disable\">\u00a0<\/p>\n<p class=\"disable\">\u00a0<\/p>\n<p class=\"disable\"><strong>1 &#8211; LA SFIDA SULLE PRIMARIE SCHLEIN INSISTE PER FARLE CONTE: IL PARTITO PI\u00d9 FORTE NON PU\u00d2 PRENDERE TUTTO<\/strong>\u00a0<\/p>\n<p class=\"disable\"><span data-contrast=\"auto\" xml:lang=\"IT-IT\"><strong>Maria Teresa Meli per il <a href=\"http:\/\/www.corriere.it\" target=\"_blank\">\u201cCorriere della Sera\u201d<\/a><\/strong><\/span><a href=\"http:\/\/www.corriere.it\" target=\"_blank\">\u00a0&#8211; Estratti<\/a><\/p>\n<p class=\"disable\">\u00a0<\/p>\n<p class=\"disable\"><span data-contrast=\"auto\" xml:lang=\"IT-IT\">S\u00ec, \u00e8 vero. Tutto vero. Il centrosinistra non ha ancora n\u00e9 un programma n\u00e9 un candidato leader. Per\u00f2 Elly Schlein una sua road map<\/span> in testa l\u2019ha gi\u00e0. E non solo per il programma. Anche per le primarie. Il fatto \u00e8 che, come spesso le accade, ha confidato la sua strategia a pochi. Anzi pochissimi.\u00a0<\/p>\n<p><a href=\"https:\/\/www.dagospia.com\/media-gallery\/dago-fotogallery-521859\/2301085\" class=\"float-right img-wrapper\"><img decoding=\"async\" id=\"2301085\" loading=\"lazy\" src=\"https:\/\/static.dagospia.com\/img\/foto\/08-2026\/conte-schlein-2301085_800_q50.webp\"><span class=\"img-title\">conte schlein<\/span><\/a><\/p>\n<p class=\"disable\">\u00a0<\/p>\n<p class=\"disable\">Del resto, come darle torto dal momento che pi\u00f9 di mezzo Pd sembra remare contro i gazebo. Pure tra chi l\u2019ha sostenuta al Congresso. \u00c8 il caso di Roberto Speranza. O di Andrea Orlando, secondo il quale \u00abil dibattito va portato in una sede di confronto interno al partito senza dare per scontato che si arrivi davvero a una nuova legge elettorale\u00bb.\u00a0<\/p>\n<p class=\"disable\">\u00a0<\/p>\n<p class=\"disable\">Due leader del Correntone di Montepulciano (che, sia detto per inciso e anche per far capire di che si sta parlando, sta con Schlein) su tre preferirebbero evitare questa conta. Il terzo, Dario Franceschini, smentisce di lavorare contro le primarie, bench\u00e9 molti dem sostengano che si stia muovendo proprio con questo obiettivo. Nega qualsiasi retro pensiero anche Goffredo Bettini, il quale ricorda che il suo giornale, cio\u00e8 Rinascita , \u00abnon si schiera\u00bb. Poi c\u2019\u00e8 il governatore della Toscana Eugenio Giani che confessa di \u00abessere freddo\u00bb sulla consultazione. Il che lo accomuna al presidente dell\u2019Emilia-Romagna Michele De Pascale e al di lui predecessore Stefano Bonaccini. Insomma, non \u00e8 un caso se Filippo Sensi dica di \u00abessere rimasto l\u2019unico nel Pd o gi\u00f9 di l\u00ec a sostenere le primarie\u00bb.\u00a0<\/p>\n<p class=\"disable\">\u00a0<\/p>\n<p><a href=\"https:\/\/www.dagospia.com\/media-gallery\/dago-fotogallery-521859\/2288942\" class=\"float-left img-wrapper\"><img decoding=\"async\" id=\"2288942\" loading=\"lazy\" src=\"https:\/\/static.dagospia.com\/img\/foto\/07-2026\/elly-schlein-alessandro-onorato-giuseppe-conte-gaetano-manfredi-2288942_800_q50.webp\"><span class=\"img-title\">Elly Schlein alessandro Onorato Giuseppe Conte Gaetano Manfredi<\/span><\/a><\/p>\n<p class=\"disable\">Ma chi pi\u00f9 di ogni altro vuole i gazebo \u00e8 Schlein. Solo che preferirebbe non parlarne ora.\u00a0<\/p>\n<p class=\"disable\"><span data-contrast=\"auto\" xml:lang=\"IT-IT\">\u00abAdesso dobbiamo martellare il governo sull\u2019economia\u00bb, \u00e8 l\u2019incitamento che d\u00e0 ai suoi, mentre prepara la contromanovra dell\u2019opposizione insieme agli alleati, per dimostrare che la coalizione \u00abc\u2019\u00e8 ed \u00e8 pronta a governare\u00bb.<\/span>\u00a0<\/p>\n<p class=\"disable\">\u00a0<\/p>\n<p class=\"disable\">Secondo lei le primarie sono \u00abinevitabili\u00bb. E non vanno tenute troppo presto onde evitare che le pi\u00f9 che probabili successive polemiche abbiano una ricaduta negativa sull\u2019esito del voto. Meglio che siano quasi a ridosso delle elezioni perch\u00e9 poi c\u2019\u00e8 la campagna elettorale che silenzia tutte (o quasi) le diatribe. Le primarie convengono a Schlein perch\u00e9 cos\u00ec lega il Pd alla sua candidatura. E perch\u00e9, pur andando al voto da segretaria prorogata, dato che il congresso non si far\u00e0 e il suo mandato scade prima delle politiche, come candidata premier avr\u00e0 comunque la forza per imporre la sua linea anche sulle liste elettorali. Certo, se la riforma elettorale non andasse in porto le primarie non sarebbero pi\u00f9 cos\u00ec scontate.<\/p>\n<p class=\"disable\">\u00a0<\/p>\n<p class=\"disable\">Ma la segretaria spiega ai suoi: \u00abA quel punto varr\u00e0 la regola che vige in tutti i Paesi democratici, la guida va al partito della coalizione che prende pi\u00f9 voti, i nostri elettori non sopporterebbero giochini di palazzo\u00bb.<\/p>\n<p><a href=\"https:\/\/www.dagospia.com\/media-gallery\/dago-fotogallery-521859\/2288938\" class=\"float-right img-wrapper\"><img decoding=\"async\" id=\"2288938\" loading=\"lazy\" src=\"https:\/\/static.dagospia.com\/img\/foto\/07-2026\/giuseppe-conte-nicola-fratoianni-angelo-bonelli-elly-schlein-2288938_800_q50.webp\"><span class=\"img-title\">GIUSEPPE CONTE NICOLA FRATOIANNI ANGELO BONELLI ELLY SCHLEIN<\/span><\/a><\/p>\n<p class=\"disable\">\u00a0<\/p>\n<p class=\"disable\">E Conte? Oggi Rinascita pubblica un suo articolo sul multiculturalismo e ieri, a In Onda , su la 7, il leader del M5S, dopo aver chiarito che Sigfrido Ranucci non sar\u00e0 un candidato M5S, come pure si \u00e8 ipotizzato, ha fatto capire che le primarie non sono state la sua prima scelta: \u00abCi siamo rassegnati\u00bb. Meglio quelle comunque che nominare Schlein: \u00abL\u2019ipotesi che il partito pi\u00f9 forte prenda tutto non \u00e8 sostenibile, equivale a degradare gli alleati a cespugli e l\u2019elettorato si sentirebbe di recitare una parte da non coprotagonista\u00bb. Come a dire chi vota M5S in quel caso non voterebbe la coalizione alle politiche. Un avvertimento a Schlein. E nemmeno tanto mascherato.\u00a0<\/p>\n<p class=\"disable\">\u00a0<\/p>\n<p class=\"disable\"><span data-contrast=\"auto\" xml:lang=\"IT-IT\">Ma comunque Conte nella trasmissione fa mostra di volere assolutamente i gazebo perch\u00e9 sa che cos\u00ec metter\u00e0 in difficolta il Pd e, di conseguenza, la sua segretaria. \u00abSe non vogliono le primarie, lo dicano chiaramente\u00bb.\u00a0<\/span><\/p>\n<p class=\"disable\">(&#8230;)<\/p>\n<p class=\"disable\">\u00a0<\/p>\n<p><a href=\"https:\/\/www.dagospia.com\/media-gallery\/dago-fotogallery-521859\/2276988\" class=\"float-left img-wrapper\"><img decoding=\"async\" id=\"2276988\" loading=\"lazy\" src=\"https:\/\/static.dagospia.com\/img\/foto\/06-2026\/elly-schlein-e-giuseppe-conte-2276988_800_q50.webp\"><span class=\"img-title\">Elly Schlein e Giuseppe Conte<\/span><\/a><\/p>\n<p class=\"disable\"><span data-contrast=\"auto\" xml:lang=\"IT-IT\"><strong>2 &#8211; CONTE BLINDA LE PRIMARIE<\/strong><\/span><\/p>\n<p class=\"disable\"><span data-contrast=\"auto\" xml:lang=\"IT-IT\"><strong>Miriam Di Peri per <a href=\"http:\/\/www.repubblica.it\" target=\"_blank\">\u201cla Repubblica\u201d<\/a><\/strong><\/span><a href=\"http:\/\/www.repubblica.it\" target=\"_blank\">\u00a0&#8211; Estratti<\/a><\/p>\n<p class=\"disable\">\u00a0<\/p>\n<p class=\"disable\"><span data-contrast=\"auto\" xml:lang=\"IT-IT\">Chiede chiarezza e lealt\u00e0 e, soprattutto, dice che non pu\u00f2 valere la regola che \u00abil partito pi\u00f9 forte prende tutto\u00bb. Giuseppe Conte adesso alza il tiro. In diretta dagli studi di La7, in serata, difende la scelta delle primarie e replica a chi ha sollevatodubbi<\/span> sull&#8217;opportunit\u00e0 di avviare o meno una guerra fratricida tra alleati, parlando di \u00abdibattito stucchevole e snervante. Se non le vogliono, ce lo dicano\u00bb.\u00a0<\/p>\n<p><a href=\"https:\/\/www.dagospia.com\/media-gallery\/dago-fotogallery-521859\/2279494\" class=\"float-right img-wrapper\"><img decoding=\"async\" id=\"2279494\" loading=\"lazy\" src=\"https:\/\/static.dagospia.com\/img\/foto\/07-2026\/schlein-conte-2279494_800_q50.webp\"><span class=\"img-title\">schlein conte<\/span><\/a><\/p>\n<p class=\"disable\"><span data-contrast=\"auto\" xml:lang=\"IT-IT\">Il presidente 5S si dice pronto a lavorare al programma, ma prima chiede chiarezza. Il riferimento \u00e8 all&#8217;azionista di maggioranza del campo largo, il Pd: \u00abSe l&#8217;unica possibilit\u00e0 che ci viene offerta \u00e8 dire che il partito pi\u00f9 forte prende tutto, questa \u00e8 una cosa che nel momento in cui si sta costruendo un&#8217;alleanza con forze politiche che hanno diverse sensibilit\u00e0 non \u00e8 sostenibile\u00bb.<\/span>\u00a0<\/p>\n<p class=\"disable\">\u00a0<\/p>\n<p class=\"disable\"><span data-contrast=\"auto\" xml:lang=\"IT-IT\">Conte estende il ragionamento a tutti i soggetti del campo largo: \u00abTutte le altre forze sarebbero automaticamente degradate a cespugli e l&#8217;elettorato si sentirebbe di recitare una parte non da protagonista\u00bb.<\/span>\u00a0<\/p>\n<p class=\"disable\">\u00a0<\/p>\n<p class=\"disable\"><span data-contrast=\"auto\" xml:lang=\"IT-IT\">Insomma, la proposta del Movimento 5 Stelle, che agli alleati in queste settimane ha chiesto tempo sulla convocazione del tavolo di coalizione, in attesa della kermesse in programma a Milano il 19 e il 20 settembre in cui verr\u00e0 presentato il programma pentastellato, continua a essere quella di \u00abuna grande partecipazione di popolo\u00bb, confidando che in questo modo si trovi \u00abil candidato pi\u00f9 competitivo\u00bb.<\/span>\u00a0<\/p>\n<p class=\"disable\">\u00a0<\/p>\n<p><a href=\"https:\/\/www.dagospia.com\/media-gallery\/dago-fotogallery-521859\/2276986\" class=\"float-left img-wrapper\"><img decoding=\"async\" id=\"2276986\" loading=\"lazy\" src=\"https:\/\/static.dagospia.com\/img\/foto\/06-2026\/elly-schlein-e-giuseppe-conte3-2276986_800_q50.webp\"><span class=\"img-title\">Elly Schlein e Giuseppe Conte3<\/span><\/a><\/p>\n<p class=\"disable\"><span data-contrast=\"auto\" xml:lang=\"IT-IT\">Il rischio per\u00f2, osservano i pi\u00f9 scettici nei confronti delle primarie, \u00e8 di una competizione divisiva che possa lasciare strascichi a ridosso della campagna elettorale per le Politiche. Al punto &#8211; \u00e8 il retropensiero che si fa spazio nel campo largo &#8211; da rischiare che in caso di vittoria di Conte una parte degli elettori di Schlein possa non sostenere il leader decretato dai gazebo e viceversa, in caso di primato di Schlein. \u00abSe poi, per\u00f2, a un certo punto le primarie non si vogliono fare ci venga detto e ne prenderemo atto &#8211; taglia corto l&#8217;ex premier &#8211; e ne parleremo chiaramente non sui giornali\u00bb.<\/span>\u00a0<\/p>\n<p><a href=\"https:\/\/www.dagospia.com\/media-gallery\/dago-fotogallery-521859\/2301261\" class=\"float-right img-wrapper\"><img decoding=\"async\" id=\"2301261\" loading=\"lazy\" src=\"https:\/\/static.dagospia.com\/img\/foto\/09-2026\/giuseppe-conte-in-onda-2301261_800_q50.webp\"><span class=\"img-title\">GIUSEPPE CONTE IN ONDA<\/span><\/a><\/p>\n<p class=\"disable\">\u00a0<\/p>\n<p class=\"disable\"><span data-contrast=\"auto\" xml:lang=\"IT-IT\">Se nel centrodestra funziona da 30 anni la regola che il leader del partito pi\u00f9 votato \u00e8 il candidato \u00ab\u00e8 perch\u00e9 l&#8217;hanno applicata nel tempo, l&#8217;hanno sperimentata e a rotazione pu\u00f2 succedere a tutti\u00bb osserva ancora il presidente del M5S. Evidenziando anche che \u00abci sono travasi\u00bb tra i partiti \u00abe tutti possono partecipare e sentirsi co-protagonisti.<\/span>\u00a0<\/p>\n<p class=\"disable\">\u00a0<\/p>\n<p class=\"disable\"><span data-contrast=\"auto\" xml:lang=\"IT-IT\">Se noi usassimo questa regola comprometteremmo fin dall&#8217;origine la possibilit\u00e0 di essere tutti competitivi. Qui non \u00e8 in gioco la mia ambizione, ma la volont\u00e0 di essere al servizio di un progetto coerente e solido che mandi a casa Meloni. Per farlo dobbiamo dare la possibilit\u00e0 a tutti di sentirsi rappresentanti, co-protagonisti\u00bb.<\/span>\u00a0<\/p>\n<p><a href=\"https:\/\/www.dagospia.com\/media-gallery\/dago-fotogallery-521859\/2235562\" class=\"float-right img-wrapper\"><img decoding=\"async\" id=\"2235562\" loading=\"lazy\" src=\"https:\/\/static.dagospia.com\/img\/foto\/02-2026\/elly-schlein-e-goffredo-bettini-rilancio-rinascita-2235562_800_q50.webp\"><span class=\"img-title\">elly schlein e goffredo bettini rilancio rinascita <\/span><\/a><a href=\"https:\/\/www.dagospia.com\/media-gallery\/dago-fotogallery-521859\/2276985\" class=\"float-right img-wrapper\"><img decoding=\"async\" id=\"2276985\" loading=\"lazy\" src=\"https:\/\/static.dagospia.com\/img\/foto\/06-2026\/elly-schlein-e-giuseppe-conte2-2276985_800_q50.webp\"><span class=\"img-title\">Elly Schlein e Giuseppe Conte2<\/span><\/a><a href=\"https:\/\/www.dagospia.com\/media-gallery\/dago-fotogallery-521859\/2179346\" class=\"float-right img-wrapper\"><img decoding=\"async\" id=\"2179346\" loading=\"lazy\" src=\"https:\/\/static.dagospia.com\/img\/foto\/09-2025\/elly-schlein-e-francesco-boccia-2179346_800_q50.webp\"><span class=\"img-title\">ELLY SCHLEIN E FRANCESCO BOCCIA<\/span><\/a><a href=\"https:\/\/www.dagospia.com\/media-gallery\/dago-fotogallery-521859\/2275916\" class=\"float-right img-wrapper\"><img decoding=\"async\" id=\"2275916\" loading=\"lazy\" src=\"https:\/\/static.dagospia.com\/img\/foto\/06-2026\/giuseppe-conte-elly-schlein-nicola-fratoianni-alla-festa-dei-125-anni-della-fiom-2275916_800_q50.webp\"><span class=\"img-title\">GIUSEPPE CONTE &#8211; ELLY SCHLEIN &#8211; NICOLA FRATOIANNI ALLA FESTA DEI 125 ANNI DELLA FIOM<\/span><\/a><\/p>\n<p class=\"disable\"><span data-contrast=\"auto\" xml:lang=\"IT-IT\">(\u2026)<\/span><\/p>\n<\/div>\n<div class=\"share-section\">\n                Condividi  questo articolo<\/p>\n<div class=\"socials\"><a href=\"https:\/\/www.dagospia.com\/politica\/le-primarie-inevitabili-schlein-se-ne-frega-dei-consigli-dei-capoccioni-485432\"><img decoding=\"async\" src=\"https:\/\/static.dagospia.com\/img\/icons\/facebook.svg\" alt=\"Condividi su Facebook\"><\/a><a href=\"https:\/\/www.dagospia.com\/politica\/le-primarie-inevitabili-schlein-se-ne-frega-dei-consigli-dei-capoccioni-485432\"><img decoding=\"async\" src=\"https:\/\/static.dagospia.com\/img\/icons\/x-icon.png\" alt=\"Condividi su X\"><\/a><a href=\"https:\/\/www.dagospia.com\/politica\/le-primarie-inevitabili-schlein-se-ne-frega-dei-consigli-dei-capoccioni-485432\"><img decoding=\"async\" src=\"https:\/\/static.dagospia.com\/img\/icons\/whatsapp.svg\" alt=\"Condividi su Whatsapp\"><\/a><a href=\"https:\/\/www.dagospia.com\/politica\/le-primarie-inevitabili-schlein-se-ne-frega-dei-consigli-dei-capoccioni-485432\"><img decoding=\"async\" src=\"https:\/\/static.dagospia.com\/img\/icons\/mail.svg\" alt=\"Invia in email\"><\/a><\/div>\n<\/div>\n<div class=\"content\">\n<div><iframe loading=\"lazy\" allow=\"accelerometer; autoplay; clipboard-write; encrypted-media; gyroscope; picture-in-picture; web-share\" allowfullscreen frameborder height=\"315\" referrerpolicy=\"strict-origin-when-cross-origin\" src=\"https:\/\/www.youtube.com\/embed\/6NNsEiBWuoY?si=hHL5hP8srVBCxo2j\" title=\"YouTube video player\" width=\"560\"><\/iframe><\/div>\n<p class=\"disable\">\u00a0<\/p>\n<p class=\"disable\"><strong>DAGOREPORT &#8211; ELLY, ASCOLTA GLI AMICI! I CAPOCCIONI E LE MEZZECALZE DEL PD, CHE SONO SCESI COS\u00cc PESANTEMENTE IN CAMPO PER SCONGIURARE LA JATTURA DELLE PRIMARIE, NON CE L&#8217;HANNO CON TE, LO FANNO PER SOLO PER IL TUO BENE &#8211; CERTO, TEMONO (A RAGIONE) ANCHE PER LA LORO SOPRAVVIVENZA PARLAMENTARE: SE ELLY, COME PROBABILE, PERDESSE AI GAZEBO IL DUELLO CON CONTE, TRASCINEREBBE IL PARTITO NEL BARATRO &#8211; \u00c8 PER QUESTO CHE DA QUALCHE SETTIMANA SONO PARTITI GLI AVVERTIMENTI VIA STAMPA, ANCHE DI ESPONENTI PD NON OSTILI ALLA SCHLEIN COME DARIO NARDELLA, DI FARE UN PASSO INDIETRO \u2013 LA TRAGEDIA \u00c8 CHE L\u2019AMBIZIOSA DUCETTA DEL NAZARENO, NONOSTANTE I SONDAGGI HORROR, SI VEDE GI\u00c0 A PALAZZO CHIGI, VALUTANDOLI COME ATTACCHI ALLA SUA LEADERSHIP: \u201cLE INTERVISTE SULLE PRIMARIE? SONO SOLO ESERCIZI INTELLETTUALI, ALLA FESTA DELL\u2019UNITA\u2019 PARLO IO\u201d &#8211; SE ELLY CONTINUA COS\u00cc, RISCHIA CHE LA SUA PROSSIMA OCCUPAZIONE SARA&#8217; DI BALLARE SUI CARRI DEL GAY PRIDE&#8230;<\/strong><\/p>\n<p class=\"disable\"><strong><a href=\"https:\/\/www.dagospia.com\/politica\/elly-ascolta-gli-amici-i-big-pd-scesi-in-campo-cosi-pesantemente-per-485354\">https:\/\/www.dagospia.com\/politica\/elly-ascolta-gli-amici-i-big-pd-scesi-in-campo-cosi-pesantemente-per-485354<\/a><\/strong><\/p>\n<p class=\"disable\">\u00a0<\/p>\n<p class=\"disable\">\u00a0<\/p>\n<p class=\"disable\"><strong>1 &#8211; LA SFIDA SULLE PRIMARIE SCHLEIN INSISTE PER FARLE CONTE: IL PARTITO PI\u00d9 FORTE NON PU\u00d2 PRENDERE TUTTO<\/strong>\u00a0<\/p>\n<p class=\"disable\"><span data-contrast=\"auto\" xml:lang=\"IT-IT\"><strong>Maria Teresa Meli per il <a href=\"http:\/\/www.corriere.it\" target=\"_blank\">\u201cCorriere della Sera\u201d<\/a><\/strong><\/span><a href=\"http:\/\/www.corriere.it\" target=\"_blank\">\u00a0&#8211; Estratti<\/a><\/p>\n<p class=\"disable\">\u00a0<\/p>\n<p class=\"disable\"><span data-contrast=\"auto\" xml:lang=\"IT-IT\">S\u00ec, \u00e8 vero. Tutto vero. Il centrosinistra non ha ancora n\u00e9 un programma n\u00e9 un candidato leader. Per\u00f2 Elly Schlein una sua road map<\/span> in testa l\u2019ha gi\u00e0. E non solo per il programma. Anche per le primarie. Il fatto \u00e8 che, come spesso le accade, ha confidato la sua strategia a pochi. Anzi pochissimi.\u00a0<\/p>\n<p><a href=\"https:\/\/www.dagospia.com\/media-gallery\/dago-fotogallery-521859\/2301085\" class=\"float-right img-wrapper\"><img decoding=\"async\" id=\"2301085\" loading=\"lazy\" src=\"https:\/\/static.dagospia.com\/img\/foto\/08-2026\/conte-schlein-2301085_800_q50.webp\"><span class=\"img-title\">conte schlein<\/span><\/a><\/p>\n<p class=\"disable\">\u00a0<\/p>\n<p class=\"disable\">Del resto, come darle torto dal momento che pi\u00f9 di mezzo Pd sembra remare contro i gazebo. Pure tra chi l\u2019ha sostenuta al Congresso. \u00c8 il caso di Roberto Speranza. O di Andrea Orlando, secondo il quale \u00abil dibattito va portato in una sede di confronto interno al partito senza dare per scontato che si arrivi davvero a una nuova legge elettorale\u00bb.\u00a0<\/p>\n<p class=\"disable\">\u00a0<\/p>\n<p class=\"disable\">Due leader del Correntone di Montepulciano (che, sia detto per inciso e anche per far capire di che si sta parlando, sta con Schlein) su tre preferirebbero evitare questa conta. Il terzo, Dario Franceschini, smentisce di lavorare contro le primarie, bench\u00e9 molti dem sostengano che si stia muovendo proprio con questo obiettivo. Nega qualsiasi retro pensiero anche Goffredo Bettini, il quale ricorda che il suo giornale, cio\u00e8 Rinascita , \u00abnon si schiera\u00bb. Poi c\u2019\u00e8 il governatore della Toscana Eugenio Giani che confessa di \u00abessere freddo\u00bb sulla consultazione. Il che lo accomuna al presidente dell\u2019Emilia-Romagna Michele De Pascale e al di lui predecessore Stefano Bonaccini. Insomma, non \u00e8 un caso se Filippo Sensi dica di \u00abessere rimasto l\u2019unico nel Pd o gi\u00f9 di l\u00ec a sostenere le primarie\u00bb.\u00a0<\/p>\n<p class=\"disable\">\u00a0<\/p>\n<p><a href=\"https:\/\/www.dagospia.com\/media-gallery\/dago-fotogallery-521859\/2288942\" class=\"float-left img-wrapper\"><img decoding=\"async\" id=\"2288942\" loading=\"lazy\" src=\"https:\/\/static.dagospia.com\/img\/foto\/07-2026\/elly-schlein-alessandro-onorato-giuseppe-conte-gaetano-manfredi-2288942_800_q50.webp\"><span class=\"img-title\">Elly Schlein alessandro Onorato Giuseppe Conte Gaetano Manfredi<\/span><\/a><\/p>\n<p class=\"disable\">Ma chi pi\u00f9 di ogni altro vuole i gazebo \u00e8 Schlein. Solo che preferirebbe non parlarne ora.\u00a0<\/p>\n<p class=\"disable\"><span data-contrast=\"auto\" xml:lang=\"IT-IT\">\u00abAdesso dobbiamo martellare il governo sull\u2019economia\u00bb, \u00e8 l\u2019incitamento che d\u00e0 ai suoi, mentre prepara la contromanovra dell\u2019opposizione insieme agli alleati, per dimostrare che la coalizione \u00abc\u2019\u00e8 ed \u00e8 pronta a governare\u00bb.<\/span>\u00a0<\/p>\n<p class=\"disable\">\u00a0<\/p>\n<p class=\"disable\">Secondo lei le primarie sono \u00abinevitabili\u00bb. E non vanno tenute troppo presto onde evitare che le pi\u00f9 che probabili successive polemiche abbiano una ricaduta negativa sull\u2019esito del voto. Meglio che siano quasi a ridosso delle elezioni perch\u00e9 poi c\u2019\u00e8 la campagna elettorale che silenzia tutte (o quasi) le diatribe. Le primarie convengono a Schlein perch\u00e9 cos\u00ec lega il Pd alla sua candidatura. E perch\u00e9, pur andando al voto da segretaria prorogata, dato che il congresso non si far\u00e0 e il suo mandato scade prima delle politiche, come candidata premier avr\u00e0 comunque la forza per imporre la sua linea anche sulle liste elettorali. Certo, se la riforma elettorale non andasse in porto le primarie non sarebbero pi\u00f9 cos\u00ec scontate.<\/p>\n<p class=\"disable\">\u00a0<\/p>\n<p class=\"disable\">Ma la segretaria spiega ai suoi: \u00abA quel punto varr\u00e0 la regola che vige in tutti i Paesi democratici, la guida va al partito della coalizione che prende pi\u00f9 voti, i nostri elettori non sopporterebbero giochini di palazzo\u00bb.<\/p>\n<p><a href=\"https:\/\/www.dagospia.com\/media-gallery\/dago-fotogallery-521859\/2288938\" class=\"float-right img-wrapper\"><img decoding=\"async\" id=\"2288938\" loading=\"lazy\" src=\"https:\/\/static.dagospia.com\/img\/foto\/07-2026\/giuseppe-conte-nicola-fratoianni-angelo-bonelli-elly-schlein-2288938_800_q50.webp\"><span class=\"img-title\">GIUSEPPE CONTE NICOLA FRATOIANNI ANGELO BONELLI ELLY SCHLEIN<\/span><\/a><\/p>\n<p class=\"disable\">\u00a0<\/p>\n<p class=\"disable\">E Conte? Oggi Rinascita pubblica un suo articolo sul multiculturalismo e ieri, a In Onda , su la 7, il leader del M5S, dopo aver chiarito che Sigfrido Ranucci non sar\u00e0 un candidato M5S, come pure si \u00e8 ipotizzato, ha fatto capire che le primarie non sono state la sua prima scelta: \u00abCi siamo rassegnati\u00bb. Meglio quelle comunque che nominare Schlein: \u00abL\u2019ipotesi che il partito pi\u00f9 forte prenda tutto non \u00e8 sostenibile, equivale a degradare gli alleati a cespugli e l\u2019elettorato si sentirebbe di recitare una parte da non coprotagonista\u00bb. Come a dire chi vota M5S in quel caso non voterebbe la coalizione alle politiche. Un avvertimento a Schlein. E nemmeno tanto mascherato.\u00a0<\/p>\n<p class=\"disable\">\u00a0<\/p>\n<p class=\"disable\"><span data-contrast=\"auto\" xml:lang=\"IT-IT\">Ma comunque Conte nella trasmissione fa mostra di volere assolutamente i gazebo perch\u00e9 sa che cos\u00ec metter\u00e0 in difficolta il Pd e, di conseguenza, la sua segretaria. \u00abSe non vogliono le primarie, lo dicano chiaramente\u00bb.\u00a0<\/span><\/p>\n<p class=\"disable\">(&#8230;)<\/p>\n<p class=\"disable\">\u00a0<\/p>\n<p><a href=\"https:\/\/www.dagospia.com\/media-gallery\/dago-fotogallery-521859\/2276988\" class=\"float-left img-wrapper\"><img decoding=\"async\" id=\"2276988\" loading=\"lazy\" src=\"https:\/\/static.dagospia.com\/img\/foto\/06-2026\/elly-schlein-e-giuseppe-conte-2276988_800_q50.webp\"><span class=\"img-title\">Elly Schlein e Giuseppe Conte<\/span><\/a><\/p>\n<p class=\"disable\"><span data-contrast=\"auto\" xml:lang=\"IT-IT\"><strong>2 &#8211; CONTE BLINDA LE PRIMARIE<\/strong><\/span><\/p>\n<p class=\"disable\"><span data-contrast=\"auto\" xml:lang=\"IT-IT\"><strong>Miriam Di Peri per <a href=\"http:\/\/www.repubblica.it\" target=\"_blank\">\u201cla Repubblica\u201d<\/a><\/strong><\/span><a href=\"http:\/\/www.repubblica.it\" target=\"_blank\">\u00a0&#8211; Estratti<\/a><\/p>\n<p class=\"disable\">\u00a0<\/p>\n<p class=\"disable\"><span data-contrast=\"auto\" xml:lang=\"IT-IT\">Chiede chiarezza e lealt\u00e0 e, soprattutto, dice che non pu\u00f2 valere la regola che \u00abil partito pi\u00f9 forte prende tutto\u00bb. Giuseppe Conte adesso alza il tiro. In diretta dagli studi di La7, in serata, difende la scelta delle primarie e replica a chi ha sollevatodubbi<\/span> sull&#8217;opportunit\u00e0 di avviare o meno una guerra fratricida tra alleati, parlando di \u00abdibattito stucchevole e snervante. Se non le vogliono, ce lo dicano\u00bb.\u00a0<\/p>\n<p><a href=\"https:\/\/www.dagospia.com\/media-gallery\/dago-fotogallery-521859\/2279494\" class=\"float-right img-wrapper\"><img decoding=\"async\" id=\"2279494\" loading=\"lazy\" src=\"https:\/\/static.dagospia.com\/img\/foto\/07-2026\/schlein-conte-2279494_800_q50.webp\"><span class=\"img-title\">schlein conte<\/span><\/a><\/p>\n<p class=\"disable\"><span data-contrast=\"auto\" xml:lang=\"IT-IT\">Il presidente 5S si dice pronto a lavorare al programma, ma prima chiede chiarezza. Il riferimento \u00e8 all&#8217;azionista di maggioranza del campo largo, il Pd: \u00abSe l&#8217;unica possibilit\u00e0 che ci viene offerta \u00e8 dire che il partito pi\u00f9 forte prende tutto, questa \u00e8 una cosa che nel momento in cui si sta costruendo un&#8217;alleanza con forze politiche che hanno diverse sensibilit\u00e0 non \u00e8 sostenibile\u00bb.<\/span>\u00a0<\/p>\n<p class=\"disable\">\u00a0<\/p>\n<p class=\"disable\"><span data-contrast=\"auto\" xml:lang=\"IT-IT\">Conte estende il ragionamento a tutti i soggetti del campo largo: \u00abTutte le altre forze sarebbero automaticamente degradate a cespugli e l&#8217;elettorato si sentirebbe di recitare una parte non da protagonista\u00bb.<\/span>\u00a0<\/p>\n<p class=\"disable\">\u00a0<\/p>\n<p class=\"disable\"><span data-contrast=\"auto\" xml:lang=\"IT-IT\">Insomma, la proposta del Movimento 5 Stelle, che agli alleati in queste settimane ha chiesto tempo sulla convocazione del tavolo di coalizione, in attesa della kermesse in programma a Milano il 19 e il 20 settembre in cui verr\u00e0 presentato il programma pentastellato, continua a essere quella di \u00abuna grande partecipazione di popolo\u00bb, confidando che in questo modo si trovi \u00abil candidato pi\u00f9 competitivo\u00bb.<\/span>\u00a0<\/p>\n<p class=\"disable\">\u00a0<\/p>\n<p><a href=\"https:\/\/www.dagospia.com\/media-gallery\/dago-fotogallery-521859\/2276986\" class=\"float-left img-wrapper\"><img decoding=\"async\" id=\"2276986\" loading=\"lazy\" src=\"https:\/\/static.dagospia.com\/img\/foto\/06-2026\/elly-schlein-e-giuseppe-conte3-2276986_800_q50.webp\"><span class=\"img-title\">Elly Schlein e Giuseppe Conte3<\/span><\/a><\/p>\n<p class=\"disable\"><span data-contrast=\"auto\" xml:lang=\"IT-IT\">Il rischio per\u00f2, osservano i pi\u00f9 scettici nei confronti delle primarie, \u00e8 di una competizione divisiva che possa lasciare strascichi a ridosso della campagna elettorale per le Politiche. Al punto &#8211; \u00e8 il retropensiero che si fa spazio nel campo largo &#8211; da rischiare che in caso di vittoria di Conte una parte degli elettori di Schlein possa non sostenere il leader decretato dai gazebo e viceversa, in caso di primato di Schlein. \u00abSe poi, per\u00f2, a un certo punto le primarie non si vogliono fare ci venga detto e ne prenderemo atto &#8211; taglia corto l&#8217;ex premier &#8211; e ne parleremo chiaramente non sui giornali\u00bb.<\/span>\u00a0<\/p>\n<p><a href=\"https:\/\/www.dagospia.com\/media-gallery\/dago-fotogallery-521859\/2301261\" class=\"float-right img-wrapper\"><img decoding=\"async\" id=\"2301261\" loading=\"lazy\" src=\"https:\/\/static.dagospia.com\/img\/foto\/09-2026\/giuseppe-conte-in-onda-2301261_800_q50.webp\"><span class=\"img-title\">GIUSEPPE CONTE IN ONDA<\/span><\/a><\/p>\n<p class=\"disable\">\u00a0<\/p>\n<p class=\"disable\"><span data-contrast=\"auto\" xml:lang=\"IT-IT\">Se nel centrodestra funziona da 30 anni la regola che il leader del partito pi\u00f9 votato \u00e8 il candidato \u00ab\u00e8 perch\u00e9 l&#8217;hanno applicata nel tempo, l&#8217;hanno sperimentata e a rotazione pu\u00f2 succedere a tutti\u00bb osserva ancora il presidente del M5S. Evidenziando anche che \u00abci sono travasi\u00bb tra i partiti \u00abe tutti possono partecipare e sentirsi co-protagonisti.<\/span>\u00a0<\/p>\n<p class=\"disable\">\u00a0<\/p>\n<p class=\"disable\"><span data-contrast=\"auto\" xml:lang=\"IT-IT\">Se noi usassimo questa regola comprometteremmo fin dall&#8217;origine la possibilit\u00e0 di essere tutti competitivi. Qui non \u00e8 in gioco la mia ambizione, ma la volont\u00e0 di essere al servizio di un progetto coerente e solido che mandi a casa Meloni. Per farlo dobbiamo dare la possibilit\u00e0 a tutti di sentirsi rappresentanti, co-protagonisti\u00bb.<\/span>\u00a0<\/p>\n<p><a href=\"https:\/\/www.dagospia.com\/media-gallery\/dago-fotogallery-521859\/2235562\" class=\"float-right img-wrapper\"><img decoding=\"async\" id=\"2235562\" loading=\"lazy\" src=\"https:\/\/static.dagospia.com\/img\/foto\/02-2026\/elly-schlein-e-goffredo-bettini-rilancio-rinascita-2235562_800_q50.webp\"><span class=\"img-title\">elly schlein e goffredo bettini rilancio rinascita <\/span><\/a><a href=\"https:\/\/www.dagospia.com\/media-gallery\/dago-fotogallery-521859\/2276985\" class=\"float-right img-wrapper\"><img decoding=\"async\" id=\"2276985\" loading=\"lazy\" src=\"https:\/\/static.dagospia.com\/img\/foto\/06-2026\/elly-schlein-e-giuseppe-conte2-2276985_800_q50.webp\"><span class=\"img-title\">Elly Schlein e Giuseppe Conte2<\/span><\/a><a href=\"https:\/\/www.dagospia.com\/media-gallery\/dago-fotogallery-521859\/2179346\" class=\"float-right img-wrapper\"><img decoding=\"async\" id=\"2179346\" loading=\"lazy\" src=\"https:\/\/static.dagospia.com\/img\/foto\/09-2025\/elly-schlein-e-francesco-boccia-2179346_800_q50.webp\"><span class=\"img-title\">ELLY SCHLEIN E FRANCESCO BOCCIA<\/span><\/a><a href=\"https:\/\/www.dagospia.com\/media-gallery\/dago-fotogallery-521859\/2275916\" class=\"float-right img-wrapper\"><img decoding=\"async\" id=\"2275916\" loading=\"lazy\" src=\"https:\/\/static.dagospia.com\/img\/foto\/06-2026\/giuseppe-conte-elly-schlein-nicola-fratoianni-alla-festa-dei-125-anni-della-fiom-2275916_800_q50.webp\"><span class=\"img-title\">GIUSEPPE CONTE &#8211; ELLY SCHLEIN &#8211; NICOLA FRATOIANNI ALLA FESTA DEI 125 ANNI DELLA FIOM<\/span><\/a><\/p>\n<p class=\"disable\"><span data-contrast=\"auto\" xml:lang=\"IT-IT\">(\u2026)<\/span><\/p>\n<\/div>\n<article><a href=\"https:\/\/www.dagospia.com\/politica\/dagoreport-grazie-trump-mondo-verso-de-americanizzazione-oggi-si-485332\"><\/p>\n<div class=\"img-wrapper\"><img decoding=\"async\" src=\"https:\/\/static.dagospia.com\/img\/patch\/09-2026\/trump-modi-xi-jinping-putin-2301524_600_q50.webp\" alt=\"trump modi xi jinping putin\" loading=\"lazy\"><time class=\"data-ora\">1 set 19:59<\/time><\/div>\n<div class=\"excerpt\">\n<p>DAGOREPORT \u2013<span> GRAZIE A TRUMP, IL DOLLARO RISCHIA DI DIVENTARE CARTA STRACCIA \u2013<\/span>\u00a0IL PIATTO FORTE AL SUMMIT IN KIRGHIZISTAN DI XI JINPING, VLADIMIR PUTIN E NARENDRA MODI, HA FATTO STRA-INCAZZARE IL CALIGOLA DELLA CASA BIANCA: SUL TAVOLO,\u00a0<span>IL PROGETTO DEI &#8221;BRICS&#8221; (BRASILE, RUSSIA, INDIA, CINA, SUDAFRICA) DI DAR VITA A UNA \u201cMONETA UNICA&#8221;, PER FAR FUORI IL DOLLARO NEGLI SCAMBI INTERNAZIONALI<\/span>\u00a0&#8211; CON UN DEBITO PUBBLICO MONSTRE DI 40MILA MILIARDI, LA DE-DOLLARIZZAZIONE SAREBBE LA FINE DELL&#8217;IMPERO AMERICANO: IL VERDONE&#8221; VIENE UTILIZZATO IN OLTRE L&#8217;80% DELLE TRANSAZIONI COMMERCIALI E IN PI\u00d9 DELLA MET\u00c0 DEI PAGAMENTI INTERNAZIONALI DELLE MATERIE PRIME, COME IL PETROLIO\u00a0&#8211; <span>LA DECISIONE E&#8217; NELLE MANI DELLA CINA: RINUNCERA&#8217; ALLO MONETA NAZIONALE, LO YUAN, PER DIVENTARE LA LOCOMOTIVA DEI &#8221;BRICS&#8221;?<\/span>\u00a0&#8211;\u00a0SUL MAGGIORE IMPEGNO A FAVORE DELL\u2019IRAN, PESANO I DUBBI\u00a0DI MODI (GLI USA SONO IL PRIMO PARTNER COMMERCIALE DELL\u2019INDIA)\u00a0&#8211; PROSSIMO ROUND: IL VERTICE DI XI JIN PING DEL 24 SETTEMBRE CON IL &#8220;DERAGLIATO MENTALE&#8221; DELLA CASA BIANCA&#8230;<\/p>\n<\/div>\n<p><\/a><\/article>\n<article><a href=\"https:\/\/www.dagospia.com\/politica\/elly-ascolta-gli-amici-i-big-pd-scesi-in-campo-cosi-pesantemente-per-485354\"><\/p>\n<div class=\"img-wrapper\"><img decoding=\"async\" src=\"https:\/\/static.dagospia.com\/img\/patch\/08-2026\/giuseppe-conte-elly-schlein-franceschini-bonaccini-nardella-2301098_600_q50.webp\" alt=\"giuseppe conte elly schlein franceschini bonaccini nardella\" loading=\"lazy\"><time class=\"data-ora\">31 ago 20:17<\/time><\/div>\n<div class=\"excerpt\">\n<p>DAGOREPORT &#8211; <span>ELLY, ASCOLTA GLI AMICI!<\/span> I CAPOCCIONI E LE MEZZECALZE DEL PD, CHE SONO SCESI COS\u00cc PESANTEMENTE IN CAMPO PER SCONGIURARE LA JATTURA DELLE PRIMARIE, NON CE L&#8217;HANNO CON TE, LO FANNO SOLO PER IL TUO BENE &#8211; CERTO, TEMONO (A RAGIONE) ANCHE PER LA LORO SOPRAVVIVENZA PARLAMENTARE: <span>SE ELLY, COME PROBABILE, PERDESSE AI GAZEBO IL DUELLO CON CONTE, TRASCINEREBBE IL PARTITO NEL BARATRO <\/span>&#8211; \u00c8 PER QUESTO CHE DA QUALCHE SETTIMANA SONO PARTITI GLI AVVERTIMENTI VIA STAMPA, ANCHE DI ESPONENTI PD NON OSTILI ALLA SCHLEIN COME DARIO NARDELLA, DI FARE UN PASSO INDIETRO \u2013 <span>LA TRAGEDIA \u00c8 CHE L\u2019AMBIZIOSA DUCETTA DEL NAZARENO, NONOSTANTE I SONDAGGI HORROR, SI VEDE GI\u00c0 A PALAZZO CHIGI, VALUTANDOLI COME ATTACCHI ALLA SUA LEADERSHIP<\/span>: \u201cLE INTERVISTE SULLE PRIMARIE? SONO SOLO ESERCIZI INTELLETTUALI, ALLA FESTA DELL\u2019UNITA\u2019 PARLO IO\u201d &#8211; SE ELLY CONTINUA COS\u00cc, RISCHIA CHE LA SUA PROSSIMA OCCUPAZIONE SARA&#8217; DI BALLARE SUI CARRI DEL GAY PRIDE&#8230;<\/p>\n<\/div>\n<p><\/a><\/article>\n<article><a href=\"https:\/\/www.dagospia.com\/politica\/l-ingaggio-fedorov-fa-incazzare-zelensky-mette-in-allarme-agenzie-485343\"><\/p>\n<div class=\"img-wrapper\"><img decoding=\"async\" src=\"https:\/\/static.dagospia.com\/img\/patch\/08-2026\/fedorov-musk-thiel-zelensky-crosetto-2301168_600_q50.webp\" alt=\"fedorov musk thiel zelensky crosetto\" loading=\"lazy\"><time class=\"data-ora\">31 ago 18:41<\/time><\/div>\n<div class=\"excerpt\">\n<p>DAGOREPORT &#8211; <span>A QUALCUNO NON PIACE &#8216;STO FEDOROV<\/span> &#8211;\u00a0PIU&#8217; CHE A INDIGNARE I NEURONI ALLA VODKA DI VANNACCI E DI TRAVAGLIO, L\u2019INGAGGIO DEL GOVERNO ITALIANO DELL&#8217;EX MINISTRO DELLA DIFESA UCRAINO<span> FA INCAZZARE ZELENSKY E METTE IN ALLARME LE AGENZIE DI INTELLIGENCE EUROPEE &#8211; <\/span>IL DINAMISMO DEL NOVELLO CONSULENTE DEL MINISTRO CROSETTO NON POTEVA NON FINIRE &#8220;ATTENZIONATO&#8221;, VISTO E CONFERMATO <span>IL RAPPORTO STRETTISSIMO CON L&#8217;EMINENZA GRIGIA DELLA TECNO-DESTRA PETER THIEL E CON IL CAVALIERE NERO DELLA GALASSIA MAGA, ELON MUSK<\/span> &#8211; \u00c8 STATO FEDOROV A OTTENERE LO SBLOCCO DEL SISTEMA STARLINK E A COLTIVARE RAPPORTI CON PALANTIR, CHE FORNISCE A KIEV I SOFTWARE PER LA DIFESA &#8211; <span>CHE STA COMBINANDO IN QUESTI GIORNI FEDOROV NEGLI STATI UNITI? <\/span>COSA VOGLIONO MUSK E THIEL DA LUI? LE ELEZIONI A KIEV, MAGARI PER SOSTITUIRE ZELENSKY E ARRIVARE A QUALUNQUE \u2018PACE\u2019\u201d?<\/p>\n<\/div>\n<p><\/a><\/article>\n<article><a href=\"https:\/\/www.dagospia.com\/politica\/flash-c-e-grande-perplessita-i-draghi-boys-per-presenza-andrea-485336\"><\/p>\n<div class=\"img-wrapper\"><img decoding=\"async\" src=\"https:\/\/static.dagospia.com\/img\/patch\/08-2026\/xavier-niel-draghi-pignataro-2301175_600_q50.webp\" alt=\"xavier niel draghi pignataro\" loading=\"lazy\"><time class=\"data-ora\">31 ago 18:19<\/time><\/div>\n<div class=\"excerpt\">\n<p>FLASH! \u2013 <span>I \u201cDRAGHI BOYS\u201d DEL POTERE ECONOMICO ITALIANO AVREBBERO ESPRESSO QUALCHE PERPLESSITA&#8217; ALL\u2019EX PREMIER<\/span> SULLA PRESENZA DEL MISTERIOSO MILIARDARIO <span>ANDREA PIGNATARO E DEL FONDATORE DI ILIAD, IL FRANCESE XAVIER NIEL, <\/span>CHE NEL 2004 FU CONDANNATO A DUE ANNI DI GALERA (CON LA CONDIZIONALE), NEL \u201cRHINE GROUP\u201d, IL THINK TANK FONDATO DA \u201cMARIOPIO\u201d PER DARE UNA SFERZATA ALL\u2019UNIONE EUROPEA, COMPOSTO DA 54 MANAGER, ECONOMISTI, ACCADEMICI E IMPRENDITORI TECNOLOGICI&#8230;.<\/p>\n<\/div>\n<p><\/a><\/article>\n<article><a href=\"https:\/\/www.dagospia.com\/politica\/quale-episodio-giulia-presutti-era-habitue-cefalu-bistro-dove-piu-e-485248\"><\/p>\n<div class=\"img-wrapper\"><img decoding=\"async\" src=\"https:\/\/static.dagospia.com\/img\/patch\/08-2026\/ranucci-presutti-cianfoni-floridia-2300757_600_q50.webp\" alt=\"ranucci presutti cianfoni floridia\" loading=\"lazy\"><time class=\"data-ora\">30 ago 19:14<\/time><\/div>\n<div class=\"excerpt\">\n<p>DAGOREPORT &#8211;<span>\u00a0MA QUALE &#8220;EPISODIO&#8221;! GIULIA PRESUTTI ERA UN HABITU\u00c8 DEL \u201cCEFAL\u00d9 BISTR\u00d2\u201d<\/span> DOVE PI\u00d9 VOLTE \u00c8 STATA VISTA INSIEME ALL\u2019AMICA LAURA CIANFONI, CHE A SUA VOLTA \u00c8 LEGATISSIMA A RANUCCI E CARISSIMA A LAVITOLA (COME \u00c8 TESTIMONIATO DALLE FOTO DI DAGOSPIA IN OCCASIONE DEL PREMIO COLALUCCI, SETTEMBRE 2020) &#8211; <span>NELLA DECISIONE DI SCEGLIERE GIULIA PRESUTTI, ACCREDITATA COME ESPRESSIONE DI M5S E AVS, <\/span>PER DARE UN CONTENTINO ALL\u2019OPPOSIZIONE, SAREBBE AVVENUTA UNA INTERLOCUZIONE TRA L\u2019AD RAI, GIAMPAOLO ROSSI, E L\u2019EX PRESIDENTE DELLA VIGILANZA RAI, LA GRILLINA BARBARA FLORIDIA, CHE AVREBBE DATO IL SUO PLACET &#8211; <span>ANCHE SULLA SCELTA DI PIERVINCENZI ALLA CONDUZIONE DI &#8220;REPORT&#8221;, CHE VA A BILANCIARE LA PRESUTTI DI SINISTRA, SI ADDENSANO ALCUNE DOMANDINE<\/span>: A PARTIRE DALLA PASSIONE PER IL RUGBY\u2026<\/p>\n<\/div>\n<p><\/a><\/article>\n<article><a href=\"https:\/\/www.dagospia.com\/politica\/risiko-s-ingrossa-l-apertura-assicurazioni-generali-valutare-l-offerta-484996\"><\/p>\n<div class=\"img-wrapper\"><img decoding=\"async\" src=\"https:\/\/static.dagospia.com\/img\/patch\/08-2026\/generali-philippe-donnet-luigi-lovaglio-carlo-messina-2292458_600_q50.webp\" alt=\"generali philippe donnet luigi lovaglio carlo messina \" loading=\"lazy\"><time class=\"data-ora\">27 ago 21:02<\/time><\/div>\n<div class=\"excerpt\">\n<p>DAGOREPORT &#8211; <span>IL RISIKO S&#8217;INGROSSA!<\/span> L\u2019APERTURA DI ASSICURAZIONI GENERALI A VALUTARE L&#8217;OFFERTA\u201d DI MPS PER L\u2019ACQUISIZIONE DI BANCA GENERALI, <span>\u00c8 UN GRAN PASSO AVANTI PER IL PIANO DI LOVAGLIO PER DISINNESCARE L\u2019OPAS SUL \u201cMONTE\u201d DI BANCA INTESA <\/span>&#8211; SECONDO PIAZZA AFFARI, L\u2019OPERAZIONE TRIESTE-SIENA POTREBBE AVERE DALLA SUA <span>L\u2019APPOGGIO DEI POTENTISSIMI FONDI DI INVESTIMENTO INTERNAZIONALI, TRA CUI BLACKROCK<\/span>, CHE HA PERALTRO IMPORTANTI INTERESSI NELLE BANCHE ITALIANE, TRA CUI INTESA &#8211; <span>ORA INIZIA UNA PARTITA APERTISSIMA DAL PUNTO DI VISTA FINANZIARIO, MA ANCHE DA QUELLO POLITICO:<\/span> IL 26 OTTOBRE\u00a0 L\u2019ASSEMBLEA STRAORDINARIA DI MPS SARA&#8217; CHIAMATA AD APPROVARE L&#8217;ACQUISIZIONE E TUTTO PUO&#8217; SUCCEDERE&#8230;<\/p>\n<\/div>\n<p><\/a><\/article>\n<article><a href=\"https:\/\/www.dagospia.com\/cronache\/come-sta-alessandro-battista-condizioni-salute-dell-ex-deputato-485182\"><\/p>\n<div class=\"img-wrapper\"><img decoding=\"async\" src=\"https:\/\/static.dagospia.com\/img\/patch\/08-2026\/di-battista-grillo-di-maio-alessandro-2300529_600_q50.webp\" alt=\"di battista grillo di maio alessandro\" loading=\"lazy\"><\/div>\n<div class=\"excerpt\">COME STA ALESSANDRO DI BATTISTA? &#8211; LE CONDIZIONI DI SALUTE DELL&#8217;EX DEPUTATO DEL MOVIMENTO 5 STELLE,\u2026<\/div>\n<p><\/a><\/article>\n<article><a href=\"https:\/\/www.dagospia.com\/sport\/pennellone-frou-frou-mole-juve-acquistato-l-attaccante-nick-woltemade-485601\"><\/p>\n<div class=\"img-wrapper\"><img decoding=\"async\" src=\"https:\/\/static.dagospia.com\/img\/patch\/09-2026\/nick-woltemade-2301780_600_q50.webp\" alt loading=\"lazy\"><\/div>\n<div class=\"excerpt\">UN PENNELLONE &#8220;FROU FROU&#8221; SOTTO LA MOLE? \u2013 LA JUVE HA ACQUISTATO IN PRESTITO DAL NEWCASTLE\u2026<\/div>\n<p><\/a><\/article>\n<article><a href=\"https:\/\/www.dagospia.com\/cronache\/42enne-abusa-13enne-gip-scarcera-ha-capito-aver-sbagliato-era-485509\"><\/p>\n<div class=\"img-wrapper\"><img decoding=\"async\" src=\"https:\/\/static.dagospia.com\/img\/patch\/09-2026\/carlo-nordio-violenza-sessuale-2301509_600_q50.webp\" alt=\"carlo nordio violenza sessuale \" loading=\"lazy\"><\/div>\n<div class=\"excerpt\">QUESTI GIUDICI FANNO UN REGALO ALLA PROPAGANDA DEL GOVERNO! ALLA PERIFERIA DI TORINO UN 42ENNE\u2026<\/div>\n<p><\/a><\/article>\n<article><a href=\"https:\/\/www.dagospia.com\/media-tv\/pillole-gossip-leonardo-lini-noemi-bocchi-pitt-jolie-pamela-anderson-la-485460\"><\/p>\n<div class=\"img-wrapper\"><img decoding=\"async\" src=\"https:\/\/static.dagospia.com\/img\/patch\/09-2026\/pillole-avanti-gossip-2301347_600_q50.webp\" alt=\"pillole avanti gossip\" loading=\"lazy\"><\/div>\n<div class=\"excerpt\">AVANTI, C\u2019\u00c8 GOSSIP! SARA\u2019 IL BELLOCCIO LEONARDO LINI IL MAESTRO DI NOEMI BOCCHI A &#8220;BALLANDO CON LE\u2026<\/div>\n<p><\/a><\/article>\n<article><a href=\"https:\/\/www.dagospia.com\/media-tv\/zinnette-crocette-riconoscete-debuttato-grande-schermo-giovanissima-485439\"><\/p>\n<div class=\"img-wrapper\"><img decoding=\"async\" src=\"https:\/\/static.dagospia.com\/img\/patch\/09-2026\/elle-fanning-2301310_600_q50.webp\" alt=\"elle fanning\" loading=\"lazy\"><\/div>\n<div class=\"excerpt\">LA RICONOSCETE? \u2013 HA DEBUTTATO SUL GRANDE SCHERMO DA BAMBINA. ORA CHE \u00c8 CRESCIUTA (HA 28 ANNI), HA\u2026<\/div>\n<p><\/a><\/article>\n<article><a href=\"https:\/\/www.dagospia.com\/politica\/dagoreport-grazie-trump-mondo-verso-de-americanizzazione-oggi-si-485332\"><\/p>\n<div class=\"img-wrapper\"><img decoding=\"async\" src=\"https:\/\/static.dagospia.com\/img\/patch\/09-2026\/trump-modi-xi-jinping-putin-2301524_600_q50.webp\" alt=\"trump modi xi jinping putin\" loading=\"lazy\"><\/div>\n<div class=\"excerpt\">DAGOREPORT \u2013 GRAZIE A TRUMP, IL DOLLARO RISCHIA DI DIVENTARE CARTA STRACCIA \u2013\u00a0IL PIATTO FORTE AL\u2026<\/div>\n<p><\/a><\/article>\n<article><a href=\"https:\/\/www.dagospia.com\/politica\/elly-ascolta-gli-amici-i-big-pd-scesi-in-campo-cosi-pesantemente-per-485354\"><\/p>\n<div class=\"img-wrapper\"><img decoding=\"async\" src=\"https:\/\/static.dagospia.com\/img\/patch\/08-2026\/giuseppe-conte-elly-schlein-franceschini-bonaccini-nardella-2301098_600_q50.webp\" alt=\"giuseppe conte elly schlein franceschini bonaccini nardella\" loading=\"lazy\"><\/div>\n<div class=\"excerpt\">DAGOREPORT &#8211; ELLY, ASCOLTA GLI AMICI! I CAPOCCIONI E LE MEZZECALZE DEL PD, CHE SONO SCESI COS\u00cc\u2026<\/div>\n<p><\/a><\/article>\n<article><a href=\"https:\/\/www.dagospia.com\/politica\/l-ingaggio-fedorov-fa-incazzare-zelensky-mette-in-allarme-agenzie-485343\"><\/p>\n<div class=\"img-wrapper\"><img decoding=\"async\" src=\"https:\/\/static.dagospia.com\/img\/patch\/08-2026\/fedorov-musk-thiel-zelensky-crosetto-2301168_600_q50.webp\" alt=\"fedorov musk thiel zelensky crosetto\" loading=\"lazy\"><\/div>\n<div class=\"excerpt\">DAGOREPORT &#8211; A QUALCUNO NON PIACE &#8216;STO FEDOROV &#8211;\u00a0PIU&#8217; CHE A INDIGNARE I NEURONI ALLA VODKA DI\u2026<\/div>\n<p><\/a><\/article>\n<article><a href=\"https:\/\/www.dagospia.com\/politica\/flash-c-e-grande-perplessita-i-draghi-boys-per-presenza-andrea-485336\"><\/p>\n<div class=\"img-wrapper\"><img decoding=\"async\" src=\"https:\/\/static.dagospia.com\/img\/patch\/08-2026\/xavier-niel-draghi-pignataro-2301175_600_q50.webp\" alt=\"xavier niel draghi pignataro\" loading=\"lazy\"><\/div>\n<div class=\"excerpt\">FLASH! \u2013 I \u201cDRAGHI BOYS\u201d DEL POTERE ECONOMICO ITALIANO AVREBBERO ESPRESSO QUALCHE PERPLESSITA&#8217;\u2026<\/div>\n<p><\/a><\/article>\n<article><a href=\"https:\/\/www.dagospia.com\/politica\/quale-episodio-giulia-presutti-era-habitue-cefalu-bistro-dove-piu-e-485248\"><\/p>\n<div class=\"img-wrapper\"><img decoding=\"async\" src=\"https:\/\/static.dagospia.com\/img\/patch\/08-2026\/ranucci-presutti-cianfoni-floridia-2300757_600_q50.webp\" alt=\"ranucci presutti cianfoni floridia\" loading=\"lazy\"><\/div>\n<div class=\"excerpt\">DAGOREPORT &#8211;\u00a0MA QUALE &#8220;EPISODIO&#8221;! GIULIA PRESUTTI ERA UN HABITU\u00c8 DEL \u201cCEFAL\u00d9 BISTR\u00d2\u201d DOVE PI\u00d9 VOLTE\u2026<\/div>\n<p><\/a><\/article>\n<article><a href=\"https:\/\/www.dagospia.com\/politica\/risiko-s-ingrossa-l-apertura-assicurazioni-generali-valutare-l-offerta-484996\"><\/p>\n<div class=\"img-wrapper\"><img decoding=\"async\" src=\"https:\/\/static.dagospia.com\/img\/patch\/08-2026\/generali-philippe-donnet-luigi-lovaglio-carlo-messina-2292458_600_q50.webp\" alt=\"generali philippe donnet luigi lovaglio carlo messina \" loading=\"lazy\"><\/div>\n<div class=\"excerpt\">DAGOREPORT &#8211; IL RISIKO S&#8217;INGROSSA! L\u2019APERTURA DI ASSICURAZIONI GENERALI A VALUTARE L&#8217;OFFERTA\u201d DI\u2026<\/div>\n<p><\/a><\/article>\n<article><a href=\"https:\/\/www.dagospia.com\/cronache\/voluto-trump-t-attacchi-scorta-i-leader-silicon-valley-484985\"><\/p>\n<div class=\"img-wrapper\"><img decoding=\"async\" src=\"https:\/\/static.dagospia.com\/img\/patch\/08-2026\/mark-zuckerberg-proteste-2299936_600_q50.webp\" alt=\"mark zuckerberg proteste \" loading=\"lazy\"><\/div>\n<div class=\"excerpt\">HAI VOLUTO TRUMP? E ORA T\u2019ATTACCHI ALLA SCORTA! \u2013 I LEADER DELLA SILICON VALLEY SONO OSSESSIONATI\u2026<\/div>\n<p><\/a><\/article>\n<article><a href=\"https:\/\/www.dagospia.com\/politica\/flash-giorgia-meloni-manda-armi-sottobanco-all-ucraina-per-non-spaccare-484982\"><\/p>\n<div class=\"img-wrapper\"><img decoding=\"async\" src=\"https:\/\/static.dagospia.com\/img\/patch\/08-2026\/giorgia-meloni-volodymyr-zelensky-mario-draghi-2299913_600_q50.webp\" alt=\"giorgia meloni volodymyr zelensky mario draghi \" loading=\"lazy\"><\/div>\n<div class=\"excerpt\">FLASH \u2013 GIORGIA MELONI MANDA LE ARMI SOTTOBANCO ALL\u2019UCRAINA PER NON SPACCARE LA SUA MAGGIORANZA. IL\u2026<\/div>\n<p><\/a><\/article>\n<article><a href=\"https:\/\/www.dagospia.com\/politica\/qual-era-scopo-blitz-capo-cia-mosca-i-beninformati-washington-484881\"><\/p>\n<div class=\"img-wrapper\"><img decoding=\"async\" src=\"https:\/\/static.dagospia.com\/img\/patch\/12-2025\/vladimir-putin-donald-trump-volodymyr-zelensky-2214409_600_q50.webp\" alt=\"vladimir putin donald trump volodymyr zelensky\" loading=\"lazy\"><\/div>\n<div class=\"excerpt\">FLASH! \u2013 QUANDO LE COSE GIRANO SUL PEGGIO, INTERVENGONO I SERVIZI SEGRETI &#8211;\u00a0IL BENINFORMATO\u00a0CAPO\u2026<\/div>\n<p><\/a><\/article>\n<article><a href=\"https:\/\/www.dagospia.com\/politica\/prossima-destinazione-enrico-mentana-padrone-supremo-tutta-l-informazione-484639\"><\/p>\n<div class=\"img-wrapper\"><img decoding=\"async\" src=\"https:\/\/static.dagospia.com\/img\/patch\/08-2026\/kyriakou-pier-silvio-berlusconi-enrico-mentana-crippa-fedele-confalonieri-medias-2298828_600_q50.webp\" alt=\"kyriakou pier silvio berlusconi enrico mentana crippa fedele confalonieri mediaset urbano cairo marina\" loading=\"lazy\"><\/div>\n<div class=\"excerpt\">DAGOREPORT &#8211; RITORNA A CASA, LESSO! SI ACCAVALLANO LE VOCI CHE LA PROSSIMA DESTINAZIONE DI ENRICO\u2026<\/div>\n<p><\/a><\/article>\n<article><a href=\"https:\/\/www.dagospia.com\/cafonal\/cafonalino-roma-proiezione-documentario-marco-bellocchio-marco-travaglio-485081\"><\/p>\n<div class=\"img-wrapper\"><img decoding=\"async\" src=\"https:\/\/static.dagospia.com\/img\/patch\/08-2026\/2026bellocchio-anteprima-film-di-marco-bellocchio-2300339_600_q50.webp\" alt=\"2026bellocchio anteprima film di marco bellocchio\" loading=\"lazy\"><\/div>\n<div class=\"excerpt\">CAFONALINO! AL CINEMA QUATTRO FONTANE DI ROMA LA PROIEZIONE SPECIALE DEL DOCUMENTARIO \u201cMARCO\u2026<\/div>\n<p><\/a><\/article>\n<article><a href=\"https:\/\/www.dagospia.com\/cafonal\/cafonal-show-ranucci-cerveteri-freni-ho-fatto-scoop-nazionali-484807\"><\/p>\n<div class=\"img-wrapper\"><img decoding=\"async\" src=\"https:\/\/static.dagospia.com\/img\/patch\/08-2026\/2026ranucci-sigfrido-ranucci-2299409_600_q50.webp\" alt=\"2026ranucci sigfrido ranucci\" loading=\"lazy\"><\/div>\n<div class=\"excerpt\">SIGFRIDO, IL MASANIELLO DE NOANTRI \u2013 RANUCCI HA PERSO OGNI FRENO E, ALLA PRESENTAZIONE DEL SUO\u2026<\/div>\n<p><\/a><\/article>\n<article><a href=\"https:\/\/www.dagospia.com\/cafonal\/funeralino-l-ultimo-saluto-mitico-produttore-cinematografico-fulvio-484127\"><\/p>\n<div class=\"img-wrapper\"><img decoding=\"async\" src=\"https:\/\/static.dagospia.com\/img\/patch\/08-2026\/2026lucisano-2297424_600_q50.webp\" alt=\"2026lucisano\" loading=\"lazy\"><\/div>\n<div class=\"excerpt\">FUNERALINO \u2013 NELLA CALLARA ROMANA D\u2019AGOSTO, L\u2019ULTIMO SALUTO AL MITICO PRODUTTORE CINEMATOGRAFICO\u2026<\/div>\n<p><\/a><\/article>\n<article><a href=\"https:\/\/www.dagospia.com\/cafonal\/cafonalino-pizza-riformista-matteo-renzi-raduna-i-suoi-prima-delle-480816\"><\/p>\n<div class=\"img-wrapper\"><img decoding=\"async\" src=\"https:\/\/static.dagospia.com\/img\/patch\/07-2026\/2026kraken-matteo-renzi-2286047_600_q50.webp\" alt=\"2026kraken matteo renzi \" loading=\"lazy\"><\/div>\n<div class=\"excerpt\">CAFONALINO DELLA PIZZA RIFORMISTA \u2013 RENZI RADUNA I SUOI PRIMA DELLE VACANZE ESTIVE AL SATYRUS DI\u2026<\/div>\n<p><\/a><\/article>\n<article><a href=\"https:\/\/www.dagospia.com\/cafonal\/cafonalino-moreno-party-roma-manuela-moreno-festeggia-i-60-anni-480777\"><\/p>\n<div class=\"img-wrapper\"><img decoding=\"async\" src=\"https:\/\/static.dagospia.com\/img\/patch\/07-2026\/manuela-moreno-festa-60-anni-2285871_600_q50.webp\" alt=\"manuela moreno festa 60 anni \" loading=\"lazy\"><\/div>\n<div class=\"excerpt\">CAFONALINO! NO MORENO, NO PARTY \u2013 A ROMA, AL LOVE BAR DI PONTE MILVIO, MANUELA MORENO, CONDUTTRICE\u2026<\/div>\n<p><\/a><\/article>\n<article><a href=\"https:\/\/www.dagospia.com\/cafonal\/cafonalino-firenze-tevere-direttori-redattori-forchettoni-scrocconi-480745\"><\/p>\n<div class=\"img-wrapper\"><img decoding=\"async\" src=\"https:\/\/static.dagospia.com\/img\/patch\/07-2026\/2026agno-marco-agnoletti-2285763_600_q50.webp\" alt=\"2026agno marco agnoletti \" loading=\"lazy\"><\/div>\n<div class=\"excerpt\">CAFONALINO DEGLI AGNOLETTI IN BRODO &#8211; DIRETTORI, REDATTORI, FORCHETTONI E SCROCCONI SFIDANO\u2026<\/div>\n<p><\/a><\/article>\n<p>[analyse_source url=&#8221;https:\/\/www.dagospia.com\/politica\/le-primarie-inevitabili-schlein-se-ne-frega-dei-consigli-dei-capoccioni-485432&#8243;]<\/p>\n","protected":false},"excerpt":{"rendered":"<p>[analyse_image type=&#8221;featured&#8221; src=&#8221;https:\/\/static.dagospia.com\/img\/patch\/09-2026\/conte-schlein-2301260_600_q50.webp&#8221;] 1 set 2026 20:18 UN PAESE SENZA FUTURO &#8211; \u201cLE PRIMARIE? SONO INEVITABILI\u201d \u2013 ELLY SCHLEIN SE NE FREGA DEI CONSIGLI DEI CAPOCCIONI DEM (CHE L\u2019HANNO SCONGIURATA DI RINUNCIARE ALL\u2019ORDALIA DEI GAZEBO) E TIRA DRITTO, NONOSTANTE I SONDAGGI HORROR E I RISCHI DI TRASCINARE IL PD NEL BARATRO \u2013 E SE LA [&hellip;]<\/p>\n","protected":false},"author":1,"featured_media":0,"comment_status":"open","ping_status":"","sticky":false,"template":"","format":"standard","meta":{"footnotes":""},"categories":[87],"tags":[226,149],"class_list":["post-2124134","post","type-post","status-publish","format-standard","hentry","category-italy","tag-crawlmanager","tag-dagospia-com"],"_links":{"self":[{"href":"https:\/\/analyse.optim.biz\/index.php?rest_route=\/wp\/v2\/posts\/2124134","targetHints":{"allow":["GET"]}}],"collection":[{"href":"https:\/\/analyse.optim.biz\/index.php?rest_route=\/wp\/v2\/posts"}],"about":[{"href":"https:\/\/analyse.optim.biz\/index.php?rest_route=\/wp\/v2\/types\/post"}],"author":[{"embeddable":true,"href":"https:\/\/analyse.optim.biz\/index.php?rest_route=\/wp\/v2\/users\/1"}],"replies":[{"embeddable":true,"href":"https:\/\/analyse.optim.biz\/index.php?rest_route=%2Fwp%2Fv2%2Fcomments&post=2124134"}],"version-history":[{"count":0,"href":"https:\/\/analyse.optim.biz\/index.php?rest_route=\/wp\/v2\/posts\/2124134\/revisions"}],"wp:attachment":[{"href":"https:\/\/analyse.optim.biz\/index.php?rest_route=%2Fwp%2Fv2%2Fmedia&parent=2124134"}],"wp:term":[{"taxonomy":"category","embeddable":true,"href":"https:\/\/analyse.optim.biz\/index.php?rest_route=%2Fwp%2Fv2%2Fcategories&post=2124134"},{"taxonomy":"post_tag","embeddable":true,"href":"https:\/\/analyse.optim.biz\/index.php?rest_route=%2Fwp%2Fv2%2Ftags&post=2124134"}],"curies":[{"name":"wp","href":"https:\/\/api.w.org\/{rel}","templated":true}]}}