{"id":2124116,"date":"2026-09-02T11:32:48","date_gmt":"2026-09-02T08:32:48","guid":{"rendered":"https:\/\/analyse.optim.biz\/?p=2124116"},"modified":"2026-09-02T11:32:48","modified_gmt":"2026-09-02T08:32:48","slug":"fara-examen-separat-la-liceu-comisia-din-senat-a-votat-eliminarea-lui","status":"publish","type":"post","link":"https:\/\/analyse.optim.biz\/?p=2124116","title":{"rendered":"F\u0103r\u0103 examen separat la liceu? Comisia din Senat a votat eliminarea lui"},"content":{"rendered":"<p>[analyse_image type=&#8221;featured&#8221; src=&#8221;https:\/\/www.tion.ro\/wp-content\/uploads\/2026\/08\/+otf\/1200&#215;630\/UM1aEFs0bFsEytHzC8xVr05PVF9WRVJZX1NFQ9k+2MdUPVNFC4Y06fqJ__GGJ1aQvBA__gffYnGYndchpRry3Th+XjOj40OmVaCshyZrFqSuIcBahRHV7OUHIFcqw=\/775445849004544210802494541427786568510893060998893n.jpg&#8221;]<\/p>\n<article id=\"post-2345463\" class>\n<div class=\"entry-content clearfix\">\n<div class=\"enewsArticleContent\">\n<p>Decizia de miercuri vine dup\u0103 ce Senatul \u0219i-a schimbat de mai multe ori pozi\u021bia \u00een privin\u021ba examenului suplimentar de admitere la liceu. \u00cen \u0219edin\u021bele anterioare, senatorii au votat mai \u00eent\u00e2i at\u00e2t eliminarea examenului separat, c\u00e2t \u0219i am\u00e2narea aplic\u0103rii noilor prevederi, pentru ca ulterior proiectul s\u0103 fie retrimis la Comisia pentru \u00eenv\u0103\u021b\u0103m\u00e2nt pentru o nou\u0103 analiz\u0103.<\/p>\n<p>La \u0219edin\u021ba de ast\u0103zi a Comisiei pentru \u00eenv\u0103\u021b\u0103m\u00e2nt, proiectul care prevede eliminarea examenului separat a fost aprobat \u00een unanimitate. La dezbateri au participat \u0219i fo\u0219tii mini\u0219tri ai Educa\u021biei, Mircea Miclea \u0219i Daniel Funeriu, reprezentan\u021bi ai elevilor \u0219i p\u0103rin\u021bilor, precum \u0219i vicepre\u0219edintele Asocia\u021biei Colegiilor Centenare.<\/p>\n<p>Pre\u0219edintele Comisiei pentru \u00eenv\u0103\u021b\u0103m\u00e2nt, senatorul \u0218tefan P\u0103l\u0103rie, a anun\u021bat la finalul \u0219edin\u021bei c\u0103 forma adoptat\u0103 de comisie elimin\u0103 examenul suplimentar de admitere la liceu.<\/p>\n<h3><strong>Votul final a fost am\u00e2nat pentru 8 septembrie<\/strong><\/h3>\n<p>De\u0219i proiectul urma s\u0103 fie dezb\u0103tut tot ast\u0103zi \u00een plen, votul final nu va mai avea loc. Pre\u0219edintele Senatului, Mircea Abrudean, a precizat c\u0103 ini\u021biativa va fi supus\u0103 votului mar\u021bi, 8 septembrie, \u00eentruc\u00e2t este vorba despre o lege organic\u0103.<\/p>\n<p>De\u0219i Comisia pentru \u00eenv\u0103\u021b\u0103m\u00e2nt a votat \u00een unanimitate eliminarea examenului, decizia nu este \u00eenc\u0103 definitiv\u0103, iar elevii vor \u00eencepe cursurile pe 7 septembrie \u00eenainte ca Senatul s\u0103 dea votul final, programat pentru 8 septembrie.<\/p>\n<p>Proiectul trebuie s\u0103 treac\u0103 de votul plenului Senatului, care este camera decizional\u0103 \u00een acest caz, dup\u0103 care va merge la promulgare.<\/p>\n<p>P\u00e2n\u0103 la adoptarea unei modific\u0103ri legislative, r\u0103m\u00e2n aplicabile prevederile aflate \u00een vigoare.<\/p>\n<h3><strong>Dubla admitere a intrat deja \u00een vigoare<\/strong><\/h3>\n<p>Situa\u021bia este cu at\u00e2t mai complicat\u0103 cu c\u00e2t prevederile privind dubla admitere au intrat \u00een vigoare la 1 septembrie, odat\u0103 cu \u00eenceputul anului \u0219colar 2026-2027 din punct de vedere juridic, \u00eens\u0103 elevii urmeaz\u0103 s\u0103 revin\u0103 efectiv la cursuri pe 7 septembrie.<\/p>\n<p>\u00cen baza legisla\u021biei actuale, liceele pot organiza un concurs de admitere pe anumite locuri, separat de repartizarea computerizat\u0103 realizat\u0103 pe baza rezultatelor de la Evaluarea Na\u021bional\u0103.<\/p>\n<p>Ministrul Educa\u021biei, Mihai Dimian, a anun\u021bat c\u0103 va aproba m\u0103surile organizatorice necesare pentru desf\u0103\u0219urarea examenului at\u00e2t timp c\u00e2t legisla\u021bia nu este modificat\u0103. Prin urmare, p\u00e2n\u0103 la un eventual vot favorabil pentru abrogare, Ministerul trebuie s\u0103 aplice prevederile legale \u00een vigoare.<\/p>\n<p>Decizia Senatului din 8 septembrie va stabili, astfel, dac\u0103 examenul separat de admitere va r\u0103m\u00e2ne \u00een legisla\u021bie sau va fi eliminat.<\/p>\n<div class=\"fbShareLikeTwitterAndEmailContainer\">\n<div class=\"wrapper\">\n<div class=\"email\">\n<div id=\"mailto-pop\" class=\"pop-form pop-form-mailto\">\n<div class=\"pop-form-header\">\n<h4>Trimite articolul<\/h4>\n<p><a class=\"pop-form-close\">X<\/a><\/div>\n<\/div>\n<\/div>\n<\/div>\n<\/div>\n<div class=\"tagsContainer\">\n<div class=\"tagsLabel\">Taguri:<\/div>\n<div class=\"tags\">\n<div class=\"tag\"><a href=\"https:\/\/www.tion.ro\/cimke\/admitere-liceu\" rel=\"tag\"><span class=\"link\">admitere liceu<\/span><span class=\"separator\">,<\/span><\/a><\/div>\n<div class=\"tag\"><a href=\"https:\/\/www.tion.ro\/cimke\/senat\" rel=\"tag\"><span class=\"link\">senat<\/span><\/a><\/div>\n<\/div>\n<\/div>\n<div class=\"comments\">\n<div class=\"top\">\n<div class=\"commentsNumber\"><span class=\"number\">0<\/span><span class=\"text\">Comentarii<\/span><\/div>\n<\/div>\n<div class=\"center\">\n<div id=\"respond\" class=\"comment-respond\">\n<h3 id=\"reply-title\" class=\"comment-reply-title\"><small><a rel=\"nofollow\" id=\"cancel-comment-reply-link\" href=\"https:\/\/www.tion.ro\/romania\/fara-examen-separat-la-liceu-comisia-din-senat-a-votat-eliminarea-lui-2345463\/#respond\">Cancel reply<\/a><\/small><\/h3>\n<p class=\"comment-notes\"><span id=\"email-notes\">Your email address will not be published.<\/span><span class=\"required-field-message\">Required fields are marked <span class=\"required\">*<\/span><\/span><\/p>\n<p class=\"commentFormComment\"><span id=\"commentFormCount\"><br \/>\n                            inca<br \/>\n                            <span id=\"countCommentText\">1000<\/span><br \/>\n                            caractere ramase<br \/>\n                        <\/span><\/p>\n<\/div>\n<\/div>\n<div class=\"bottom\">\n<p class=\"forumDisclaimerHuRo\">\n            Citi\u021bi principiile noastre de moderare <a href=\"https:\/\/www.tion.ro\/reguli-postare-comentarii\/\" target=\"_blank\">aici<\/a>!\n        <\/p>\n<\/div>\n<\/div>\n<\/div>\n<\/div>\n<\/article>\n<div class=\"entry-content clearfix\">\n<div class=\"enewsArticleContent\">\n<p>Decizia de miercuri vine dup\u0103 ce Senatul \u0219i-a schimbat de mai multe ori pozi\u021bia \u00een privin\u021ba examenului suplimentar de admitere la liceu. \u00cen \u0219edin\u021bele anterioare, senatorii au votat mai \u00eent\u00e2i at\u00e2t eliminarea examenului separat, c\u00e2t \u0219i am\u00e2narea aplic\u0103rii noilor prevederi, pentru ca ulterior proiectul s\u0103 fie retrimis la Comisia pentru \u00eenv\u0103\u021b\u0103m\u00e2nt pentru o nou\u0103 analiz\u0103.<\/p>\n<p>La \u0219edin\u021ba de ast\u0103zi a Comisiei pentru \u00eenv\u0103\u021b\u0103m\u00e2nt, proiectul care prevede eliminarea examenului separat a fost aprobat \u00een unanimitate. La dezbateri au participat \u0219i fo\u0219tii mini\u0219tri ai Educa\u021biei, Mircea Miclea \u0219i Daniel Funeriu, reprezentan\u021bi ai elevilor \u0219i p\u0103rin\u021bilor, precum \u0219i vicepre\u0219edintele Asocia\u021biei Colegiilor Centenare.<\/p>\n<p>Pre\u0219edintele Comisiei pentru \u00eenv\u0103\u021b\u0103m\u00e2nt, senatorul \u0218tefan P\u0103l\u0103rie, a anun\u021bat la finalul \u0219edin\u021bei c\u0103 forma adoptat\u0103 de comisie elimin\u0103 examenul suplimentar de admitere la liceu.<\/p>\n<h3><strong>Votul final a fost am\u00e2nat pentru 8 septembrie<\/strong><\/h3>\n<p>De\u0219i proiectul urma s\u0103 fie dezb\u0103tut tot ast\u0103zi \u00een plen, votul final nu va mai avea loc. Pre\u0219edintele Senatului, Mircea Abrudean, a precizat c\u0103 ini\u021biativa va fi supus\u0103 votului mar\u021bi, 8 septembrie, \u00eentruc\u00e2t este vorba despre o lege organic\u0103.<\/p>\n<p>De\u0219i Comisia pentru \u00eenv\u0103\u021b\u0103m\u00e2nt a votat \u00een unanimitate eliminarea examenului, decizia nu este \u00eenc\u0103 definitiv\u0103, iar elevii vor \u00eencepe cursurile pe 7 septembrie \u00eenainte ca Senatul s\u0103 dea votul final, programat pentru 8 septembrie.<\/p>\n<p>Proiectul trebuie s\u0103 treac\u0103 de votul plenului Senatului, care este camera decizional\u0103 \u00een acest caz, dup\u0103 care va merge la promulgare.<\/p>\n<p>P\u00e2n\u0103 la adoptarea unei modific\u0103ri legislative, r\u0103m\u00e2n aplicabile prevederile aflate \u00een vigoare.<\/p>\n<h3><strong>Dubla admitere a intrat deja \u00een vigoare<\/strong><\/h3>\n<p>Situa\u021bia este cu at\u00e2t mai complicat\u0103 cu c\u00e2t prevederile privind dubla admitere au intrat \u00een vigoare la 1 septembrie, odat\u0103 cu \u00eenceputul anului \u0219colar 2026-2027 din punct de vedere juridic, \u00eens\u0103 elevii urmeaz\u0103 s\u0103 revin\u0103 efectiv la cursuri pe 7 septembrie.<\/p>\n<p>\u00cen baza legisla\u021biei actuale, liceele pot organiza un concurs de admitere pe anumite locuri, separat de repartizarea computerizat\u0103 realizat\u0103 pe baza rezultatelor de la Evaluarea Na\u021bional\u0103.<\/p>\n<p>Ministrul Educa\u021biei, Mihai Dimian, a anun\u021bat c\u0103 va aproba m\u0103surile organizatorice necesare pentru desf\u0103\u0219urarea examenului at\u00e2t timp c\u00e2t legisla\u021bia nu este modificat\u0103. Prin urmare, p\u00e2n\u0103 la un eventual vot favorabil pentru abrogare, Ministerul trebuie s\u0103 aplice prevederile legale \u00een vigoare.<\/p>\n<p>Decizia Senatului din 8 septembrie va stabili, astfel, dac\u0103 examenul separat de admitere va r\u0103m\u00e2ne \u00een legisla\u021bie sau va fi eliminat.<\/p>\n<div class=\"fbShareLikeTwitterAndEmailContainer\">\n<div class=\"wrapper\">\n<div class=\"email\">\n<div id=\"mailto-pop\" class=\"pop-form pop-form-mailto\">\n<div class=\"pop-form-header\">\n<h4>Trimite articolul<\/h4>\n<p><a class=\"pop-form-close\">X<\/a><\/div>\n<\/div>\n<\/div>\n<\/div>\n<\/div>\n<div class=\"tagsContainer\">\n<div class=\"tagsLabel\">Taguri:<\/div>\n<div class=\"tags\">\n<div class=\"tag\"><a href=\"https:\/\/www.tion.ro\/cimke\/admitere-liceu\" rel=\"tag\"><span class=\"link\">admitere liceu<\/span><span class=\"separator\">,<\/span><\/a><\/div>\n<div class=\"tag\"><a href=\"https:\/\/www.tion.ro\/cimke\/senat\" rel=\"tag\"><span class=\"link\">senat<\/span><\/a><\/div>\n<\/div>\n<\/div>\n<div class=\"comments\">\n<div class=\"top\">\n<div class=\"commentsNumber\"><span class=\"number\">0<\/span><span class=\"text\">Comentarii<\/span><\/div>\n<\/div>\n<div class=\"center\">\n<div id=\"respond\" class=\"comment-respond\">\n<h3 id=\"reply-title\" class=\"comment-reply-title\"><small><a rel=\"nofollow\" id=\"cancel-comment-reply-link\" href=\"https:\/\/www.tion.ro\/romania\/fara-examen-separat-la-liceu-comisia-din-senat-a-votat-eliminarea-lui-2345463\/#respond\">Cancel reply<\/a><\/small><\/h3>\n<p class=\"comment-notes\"><span id=\"email-notes\">Your email address will not be published.<\/span><span class=\"required-field-message\">Required fields are marked <span class=\"required\">*<\/span><\/span><\/p>\n<p class=\"commentFormComment\"><span id=\"commentFormCount\"><br \/>\n                            inca<br \/>\n                            <span id=\"countCommentText\">1000<\/span><br \/>\n                            caractere ramase<br \/>\n                        <\/span><\/p>\n<\/div>\n<\/div>\n<div class=\"bottom\">\n<p class=\"forumDisclaimerHuRo\">\n            Citi\u021bi principiile noastre de moderare <a href=\"https:\/\/www.tion.ro\/reguli-postare-comentarii\/\" target=\"_blank\">aici<\/a>!\n        <\/p>\n<\/div>\n<\/div>\n<\/div>\n<\/div>\n<p>[analyse_source url=&#8221;https:\/\/www.tion.ro\/romania\/fara-examen-separat-la-liceu-comisia-din-senat-a-votat-eliminarea-lui-2345463\/&#8221;]<\/p>\n","protected":false},"excerpt":{"rendered":"<p>[analyse_image type=&#8221;featured&#8221; src=&#8221;https:\/\/www.tion.ro\/wp-content\/uploads\/2026\/08\/+otf\/1200&#215;630\/UM1aEFs0bFsEytHzC8xVr05PVF9WRVJZX1NFQ9k+2MdUPVNFC4Y06fqJ__GGJ1aQvBA__gffYnGYndchpRry3Th+XjOj40OmVaCshyZrFqSuIcBahRHV7OUHIFcqw=\/775445849004544210802494541427786568510893060998893n.jpg&#8221;] Decizia de miercuri vine dup\u0103 ce Senatul \u0219i-a schimbat de mai multe ori pozi\u021bia \u00een privin\u021ba examenului suplimentar de admitere la liceu. \u00cen \u0219edin\u021bele anterioare, senatorii au votat mai \u00eent\u00e2i at\u00e2t eliminarea examenului separat, c\u00e2t \u0219i am\u00e2narea aplic\u0103rii noilor prevederi, pentru ca ulterior proiectul s\u0103 fie retrimis la Comisia pentru \u00eenv\u0103\u021b\u0103m\u00e2nt pentru [&hellip;]<\/p>\n","protected":false},"author":1,"featured_media":0,"comment_status":"open","ping_status":"","sticky":false,"template":"","format":"standard","meta":{"footnotes":""},"categories":[89],"tags":[226,191],"class_list":["post-2124116","post","type-post","status-publish","format-standard","hentry","category-romania","tag-crawlmanager","tag-tion-ro"],"_links":{"self":[{"href":"https:\/\/analyse.optim.biz\/index.php?rest_route=\/wp\/v2\/posts\/2124116","targetHints":{"allow":["GET"]}}],"collection":[{"href":"https:\/\/analyse.optim.biz\/index.php?rest_route=\/wp\/v2\/posts"}],"about":[{"href":"https:\/\/analyse.optim.biz\/index.php?rest_route=\/wp\/v2\/types\/post"}],"author":[{"embeddable":true,"href":"https:\/\/analyse.optim.biz\/index.php?rest_route=\/wp\/v2\/users\/1"}],"replies":[{"embeddable":true,"href":"https:\/\/analyse.optim.biz\/index.php?rest_route=%2Fwp%2Fv2%2Fcomments&post=2124116"}],"version-history":[{"count":0,"href":"https:\/\/analyse.optim.biz\/index.php?rest_route=\/wp\/v2\/posts\/2124116\/revisions"}],"wp:attachment":[{"href":"https:\/\/analyse.optim.biz\/index.php?rest_route=%2Fwp%2Fv2%2Fmedia&parent=2124116"}],"wp:term":[{"taxonomy":"category","embeddable":true,"href":"https:\/\/analyse.optim.biz\/index.php?rest_route=%2Fwp%2Fv2%2Fcategories&post=2124116"},{"taxonomy":"post_tag","embeddable":true,"href":"https:\/\/analyse.optim.biz\/index.php?rest_route=%2Fwp%2Fv2%2Ftags&post=2124116"}],"curies":[{"name":"wp","href":"https:\/\/api.w.org\/{rel}","templated":true}]}}