{"id":2124112,"date":"2026-09-01T17:43:09","date_gmt":"2026-09-01T14:43:09","guid":{"rendered":"https:\/\/analyse.optim.biz\/?p=2124112"},"modified":"2026-09-01T17:43:09","modified_gmt":"2026-09-01T14:43:09","slug":"fabrizio-mi-hai-rotto-il-cazzo-ti-rimando-in-galera-belen-rodriguez-finisce-nel-mirino-di","status":"publish","type":"post","link":"https:\/\/analyse.optim.biz\/?p=2124112","title":{"rendered":"&#8216;fabrizio mi hai rotto il cazzo, ti rimando in galera&#8217; &#8211; belen rodriguez finisce nel mirino di&#8230;"},"content":{"rendered":"<p>[analyse_image type=&#8221;featured&#8221; src=&#8221;https:\/\/static.dagospia.com\/img\/patch\/09-2026\/corona-moser-belen-cecilia-2301429_600_q50.webp&#8221;]<\/p>\n<article>\n<div class=\"img-wrapper\"><img decoding=\"async\" src=\"https:\/\/static.dagospia.com\/img\/patch\/09-2026\/corona-moser-belen-cecilia-2301429_600_q50.webp\" alt=\"corona moser belen cecilia\"><time class=\"data-ora\">1 set 2026 19:43<\/time><\/div>\n<p><span>&#8220;FABRIZIO MI HAI ROTTO IL CAZZO, TI RIMANDO IN GALERA&#8221;<\/span> &#8211; BELEN RODRIGUEZ FINISCE NEL MIRINO DI QUEL CAZZARO DI FABRIZIO CORONA, SUO EX FIDANZATO, CHE LE HA DEDICATO UNA PUNTATA DEL SUO PODCAST &#8211; LA MODELLA ARGENTINA HA SCRITTO A &#8220;FURBIZIO&#8221; INTIMANDOLO DI NON MANDARE IN ONDA IL SUO SHOW E, NELLA LORO CONVERSAZIONE SU WHATSAPP, HA MALIZIOSAMENTE AGGIUNTO:<span> &#8220;ANTONIA, CHE HA LAVORATO PER TE TUTTI QUESTI ANNI, SA TUTTO E HA TUTTO&#8221;<\/span> (QUALI SEGRETI NASCONDE CORONA?) &#8211; L&#8217;EX PAPARAZZO POSTA LO SCREEN DELLA CHAT\u00a0SUI SOCIAL\u00a0<span>(IL CONTATTO DELLA SUA EX \u00c8 SALVATO COME &#8220;BELEN GORDA&#8221; CIO\u00c8 &#8220;GRASSA&#8221;) &#8211;<\/span> SELVAGGIA LUCARELLI: &#8220;DOPO CHE BELEN HA RIVELATO LE SUE FRAGILITA&#8217;, INFIERIRE SU DI LEI FA SCHIFO&#8221; &#8211; CORONA SOSTIENE CHE <span>BELEN ABBIA AVUTO UNA RELAZIONE CLANDESTINA CON IGNAZIO MOSER,\u00a0<\/span>MARITO DI SUA SORELLA CECILIA. MOSER, INOLTRE, AVREBBE AVUTO UNA LIAISON ANCHE CON DILETTA LEOTTA &#8211; SUI SOCIAL, I TWITTAROLI COMMENTANO: <span>&#8220;SE IGNAZIO SI \u00c8 TROMBATO LE SORELLE RODRIGUEZ E LA LEOTTA, LE TRE PARIGI ROUBAIX DI SUO PADRE FRANCESCO MOSER PASSANO IN SECONDO PIANO&#8230;&#8221;<\/span><\/p>\n<div class=\"share-section\">\n                Condividi  questo articolo<\/p>\n<div class=\"socials\"><a href=\"http:\/\/www.facebook.com\/sharer.php?u=http:\/\/www.dagospia.com\/media-tv\/fabrizio-mi-rotto-cazzo-ti-rimando-in-galera-belen-rodriguez-finisce-485493\" target=\"_blank\"><img decoding=\"async\" src=\"https:\/\/static.dagospia.com\/img\/icons\/facebook.svg\" alt=\"Condividi su Facebook\"><\/a><a href=\"http:\/\/www.twitter.com\/share?url=http:\/\/www.dagospia.com\/media-tv\/fabrizio-mi-rotto-cazzo-ti-rimando-in-galera-belen-rodriguez-finisce-485493&amp;text=&apos;FABRIZIO%20MI%20HAI%20ROTTO%20IL%20CAZZO,%20TI%20RIMANDO%20IN%20GALERA&apos;%20-%20BELEN%20RODRIGUEZ%20FINISCE%20NEL%20MIRINO%20DI...\" target=\"_blank\"><img decoding=\"async\" src=\"https:\/\/static.dagospia.com\/img\/icons\/x-icon.png\" alt=\"Condividi su X\"><\/a><a href=\"\/\/www.dagospia.com\/media-tv\/fabrizio-mi-rotto-cazzo-ti-rimando-in-galera-belen-rodriguez-finisce-485493\" target=\"_blank\"><img decoding=\"async\" src=\"https:\/\/static.dagospia.com\/img\/icons\/whatsapp.svg\" alt=\"Condividi su Whatsapp\"><\/a><a href=\"mailto:?body=http:\/\/www.dagospia.com\/media-tv\/fabrizio-mi-rotto-cazzo-ti-rimando-in-galera-belen-rodriguez-finisce-485493\" target=\"_blank\"><img decoding=\"async\" src=\"https:\/\/static.dagospia.com\/img\/icons\/mail.svg\" alt=\"Invia in email\"><\/a><\/div>\n<\/div>\n<div class=\"content\">\n<div>\n<div class=\"twitter-tweet twitter-tweet-rendered\"><iframe allowfullscreen=\"true\" allowtransparency=\"true\" data-tweet-id=\"2094547562741023219\" frameborder id=\"twitter-widget-0\" scrolling=\"no\" src=\"https:\/\/platform.twitter.com\/embed\/Tweet.html?dnt=false&amp;embedId=twitter-widget-0&amp;features=eyJ0ZndfdGltZWxpbmVfbGlzdCI6eyJidWNrZXQiOltdLCJ2ZXJzaW9uIjpudWxsfSwidGZ3X2ZvbGxvd2VyX2NvdW50X3N1bnNldCI6eyJidWNrZXQiOnRydWUsInZlcnNpb24iOm51bGx9LCJ0ZndfdHdlZXRfZWRpdF9iYWNrZW5kIjp7ImJ1Y2tldCI6Im9uIiwidmVyc2lvbiI6bnVsbH0sInRmd19yZWZzcmNfc2Vzc2lvbiI6eyJidWNrZXQiOiJvbiIsInZlcnNpb24iOm51bGx9LCJ0ZndfZm9zbnJfc29mdF9pbnRlcnZlbnRpb25zX2VuYWJsZWQiOnsiYnVja2V0Ijoib24iLCJ2ZXJzaW9uIjpudWxsfSwidGZ3X21peGVkX21lZGlhXzE1ODk3Ijp7ImJ1Y2tldCI6InRyZWF0bWVudCIsInZlcnNpb24iOm51bGx9LCJ0ZndfZXhwZXJpbWVudHNfY29va2llX2V4cGlyYXRpb24iOnsiYnVja2V0IjoxMjA5NjAwLCJ2ZXJzaW9uIjpudWxsfSwidGZ3X3Nob3dfYmlyZHdhdGNoX3Bpdm90c19lbmFibGVkIjp7ImJ1Y2tldCI6Im9uIiwidmVyc2lvbiI6bnVsbH0sInRmd19kdXBsaWNhdGVfc2NyaWJlc190b19zZXR0aW5ncyI6eyJidWNrZXQiOiJvbiIsInZlcnNpb24iOm51bGx9LCJ0ZndfdXNlX3Byb2ZpbGVfaW1hZ2Vfc2hhcGVfZW5hYmxlZCI6eyJidWNrZXQiOiJvbiIsInZlcnNpb24iOm51bGx9LCJ0ZndfdmlkZW9faGxzX2R5bmFtaWNfbWFuaWZlc3RzXzE1MDgyIjp7ImJ1Y2tldCI6InRydWVfYml0cmF0ZSIsInZlcnNpb24iOm51bGx9LCJ0ZndfbGVnYWN5X3RpbWVsaW5lX3N1bnNldCI6eyJidWNrZXQiOnRydWUsInZlcnNpb24iOm51bGx9LCJ0ZndfdHdlZXRfZWRpdF9mcm9udGVuZCI6eyJidWNrZXQiOiJvbiIsInZlcnNpb24iOm51bGx9fQ%3D%3D&amp;frame=false&amp;hideCard=false&amp;hideThread=false&amp;id=2094547562741023219&amp;lang=it&amp;maxWidth=560px&amp;origin=https%3A%2F%2Fredazione2.dagospia.com%2Farticoli%2Fedit%2F485493&amp;sessionId=9038bf5d68a3cadb32a7f47027a285f3b3c6f4ab&amp;theme=light&amp;widgetsVersion=6a3ad42b224df%3A1778106238597&amp;width=550px\" title=\"X Post\"><\/iframe><\/div>\n<\/div>\n<p class=\"disable\">\u00a0<\/p>\n<p class=\"disable\">\u00a0<\/p>\n<p class=\"disable\"><strong>\u00abMI HAI ROTTO IL CA**O, TI RIMANDO IN GALERA\u00bb, L\u2019IRA DI BELEN RODRIGUEZ CONTRO FABRIZIO CORONA PRIMA DELLA PUNTATA DI FALSISSIMO<\/strong><\/p>\n<p class=\"disable\"><strong>Alba Romano per <a href=\"http:\/\/www.open.online\" target=\"_blank\">www.open.online<\/a><\/strong><\/p>\n<p class=\"disable\">\u00a0<\/p>\n<p class=\"disable\">\u00a0<\/p>\n<p><a href=\"https:\/\/www.dagospia.com\/media-gallery\/dago-fotogallery-521920\/2301427\" class=\"float-right img-wrapper\"><img decoding=\"async\" id=\"2301427\" loading=\"lazy\" src=\"https:\/\/static.dagospia.com\/img\/foto\/09-2026\/conversazione-tra-belen-e-fabrizio-corona-2301427_800_q50.webp\"><span class=\"img-title\">conversazione tra belen e fabrizio corona<\/span><\/a><\/p>\n<p class=\"disable\">\u00abRispondimi a questo ca**o di telefono. Sono stata sempre impeccabile con te ma se non hai voglia di confrontarti ti rimando in galera. Te lo giuro sui miei figli\u00bb. \u00c8 parte del durissimo sfogo inviato via WhatsApp da Belen Rodriguez a Fabrizio Corona, pubblicato dallo stesso ex fotografo sui social alla vigilia della nuova puntata del suo format online Falsissimo, in onda questa sera (ieri, ndr), 31 agosto, alle ore 21.00. [&#8230;]<\/p>\n<p class=\"disable\">\u00a0<\/p>\n<p class=\"disable\">Dagli screenshot, dove il contatto della conduttrice figura memorizzato come \u00abBelen GORDA\u00bb, \u00e8 palpabile la rabbia dell\u2019influencer per il rifiuto dell\u2019ex compagno di rispondere alle sue chiamate: \u00abPerch\u00e9 vengo a Milano, mi hai rotto il ca**o\u00bb, \u00abFabrizio se non mi chiami ti denuncio (?)\u00bb, \u00abQuesta volta non scherzo\u00bb e \u00abMi stai stressando ogni giorno\u00bb.<\/p>\n<p class=\"disable\">\u00a0<\/p>\n<p class=\"disable\">Oltre alla minaccia di rispedirlo in carcere, Belen fa riferimento a presunte informazioni in possesso di terzi: \u00abAntonia che ha lavorato per te tutti questi anni sa tutto e ha tutto\u00bb, per poi dargli un ultimatum: \u00abHai un\u2019ora di tempo. Altrimenti l\u2019avvocato di Mediaset parte con la lettera gi\u00e0 fatta da una settimana\u00bb. Poi la conclusione: \u00abOkay. Te ne arriveranno delle belle\u00bb.<\/p>\n<p class=\"disable\">\u00a0<\/p>\n<p class=\"disable\">[&#8230;]\u00a0Selvaggia Lucarelli, prendendo le difese della conduttrice e criticando l\u2019accanimento mediatico: \u00abNegli ultimi due anni, Belen ha raccontato le sue fragilit\u00e0 relative alla sua salute mentale. Infierire su di lei in questo momento fa schifo e fa ancora pi\u00f9 schifo chi rilancia sui social i contenuti dei vampiri su di lei\u00bb.<\/p>\n<p class=\"disable\">\u00a0<\/p>\n<p><a href=\"https:\/\/www.dagospia.com\/media-gallery\/dago-fotogallery-521920\/2130909\" class=\"float-left img-wrapper\"><img decoding=\"async\" id=\"2130909\" loading=\"lazy\" src=\"https:\/\/static.dagospia.com\/img\/foto\/05-2025\/ignazio-moser-cecilia-rodriguez-2130909_800_q50.webp\"><span class=\"img-title\">ignazio moser cecilia rodriguez<\/span><\/a><\/p>\n<p class=\"disable\"><strong>LE REAZIONI DI CECILIA RODRIGUEZ E IGNAZIO MOSER DOPO LA PUNTATA DI &#8220;FALSISSIMO&#8221; DI CORONA SU BELEN<\/strong><\/p>\n<p class=\"disable\"><strong>Estratto dell&#8217;articolo di Federica Rosato per\u00a0<a href=\"https:\/\/www.today.it\/\" target=\"_blank\">https:\/\/www.today.it\/<\/a><\/strong><\/p>\n<p class=\"disable\">\u00a0<\/p>\n<p class=\"disable\">[&#8230;] Nella sua ultima puntata di Falsissimo, Fabrizio Corona ha lanciato una bomba destinata a far discutere a lungo. L&#8217;ex re dei paparazzi ha infatti rivelato quelli che, secondo lui, sarebbero stati i veri motivi alla base dell&#8217;allontanamento tra Cecilia e la sorella maggiore.<\/p>\n<p class=\"disable\">\u00a0<\/p>\n<p class=\"disable\">La rottura, a detta sua, sarebbe nata dalla scoperta, da parte di Cecilia, di un presunto tradimento del marito Ignazio Moser con la stessa Belen. Rivelazioni scottanti e accuse pesantissime che, secondo il racconto dell&#8217;ex fotografo, sarebbe stata Belen a confidargli tra il 2021 e il 2022 e che oggi entrano in contrasto con la versione sempre sostenuta dalle sorelle Rodriguez.\u00a0<\/p>\n<p class=\"disable\">\u00a0<\/p>\n<p><a href=\"https:\/\/www.dagospia.com\/media-gallery\/dago-fotogallery-521920\/2115328\" class=\"float-right img-wrapper\"><img decoding=\"async\" id=\"2115328\" loading=\"lazy\" src=\"https:\/\/static.dagospia.com\/img\/foto\/04-2025\/belen-fabrizio-corona-2115328_800_q50.webp\"><span class=\"img-title\">belen fabrizio corona<\/span><\/a><\/p>\n<p class=\"disable\">Solo un anno fa le indiscrezioni su un profondo strappo tra le due occupavano le pagine dei giornali e dei siti di gossip. Intorno alle cause di quel raffreddamento improvviso e inatteso si erano rincorse le ipotesi pi\u00f9 svariate: dai retroscena del giornalista Gabriele Parpiglia su un presunto \u201cgelo totale\u201d legato ad atteggiamenti giudicati troppo confidenziali tra Belen e il cognato, fino alle voci su incomprensioni personali emerse durante la gravidanza di Cecilia.<\/p>\n<p class=\"disable\">\u00a0<\/p>\n<p class=\"disable\">Una tensione che la stessa Belen aveva poi confermato ai microfoni di Belve, ospite di Francesca Fagnani. \u201cNon \u00e8 che voglio giustificarmi, ma lei era incinta, gli ormoni un po&#8217; sballati e non mi voleva parlare. Io avevo fatto una marachella, ma lei non mi voleva parlare ed \u00e8 durata abbastanza. Non posso dire questa cosa, era abbastanza grave\u201d, aveva dichiarato la showgirl senza scendere troppo nei dettagli.\u00a0<\/p>\n<p class=\"disable\">\u00a0<\/p>\n<p class=\"disable\">Pochi mesi dopo anche la sorella Cecilia, ospite del podcast Non lo faccio per moda di Giulia Salemi, aveva affrontato l&#8217;argomento ridimensionando l&#8217;accaduto a una semplice incomprensione famigliare. \u201cCon mia sorella avevo litigato, non mi sono sentita per\u00f2 di dirlo perch\u00e9 erano cose nostre, cose personali. Non ci siamo parlate per un po&#8217;, la nostra \u00e8 stata una litigata tra sorelle, non ci siamo capite\u201d, aveva rivelato.<\/p>\n<p class=\"disable\">\u00a0<\/p>\n<p><a href=\"https:\/\/www.dagospia.com\/media-gallery\/dago-fotogallery-521920\/2123486\" class=\"float-left img-wrapper\"><img decoding=\"async\" id=\"2123486\" loading=\"lazy\" src=\"https:\/\/static.dagospia.com\/img\/foto\/04-2025\/cecilia-rodriguez-ignazio-moser-2123486_800_q50.webp\"><span class=\"img-title\">cecilia rodriguez ignazio moser<\/span><\/a><\/p>\n<p class=\"disable\">E sulla presunta crisi matrimoniale con Moser aveva detto senza filtri: \u201cIo non ho mai litigato con Ignazio, non eravamo in crisi\u201d. Ora, per\u00f2, \u00e8 arrivata la \u201cbomba\u201d di Corona, proprio quando le due sorelle sembravano aver ritrovato l&#8217;armonia tra vacanze insieme, cene in famiglia e scatti condivisi sui social con tanto di dolci dediche.\u00a0<\/p>\n<p class=\"disable\">\u00a0<\/p>\n<p class=\"disable\">[&#8230;] Anzi, subito dopo la puntata Cecilia ha pubblicato uno scatto insieme alla figlia e le promozioni del brand creato con i fratelli. Ignazio, dal canto suo, ha condiviso su Instagram una foto in bianco e nero con la bambina. [&#8230;]<\/p>\n<p><a href=\"https:\/\/www.dagospia.com\/media-gallery\/dago-fotogallery-521920\/2300496\" class=\"float-right img-wrapper\"><img decoding=\"async\" id=\"2300496\" loading=\"lazy\" src=\"https:\/\/static.dagospia.com\/img\/foto\/08-2026\/diletta-leotta-2300496_800_q50.webp\"><span class=\"img-title\">diletta leotta<\/span><\/a><a href=\"https:\/\/www.dagospia.com\/media-gallery\/dago-fotogallery-521920\/2280966\" class=\"float-right img-wrapper\"><img decoding=\"async\" id=\"2280966\" loading=\"lazy\" src=\"https:\/\/static.dagospia.com\/img\/foto\/07-2026\/diletta-leotta-4-2280966_800_q50.webp\"><span class=\"img-title\">diletta leotta 4<\/span><\/a><\/p>\n<p><a href=\"https:\/\/www.dagospia.com\/media-gallery\/dago-fotogallery-521920\/2280970\" class=\"float-right img-wrapper\"><img decoding=\"async\" id=\"2280970\" loading=\"lazy\" src=\"https:\/\/static.dagospia.com\/img\/foto\/07-2026\/diletta-leotta-1-2280970_800_q50.webp\"><span class=\"img-title\">diletta leotta 1<\/span><\/a><\/p>\n<p><a href=\"https:\/\/www.dagospia.com\/media-gallery\/dago-fotogallery-521920\/1947846\" class=\"float-right img-wrapper\"><img decoding=\"async\" id=\"1947846\" loading=\"lazy\" src=\"https:\/\/static.dagospia.com\/img\/foto\/01-2024\/corona-belen-1947846_800_q50.webp\"><span class=\"img-title\">corona belen<\/span><\/a><a href=\"https:\/\/www.dagospia.com\/media-gallery\/dago-fotogallery-521920\/2299833\" class=\"float-right img-wrapper\"><img decoding=\"async\" id=\"2299833\" loading=\"lazy\" src=\"https:\/\/static.dagospia.com\/img\/foto\/08-2026\/belen-2299833_800_q50.webp\"><span class=\"img-title\">belen<\/span><\/a><a href=\"https:\/\/www.dagospia.com\/media-gallery\/dago-fotogallery-521920\/2299832\" class=\"float-right img-wrapper\"><img decoding=\"async\" id=\"2299832\" loading=\"lazy\" src=\"https:\/\/static.dagospia.com\/img\/foto\/08-2026\/belen-4-2299832_800_q50.webp\"><span class=\"img-title\">belen 4<\/span><\/a><a href=\"https:\/\/www.dagospia.com\/media-gallery\/dago-fotogallery-521920\/1895863\" class=\"float-right img-wrapper\"><img decoding=\"async\" id=\"1895863\" loading=\"lazy\" src=\"https:\/\/static.dagospia.com\/img\/foto\/10-2023\/corona-belen-1895863_800_q50.webp\"><span class=\"img-title\">corona belen<\/span><\/a><a href=\"https:\/\/www.dagospia.com\/media-gallery\/dago-fotogallery-521920\/2301000\" class=\"float-right img-wrapper\"><img decoding=\"async\" id=\"2301000\" loading=\"lazy\" src=\"https:\/\/static.dagospia.com\/img\/foto\/08-2026\/belen-gaetano-fidanzati-2301000_800_q50.webp\"><span class=\"img-title\">belen gaetano fidanzati<\/span><\/a><a href=\"https:\/\/www.dagospia.com\/media-gallery\/dago-fotogallery-521920\/2010401\" class=\"float-right img-wrapper\"><img decoding=\"async\" id=\"2010401\" loading=\"lazy\" src=\"https:\/\/static.dagospia.com\/img\/foto\/07-2024\/cecilia-rodriguez-ignazio-moser-2010401_800_q50.webp\"><span class=\"img-title\">cecilia rodriguez ignazio moser<\/span><\/a><a href=\"https:\/\/www.dagospia.com\/media-gallery\/dago-fotogallery-521920\/2110851\" class=\"float-right img-wrapper\"><img decoding=\"async\" id=\"2110851\" loading=\"lazy\" src=\"https:\/\/static.dagospia.com\/img\/foto\/03-2025\/ignazio-moser-cecilia-rodriguez-2110851_800_q50.webp\"><span class=\"img-title\">ignazio moser cecilia rodriguez<\/span><\/a><a href=\"https:\/\/www.dagospia.com\/media-gallery\/dago-fotogallery-521920\/1964173\" class=\"float-right img-wrapper\"><img decoding=\"async\" id=\"1964173\" loading=\"lazy\" src=\"https:\/\/static.dagospia.com\/img\/foto\/03-2024\/cecilia-rodriguez-ignazio-moser-1964173_800_q50.webp\"><span class=\"img-title\">cecilia rodriguez ignazio moser<\/span><\/a><a href=\"https:\/\/www.dagospia.com\/media-gallery\/dago-fotogallery-521920\/1874491\" class=\"float-right img-wrapper\"><img decoding=\"async\" id=\"1874491\" loading=\"lazy\" src=\"https:\/\/static.dagospia.com\/img\/foto\/08-2023\/cecilia-rodriguez-e-ignazio-moser-1874491_800_q50.webp\"><span class=\"img-title\">cecilia rodriguez e ignazio moser<\/span><\/a><a href=\"https:\/\/www.dagospia.com\/media-gallery\/dago-fotogallery-521920\/1296488\" class=\"float-right img-wrapper\"><img decoding=\"async\" id=\"1296488\" loading=\"lazy\" src=\"https:\/\/static.dagospia.com\/img\/foto\/03-2020\/belen-rodriguez-in-quarantena-il-workout-da-coronavirus-1296488_800_q50.webp\"><span class=\"img-title\">BELEN RODRIGUEZ IN QUARANTENA IL WORKOUT DA CORONAVIRUS<\/span><\/a><a href=\"https:\/\/www.dagospia.com\/media-gallery\/dago-fotogallery-521920\/2076367\" class=\"float-right img-wrapper\"><img decoding=\"async\" id=\"2076367\" loading=\"lazy\" src=\"https:\/\/static.dagospia.com\/img\/foto\/12-2024\/cecilia-rodriguez-ignazio-moser-2076367_800_q50.webp\"><span class=\"img-title\">cecilia rodriguez ignazio moser<\/span><\/a><a href=\"https:\/\/www.dagospia.com\/media-gallery\/dago-fotogallery-521920\/1605201\" class=\"float-right img-wrapper\"><img decoding=\"async\" id=\"1605201\" loading=\"lazy\" src=\"https:\/\/static.dagospia.com\/img\/foto\/02-2022\/belen-corona-1605201_800_q50.webp\"><span class=\"img-title\">BELEN CORONA<\/span><\/a><a href=\"https:\/\/www.dagospia.com\/media-gallery\/dago-fotogallery-521920\/1385324\" class=\"float-right img-wrapper\"><img decoding=\"async\" id=\"1385324\" loading=\"lazy\" src=\"https:\/\/static.dagospia.com\/img\/foto\/11-2020\/fabrizio-corona-belen-1-1385324_800_q50.webp\"><span class=\"img-title\">fabrizio corona belen 1<\/span><\/a><a href=\"https:\/\/www.dagospia.com\/media-gallery\/dago-fotogallery-521920\/1853232\" class=\"float-right img-wrapper\"><img decoding=\"async\" id=\"1853232\" loading=\"lazy\" src=\"https:\/\/static.dagospia.com\/img\/foto\/06-2023\/belen-fabrizio-corona-1853232_800_q50.webp\"><span class=\"img-title\">belen fabrizio corona<\/span><\/a><a href=\"https:\/\/www.dagospia.com\/media-gallery\/dago-fotogallery-521920\/2160892\" class=\"float-right img-wrapper\"><img decoding=\"async\" id=\"2160892\" loading=\"lazy\" src=\"https:\/\/static.dagospia.com\/img\/foto\/08-2025\/corona-belen-2160892_800_q50.webp\"><span class=\"img-title\">corona belen<\/span><\/a><\/p>\n<\/div>\n<div class=\"share-section\">\n                Condividi  questo articolo<\/p>\n<div class=\"socials\"><a href=\"https:\/\/www.dagospia.com\/media-tv\/fabrizio-mi-rotto-cazzo-ti-rimando-in-galera-belen-rodriguez-finisce-485493\"><img decoding=\"async\" src=\"https:\/\/static.dagospia.com\/img\/icons\/facebook.svg\" alt=\"Condividi su Facebook\"><\/a><a href=\"https:\/\/www.dagospia.com\/media-tv\/fabrizio-mi-rotto-cazzo-ti-rimando-in-galera-belen-rodriguez-finisce-485493\"><img decoding=\"async\" src=\"https:\/\/static.dagospia.com\/img\/icons\/x-icon.png\" alt=\"Condividi su X\"><\/a><a href=\"https:\/\/www.dagospia.com\/media-tv\/fabrizio-mi-rotto-cazzo-ti-rimando-in-galera-belen-rodriguez-finisce-485493\"><img decoding=\"async\" src=\"https:\/\/static.dagospia.com\/img\/icons\/whatsapp.svg\" alt=\"Condividi su Whatsapp\"><\/a><a href=\"https:\/\/www.dagospia.com\/media-tv\/fabrizio-mi-rotto-cazzo-ti-rimando-in-galera-belen-rodriguez-finisce-485493\"><img decoding=\"async\" src=\"https:\/\/static.dagospia.com\/img\/icons\/mail.svg\" alt=\"Invia in email\"><\/a><\/div>\n<\/div>\n<\/article>\n<div class=\"content\">\n<div>\n<div class=\"twitter-tweet twitter-tweet-rendered\"><iframe allowfullscreen=\"true\" allowtransparency=\"true\" data-tweet-id=\"2094547562741023219\" frameborder id=\"twitter-widget-0\" scrolling=\"no\" src=\"https:\/\/platform.twitter.com\/embed\/Tweet.html?dnt=false&amp;embedId=twitter-widget-0&amp;features=eyJ0ZndfdGltZWxpbmVfbGlzdCI6eyJidWNrZXQiOltdLCJ2ZXJzaW9uIjpudWxsfSwidGZ3X2ZvbGxvd2VyX2NvdW50X3N1bnNldCI6eyJidWNrZXQiOnRydWUsInZlcnNpb24iOm51bGx9LCJ0ZndfdHdlZXRfZWRpdF9iYWNrZW5kIjp7ImJ1Y2tldCI6Im9uIiwidmVyc2lvbiI6bnVsbH0sInRmd19yZWZzcmNfc2Vzc2lvbiI6eyJidWNrZXQiOiJvbiIsInZlcnNpb24iOm51bGx9LCJ0ZndfZm9zbnJfc29mdF9pbnRlcnZlbnRpb25zX2VuYWJsZWQiOnsiYnVja2V0Ijoib24iLCJ2ZXJzaW9uIjpudWxsfSwidGZ3X21peGVkX21lZGlhXzE1ODk3Ijp7ImJ1Y2tldCI6InRyZWF0bWVudCIsInZlcnNpb24iOm51bGx9LCJ0ZndfZXhwZXJpbWVudHNfY29va2llX2V4cGlyYXRpb24iOnsiYnVja2V0IjoxMjA5NjAwLCJ2ZXJzaW9uIjpudWxsfSwidGZ3X3Nob3dfYmlyZHdhdGNoX3Bpdm90c19lbmFibGVkIjp7ImJ1Y2tldCI6Im9uIiwidmVyc2lvbiI6bnVsbH0sInRmd19kdXBsaWNhdGVfc2NyaWJlc190b19zZXR0aW5ncyI6eyJidWNrZXQiOiJvbiIsInZlcnNpb24iOm51bGx9LCJ0ZndfdXNlX3Byb2ZpbGVfaW1hZ2Vfc2hhcGVfZW5hYmxlZCI6eyJidWNrZXQiOiJvbiIsInZlcnNpb24iOm51bGx9LCJ0ZndfdmlkZW9faGxzX2R5bmFtaWNfbWFuaWZlc3RzXzE1MDgyIjp7ImJ1Y2tldCI6InRydWVfYml0cmF0ZSIsInZlcnNpb24iOm51bGx9LCJ0ZndfbGVnYWN5X3RpbWVsaW5lX3N1bnNldCI6eyJidWNrZXQiOnRydWUsInZlcnNpb24iOm51bGx9LCJ0ZndfdHdlZXRfZWRpdF9mcm9udGVuZCI6eyJidWNrZXQiOiJvbiIsInZlcnNpb24iOm51bGx9fQ%3D%3D&amp;frame=false&amp;hideCard=false&amp;hideThread=false&amp;id=2094547562741023219&amp;lang=it&amp;maxWidth=560px&amp;origin=https%3A%2F%2Fredazione2.dagospia.com%2Farticoli%2Fedit%2F485493&amp;sessionId=9038bf5d68a3cadb32a7f47027a285f3b3c6f4ab&amp;theme=light&amp;widgetsVersion=6a3ad42b224df%3A1778106238597&amp;width=550px\" title=\"X Post\"><\/iframe><\/div>\n<\/div>\n<p class=\"disable\">\u00a0<\/p>\n<p class=\"disable\">\u00a0<\/p>\n<p class=\"disable\"><strong>\u00abMI HAI ROTTO IL CA**O, TI RIMANDO IN GALERA\u00bb, L\u2019IRA DI BELEN RODRIGUEZ CONTRO FABRIZIO CORONA PRIMA DELLA PUNTATA DI FALSISSIMO<\/strong><\/p>\n<p class=\"disable\"><strong>Alba Romano per <a href=\"http:\/\/www.open.online\" target=\"_blank\">www.open.online<\/a><\/strong><\/p>\n<p class=\"disable\">\u00a0<\/p>\n<p class=\"disable\">\u00a0<\/p>\n<p><a href=\"https:\/\/www.dagospia.com\/media-gallery\/dago-fotogallery-521920\/2301427\" class=\"float-right img-wrapper\"><img decoding=\"async\" id=\"2301427\" loading=\"lazy\" src=\"https:\/\/static.dagospia.com\/img\/foto\/09-2026\/conversazione-tra-belen-e-fabrizio-corona-2301427_800_q50.webp\"><span class=\"img-title\">conversazione tra belen e fabrizio corona<\/span><\/a><\/p>\n<p class=\"disable\">\u00abRispondimi a questo ca**o di telefono. Sono stata sempre impeccabile con te ma se non hai voglia di confrontarti ti rimando in galera. Te lo giuro sui miei figli\u00bb. \u00c8 parte del durissimo sfogo inviato via WhatsApp da Belen Rodriguez a Fabrizio Corona, pubblicato dallo stesso ex fotografo sui social alla vigilia della nuova puntata del suo format online Falsissimo, in onda questa sera (ieri, ndr), 31 agosto, alle ore 21.00. [&#8230;]<\/p>\n<p class=\"disable\">\u00a0<\/p>\n<p class=\"disable\">Dagli screenshot, dove il contatto della conduttrice figura memorizzato come \u00abBelen GORDA\u00bb, \u00e8 palpabile la rabbia dell\u2019influencer per il rifiuto dell\u2019ex compagno di rispondere alle sue chiamate: \u00abPerch\u00e9 vengo a Milano, mi hai rotto il ca**o\u00bb, \u00abFabrizio se non mi chiami ti denuncio (?)\u00bb, \u00abQuesta volta non scherzo\u00bb e \u00abMi stai stressando ogni giorno\u00bb.<\/p>\n<p class=\"disable\">\u00a0<\/p>\n<p class=\"disable\">Oltre alla minaccia di rispedirlo in carcere, Belen fa riferimento a presunte informazioni in possesso di terzi: \u00abAntonia che ha lavorato per te tutti questi anni sa tutto e ha tutto\u00bb, per poi dargli un ultimatum: \u00abHai un\u2019ora di tempo. Altrimenti l\u2019avvocato di Mediaset parte con la lettera gi\u00e0 fatta da una settimana\u00bb. Poi la conclusione: \u00abOkay. Te ne arriveranno delle belle\u00bb.<\/p>\n<p class=\"disable\">\u00a0<\/p>\n<p class=\"disable\">[&#8230;]\u00a0Selvaggia Lucarelli, prendendo le difese della conduttrice e criticando l\u2019accanimento mediatico: \u00abNegli ultimi due anni, Belen ha raccontato le sue fragilit\u00e0 relative alla sua salute mentale. Infierire su di lei in questo momento fa schifo e fa ancora pi\u00f9 schifo chi rilancia sui social i contenuti dei vampiri su di lei\u00bb.<\/p>\n<p class=\"disable\">\u00a0<\/p>\n<p><a href=\"https:\/\/www.dagospia.com\/media-gallery\/dago-fotogallery-521920\/2130909\" class=\"float-left img-wrapper\"><img decoding=\"async\" id=\"2130909\" loading=\"lazy\" src=\"https:\/\/static.dagospia.com\/img\/foto\/05-2025\/ignazio-moser-cecilia-rodriguez-2130909_800_q50.webp\"><span class=\"img-title\">ignazio moser cecilia rodriguez<\/span><\/a><\/p>\n<p class=\"disable\"><strong>LE REAZIONI DI CECILIA RODRIGUEZ E IGNAZIO MOSER DOPO LA PUNTATA DI &#8220;FALSISSIMO&#8221; DI CORONA SU BELEN<\/strong><\/p>\n<p class=\"disable\"><strong>Estratto dell&#8217;articolo di Federica Rosato per\u00a0<a href=\"https:\/\/www.today.it\/\" target=\"_blank\">https:\/\/www.today.it\/<\/a><\/strong><\/p>\n<p class=\"disable\">\u00a0<\/p>\n<p class=\"disable\">[&#8230;] Nella sua ultima puntata di Falsissimo, Fabrizio Corona ha lanciato una bomba destinata a far discutere a lungo. L&#8217;ex re dei paparazzi ha infatti rivelato quelli che, secondo lui, sarebbero stati i veri motivi alla base dell&#8217;allontanamento tra Cecilia e la sorella maggiore.<\/p>\n<p class=\"disable\">\u00a0<\/p>\n<p class=\"disable\">La rottura, a detta sua, sarebbe nata dalla scoperta, da parte di Cecilia, di un presunto tradimento del marito Ignazio Moser con la stessa Belen. Rivelazioni scottanti e accuse pesantissime che, secondo il racconto dell&#8217;ex fotografo, sarebbe stata Belen a confidargli tra il 2021 e il 2022 e che oggi entrano in contrasto con la versione sempre sostenuta dalle sorelle Rodriguez.\u00a0<\/p>\n<p class=\"disable\">\u00a0<\/p>\n<p><a href=\"https:\/\/www.dagospia.com\/media-gallery\/dago-fotogallery-521920\/2115328\" class=\"float-right img-wrapper\"><img decoding=\"async\" id=\"2115328\" loading=\"lazy\" src=\"https:\/\/static.dagospia.com\/img\/foto\/04-2025\/belen-fabrizio-corona-2115328_800_q50.webp\"><span class=\"img-title\">belen fabrizio corona<\/span><\/a><\/p>\n<p class=\"disable\">Solo un anno fa le indiscrezioni su un profondo strappo tra le due occupavano le pagine dei giornali e dei siti di gossip. Intorno alle cause di quel raffreddamento improvviso e inatteso si erano rincorse le ipotesi pi\u00f9 svariate: dai retroscena del giornalista Gabriele Parpiglia su un presunto \u201cgelo totale\u201d legato ad atteggiamenti giudicati troppo confidenziali tra Belen e il cognato, fino alle voci su incomprensioni personali emerse durante la gravidanza di Cecilia.<\/p>\n<p class=\"disable\">\u00a0<\/p>\n<p class=\"disable\">Una tensione che la stessa Belen aveva poi confermato ai microfoni di Belve, ospite di Francesca Fagnani. \u201cNon \u00e8 che voglio giustificarmi, ma lei era incinta, gli ormoni un po&#8217; sballati e non mi voleva parlare. Io avevo fatto una marachella, ma lei non mi voleva parlare ed \u00e8 durata abbastanza. Non posso dire questa cosa, era abbastanza grave\u201d, aveva dichiarato la showgirl senza scendere troppo nei dettagli.\u00a0<\/p>\n<p class=\"disable\">\u00a0<\/p>\n<p class=\"disable\">Pochi mesi dopo anche la sorella Cecilia, ospite del podcast Non lo faccio per moda di Giulia Salemi, aveva affrontato l&#8217;argomento ridimensionando l&#8217;accaduto a una semplice incomprensione famigliare. \u201cCon mia sorella avevo litigato, non mi sono sentita per\u00f2 di dirlo perch\u00e9 erano cose nostre, cose personali. Non ci siamo parlate per un po&#8217;, la nostra \u00e8 stata una litigata tra sorelle, non ci siamo capite\u201d, aveva rivelato.<\/p>\n<p class=\"disable\">\u00a0<\/p>\n<p><a href=\"https:\/\/www.dagospia.com\/media-gallery\/dago-fotogallery-521920\/2123486\" class=\"float-left img-wrapper\"><img decoding=\"async\" id=\"2123486\" loading=\"lazy\" src=\"https:\/\/static.dagospia.com\/img\/foto\/04-2025\/cecilia-rodriguez-ignazio-moser-2123486_800_q50.webp\"><span class=\"img-title\">cecilia rodriguez ignazio moser<\/span><\/a><\/p>\n<p class=\"disable\">E sulla presunta crisi matrimoniale con Moser aveva detto senza filtri: \u201cIo non ho mai litigato con Ignazio, non eravamo in crisi\u201d. Ora, per\u00f2, \u00e8 arrivata la \u201cbomba\u201d di Corona, proprio quando le due sorelle sembravano aver ritrovato l&#8217;armonia tra vacanze insieme, cene in famiglia e scatti condivisi sui social con tanto di dolci dediche.\u00a0<\/p>\n<p class=\"disable\">\u00a0<\/p>\n<p class=\"disable\">[&#8230;] Anzi, subito dopo la puntata Cecilia ha pubblicato uno scatto insieme alla figlia e le promozioni del brand creato con i fratelli. Ignazio, dal canto suo, ha condiviso su Instagram una foto in bianco e nero con la bambina. [&#8230;]<\/p>\n<p><a href=\"https:\/\/www.dagospia.com\/media-gallery\/dago-fotogallery-521920\/2300496\" class=\"float-right img-wrapper\"><img decoding=\"async\" id=\"2300496\" loading=\"lazy\" src=\"https:\/\/static.dagospia.com\/img\/foto\/08-2026\/diletta-leotta-2300496_800_q50.webp\"><span class=\"img-title\">diletta leotta<\/span><\/a><a href=\"https:\/\/www.dagospia.com\/media-gallery\/dago-fotogallery-521920\/2280966\" class=\"float-right img-wrapper\"><img decoding=\"async\" id=\"2280966\" loading=\"lazy\" src=\"https:\/\/static.dagospia.com\/img\/foto\/07-2026\/diletta-leotta-4-2280966_800_q50.webp\"><span class=\"img-title\">diletta leotta 4<\/span><\/a><\/p>\n<p><a href=\"https:\/\/www.dagospia.com\/media-gallery\/dago-fotogallery-521920\/2280970\" class=\"float-right img-wrapper\"><img decoding=\"async\" id=\"2280970\" loading=\"lazy\" src=\"https:\/\/static.dagospia.com\/img\/foto\/07-2026\/diletta-leotta-1-2280970_800_q50.webp\"><span class=\"img-title\">diletta leotta 1<\/span><\/a><\/p>\n<p><a href=\"https:\/\/www.dagospia.com\/media-gallery\/dago-fotogallery-521920\/1947846\" class=\"float-right img-wrapper\"><img decoding=\"async\" id=\"1947846\" loading=\"lazy\" src=\"https:\/\/static.dagospia.com\/img\/foto\/01-2024\/corona-belen-1947846_800_q50.webp\"><span class=\"img-title\">corona belen<\/span><\/a><a href=\"https:\/\/www.dagospia.com\/media-gallery\/dago-fotogallery-521920\/2299833\" class=\"float-right img-wrapper\"><img decoding=\"async\" id=\"2299833\" loading=\"lazy\" src=\"https:\/\/static.dagospia.com\/img\/foto\/08-2026\/belen-2299833_800_q50.webp\"><span class=\"img-title\">belen<\/span><\/a><a href=\"https:\/\/www.dagospia.com\/media-gallery\/dago-fotogallery-521920\/2299832\" class=\"float-right img-wrapper\"><img decoding=\"async\" id=\"2299832\" loading=\"lazy\" src=\"https:\/\/static.dagospia.com\/img\/foto\/08-2026\/belen-4-2299832_800_q50.webp\"><span class=\"img-title\">belen 4<\/span><\/a><a href=\"https:\/\/www.dagospia.com\/media-gallery\/dago-fotogallery-521920\/1895863\" class=\"float-right img-wrapper\"><img decoding=\"async\" id=\"1895863\" loading=\"lazy\" src=\"https:\/\/static.dagospia.com\/img\/foto\/10-2023\/corona-belen-1895863_800_q50.webp\"><span class=\"img-title\">corona belen<\/span><\/a><a href=\"https:\/\/www.dagospia.com\/media-gallery\/dago-fotogallery-521920\/2301000\" class=\"float-right img-wrapper\"><img decoding=\"async\" id=\"2301000\" loading=\"lazy\" src=\"https:\/\/static.dagospia.com\/img\/foto\/08-2026\/belen-gaetano-fidanzati-2301000_800_q50.webp\"><span class=\"img-title\">belen gaetano fidanzati<\/span><\/a><a href=\"https:\/\/www.dagospia.com\/media-gallery\/dago-fotogallery-521920\/2010401\" class=\"float-right img-wrapper\"><img decoding=\"async\" id=\"2010401\" loading=\"lazy\" src=\"https:\/\/static.dagospia.com\/img\/foto\/07-2024\/cecilia-rodriguez-ignazio-moser-2010401_800_q50.webp\"><span class=\"img-title\">cecilia rodriguez ignazio moser<\/span><\/a><a href=\"https:\/\/www.dagospia.com\/media-gallery\/dago-fotogallery-521920\/2110851\" class=\"float-right img-wrapper\"><img decoding=\"async\" id=\"2110851\" loading=\"lazy\" src=\"https:\/\/static.dagospia.com\/img\/foto\/03-2025\/ignazio-moser-cecilia-rodriguez-2110851_800_q50.webp\"><span class=\"img-title\">ignazio moser cecilia rodriguez<\/span><\/a><a href=\"https:\/\/www.dagospia.com\/media-gallery\/dago-fotogallery-521920\/1964173\" class=\"float-right img-wrapper\"><img decoding=\"async\" id=\"1964173\" loading=\"lazy\" src=\"https:\/\/static.dagospia.com\/img\/foto\/03-2024\/cecilia-rodriguez-ignazio-moser-1964173_800_q50.webp\"><span class=\"img-title\">cecilia rodriguez ignazio moser<\/span><\/a><a href=\"https:\/\/www.dagospia.com\/media-gallery\/dago-fotogallery-521920\/1874491\" class=\"float-right img-wrapper\"><img decoding=\"async\" id=\"1874491\" loading=\"lazy\" src=\"https:\/\/static.dagospia.com\/img\/foto\/08-2023\/cecilia-rodriguez-e-ignazio-moser-1874491_800_q50.webp\"><span class=\"img-title\">cecilia rodriguez e ignazio moser<\/span><\/a><a href=\"https:\/\/www.dagospia.com\/media-gallery\/dago-fotogallery-521920\/1296488\" class=\"float-right img-wrapper\"><img decoding=\"async\" id=\"1296488\" loading=\"lazy\" src=\"https:\/\/static.dagospia.com\/img\/foto\/03-2020\/belen-rodriguez-in-quarantena-il-workout-da-coronavirus-1296488_800_q50.webp\"><span class=\"img-title\">BELEN RODRIGUEZ IN QUARANTENA IL WORKOUT DA CORONAVIRUS<\/span><\/a><a href=\"https:\/\/www.dagospia.com\/media-gallery\/dago-fotogallery-521920\/2076367\" class=\"float-right img-wrapper\"><img decoding=\"async\" id=\"2076367\" loading=\"lazy\" src=\"https:\/\/static.dagospia.com\/img\/foto\/12-2024\/cecilia-rodriguez-ignazio-moser-2076367_800_q50.webp\"><span class=\"img-title\">cecilia rodriguez ignazio moser<\/span><\/a><a href=\"https:\/\/www.dagospia.com\/media-gallery\/dago-fotogallery-521920\/1605201\" class=\"float-right img-wrapper\"><img decoding=\"async\" id=\"1605201\" loading=\"lazy\" src=\"https:\/\/static.dagospia.com\/img\/foto\/02-2022\/belen-corona-1605201_800_q50.webp\"><span class=\"img-title\">BELEN CORONA<\/span><\/a><a href=\"https:\/\/www.dagospia.com\/media-gallery\/dago-fotogallery-521920\/1385324\" class=\"float-right img-wrapper\"><img decoding=\"async\" id=\"1385324\" loading=\"lazy\" src=\"https:\/\/static.dagospia.com\/img\/foto\/11-2020\/fabrizio-corona-belen-1-1385324_800_q50.webp\"><span class=\"img-title\">fabrizio corona belen 1<\/span><\/a><a href=\"https:\/\/www.dagospia.com\/media-gallery\/dago-fotogallery-521920\/1853232\" class=\"float-right img-wrapper\"><img decoding=\"async\" id=\"1853232\" loading=\"lazy\" src=\"https:\/\/static.dagospia.com\/img\/foto\/06-2023\/belen-fabrizio-corona-1853232_800_q50.webp\"><span class=\"img-title\">belen fabrizio corona<\/span><\/a><a href=\"https:\/\/www.dagospia.com\/media-gallery\/dago-fotogallery-521920\/2160892\" class=\"float-right img-wrapper\"><img decoding=\"async\" id=\"2160892\" loading=\"lazy\" src=\"https:\/\/static.dagospia.com\/img\/foto\/08-2025\/corona-belen-2160892_800_q50.webp\"><span class=\"img-title\">corona belen<\/span><\/a><\/p>\n<\/div>\n<article><a href=\"https:\/\/www.dagospia.com\/politica\/dagoreport-grazie-trump-mondo-verso-de-americanizzazione-oggi-si-485332\"><\/p>\n<div class=\"img-wrapper\"><img decoding=\"async\" src=\"https:\/\/static.dagospia.com\/img\/patch\/09-2026\/trump-modi-xi-jinping-putin-2301524_600_q50.webp\" alt=\"trump modi xi jinping putin\" loading=\"lazy\"><time class=\"data-ora\">1 set 19:59<\/time><\/div>\n<div class=\"excerpt\">\n<p>DAGOREPORT \u2013<span> GRAZIE A TRUMP, IL DOLLARO RISCHIA DI DIVENTARE CARTA STRACCIA \u2013<\/span>\u00a0IL PIATTO FORTE AL SUMMIT IN KIRGHIZISTAN DI XI JINPING, VLADIMIR PUTIN E NARENDRA MODI, HA FATTO STRA-INCAZZARE IL CALIGOLA DELLA CASA BIANCA: SUL TAVOLO,\u00a0<span>IL PROGETTO DEI &#8221;BRICS&#8221; (BRASILE, RUSSIA, INDIA, CINA, SUDAFRICA) DI DAR VITA A UNA \u201cMONETA UNICA&#8221;, PER FAR FUORI IL DOLLARO NEGLI SCAMBI INTERNAZIONALI<\/span>\u00a0&#8211; CON UN DEBITO PUBBLICO MONSTRE DI 40MILA MILIARDI, LA DE-DOLLARIZZAZIONE SAREBBE LA FINE DELL&#8217;IMPERO AMERICANO: IL VERDONE&#8221; VIENE UTILIZZATO IN OLTRE L&#8217;80% DELLE TRANSAZIONI COMMERCIALI E IN PI\u00d9 DELLA MET\u00c0 DEI PAGAMENTI INTERNAZIONALI DELLE MATERIE PRIME, COME IL PETROLIO\u00a0&#8211; <span>LA DECISIONE E&#8217; NELLE MANI DELLA CINA: RINUNCERA&#8217; ALLO MONETA NAZIONALE, LO YUAN, PER DIVENTARE LA LOCOMOTIVA DEI &#8221;BRICS&#8221;?<\/span>\u00a0&#8211;\u00a0SUL MAGGIORE IMPEGNO A FAVORE DELL\u2019IRAN, PESANO I DUBBI\u00a0DI MODI (GLI USA SONO IL PRIMO PARTNER COMMERCIALE DELL\u2019INDIA)\u00a0&#8211; PROSSIMO ROUND: IL VERTICE DI XI JIN PING DEL 24 SETTEMBRE CON IL &#8220;DERAGLIATO MENTALE&#8221; DELLA CASA BIANCA&#8230;<\/p>\n<\/div>\n<p><\/a><\/article>\n<article><a href=\"https:\/\/www.dagospia.com\/politica\/elly-ascolta-gli-amici-i-big-pd-scesi-in-campo-cosi-pesantemente-per-485354\"><\/p>\n<div class=\"img-wrapper\"><img decoding=\"async\" src=\"https:\/\/static.dagospia.com\/img\/patch\/08-2026\/giuseppe-conte-elly-schlein-franceschini-bonaccini-nardella-2301098_600_q50.webp\" alt=\"giuseppe conte elly schlein franceschini bonaccini nardella\" loading=\"lazy\"><time class=\"data-ora\">31 ago 20:17<\/time><\/div>\n<div class=\"excerpt\">\n<p>DAGOREPORT &#8211; <span>ELLY, ASCOLTA GLI AMICI!<\/span> I CAPOCCIONI E LE MEZZECALZE DEL PD, CHE SONO SCESI COS\u00cc PESANTEMENTE IN CAMPO PER SCONGIURARE LA JATTURA DELLE PRIMARIE, NON CE L&#8217;HANNO CON TE, LO FANNO SOLO PER IL TUO BENE &#8211; CERTO, TEMONO (A RAGIONE) ANCHE PER LA LORO SOPRAVVIVENZA PARLAMENTARE: <span>SE ELLY, COME PROBABILE, PERDESSE AI GAZEBO IL DUELLO CON CONTE, TRASCINEREBBE IL PARTITO NEL BARATRO <\/span>&#8211; \u00c8 PER QUESTO CHE DA QUALCHE SETTIMANA SONO PARTITI GLI AVVERTIMENTI VIA STAMPA, ANCHE DI ESPONENTI PD NON OSTILI ALLA SCHLEIN COME DARIO NARDELLA, DI FARE UN PASSO INDIETRO \u2013 <span>LA TRAGEDIA \u00c8 CHE L\u2019AMBIZIOSA DUCETTA DEL NAZARENO, NONOSTANTE I SONDAGGI HORROR, SI VEDE GI\u00c0 A PALAZZO CHIGI, VALUTANDOLI COME ATTACCHI ALLA SUA LEADERSHIP<\/span>: \u201cLE INTERVISTE SULLE PRIMARIE? SONO SOLO ESERCIZI INTELLETTUALI, ALLA FESTA DELL\u2019UNITA\u2019 PARLO IO\u201d &#8211; SE ELLY CONTINUA COS\u00cc, RISCHIA CHE LA SUA PROSSIMA OCCUPAZIONE SARA&#8217; DI BALLARE SUI CARRI DEL GAY PRIDE&#8230;<\/p>\n<\/div>\n<p><\/a><\/article>\n<article><a href=\"https:\/\/www.dagospia.com\/politica\/l-ingaggio-fedorov-fa-incazzare-zelensky-mette-in-allarme-agenzie-485343\"><\/p>\n<div class=\"img-wrapper\"><img decoding=\"async\" src=\"https:\/\/static.dagospia.com\/img\/patch\/08-2026\/fedorov-musk-thiel-zelensky-crosetto-2301168_600_q50.webp\" alt=\"fedorov musk thiel zelensky crosetto\" loading=\"lazy\"><time class=\"data-ora\">31 ago 18:41<\/time><\/div>\n<div class=\"excerpt\">\n<p>DAGOREPORT &#8211; <span>A QUALCUNO NON PIACE &#8216;STO FEDOROV<\/span> &#8211;\u00a0PIU&#8217; CHE A INDIGNARE I NEURONI ALLA VODKA DI VANNACCI E DI TRAVAGLIO, L\u2019INGAGGIO DEL GOVERNO ITALIANO DELL&#8217;EX MINISTRO DELLA DIFESA UCRAINO<span> FA INCAZZARE ZELENSKY E METTE IN ALLARME LE AGENZIE DI INTELLIGENCE EUROPEE &#8211; <\/span>IL DINAMISMO DEL NOVELLO CONSULENTE DEL MINISTRO CROSETTO NON POTEVA NON FINIRE &#8220;ATTENZIONATO&#8221;, VISTO E CONFERMATO <span>IL RAPPORTO STRETTISSIMO CON L&#8217;EMINENZA GRIGIA DELLA TECNO-DESTRA PETER THIEL E CON IL CAVALIERE NERO DELLA GALASSIA MAGA, ELON MUSK<\/span> &#8211; \u00c8 STATO FEDOROV A OTTENERE LO SBLOCCO DEL SISTEMA STARLINK E A COLTIVARE RAPPORTI CON PALANTIR, CHE FORNISCE A KIEV I SOFTWARE PER LA DIFESA &#8211; <span>CHE STA COMBINANDO IN QUESTI GIORNI FEDOROV NEGLI STATI UNITI? <\/span>COSA VOGLIONO MUSK E THIEL DA LUI? LE ELEZIONI A KIEV, MAGARI PER SOSTITUIRE ZELENSKY E ARRIVARE A QUALUNQUE \u2018PACE\u2019\u201d?<\/p>\n<\/div>\n<p><\/a><\/article>\n<article><a href=\"https:\/\/www.dagospia.com\/politica\/flash-c-e-grande-perplessita-i-draghi-boys-per-presenza-andrea-485336\"><\/p>\n<div class=\"img-wrapper\"><img decoding=\"async\" src=\"https:\/\/static.dagospia.com\/img\/patch\/08-2026\/xavier-niel-draghi-pignataro-2301175_600_q50.webp\" alt=\"xavier niel draghi pignataro\" loading=\"lazy\"><time class=\"data-ora\">31 ago 18:19<\/time><\/div>\n<div class=\"excerpt\">\n<p>FLASH! \u2013 <span>I \u201cDRAGHI BOYS\u201d DEL POTERE ECONOMICO ITALIANO AVREBBERO ESPRESSO QUALCHE PERPLESSITA&#8217; ALL\u2019EX PREMIER<\/span> SULLA PRESENZA DEL MISTERIOSO MILIARDARIO <span>ANDREA PIGNATARO E DEL FONDATORE DI ILIAD, IL FRANCESE XAVIER NIEL, <\/span>CHE NEL 2004 FU CONDANNATO A DUE ANNI DI GALERA (CON LA CONDIZIONALE), NEL \u201cRHINE GROUP\u201d, IL THINK TANK FONDATO DA \u201cMARIOPIO\u201d PER DARE UNA SFERZATA ALL\u2019UNIONE EUROPEA, COMPOSTO DA 54 MANAGER, ECONOMISTI, ACCADEMICI E IMPRENDITORI TECNOLOGICI&#8230;.<\/p>\n<\/div>\n<p><\/a><\/article>\n<article><a href=\"https:\/\/www.dagospia.com\/politica\/quale-episodio-giulia-presutti-era-habitue-cefalu-bistro-dove-piu-e-485248\"><\/p>\n<div class=\"img-wrapper\"><img decoding=\"async\" src=\"https:\/\/static.dagospia.com\/img\/patch\/08-2026\/ranucci-presutti-cianfoni-floridia-2300757_600_q50.webp\" alt=\"ranucci presutti cianfoni floridia\" loading=\"lazy\"><time class=\"data-ora\">30 ago 19:14<\/time><\/div>\n<div class=\"excerpt\">\n<p>DAGOREPORT &#8211;<span>\u00a0MA QUALE &#8220;EPISODIO&#8221;! GIULIA PRESUTTI ERA UN HABITU\u00c8 DEL \u201cCEFAL\u00d9 BISTR\u00d2\u201d<\/span> DOVE PI\u00d9 VOLTE \u00c8 STATA VISTA INSIEME ALL\u2019AMICA LAURA CIANFONI, CHE A SUA VOLTA \u00c8 LEGATISSIMA A RANUCCI E CARISSIMA A LAVITOLA (COME \u00c8 TESTIMONIATO DALLE FOTO DI DAGOSPIA IN OCCASIONE DEL PREMIO COLALUCCI, SETTEMBRE 2020) &#8211; <span>NELLA DECISIONE DI SCEGLIERE GIULIA PRESUTTI, ACCREDITATA COME ESPRESSIONE DI M5S E AVS, <\/span>PER DARE UN CONTENTINO ALL\u2019OPPOSIZIONE, SAREBBE AVVENUTA UNA INTERLOCUZIONE TRA L\u2019AD RAI, GIAMPAOLO ROSSI, E L\u2019EX PRESIDENTE DELLA VIGILANZA RAI, LA GRILLINA BARBARA FLORIDIA, CHE AVREBBE DATO IL SUO PLACET &#8211; <span>ANCHE SULLA SCELTA DI PIERVINCENZI ALLA CONDUZIONE DI &#8220;REPORT&#8221;, CHE VA A BILANCIARE LA PRESUTTI DI SINISTRA, SI ADDENSANO ALCUNE DOMANDINE<\/span>: A PARTIRE DALLA PASSIONE PER IL RUGBY\u2026<\/p>\n<\/div>\n<p><\/a><\/article>\n<article><a href=\"https:\/\/www.dagospia.com\/politica\/risiko-s-ingrossa-l-apertura-assicurazioni-generali-valutare-l-offerta-484996\"><\/p>\n<div class=\"img-wrapper\"><img decoding=\"async\" src=\"https:\/\/static.dagospia.com\/img\/patch\/08-2026\/generali-philippe-donnet-luigi-lovaglio-carlo-messina-2292458_600_q50.webp\" alt=\"generali philippe donnet luigi lovaglio carlo messina \" loading=\"lazy\"><time class=\"data-ora\">27 ago 21:02<\/time><\/div>\n<div class=\"excerpt\">\n<p>DAGOREPORT &#8211; <span>IL RISIKO S&#8217;INGROSSA!<\/span> L\u2019APERTURA DI ASSICURAZIONI GENERALI A VALUTARE L&#8217;OFFERTA\u201d DI MPS PER L\u2019ACQUISIZIONE DI BANCA GENERALI, <span>\u00c8 UN GRAN PASSO AVANTI PER IL PIANO DI LOVAGLIO PER DISINNESCARE L\u2019OPAS SUL \u201cMONTE\u201d DI BANCA INTESA <\/span>&#8211; SECONDO PIAZZA AFFARI, L\u2019OPERAZIONE TRIESTE-SIENA POTREBBE AVERE DALLA SUA <span>L\u2019APPOGGIO DEI POTENTISSIMI FONDI DI INVESTIMENTO INTERNAZIONALI, TRA CUI BLACKROCK<\/span>, CHE HA PERALTRO IMPORTANTI INTERESSI NELLE BANCHE ITALIANE, TRA CUI INTESA &#8211; <span>ORA INIZIA UNA PARTITA APERTISSIMA DAL PUNTO DI VISTA FINANZIARIO, MA ANCHE DA QUELLO POLITICO:<\/span> IL 26 OTTOBRE\u00a0 L\u2019ASSEMBLEA STRAORDINARIA DI MPS SARA&#8217; CHIAMATA AD APPROVARE L&#8217;ACQUISIZIONE E TUTTO PUO&#8217; SUCCEDERE&#8230;<\/p>\n<\/div>\n<p><\/a><\/article>\n<article><a href=\"https:\/\/www.dagospia.com\/cronache\/come-sta-alessandro-battista-condizioni-salute-dell-ex-deputato-485182\"><\/p>\n<div class=\"img-wrapper\"><img decoding=\"async\" src=\"https:\/\/static.dagospia.com\/img\/patch\/08-2026\/di-battista-grillo-di-maio-alessandro-2300529_600_q50.webp\" alt=\"di battista grillo di maio alessandro\" loading=\"lazy\"><\/div>\n<div class=\"excerpt\">COME STA ALESSANDRO DI BATTISTA? &#8211; LE CONDIZIONI DI SALUTE DELL&#8217;EX DEPUTATO DEL MOVIMENTO 5 STELLE,\u2026<\/div>\n<p><\/a><\/article>\n<article><a href=\"https:\/\/www.dagospia.com\/sport\/pennellone-frou-frou-mole-juve-acquistato-l-attaccante-nick-woltemade-485601\"><\/p>\n<div class=\"img-wrapper\"><img decoding=\"async\" src=\"https:\/\/static.dagospia.com\/img\/patch\/09-2026\/nick-woltemade-2301780_600_q50.webp\" alt loading=\"lazy\"><\/div>\n<div class=\"excerpt\">UN PENNELLONE &#8220;FROU FROU&#8221; SOTTO LA MOLE? \u2013 LA JUVE HA ACQUISTATO IN PRESTITO DAL NEWCASTLE\u2026<\/div>\n<p><\/a><\/article>\n<article><a href=\"https:\/\/www.dagospia.com\/cronache\/42enne-abusa-13enne-gip-scarcera-ha-capito-aver-sbagliato-era-485509\"><\/p>\n<div class=\"img-wrapper\"><img decoding=\"async\" src=\"https:\/\/static.dagospia.com\/img\/patch\/09-2026\/carlo-nordio-violenza-sessuale-2301509_600_q50.webp\" alt=\"carlo nordio violenza sessuale \" loading=\"lazy\"><\/div>\n<div class=\"excerpt\">QUESTI GIUDICI FANNO UN REGALO ALLA PROPAGANDA DEL GOVERNO! ALLA PERIFERIA DI TORINO UN 42ENNE\u2026<\/div>\n<p><\/a><\/article>\n<article><a href=\"https:\/\/www.dagospia.com\/media-tv\/pillole-gossip-leonardo-lini-noemi-bocchi-pitt-jolie-pamela-anderson-la-485460\"><\/p>\n<div class=\"img-wrapper\"><img decoding=\"async\" src=\"https:\/\/static.dagospia.com\/img\/patch\/09-2026\/pillole-avanti-gossip-2301347_600_q50.webp\" alt=\"pillole avanti gossip\" loading=\"lazy\"><\/div>\n<div class=\"excerpt\">AVANTI, C\u2019\u00c8 GOSSIP! SARA\u2019 IL BELLOCCIO LEONARDO LINI IL MAESTRO DI NOEMI BOCCHI A &#8220;BALLANDO CON LE\u2026<\/div>\n<p><\/a><\/article>\n<article><a href=\"https:\/\/www.dagospia.com\/media-tv\/zinnette-crocette-riconoscete-debuttato-grande-schermo-giovanissima-485439\"><\/p>\n<div class=\"img-wrapper\"><img decoding=\"async\" src=\"https:\/\/static.dagospia.com\/img\/patch\/09-2026\/elle-fanning-2301310_600_q50.webp\" alt=\"elle fanning\" loading=\"lazy\"><\/div>\n<div class=\"excerpt\">LA RICONOSCETE? \u2013 HA DEBUTTATO SUL GRANDE SCHERMO DA BAMBINA. ORA CHE \u00c8 CRESCIUTA (HA 28 ANNI), HA\u2026<\/div>\n<p><\/a><\/article>\n<article><a href=\"https:\/\/www.dagospia.com\/politica\/dagoreport-grazie-trump-mondo-verso-de-americanizzazione-oggi-si-485332\"><\/p>\n<div class=\"img-wrapper\"><img decoding=\"async\" src=\"https:\/\/static.dagospia.com\/img\/patch\/09-2026\/trump-modi-xi-jinping-putin-2301524_600_q50.webp\" alt=\"trump modi xi jinping putin\" loading=\"lazy\"><\/div>\n<div class=\"excerpt\">DAGOREPORT \u2013 GRAZIE A TRUMP, IL DOLLARO RISCHIA DI DIVENTARE CARTA STRACCIA \u2013\u00a0IL PIATTO FORTE AL\u2026<\/div>\n<p><\/a><\/article>\n<article><a href=\"https:\/\/www.dagospia.com\/politica\/elly-ascolta-gli-amici-i-big-pd-scesi-in-campo-cosi-pesantemente-per-485354\"><\/p>\n<div class=\"img-wrapper\"><img decoding=\"async\" src=\"https:\/\/static.dagospia.com\/img\/patch\/08-2026\/giuseppe-conte-elly-schlein-franceschini-bonaccini-nardella-2301098_600_q50.webp\" alt=\"giuseppe conte elly schlein franceschini bonaccini nardella\" loading=\"lazy\"><\/div>\n<div class=\"excerpt\">DAGOREPORT &#8211; ELLY, ASCOLTA GLI AMICI! I CAPOCCIONI E LE MEZZECALZE DEL PD, CHE SONO SCESI COS\u00cc\u2026<\/div>\n<p><\/a><\/article>\n<article><a href=\"https:\/\/www.dagospia.com\/politica\/l-ingaggio-fedorov-fa-incazzare-zelensky-mette-in-allarme-agenzie-485343\"><\/p>\n<div class=\"img-wrapper\"><img decoding=\"async\" src=\"https:\/\/static.dagospia.com\/img\/patch\/08-2026\/fedorov-musk-thiel-zelensky-crosetto-2301168_600_q50.webp\" alt=\"fedorov musk thiel zelensky crosetto\" loading=\"lazy\"><\/div>\n<div class=\"excerpt\">DAGOREPORT &#8211; A QUALCUNO NON PIACE &#8216;STO FEDOROV &#8211;\u00a0PIU&#8217; CHE A INDIGNARE I NEURONI ALLA VODKA DI\u2026<\/div>\n<p><\/a><\/article>\n<article><a href=\"https:\/\/www.dagospia.com\/politica\/flash-c-e-grande-perplessita-i-draghi-boys-per-presenza-andrea-485336\"><\/p>\n<div class=\"img-wrapper\"><img decoding=\"async\" src=\"https:\/\/static.dagospia.com\/img\/patch\/08-2026\/xavier-niel-draghi-pignataro-2301175_600_q50.webp\" alt=\"xavier niel draghi pignataro\" loading=\"lazy\"><\/div>\n<div class=\"excerpt\">FLASH! \u2013 I \u201cDRAGHI BOYS\u201d DEL POTERE ECONOMICO ITALIANO AVREBBERO ESPRESSO QUALCHE PERPLESSITA&#8217;\u2026<\/div>\n<p><\/a><\/article>\n<article><a href=\"https:\/\/www.dagospia.com\/politica\/quale-episodio-giulia-presutti-era-habitue-cefalu-bistro-dove-piu-e-485248\"><\/p>\n<div class=\"img-wrapper\"><img decoding=\"async\" src=\"https:\/\/static.dagospia.com\/img\/patch\/08-2026\/ranucci-presutti-cianfoni-floridia-2300757_600_q50.webp\" alt=\"ranucci presutti cianfoni floridia\" loading=\"lazy\"><\/div>\n<div class=\"excerpt\">DAGOREPORT &#8211;\u00a0MA QUALE &#8220;EPISODIO&#8221;! GIULIA PRESUTTI ERA UN HABITU\u00c8 DEL \u201cCEFAL\u00d9 BISTR\u00d2\u201d DOVE PI\u00d9 VOLTE\u2026<\/div>\n<p><\/a><\/article>\n<article><a href=\"https:\/\/www.dagospia.com\/politica\/risiko-s-ingrossa-l-apertura-assicurazioni-generali-valutare-l-offerta-484996\"><\/p>\n<div class=\"img-wrapper\"><img decoding=\"async\" src=\"https:\/\/static.dagospia.com\/img\/patch\/08-2026\/generali-philippe-donnet-luigi-lovaglio-carlo-messina-2292458_600_q50.webp\" alt=\"generali philippe donnet luigi lovaglio carlo messina \" loading=\"lazy\"><\/div>\n<div class=\"excerpt\">DAGOREPORT &#8211; IL RISIKO S&#8217;INGROSSA! L\u2019APERTURA DI ASSICURAZIONI GENERALI A VALUTARE L&#8217;OFFERTA\u201d DI\u2026<\/div>\n<p><\/a><\/article>\n<article><a href=\"https:\/\/www.dagospia.com\/cronache\/voluto-trump-t-attacchi-scorta-i-leader-silicon-valley-484985\"><\/p>\n<div class=\"img-wrapper\"><img decoding=\"async\" src=\"https:\/\/static.dagospia.com\/img\/patch\/08-2026\/mark-zuckerberg-proteste-2299936_600_q50.webp\" alt=\"mark zuckerberg proteste \" loading=\"lazy\"><\/div>\n<div class=\"excerpt\">HAI VOLUTO TRUMP? E ORA T\u2019ATTACCHI ALLA SCORTA! \u2013 I LEADER DELLA SILICON VALLEY SONO OSSESSIONATI\u2026<\/div>\n<p><\/a><\/article>\n<article><a href=\"https:\/\/www.dagospia.com\/politica\/flash-giorgia-meloni-manda-armi-sottobanco-all-ucraina-per-non-spaccare-484982\"><\/p>\n<div class=\"img-wrapper\"><img decoding=\"async\" src=\"https:\/\/static.dagospia.com\/img\/patch\/08-2026\/giorgia-meloni-volodymyr-zelensky-mario-draghi-2299913_600_q50.webp\" alt=\"giorgia meloni volodymyr zelensky mario draghi \" loading=\"lazy\"><\/div>\n<div class=\"excerpt\">FLASH \u2013 GIORGIA MELONI MANDA LE ARMI SOTTOBANCO ALL\u2019UCRAINA PER NON SPACCARE LA SUA MAGGIORANZA. IL\u2026<\/div>\n<p><\/a><\/article>\n<article><a href=\"https:\/\/www.dagospia.com\/politica\/qual-era-scopo-blitz-capo-cia-mosca-i-beninformati-washington-484881\"><\/p>\n<div class=\"img-wrapper\"><img decoding=\"async\" src=\"https:\/\/static.dagospia.com\/img\/patch\/12-2025\/vladimir-putin-donald-trump-volodymyr-zelensky-2214409_600_q50.webp\" alt=\"vladimir putin donald trump volodymyr zelensky\" loading=\"lazy\"><\/div>\n<div class=\"excerpt\">FLASH! \u2013 QUANDO LE COSE GIRANO SUL PEGGIO, INTERVENGONO I SERVIZI SEGRETI &#8211;\u00a0IL BENINFORMATO\u00a0CAPO\u2026<\/div>\n<p><\/a><\/article>\n<article><a href=\"https:\/\/www.dagospia.com\/politica\/prossima-destinazione-enrico-mentana-padrone-supremo-tutta-l-informazione-484639\"><\/p>\n<div class=\"img-wrapper\"><img decoding=\"async\" src=\"https:\/\/static.dagospia.com\/img\/patch\/08-2026\/kyriakou-pier-silvio-berlusconi-enrico-mentana-crippa-fedele-confalonieri-medias-2298828_600_q50.webp\" alt=\"kyriakou pier silvio berlusconi enrico mentana crippa fedele confalonieri mediaset urbano cairo marina\" loading=\"lazy\"><\/div>\n<div class=\"excerpt\">DAGOREPORT &#8211; RITORNA A CASA, LESSO! SI ACCAVALLANO LE VOCI CHE LA PROSSIMA DESTINAZIONE DI ENRICO\u2026<\/div>\n<p><\/a><\/article>\n<article><a href=\"https:\/\/www.dagospia.com\/cafonal\/cafonalino-roma-proiezione-documentario-marco-bellocchio-marco-travaglio-485081\"><\/p>\n<div class=\"img-wrapper\"><img decoding=\"async\" src=\"https:\/\/static.dagospia.com\/img\/patch\/08-2026\/2026bellocchio-anteprima-film-di-marco-bellocchio-2300339_600_q50.webp\" alt=\"2026bellocchio anteprima film di marco bellocchio\" loading=\"lazy\"><\/div>\n<div class=\"excerpt\">CAFONALINO! AL CINEMA QUATTRO FONTANE DI ROMA LA PROIEZIONE SPECIALE DEL DOCUMENTARIO \u201cMARCO\u2026<\/div>\n<p><\/a><\/article>\n<article><a href=\"https:\/\/www.dagospia.com\/cafonal\/cafonal-show-ranucci-cerveteri-freni-ho-fatto-scoop-nazionali-484807\"><\/p>\n<div class=\"img-wrapper\"><img decoding=\"async\" src=\"https:\/\/static.dagospia.com\/img\/patch\/08-2026\/2026ranucci-sigfrido-ranucci-2299409_600_q50.webp\" alt=\"2026ranucci sigfrido ranucci\" loading=\"lazy\"><\/div>\n<div class=\"excerpt\">SIGFRIDO, IL MASANIELLO DE NOANTRI \u2013 RANUCCI HA PERSO OGNI FRENO E, ALLA PRESENTAZIONE DEL SUO\u2026<\/div>\n<p><\/a><\/article>\n<article><a href=\"https:\/\/www.dagospia.com\/cafonal\/funeralino-l-ultimo-saluto-mitico-produttore-cinematografico-fulvio-484127\"><\/p>\n<div class=\"img-wrapper\"><img decoding=\"async\" src=\"https:\/\/static.dagospia.com\/img\/patch\/08-2026\/2026lucisano-2297424_600_q50.webp\" alt=\"2026lucisano\" loading=\"lazy\"><\/div>\n<div class=\"excerpt\">FUNERALINO \u2013 NELLA CALLARA ROMANA D\u2019AGOSTO, L\u2019ULTIMO SALUTO AL MITICO PRODUTTORE CINEMATOGRAFICO\u2026<\/div>\n<p><\/a><\/article>\n<article><a href=\"https:\/\/www.dagospia.com\/cafonal\/cafonalino-pizza-riformista-matteo-renzi-raduna-i-suoi-prima-delle-480816\"><\/p>\n<div class=\"img-wrapper\"><img decoding=\"async\" src=\"https:\/\/static.dagospia.com\/img\/patch\/07-2026\/2026kraken-matteo-renzi-2286047_600_q50.webp\" alt=\"2026kraken matteo renzi \" loading=\"lazy\"><\/div>\n<div class=\"excerpt\">CAFONALINO DELLA PIZZA RIFORMISTA \u2013 RENZI RADUNA I SUOI PRIMA DELLE VACANZE ESTIVE AL SATYRUS DI\u2026<\/div>\n<p><\/a><\/article>\n<article><a href=\"https:\/\/www.dagospia.com\/cafonal\/cafonalino-moreno-party-roma-manuela-moreno-festeggia-i-60-anni-480777\"><\/p>\n<div class=\"img-wrapper\"><img decoding=\"async\" src=\"https:\/\/static.dagospia.com\/img\/patch\/07-2026\/manuela-moreno-festa-60-anni-2285871_600_q50.webp\" alt=\"manuela moreno festa 60 anni \" loading=\"lazy\"><\/div>\n<div class=\"excerpt\">CAFONALINO! NO MORENO, NO PARTY \u2013 A ROMA, AL LOVE BAR DI PONTE MILVIO, MANUELA MORENO, CONDUTTRICE\u2026<\/div>\n<p><\/a><\/article>\n<article><a href=\"https:\/\/www.dagospia.com\/cafonal\/cafonalino-firenze-tevere-direttori-redattori-forchettoni-scrocconi-480745\"><\/p>\n<div class=\"img-wrapper\"><img decoding=\"async\" src=\"https:\/\/static.dagospia.com\/img\/patch\/07-2026\/2026agno-marco-agnoletti-2285763_600_q50.webp\" alt=\"2026agno marco agnoletti \" loading=\"lazy\"><\/div>\n<div class=\"excerpt\">CAFONALINO DEGLI AGNOLETTI IN BRODO &#8211; DIRETTORI, REDATTORI, FORCHETTONI E SCROCCONI SFIDANO\u2026<\/div>\n<p><\/a><\/article>\n<p>[analyse_source url=&#8221;https:\/\/www.dagospia.com\/media-tv\/fabrizio-mi-rotto-cazzo-ti-rimando-in-galera-belen-rodriguez-finisce-485493&#8243;]<\/p>\n","protected":false},"excerpt":{"rendered":"<p>[analyse_image type=&#8221;featured&#8221; src=&#8221;https:\/\/static.dagospia.com\/img\/patch\/09-2026\/corona-moser-belen-cecilia-2301429_600_q50.webp&#8221;] 1 set 2026 19:43 &#8220;FABRIZIO MI HAI ROTTO IL CAZZO, TI RIMANDO IN GALERA&#8221; &#8211; BELEN RODRIGUEZ FINISCE NEL MIRINO DI QUEL CAZZARO DI FABRIZIO CORONA, SUO EX FIDANZATO, CHE LE HA DEDICATO UNA PUNTATA DEL SUO PODCAST &#8211; LA MODELLA ARGENTINA HA SCRITTO A &#8220;FURBIZIO&#8221; INTIMANDOLO DI NON MANDARE IN ONDA [&hellip;]<\/p>\n","protected":false},"author":1,"featured_media":0,"comment_status":"open","ping_status":"","sticky":false,"template":"","format":"standard","meta":{"footnotes":""},"categories":[87],"tags":[226,149],"class_list":["post-2124112","post","type-post","status-publish","format-standard","hentry","category-italy","tag-crawlmanager","tag-dagospia-com"],"_links":{"self":[{"href":"https:\/\/analyse.optim.biz\/index.php?rest_route=\/wp\/v2\/posts\/2124112","targetHints":{"allow":["GET"]}}],"collection":[{"href":"https:\/\/analyse.optim.biz\/index.php?rest_route=\/wp\/v2\/posts"}],"about":[{"href":"https:\/\/analyse.optim.biz\/index.php?rest_route=\/wp\/v2\/types\/post"}],"author":[{"embeddable":true,"href":"https:\/\/analyse.optim.biz\/index.php?rest_route=\/wp\/v2\/users\/1"}],"replies":[{"embeddable":true,"href":"https:\/\/analyse.optim.biz\/index.php?rest_route=%2Fwp%2Fv2%2Fcomments&post=2124112"}],"version-history":[{"count":0,"href":"https:\/\/analyse.optim.biz\/index.php?rest_route=\/wp\/v2\/posts\/2124112\/revisions"}],"wp:attachment":[{"href":"https:\/\/analyse.optim.biz\/index.php?rest_route=%2Fwp%2Fv2%2Fmedia&parent=2124112"}],"wp:term":[{"taxonomy":"category","embeddable":true,"href":"https:\/\/analyse.optim.biz\/index.php?rest_route=%2Fwp%2Fv2%2Fcategories&post=2124112"},{"taxonomy":"post_tag","embeddable":true,"href":"https:\/\/analyse.optim.biz\/index.php?rest_route=%2Fwp%2Fv2%2Ftags&post=2124112"}],"curies":[{"name":"wp","href":"https:\/\/api.w.org\/{rel}","templated":true}]}}