{"id":2124100,"date":"2026-09-02T11:37:02","date_gmt":"2026-09-02T08:37:02","guid":{"rendered":"https:\/\/analyse.optim.biz\/?p=2124100"},"modified":"2026-09-02T11:37:02","modified_gmt":"2026-09-02T08:37:02","slug":"un-agent-de-politie-amenintat-cu-moartea-agresorul-sub-control-judiciar-pana-la-pronuntarea-instantei","status":"publish","type":"post","link":"https:\/\/analyse.optim.biz\/?p=2124100","title":{"rendered":"Un agent de poli\u021bie, amenin\u021bat cu moartea. Agresorul, sub control judiciar, p\u00e2n\u0103 la pronun\u021barea instan\u021bei"},"content":{"rendered":"<p>[analyse_image type=&#8221;featured&#8221; src=&#8221;https:\/\/infotr.ro\/wp-content\/uploads\/2017\/08\/trafic-de-drog.jpg&#8221;]<\/p>\n<div class=\"tdb-block-inner td-fix-index\"><a class=\"tdb-logo-a\" href=\"https:\/\/infotr.ro\/\"><span class=\"tdb-logo-img-wrap\"><img loading=\"lazy\" decoding=\"async\" src=\"https:\/\/infotr.ro\/wp-content\/uploads\/2020\/09\/logo-v3.png\" class=\"tdb-logo-img td-retina-data\" alt=\"Logo\" title width=\"998\" height=\"155\"><\/span><\/a><\/div>\n<div class=\"tdb-block-inner td-fix-index\"><a class=\"tdb-logo-a\" href=\"https:\/\/infotr.ro\/\"><span class=\"tdb-logo-img-wrap\"><img loading=\"lazy\" decoding=\"async\" src=\"https:\/\/infotr.ro\/wp-content\/uploads\/2020\/09\/logo-2.png\" class=\"tdb-logo-img td-retina-data\" alt=\"Logo\" title width=\"2000\" height=\"701\"><\/span><\/a><\/div>\n<div class=\"tdb-block-inner td-fix-index\">\n<div class=\"tdb-weather-deg-wrap\" data-block-uid=\"tdb_header_weather_uid\"><span class=\"tdb-weather-deg\">30.2<\/span><span class=\"tdb-weather-unit\">C<\/span><\/div>\n<div class=\"tdb-weather-city\">Jude\u0163ul Teleorman<\/div>\n<\/div>\n<div class=\"tdb-block-inner td-fix-index\"><a class=\"tdb-logo-a\" href=\"https:\/\/infotr.ro\/\"><span class=\"tdb-logo-img-wrap\"><img loading=\"lazy\" decoding=\"async\" src=\"https:\/\/infotr.ro\/wp-content\/uploads\/2020\/09\/new-logo-final-transparent.png\" class=\"tdb-logo-img td-retina-data\" alt=\"Logo\" title width=\"1218\" height=\"189\"><\/span><\/a><\/div>\n<div class=\"tdb-block-inner td-fix-index\">\n<div class=\"tdb-head-date-txt\">miercuri, septembrie 2, 2026<\/div>\n<\/div>\n<div class=\"tdb-block-inner td-fix-index\">\n<div class=\"tdb-drop-down-search\" aria-labelledby=\"td-header-search-button\">\n<div class=\"tdb-drop-down-search-inner\">\n<div class=\"tdb-search-form-inner\">\n<div class=\"tdb-head-search-placeholder\">type here&#8230;<\/div>\n<\/div>\n<\/div>\n<\/div>\n<\/div>\n<div class=\"tdb-block-inner td-fix-index\"><a class=\"tdb-logo-a\" href=\"https:\/\/infotr.ro\/\"><span class=\"tdb-logo-img-wrap\"><img loading=\"lazy\" decoding=\"async\" src=\"https:\/\/infotr.ro\/wp-content\/uploads\/2020\/09\/new-logo-final-transparent.png\" class=\"tdb-logo-img td-retina-data\" alt=\"Logo\" title width=\"1218\" height=\"189\"><\/span><\/a><\/div>\n<div class=\"tdb-block-inner td-fix-index\"><span>Actualizat la:<\/span><time class=\"entry-date updated td-module-date\" datetime=\"2026-09-02T14:37:02+03:00\">02\/09\/2026<\/time><\/div>\n<div class=\"tdb-block-inner td-fix-index\">\n<h1 class=\"tdb-title-text\">Un agent de poli\u021bie, amenin\u021bat cu moartea. Agresorul, sub control judiciar, p\u00e2n\u0103 la pronun\u021barea instan\u021bei<\/h1>\n<\/div>\n<div class=\"tdb-block-inner td-fix-index\"><a class=\"tdb-author-photo\" href=\"https:\/\/infotr.ro\/author\/admin-mihai\/\" title=\"Info TR\"><img decoding=\"async\" src=\"https:\/\/infotr.ro\/wp-content\/litespeed\/avatar\/5f53876719360924b847a70c7a351ec3.jpg?ver=1787916116\" alt=\"Info TR\" class=\"avatar avatar-96 photo\" height=\"96\" width=\"96\" loading=\"lazy\"><\/a><\/p>\n<div class=\"tdb-author-name-wrap\"><span class=\"tdb-author-by\">By<\/span><a class=\"tdb-author-name\" href=\"https:\/\/infotr.ro\/author\/admin-mihai\/\">Info TR<\/a><\/div>\n<\/div>\n<div class=\"tdb-block-inner td-fix-index\"><time class=\"entry-date updated td-module-date\" datetime=\"2026-09-02T14:37:02+03:00\">02\/09\/2026<\/time><\/div>\n<div class=\"tdb-block-inner td-fix-index\"><span class=\"td-nr-views-38071\">2<\/span><\/div>\n<div class=\"tdb-block-inner td-fix-index\"><a href=\"https:\/\/infotr.ro\/un-agent-de-politie-amenintat-cu-moartea-agresorul-sub-control-judiciar-pana-la-pronuntarea-instantei\/#respond\"><span>0<\/span><\/a><\/div>\n<div class=\"tdb-block-inner td-fix-index\"><a href=\"https:\/\/infotr.ro\/author\/admin-mihai\/\" class=\"tdb-author-photo\" title=\"Info TR\"><img decoding=\"async\" src=\"https:\/\/infotr.ro\/wp-content\/litespeed\/avatar\/37d76b27c6373c170d06b295a47df6d2.jpg?ver=1787917097\" alt=\"Info TR\" class=\"avatar avatar-120 photo\" height=\"120\" width=\"120\" loading=\"lazy\"><\/a><\/p>\n<div class=\"tdb-author-info\"><a href=\"https:\/\/infotr.ro\/author\/admin-mihai\/\" class=\"tdb-author-name\">Info TR<\/a><a href=\"https:\/\/infotr.ro\" class=\"tdb-author-url\">https:\/\/infotr.ro<\/a><\/p>\n<div class=\"tdb-author-descr\">Stiri, reportaje, anchete si informa\u021bii din Teleorman.<\/div>\n<\/div>\n<\/div>\n<div class=\"td_block_wrap tdb_single_content tdi_115 td-pb-border-top td_block_template_1 td-post-content tagdiv-type\" data-td-block-uid=\"tdi_115\">\n<div class=\"tdb-block-inner td-fix-index\">\n<p>La data de 27.08.2026 procurorii din cadrul Parchetului de pe l\u00e2ng\u0103 Judec\u0103toria Ro\u015fiori de Vede au pus \u00een mi\u015fcare ac\u0163iunea penal\u0103 \u0219i au dispus luarea m\u0103surii preventive a controlului judiciar cu privire la o persoan\u0103 fizic\u0103, sub aspectul s\u0103v\u00e2r\u015firii infrac\u0163iunii de \u201eultraj\u201d, re\u021bin\u00e2ndu-se c\u0103: La data de 13.08.2026, \u00een jurul orelor 22:30, \u00een timp ce se aflau pe raza com. Stejaru, sat Socetu, o persoan\u0103 fizic\u0103 de sex masculin a exercitat acte de violen\u0163\u0103 psihologic\u0103 asupra unei alte persoane fizice de sex masculin, ce de\u0163ine func\u0163ia de agent principal de poli\u0163ie \u00een cadrul Poli\u0163iei mun. Ro\u015fiori de Vede \u015fi care se afla \u00een exercitarea atribu\u0163iilor de serviciu, \u00een sensul c\u0103 a amenin\u0163at-o pe persoana v\u0103t\u0103mat\u0103 c\u0103 o va ucide \u015fi c\u0103 va face 20 de ani de pu\u015fc\u0103rie. Men\u0163ion\u0103m c\u0103 dispozi\u0163ia de punere \u00een mi\u015fcare a ac\u0163iunii penale \u015fi luarea unor m\u0103suri preventive nu sunt de natur\u0103 s\u0103 \u00eenfr\u00e2ng\u0103 prezum\u0163ia de nevinov\u0103\u0163ie a inculpatului, aceasta fiind o etap\u0103 obligatorie \u00een cadrul procesului penal, eventuala vinov\u0103\u0163iei urm\u00e2nd s\u0103 fie stabilit\u0103 de c\u0103tre instan\u0163a de judecat\u0103, dup\u0103 parcurgerea etapei de judecat\u0103.<\/p>\n<\/div>\n<\/div>\n<div class=\"tdb-block-inner td-fix-index\">\n<p>La data de 27.08.2026 procurorii din cadrul Parchetului de pe l\u00e2ng\u0103 Judec\u0103toria Ro\u015fiori de Vede au pus \u00een mi\u015fcare ac\u0163iunea penal\u0103 \u0219i au dispus luarea m\u0103surii preventive a controlului judiciar cu privire la o persoan\u0103 fizic\u0103, sub aspectul s\u0103v\u00e2r\u015firii infrac\u0163iunii de \u201eultraj\u201d, re\u021bin\u00e2ndu-se c\u0103: La data de 13.08.2026, \u00een jurul orelor 22:30, \u00een timp ce se aflau pe raza com. Stejaru, sat Socetu, o persoan\u0103 fizic\u0103 de sex masculin a exercitat acte de violen\u0163\u0103 psihologic\u0103 asupra unei alte persoane fizice de sex masculin, ce de\u0163ine func\u0163ia de agent principal de poli\u0163ie \u00een cadrul Poli\u0163iei mun. Ro\u015fiori de Vede \u015fi care se afla \u00een exercitarea atribu\u0163iilor de serviciu, \u00een sensul c\u0103 a amenin\u0163at-o pe persoana v\u0103t\u0103mat\u0103 c\u0103 o va ucide \u015fi c\u0103 va face 20 de ani de pu\u015fc\u0103rie. Men\u0163ion\u0103m c\u0103 dispozi\u0163ia de punere \u00een mi\u015fcare a ac\u0163iunii penale \u015fi luarea unor m\u0103suri preventive nu sunt de natur\u0103 s\u0103 \u00eenfr\u00e2ng\u0103 prezum\u0163ia de nevinov\u0103\u0163ie a inculpatului, aceasta fiind o etap\u0103 obligatorie \u00een cadrul procesului penal, eventuala vinov\u0103\u0163iei urm\u00e2nd s\u0103 fie stabilit\u0103 de c\u0103tre instan\u0163a de judecat\u0103, dup\u0103 parcurgerea etapei de judecat\u0103.<\/p>\n<\/div>\n<div class=\"tdb-block-inner td-fix-index\">\n<ul class=\"tdb-tags\">\n<li><span>Tags<\/span><\/li>\n<li><a href=\"https:\/\/infotr.ro\/tag\/amenintari-cu-moartea\/\">amenintari cu moartea<\/a><\/li>\n<li><a href=\"https:\/\/infotr.ro\/tag\/ultraj-politist\/\">ultraj politist<\/a><\/li>\n<\/ul>\n<\/div>\n<div class=\"tdb-block-inner td-fix-index\">\n<div class=\"tdb-next-post tdb-next-post-bg tdb-post-prev\"><span>Articolul precedent<\/span><\/p>\n<div class=\"td-module-container\">\n<div class=\"next-prev-title\"><a href=\"https:\/\/infotr.ro\/cinci-comune-teleormanene-au-primit-sumele-necesare-pentru-plata-unor-investitii-realizate-prin-c10-fondul-local\/\">Cinci comune teleorm\u0103nene au primit sumele necesare pentru plata unor investi\u021bii realizate prin C10- Fondul Local<\/a><\/div>\n<\/div>\n<\/div>\n<div class=\"tdb-next-post tdb-next-post-bg tdb-post-next\"><span>Articolul urm\u0103tor<\/span><\/p>\n<div class=\"td-module-container\">\n<div class=\"next-prev-title\"><a href=\"https:\/\/infotr.ro\/bani-pentru-sase-localitati-din-judet-inscrise-in-programul-scoli-sigure-si-sanatoase\/\">Bani pentru \u0219ase localit\u0103\u021bi din jude\u021b, \u00eenscrise \u00een programul \u201d\u0218coli sigure \u0219i s\u0103n\u0103toase\u201d<\/a><\/div>\n<\/div>\n<\/div>\n<\/div>\n<div id=\"tdi_155\" class=\"td_block_inner tdb-block-inner td-fix-index\">\n<div class=\"tdb_module_related td_module_wrap td-animation-stack\">\n<div class=\"td-module-container td-category-pos-\">\n<div class=\"td-module-meta-info\">\n<h3 class=\"entry-title td-module-title\"><a href=\"https:\/\/infotr.ro\/bani-pentru-sase-localitati-din-judet-inscrise-in-programul-scoli-sigure-si-sanatoase\/\" rel=\"bookmark\" title=\"Bani pentru \u0219ase localit\u0103\u021bi din jude\u021b, \u00eenscrise \u00een programul \u201d\u0218coli sigure \u0219i s\u0103n\u0103toase\u201d\">Bani pentru \u0219ase localit\u0103\u021bi din jude\u021b, \u00eenscrise \u00een programul \u201d\u0218coli sigure \u0219i s\u0103n\u0103toase\u201d<\/a><\/h3>\n<div class=\"td-editor-date\"><a href=\"https:\/\/infotr.ro\/category\/actualitate\/\" class=\"td-post-category\">Actualitate<\/a><span class=\"td-author-date\"><span class=\"td-post-author-name\"><a href=\"https:\/\/infotr.ro\/author\/admin-mihai\/\">Info TR<\/a><span>&#8211;<\/span><\/span><span class=\"td-post-date\"><time class=\"entry-date updated td-module-date\" datetime=\"2026-09-02T14:40:54+03:00\">02\/09\/2026<\/time><\/span><\/span><\/div>\n<\/div>\n<\/div>\n<\/div>\n<div class=\"tdb_module_related td_module_wrap td-animation-stack\">\n<div class=\"td-module-container td-category-pos-\">\n<div class=\"td-module-meta-info\">\n<h3 class=\"entry-title td-module-title\"><a href=\"https:\/\/infotr.ro\/cinci-comune-teleormanene-au-primit-sumele-necesare-pentru-plata-unor-investitii-realizate-prin-c10-fondul-local\/\" rel=\"bookmark\" title=\"Cinci comune teleorm\u0103nene au primit sumele necesare pentru plata unor investi\u021bii realizate prin C10- Fondul Local\">Cinci comune teleorm\u0103nene au primit sumele necesare pentru plata unor investi\u021bii realizate prin C10- Fondul Local<\/a><\/h3>\n<div class=\"td-editor-date\"><a href=\"https:\/\/infotr.ro\/category\/actualitate\/\" class=\"td-post-category\">Actualitate<\/a><span class=\"td-author-date\"><span class=\"td-post-author-name\"><a href=\"https:\/\/infotr.ro\/author\/admin-mihai\/\">Info TR<\/a><span>&#8211;<\/span><\/span><span class=\"td-post-date\"><time class=\"entry-date updated td-module-date\" datetime=\"2026-09-02T14:32:29+03:00\">02\/09\/2026<\/time><\/span><\/span><\/div>\n<\/div>\n<\/div>\n<\/div>\n<div class=\"tdb_module_related td_module_wrap td-animation-stack\">\n<div class=\"td-module-container td-category-pos-\">\n<div class=\"td-module-meta-info\">\n<h3 class=\"entry-title td-module-title\"><a href=\"https:\/\/infotr.ro\/peste-700-de-participanti-la-maratonul-olteniei-2026-editia-care-a-adus-in-premiera-hyathlon-hybrid-racing-in-romania\/\" rel=\"bookmark\" title=\"Peste 700 de participan\u021bi la Maratonul Olteniei 2026, edi\u021bia care a adus \u00een premier\u0103 Hyathlon Hybrid Racing \u00een Rom\u00e2nia\">Peste 700 de participan\u021bi la Maratonul Olteniei 2026, edi\u021bia care a adus \u00een premier\u0103 Hyathlon Hybrid Racing \u00een Rom\u00e2nia<\/a><\/h3>\n<div class=\"td-editor-date\"><a href=\"https:\/\/infotr.ro\/category\/actualitate\/\" class=\"td-post-category\">Actualitate<\/a><span class=\"td-author-date\"><span class=\"td-post-author-name\"><a href=\"https:\/\/infotr.ro\/author\/admin-mihai\/\">Info TR<\/a><span>&#8211;<\/span><\/span><span class=\"td-post-date\"><time class=\"entry-date updated td-module-date\" datetime=\"2026-09-01T16:42:43+03:00\">01\/09\/2026<\/time><\/span><\/span><\/div>\n<\/div>\n<\/div>\n<\/div>\n<div class=\"tdb_module_related td_module_wrap td-animation-stack\">\n<div class=\"td-module-container td-category-pos-\">\n<div class=\"td-module-meta-info\">\n<h3 class=\"entry-title td-module-title\"><a href=\"https:\/\/infotr.ro\/angajari-in-institutiile-si-primariile-din-teleorman-se-cauta-instrctori-de-educatie-farmacist-bucatar-si-sofer\/\" rel=\"bookmark\" title=\"Angaj\u0103ri \u00een institu\u021biile \u0219i prim\u0103riile din Teleorman. Se caut\u0103 instructori de educa\u021bie, farmacist, buc\u0103tar \u0219i \u0219ofer\">Angaj\u0103ri \u00een institu\u021biile \u0219i prim\u0103riile din Teleorman. Se caut\u0103 instructori de educa\u021bie, farmacist, buc\u0103tar \u0219i \u0219ofer<\/a><\/h3>\n<div class=\"td-editor-date\"><a href=\"https:\/\/infotr.ro\/category\/actualitate\/\" class=\"td-post-category\">Actualitate<\/a><span class=\"td-author-date\"><span class=\"td-post-author-name\"><a href=\"https:\/\/infotr.ro\/author\/admin-mihai\/\">Info TR<\/a><span>&#8211;<\/span><\/span><span class=\"td-post-date\"><time class=\"entry-date updated td-module-date\" datetime=\"2026-09-01T08:19:40+03:00\">01\/09\/2026<\/time><\/span><\/span><\/div>\n<\/div>\n<\/div>\n<\/div>\n<\/div>\n<div class=\"tdb-block-inner td-fix-index\"><a class=\"tdb-logo-a\" href=\"https:\/\/infotr.ro\/\"><span class=\"tdb-logo-img-wrap\"><img loading=\"lazy\" decoding=\"async\" src=\"https:\/\/infotr.ro\/wp-content\/uploads\/2020\/09\/infotr-footer.png\" class=\"tdb-logo-img td-retina-data\" alt=\"Logo\" title width=\"1000\" height=\"155\"><\/span><\/a><\/div>\n<p>[analyse_source url=&#8221;https:\/\/infotr.ro\/un-agent-de-politie-amenintat-cu-moartea-agresorul-sub-control-judiciar-pana-la-pronuntarea-instantei\/&#8221;]<\/p>\n","protected":false},"excerpt":{"rendered":"<p>[analyse_image type=&#8221;featured&#8221; src=&#8221;https:\/\/infotr.ro\/wp-content\/uploads\/2017\/08\/trafic-de-drog.jpg&#8221;] 30.2C Jude\u0163ul Teleorman miercuri, septembrie 2, 2026 type here&#8230; Actualizat la:02\/09\/2026 Un agent de poli\u021bie, amenin\u021bat cu moartea. Agresorul, sub control judiciar, p\u00e2n\u0103 la pronun\u021barea instan\u021bei ByInfo TR 02\/09\/2026 2 0 Info TRhttps:\/\/infotr.ro Stiri, reportaje, anchete si informa\u021bii din Teleorman. La data de 27.08.2026 procurorii din cadrul Parchetului de pe l\u00e2ng\u0103 Judec\u0103toria [&hellip;]<\/p>\n","protected":false},"author":1,"featured_media":0,"comment_status":"open","ping_status":"","sticky":false,"template":"","format":"standard","meta":{"footnotes":""},"categories":[89],"tags":[],"class_list":["post-2124100","post","type-post","status-publish","format-standard","hentry","category-romania"],"_links":{"self":[{"href":"https:\/\/analyse.optim.biz\/index.php?rest_route=\/wp\/v2\/posts\/2124100","targetHints":{"allow":["GET"]}}],"collection":[{"href":"https:\/\/analyse.optim.biz\/index.php?rest_route=\/wp\/v2\/posts"}],"about":[{"href":"https:\/\/analyse.optim.biz\/index.php?rest_route=\/wp\/v2\/types\/post"}],"author":[{"embeddable":true,"href":"https:\/\/analyse.optim.biz\/index.php?rest_route=\/wp\/v2\/users\/1"}],"replies":[{"embeddable":true,"href":"https:\/\/analyse.optim.biz\/index.php?rest_route=%2Fwp%2Fv2%2Fcomments&post=2124100"}],"version-history":[{"count":0,"href":"https:\/\/analyse.optim.biz\/index.php?rest_route=\/wp\/v2\/posts\/2124100\/revisions"}],"wp:attachment":[{"href":"https:\/\/analyse.optim.biz\/index.php?rest_route=%2Fwp%2Fv2%2Fmedia&parent=2124100"}],"wp:term":[{"taxonomy":"category","embeddable":true,"href":"https:\/\/analyse.optim.biz\/index.php?rest_route=%2Fwp%2Fv2%2Fcategories&post=2124100"},{"taxonomy":"post_tag","embeddable":true,"href":"https:\/\/analyse.optim.biz\/index.php?rest_route=%2Fwp%2Fv2%2Ftags&post=2124100"}],"curies":[{"name":"wp","href":"https:\/\/api.w.org\/{rel}","templated":true}]}}