{"id":2124075,"date":"2026-09-01T15:20:00","date_gmt":"2026-09-01T12:20:00","guid":{"rendered":"https:\/\/analyse.optim.biz\/?p=2124075"},"modified":"2026-09-01T15:20:00","modified_gmt":"2026-09-01T12:20:00","slug":"torna-renzi-tutto-e-perdonato-il-fu-rottamatore-sara-alla-festa-dellunita-di-reggio-emilia","status":"publish","type":"post","link":"https:\/\/analyse.optim.biz\/?p=2124075","title":{"rendered":"Torna renzi, tutto e\u2019 perdonato! il fu rottamatore sara\u2019 alla festa dell\u2019unita\u2019 di reggio emilia"},"content":{"rendered":"<p>[analyse_image type=&#8221;featured&#8221; src=&#8221;https:\/\/static.dagospia.com\/img\/patch\/08-2026\/matteo-renzi-2300966_600_q50.webp&#8221;]<\/p>\n<article>\n<div class=\"img-wrapper\"><img decoding=\"async\" src=\"https:\/\/static.dagospia.com\/img\/patch\/08-2026\/matteo-renzi-2300966_600_q50.webp\" alt=\"matteo renzi\"><time class=\"data-ora\">1 set 2026 17:20<\/time><\/div>\n<p><span>TORNA RENZI, TUTTO E\u2019 PERDONATO! IL FU ROTTAMATORE SARA\u2019 ALLA FESTA DELL\u2019UNITA\u2019 DI REGGIO EMILIA<\/span> PER UN INCONTRO CON DARIO FRANCESCHINI: NELLA SCELTA DI \u201cSU-DARIO\u201d DI SALIRE SUL PALCO CON MATTEONZO C\u2019\u00c8 ANCHE LA VOLONT\u00c0 DI FARE DA FACILITATORE DELL\u2019ALLEANZA CON ITALIA VIVA &#8211; NON \u00c8 COS\u00cc SCONTATA L\u2019ACCOGLIENZA A REGGIO EMILIA: <span>IL POPOLO DELLA FIOM A GIUGNO FISCHI\u00d2 SOLO IL SUO NOME IN OCCASIONE DEL DIBATTITO TRA SCHLEIN, CONTE E FRATOIANNI <\/span>\u2013 ALLA FESTA NON CI SARANNO NE\u2019 CALENDA, NE\u2019 SILVIA SALIS (LE ERA STATA PROPOSTA UNA DATA, UNA SOLA, LEI HA OPPOSTO IMPEGNI ISTITUZIONALI) \u2013 <span>IL TOUR DE FORCE DI CONTE NELLE FESTE DEM PER PARLARE AL POPOLO DEL PD, IN VISTA DELLE PRIMARIE\u2026<\/span><\/p>\n<\/article>\n<div class=\"share-section\">\n                Condividi  questo articolo<\/p>\n<div class=\"socials\"><a href=\"http:\/\/www.facebook.com\/sharer.php?u=http:\/\/www.dagospia.com\/politica\/torna-renzi-tutto-e-perdonato-fu-rottamatore-sara-festa-dell-unita-485443\" target=\"_blank\"><img decoding=\"async\" src=\"https:\/\/static.dagospia.com\/img\/icons\/facebook.svg\" alt=\"Condividi su Facebook\"><\/a><a href=\"http:\/\/www.twitter.com\/share?url=http:\/\/www.dagospia.com\/politica\/torna-renzi-tutto-e-perdonato-fu-rottamatore-sara-festa-dell-unita-485443&amp;text=TORNA%20RENZI,%20TUTTO%20E%E2%80%99%20PERDONATO!%20IL%20FU%20ROTTAMATORE%20SARA%E2%80%99%20ALLA%20FESTA%20DELL%E2%80%99UNITA%E2%80%99%20DI%20REGGIO%20EMILIA\" target=\"_blank\"><img decoding=\"async\" src=\"https:\/\/static.dagospia.com\/img\/icons\/x-icon.png\" alt=\"Condividi su X\"><\/a><a href=\"\/\/www.dagospia.com\/politica\/torna-renzi-tutto-e-perdonato-fu-rottamatore-sara-festa-dell-unita-485443\" target=\"_blank\"><img decoding=\"async\" src=\"https:\/\/static.dagospia.com\/img\/icons\/whatsapp.svg\" alt=\"Condividi su Whatsapp\"><\/a><a href=\"mailto:?body=http:\/\/www.dagospia.com\/politica\/torna-renzi-tutto-e-perdonato-fu-rottamatore-sara-festa-dell-unita-485443\" target=\"_blank\"><img decoding=\"async\" src=\"https:\/\/static.dagospia.com\/img\/icons\/mail.svg\" alt=\"Invia in email\"><\/a><\/div>\n<\/div>\n<div class=\"content\">\n<p class=\"disable\"><strong>Luca De Carolis,Wanda Marra per <a href=\"http:\/\/ilfatto\" target=\"_blank\">\u201cil Fatto quotidiano\u201d\u00a0&#8211; Estratti<\/a><\/strong><\/p>\n<p class=\"disable\">\u00a0<\/p>\n<p class=\"disable\">Il fu rottamatore Matteo Renzi che torna tra quella che fu la sua gente, questa volta sul palco principale.\u00a0<\/p>\n<p class=\"disable\">\u00a0<\/p>\n<p><a href=\"https:\/\/www.dagospia.com\/media-gallery\/dago-fotogallery-521870\/2300971\" class=\"float-right img-wrapper\"><img decoding=\"async\" id=\"2300971\" loading=\"lazy\" src=\"https:\/\/static.dagospia.com\/img\/foto\/08-2026\/renzi-alla-festa-unita-con-enrico-di-stasi-il-sindaco-matteo-lepore-e-il-deputat-2300971_800_q50.webp\"><span class=\"img-title\">Renzi alla Festa UNITA con Enrico Di Stasi, il sindaco Matteo Lepore e il deputato Virginio Merola<\/span><\/a><\/p>\n<p class=\"disable\">Silvia Salis, la (possibile) terza incomoda tra Elly Schlein e Giuseppe Conte che ha gentilmente declinato l\u2019invito. E poi lui, il leader del Movimento, che in una decina di giorni si manifester\u00e0 in quattro diverse feste dem, gi\u00e0 in piena campagna per le primarie.\u00a0<\/p>\n<p class=\"disable\">\u00a0<\/p>\n<p class=\"disable\">Volti della festa nazionale dell\u2019Unit\u00e0 di Reggio Emilia, che inizia oggi e finisce domenica 13. Salta agli occhi la presenza di Renzi, che manca dalla kermesse nazionale dal 2018 (quando era segretario Maurizio Martina), l\u2019anno prima della nascita di Iv, quando usc\u00ec dal Pd dopo la formazione del Conte 2. Scissione che gi\u00e0 era nell\u2019aria durante la kermesse del 2019, sempre a Ravenna, con Zingaretti segretario.<\/p>\n<p class=\"disable\">\u00a0<\/p>\n<p class=\"disable\">Con l\u2019invito di quest\u2019anno, la riabilitazione dell\u2019ex premier &#8211; per il Pd &#8211; appare compiuta.\u00a0<\/p>\n<p class=\"disable\">\u00a0<\/p>\n<p><a href=\"https:\/\/www.dagospia.com\/media-gallery\/dago-fotogallery-521870\/2300968\" class=\"float-left img-wrapper\"><img decoding=\"async\" id=\"2300968\" loading=\"lazy\" src=\"https:\/\/static.dagospia.com\/img\/foto\/08-2026\/matteo-renzi-festa-unita-bologna-2300968_800_q50.webp\"><span class=\"img-title\">MATTEO RENZI FESTA UNITA BOLOGNA<\/span><\/a><\/p>\n<p class=\"disable\">Interverr\u00e0 venerd\u00ec, per un dialogo con Dario Franceschini, con il quale ha sempre mantenuto un filo diretto. L\u2019ex ministro della Cultura l\u2019anno scorso fece un dibattito con Conte: nella sua scelta di salire sul palco con Renzi c\u2019\u00e8 anche la volont\u00e0 di fare da facilitatore dell\u2019alleanza. Il leader di Iv \u00e8 gi\u00e0 stato a tre feste dell\u2019Unit\u00e0 quest\u2019anno (a Castelfranco Emilia, a Villalunga e a Bologna).<\/p>\n<p class=\"disable\">\u00a0<\/p>\n<p class=\"disable\">Un mezzo sdoganamento, accolto dagli applausi. Non \u00e8 cos\u00ec scontata l\u2019accoglienza a Reggio: per esempio il popolo della Fiom a giugno fischi\u00f2 anche solo il suo nome in occasione del dibattito tra Schlein, Conte e Fratoianni. Non ci sar\u00e0 invece Carlo Calenda, e nessuno di Azione.<\/p>\n<p class=\"disable\">\u00a0<\/p>\n<p><a href=\"https:\/\/www.dagospia.com\/media-gallery\/dago-fotogallery-521870\/2300967\" class=\"float-right img-wrapper\"><img decoding=\"async\" id=\"2300967\" loading=\"lazy\" src=\"https:\/\/static.dagospia.com\/img\/foto\/08-2026\/matteo-renzi-2300967_800_q50.webp\"><span class=\"img-title\">MATTEO RENZI<\/span><\/a><\/p>\n<p class=\"disable\">(\u2026) La sindaca di Genova, invece, ha declinato: le era stata proposta una data (una sola), lei ha opposto impegni istituzionali.\u00a0<\/p>\n<p class=\"disable\">Andr\u00e0 alla festa di Modena e soprattutto da brava padrona di casa si far\u00e0 vedere sia oggi a Genova (presenti Elly Schlein e Francesco Boccia) che il 3, al dibattito tra Conte e Andrea Orlando. Non sfugge il desiderio di distinguersi.\u00a0<\/p>\n<p class=\"disable\">Come spiega Igor Taruffi, responsabile Organizzazione Pd, nell\u2019arena \u201cche abbiamo dedicato a Francesco Guccini\u201d, ci saranno i segretari di Cgil, Cisl e Uil e il presidente di Confindustria. E poi i sindaci delle grandi citt\u00e0 che vanno al voto, compresi quelli da molti indicati come possibili \u201cfederatori\u201d: Gaetano Manfredi, Roberto Gualtieri, Beppe Sala, Matteo Lepore, Stefano Lo Russo. Poi, Franco Gabrielli, ex capo della Polizia.\u00a0<\/p>\n<p class=\"disable\">E Lorenzo Guerini, il \u201ccapo\u201d della minoranza dem. Schlein chiuder\u00e0 domenica 13. Si attendono grandi folle e magari qualche annuncio.\u00a0<\/p>\n<p class=\"disable\">\u00a0<\/p>\n<p><a href=\"https:\/\/www.dagospia.com\/media-gallery\/dago-fotogallery-521870\/2286079\" class=\"float-left img-wrapper\"><img decoding=\"async\" id=\"2286079\" loading=\"lazy\" src=\"https:\/\/static.dagospia.com\/img\/foto\/07-2026\/conte-franceschini-2286079_800_q50.webp\"><span class=\"img-title\">CONTE FRANCESCHINI<\/span><\/a><\/p>\n<p class=\"disable\">Ma in questi giorni Conte sar\u00e0 protagonista in tante feste dem. Dopodomani sar\u00e0 a quella di Genova con Orlando. Due giorni dopo, il 5, sar\u00e0 alla festa di Bologna. Mentre il 6 settembre sar\u00e0 a Pesaro, alla festa dei Giovani democratici in un circolo Arci, assieme all\u2019ex sindaco e attuale eurodeputato dem Matteo Ricci: per inciso, vicino a quel Goffredo Bettini che \u00e8 un confidente dell\u2019ex premier.\u00a0<\/p>\n<p class=\"disable\">\u00a0<\/p>\n<p class=\"disable\">Infine, sabato 12 Conte sar\u00e0 sul palco principale della festa nazionale assieme a Pier Luigi Bersani, pi\u00f9 che aperturista verso il Movimento. Un vero e proprio tour per parlare al popolo del Pd, in vista delle primarie (\u2026)<\/p>\n<p class=\"disable\">\u00a0<\/p>\n<p><a href=\"https:\/\/www.dagospia.com\/media-gallery\/dago-fotogallery-521870\/2248264\" class=\"float-right img-wrapper\"><img decoding=\"async\" id=\"2248264\" loading=\"lazy\" src=\"https:\/\/static.dagospia.com\/img\/foto\/03-2026\/franceschini-3-2248264_800_q50.webp\"><span class=\"img-title\">franceschini 3<\/span><\/a><\/p>\n<p class=\"disable\">Appuntamenti per spiegare alla gente dem il neo-progressismo di Conte, basato su principi come la tutela del lavoro e dei salari, la redistribuzione delle risorse e l&#8217;ambiente.\u00a0<\/p>\n<p class=\"disable\">\u201cGiuseppe vuole assicurare alla gente che lui non \u00e8 un invasore, ma un uomo che vuole realizzare i punti principali di programma per cui \u00e8 nato il Pd\u201d riassume un dirigente del Movimento.<\/p>\n<p class=\"disable\">\u00a0<\/p>\n<p class=\"disable\">(&#8230;)<\/p>\n<p><a href=\"https:\/\/www.dagospia.com\/media-gallery\/dago-fotogallery-521870\/2301261\" class=\"float-right img-wrapper\"><img decoding=\"async\" id=\"2301261\" loading=\"lazy\" src=\"https:\/\/static.dagospia.com\/img\/foto\/09-2026\/giuseppe-conte-in-onda-2301261_800_q50.webp\"><span class=\"img-title\">GIUSEPPE CONTE IN ONDA<\/span><\/a><a href=\"https:\/\/www.dagospia.com\/media-gallery\/dago-fotogallery-521870\/2301086\" class=\"float-left img-wrapper\"><img decoding=\"async\" id=\"2301086\" loading=\"lazy\" src=\"https:\/\/static.dagospia.com\/img\/foto\/08-2026\/silvia-salis-2301086_800_q50.webp\"><span class=\"img-title\">silvia salis<\/span><\/a><\/p>\n<\/div>\n<div class=\"share-section\">\n                Condividi  questo articolo<\/p>\n<div class=\"socials\"><a href=\"https:\/\/www.dagospia.com\/politica\/torna-renzi-tutto-e-perdonato-fu-rottamatore-sara-festa-dell-unita-485443\"><img decoding=\"async\" src=\"https:\/\/static.dagospia.com\/img\/icons\/facebook.svg\" alt=\"Condividi su Facebook\"><\/a><a href=\"https:\/\/www.dagospia.com\/politica\/torna-renzi-tutto-e-perdonato-fu-rottamatore-sara-festa-dell-unita-485443\"><img decoding=\"async\" src=\"https:\/\/static.dagospia.com\/img\/icons\/x-icon.png\" alt=\"Condividi su X\"><\/a><a href=\"https:\/\/www.dagospia.com\/politica\/torna-renzi-tutto-e-perdonato-fu-rottamatore-sara-festa-dell-unita-485443\"><img decoding=\"async\" src=\"https:\/\/static.dagospia.com\/img\/icons\/whatsapp.svg\" alt=\"Condividi su Whatsapp\"><\/a><a href=\"https:\/\/www.dagospia.com\/politica\/torna-renzi-tutto-e-perdonato-fu-rottamatore-sara-festa-dell-unita-485443\"><img decoding=\"async\" src=\"https:\/\/static.dagospia.com\/img\/icons\/mail.svg\" alt=\"Invia in email\"><\/a><\/div>\n<\/div>\n<div class=\"content\">\n<p class=\"disable\"><strong>Luca De Carolis,Wanda Marra per <a href=\"http:\/\/ilfatto\" target=\"_blank\">\u201cil Fatto quotidiano\u201d\u00a0&#8211; Estratti<\/a><\/strong><\/p>\n<p class=\"disable\">\u00a0<\/p>\n<p class=\"disable\">Il fu rottamatore Matteo Renzi che torna tra quella che fu la sua gente, questa volta sul palco principale.\u00a0<\/p>\n<p class=\"disable\">\u00a0<\/p>\n<p><a href=\"https:\/\/www.dagospia.com\/media-gallery\/dago-fotogallery-521870\/2300971\" class=\"float-right img-wrapper\"><img decoding=\"async\" id=\"2300971\" loading=\"lazy\" src=\"https:\/\/static.dagospia.com\/img\/foto\/08-2026\/renzi-alla-festa-unita-con-enrico-di-stasi-il-sindaco-matteo-lepore-e-il-deputat-2300971_800_q50.webp\"><span class=\"img-title\">Renzi alla Festa UNITA con Enrico Di Stasi, il sindaco Matteo Lepore e il deputato Virginio Merola<\/span><\/a><\/p>\n<p class=\"disable\">Silvia Salis, la (possibile) terza incomoda tra Elly Schlein e Giuseppe Conte che ha gentilmente declinato l\u2019invito. E poi lui, il leader del Movimento, che in una decina di giorni si manifester\u00e0 in quattro diverse feste dem, gi\u00e0 in piena campagna per le primarie.\u00a0<\/p>\n<p class=\"disable\">\u00a0<\/p>\n<p class=\"disable\">Volti della festa nazionale dell\u2019Unit\u00e0 di Reggio Emilia, che inizia oggi e finisce domenica 13. Salta agli occhi la presenza di Renzi, che manca dalla kermesse nazionale dal 2018 (quando era segretario Maurizio Martina), l\u2019anno prima della nascita di Iv, quando usc\u00ec dal Pd dopo la formazione del Conte 2. Scissione che gi\u00e0 era nell\u2019aria durante la kermesse del 2019, sempre a Ravenna, con Zingaretti segretario.<\/p>\n<p class=\"disable\">\u00a0<\/p>\n<p class=\"disable\">Con l\u2019invito di quest\u2019anno, la riabilitazione dell\u2019ex premier &#8211; per il Pd &#8211; appare compiuta.\u00a0<\/p>\n<p class=\"disable\">\u00a0<\/p>\n<p><a href=\"https:\/\/www.dagospia.com\/media-gallery\/dago-fotogallery-521870\/2300968\" class=\"float-left img-wrapper\"><img decoding=\"async\" id=\"2300968\" loading=\"lazy\" src=\"https:\/\/static.dagospia.com\/img\/foto\/08-2026\/matteo-renzi-festa-unita-bologna-2300968_800_q50.webp\"><span class=\"img-title\">MATTEO RENZI FESTA UNITA BOLOGNA<\/span><\/a><\/p>\n<p class=\"disable\">Interverr\u00e0 venerd\u00ec, per un dialogo con Dario Franceschini, con il quale ha sempre mantenuto un filo diretto. L\u2019ex ministro della Cultura l\u2019anno scorso fece un dibattito con Conte: nella sua scelta di salire sul palco con Renzi c\u2019\u00e8 anche la volont\u00e0 di fare da facilitatore dell\u2019alleanza. Il leader di Iv \u00e8 gi\u00e0 stato a tre feste dell\u2019Unit\u00e0 quest\u2019anno (a Castelfranco Emilia, a Villalunga e a Bologna).<\/p>\n<p class=\"disable\">\u00a0<\/p>\n<p class=\"disable\">Un mezzo sdoganamento, accolto dagli applausi. Non \u00e8 cos\u00ec scontata l\u2019accoglienza a Reggio: per esempio il popolo della Fiom a giugno fischi\u00f2 anche solo il suo nome in occasione del dibattito tra Schlein, Conte e Fratoianni. Non ci sar\u00e0 invece Carlo Calenda, e nessuno di Azione.<\/p>\n<p class=\"disable\">\u00a0<\/p>\n<p><a href=\"https:\/\/www.dagospia.com\/media-gallery\/dago-fotogallery-521870\/2300967\" class=\"float-right img-wrapper\"><img decoding=\"async\" id=\"2300967\" loading=\"lazy\" src=\"https:\/\/static.dagospia.com\/img\/foto\/08-2026\/matteo-renzi-2300967_800_q50.webp\"><span class=\"img-title\">MATTEO RENZI<\/span><\/a><\/p>\n<p class=\"disable\">(\u2026) La sindaca di Genova, invece, ha declinato: le era stata proposta una data (una sola), lei ha opposto impegni istituzionali.\u00a0<\/p>\n<p class=\"disable\">Andr\u00e0 alla festa di Modena e soprattutto da brava padrona di casa si far\u00e0 vedere sia oggi a Genova (presenti Elly Schlein e Francesco Boccia) che il 3, al dibattito tra Conte e Andrea Orlando. Non sfugge il desiderio di distinguersi.\u00a0<\/p>\n<p class=\"disable\">Come spiega Igor Taruffi, responsabile Organizzazione Pd, nell\u2019arena \u201cche abbiamo dedicato a Francesco Guccini\u201d, ci saranno i segretari di Cgil, Cisl e Uil e il presidente di Confindustria. E poi i sindaci delle grandi citt\u00e0 che vanno al voto, compresi quelli da molti indicati come possibili \u201cfederatori\u201d: Gaetano Manfredi, Roberto Gualtieri, Beppe Sala, Matteo Lepore, Stefano Lo Russo. Poi, Franco Gabrielli, ex capo della Polizia.\u00a0<\/p>\n<p class=\"disable\">E Lorenzo Guerini, il \u201ccapo\u201d della minoranza dem. Schlein chiuder\u00e0 domenica 13. Si attendono grandi folle e magari qualche annuncio.\u00a0<\/p>\n<p class=\"disable\">\u00a0<\/p>\n<p><a href=\"https:\/\/www.dagospia.com\/media-gallery\/dago-fotogallery-521870\/2286079\" class=\"float-left img-wrapper\"><img decoding=\"async\" id=\"2286079\" loading=\"lazy\" src=\"https:\/\/static.dagospia.com\/img\/foto\/07-2026\/conte-franceschini-2286079_800_q50.webp\"><span class=\"img-title\">CONTE FRANCESCHINI<\/span><\/a><\/p>\n<p class=\"disable\">Ma in questi giorni Conte sar\u00e0 protagonista in tante feste dem. Dopodomani sar\u00e0 a quella di Genova con Orlando. Due giorni dopo, il 5, sar\u00e0 alla festa di Bologna. Mentre il 6 settembre sar\u00e0 a Pesaro, alla festa dei Giovani democratici in un circolo Arci, assieme all\u2019ex sindaco e attuale eurodeputato dem Matteo Ricci: per inciso, vicino a quel Goffredo Bettini che \u00e8 un confidente dell\u2019ex premier.\u00a0<\/p>\n<p class=\"disable\">\u00a0<\/p>\n<p class=\"disable\">Infine, sabato 12 Conte sar\u00e0 sul palco principale della festa nazionale assieme a Pier Luigi Bersani, pi\u00f9 che aperturista verso il Movimento. Un vero e proprio tour per parlare al popolo del Pd, in vista delle primarie (\u2026)<\/p>\n<p class=\"disable\">\u00a0<\/p>\n<p><a href=\"https:\/\/www.dagospia.com\/media-gallery\/dago-fotogallery-521870\/2248264\" class=\"float-right img-wrapper\"><img decoding=\"async\" id=\"2248264\" loading=\"lazy\" src=\"https:\/\/static.dagospia.com\/img\/foto\/03-2026\/franceschini-3-2248264_800_q50.webp\"><span class=\"img-title\">franceschini 3<\/span><\/a><\/p>\n<p class=\"disable\">Appuntamenti per spiegare alla gente dem il neo-progressismo di Conte, basato su principi come la tutela del lavoro e dei salari, la redistribuzione delle risorse e l&#8217;ambiente.\u00a0<\/p>\n<p class=\"disable\">\u201cGiuseppe vuole assicurare alla gente che lui non \u00e8 un invasore, ma un uomo che vuole realizzare i punti principali di programma per cui \u00e8 nato il Pd\u201d riassume un dirigente del Movimento.<\/p>\n<p class=\"disable\">\u00a0<\/p>\n<p class=\"disable\">(&#8230;)<\/p>\n<p><a href=\"https:\/\/www.dagospia.com\/media-gallery\/dago-fotogallery-521870\/2301261\" class=\"float-right img-wrapper\"><img decoding=\"async\" id=\"2301261\" loading=\"lazy\" src=\"https:\/\/static.dagospia.com\/img\/foto\/09-2026\/giuseppe-conte-in-onda-2301261_800_q50.webp\"><span class=\"img-title\">GIUSEPPE CONTE IN ONDA<\/span><\/a><a href=\"https:\/\/www.dagospia.com\/media-gallery\/dago-fotogallery-521870\/2301086\" class=\"float-left img-wrapper\"><img decoding=\"async\" id=\"2301086\" loading=\"lazy\" src=\"https:\/\/static.dagospia.com\/img\/foto\/08-2026\/silvia-salis-2301086_800_q50.webp\"><span class=\"img-title\">silvia salis<\/span><\/a><\/p>\n<\/div>\n<article><a href=\"https:\/\/www.dagospia.com\/politica\/dagoreport-grazie-trump-mondo-verso-de-americanizzazione-oggi-si-485332\"><\/p>\n<div class=\"img-wrapper\"><img decoding=\"async\" src=\"https:\/\/static.dagospia.com\/img\/patch\/09-2026\/trump-modi-xi-jinping-putin-2301524_600_q50.webp\" alt=\"trump modi xi jinping putin\" loading=\"lazy\"><time class=\"data-ora\">1 set 19:59<\/time><\/div>\n<div class=\"excerpt\">\n<p>DAGOREPORT \u2013<span> GRAZIE A TRUMP, IL DOLLARO RISCHIA DI DIVENTARE CARTA STRACCIA \u2013<\/span>\u00a0IL PIATTO FORTE AL SUMMIT IN KIRGHIZISTAN DI XI JINPING, VLADIMIR PUTIN E NARENDRA MODI, HA FATTO STRA-INCAZZARE IL CALIGOLA DELLA CASA BIANCA: SUL TAVOLO,\u00a0<span>IL PROGETTO DEI &#8221;BRICS&#8221; (BRASILE, RUSSIA, INDIA, CINA, SUDAFRICA) DI DAR VITA A UNA \u201cMONETA UNICA&#8221;, PER FAR FUORI IL DOLLARO NEGLI SCAMBI INTERNAZIONALI<\/span>\u00a0&#8211; CON UN DEBITO PUBBLICO MONSTRE DI 40MILA MILIARDI, LA DE-DOLLARIZZAZIONE SAREBBE LA FINE DELL&#8217;IMPERO AMERICANO: IL VERDONE&#8221; VIENE UTILIZZATO IN OLTRE L&#8217;80% DELLE TRANSAZIONI COMMERCIALI E IN PI\u00d9 DELLA MET\u00c0 DEI PAGAMENTI INTERNAZIONALI DELLE MATERIE PRIME, COME IL PETROLIO\u00a0&#8211; <span>LA DECISIONE E&#8217; NELLE MANI DELLA CINA: RINUNCERA&#8217; ALLO MONETA NAZIONALE, LO YUAN, PER DIVENTARE LA LOCOMOTIVA DEI &#8221;BRICS&#8221;?<\/span>\u00a0&#8211;\u00a0SUL MAGGIORE IMPEGNO A FAVORE DELL\u2019IRAN, PESANO I DUBBI\u00a0DI MODI (GLI USA SONO IL PRIMO PARTNER COMMERCIALE DELL\u2019INDIA)\u00a0&#8211; PROSSIMO ROUND: IL VERTICE DI XI JIN PING DEL 24 SETTEMBRE CON IL &#8220;DERAGLIATO MENTALE&#8221; DELLA CASA BIANCA&#8230;<\/p>\n<\/div>\n<p><\/a><\/article>\n<article><a href=\"https:\/\/www.dagospia.com\/politica\/elly-ascolta-gli-amici-i-big-pd-scesi-in-campo-cosi-pesantemente-per-485354\"><\/p>\n<div class=\"img-wrapper\"><img decoding=\"async\" src=\"https:\/\/static.dagospia.com\/img\/patch\/08-2026\/giuseppe-conte-elly-schlein-franceschini-bonaccini-nardella-2301098_600_q50.webp\" alt=\"giuseppe conte elly schlein franceschini bonaccini nardella\" loading=\"lazy\"><time class=\"data-ora\">31 ago 20:17<\/time><\/div>\n<div class=\"excerpt\">\n<p>DAGOREPORT &#8211; <span>ELLY, ASCOLTA GLI AMICI!<\/span> I CAPOCCIONI E LE MEZZECALZE DEL PD, CHE SONO SCESI COS\u00cc PESANTEMENTE IN CAMPO PER SCONGIURARE LA JATTURA DELLE PRIMARIE, NON CE L&#8217;HANNO CON TE, LO FANNO SOLO PER IL TUO BENE &#8211; CERTO, TEMONO (A RAGIONE) ANCHE PER LA LORO SOPRAVVIVENZA PARLAMENTARE: <span>SE ELLY, COME PROBABILE, PERDESSE AI GAZEBO IL DUELLO CON CONTE, TRASCINEREBBE IL PARTITO NEL BARATRO <\/span>&#8211; \u00c8 PER QUESTO CHE DA QUALCHE SETTIMANA SONO PARTITI GLI AVVERTIMENTI VIA STAMPA, ANCHE DI ESPONENTI PD NON OSTILI ALLA SCHLEIN COME DARIO NARDELLA, DI FARE UN PASSO INDIETRO \u2013 <span>LA TRAGEDIA \u00c8 CHE L\u2019AMBIZIOSA DUCETTA DEL NAZARENO, NONOSTANTE I SONDAGGI HORROR, SI VEDE GI\u00c0 A PALAZZO CHIGI, VALUTANDOLI COME ATTACCHI ALLA SUA LEADERSHIP<\/span>: \u201cLE INTERVISTE SULLE PRIMARIE? SONO SOLO ESERCIZI INTELLETTUALI, ALLA FESTA DELL\u2019UNITA\u2019 PARLO IO\u201d &#8211; SE ELLY CONTINUA COS\u00cc, RISCHIA CHE LA SUA PROSSIMA OCCUPAZIONE SARA&#8217; DI BALLARE SUI CARRI DEL GAY PRIDE&#8230;<\/p>\n<\/div>\n<p><\/a><\/article>\n<article><a href=\"https:\/\/www.dagospia.com\/politica\/l-ingaggio-fedorov-fa-incazzare-zelensky-mette-in-allarme-agenzie-485343\"><\/p>\n<div class=\"img-wrapper\"><img decoding=\"async\" src=\"https:\/\/static.dagospia.com\/img\/patch\/08-2026\/fedorov-musk-thiel-zelensky-crosetto-2301168_600_q50.webp\" alt=\"fedorov musk thiel zelensky crosetto\" loading=\"lazy\"><time class=\"data-ora\">31 ago 18:41<\/time><\/div>\n<div class=\"excerpt\">\n<p>DAGOREPORT &#8211; <span>A QUALCUNO NON PIACE &#8216;STO FEDOROV<\/span> &#8211;\u00a0PIU&#8217; CHE A INDIGNARE I NEURONI ALLA VODKA DI VANNACCI E DI TRAVAGLIO, L\u2019INGAGGIO DEL GOVERNO ITALIANO DELL&#8217;EX MINISTRO DELLA DIFESA UCRAINO<span> FA INCAZZARE ZELENSKY E METTE IN ALLARME LE AGENZIE DI INTELLIGENCE EUROPEE &#8211; <\/span>IL DINAMISMO DEL NOVELLO CONSULENTE DEL MINISTRO CROSETTO NON POTEVA NON FINIRE &#8220;ATTENZIONATO&#8221;, VISTO E CONFERMATO <span>IL RAPPORTO STRETTISSIMO CON L&#8217;EMINENZA GRIGIA DELLA TECNO-DESTRA PETER THIEL E CON IL CAVALIERE NERO DELLA GALASSIA MAGA, ELON MUSK<\/span> &#8211; \u00c8 STATO FEDOROV A OTTENERE LO SBLOCCO DEL SISTEMA STARLINK E A COLTIVARE RAPPORTI CON PALANTIR, CHE FORNISCE A KIEV I SOFTWARE PER LA DIFESA &#8211; <span>CHE STA COMBINANDO IN QUESTI GIORNI FEDOROV NEGLI STATI UNITI? <\/span>COSA VOGLIONO MUSK E THIEL DA LUI? LE ELEZIONI A KIEV, MAGARI PER SOSTITUIRE ZELENSKY E ARRIVARE A QUALUNQUE \u2018PACE\u2019\u201d?<\/p>\n<\/div>\n<p><\/a><\/article>\n<article><a href=\"https:\/\/www.dagospia.com\/politica\/flash-c-e-grande-perplessita-i-draghi-boys-per-presenza-andrea-485336\"><\/p>\n<div class=\"img-wrapper\"><img decoding=\"async\" src=\"https:\/\/static.dagospia.com\/img\/patch\/08-2026\/xavier-niel-draghi-pignataro-2301175_600_q50.webp\" alt=\"xavier niel draghi pignataro\" loading=\"lazy\"><time class=\"data-ora\">31 ago 18:19<\/time><\/div>\n<div class=\"excerpt\">\n<p>FLASH! \u2013 <span>I \u201cDRAGHI BOYS\u201d DEL POTERE ECONOMICO ITALIANO AVREBBERO ESPRESSO QUALCHE PERPLESSITA&#8217; ALL\u2019EX PREMIER<\/span> SULLA PRESENZA DEL MISTERIOSO MILIARDARIO <span>ANDREA PIGNATARO E DEL FONDATORE DI ILIAD, IL FRANCESE XAVIER NIEL, <\/span>CHE NEL 2004 FU CONDANNATO A DUE ANNI DI GALERA (CON LA CONDIZIONALE), NEL \u201cRHINE GROUP\u201d, IL THINK TANK FONDATO DA \u201cMARIOPIO\u201d PER DARE UNA SFERZATA ALL\u2019UNIONE EUROPEA, COMPOSTO DA 54 MANAGER, ECONOMISTI, ACCADEMICI E IMPRENDITORI TECNOLOGICI&#8230;.<\/p>\n<\/div>\n<p><\/a><\/article>\n<article><a href=\"https:\/\/www.dagospia.com\/politica\/quale-episodio-giulia-presutti-era-habitue-cefalu-bistro-dove-piu-e-485248\"><\/p>\n<div class=\"img-wrapper\"><img decoding=\"async\" src=\"https:\/\/static.dagospia.com\/img\/patch\/08-2026\/ranucci-presutti-cianfoni-floridia-2300757_600_q50.webp\" alt=\"ranucci presutti cianfoni floridia\" loading=\"lazy\"><time class=\"data-ora\">30 ago 19:14<\/time><\/div>\n<div class=\"excerpt\">\n<p>DAGOREPORT &#8211;<span>\u00a0MA QUALE &#8220;EPISODIO&#8221;! GIULIA PRESUTTI ERA UN HABITU\u00c8 DEL \u201cCEFAL\u00d9 BISTR\u00d2\u201d<\/span> DOVE PI\u00d9 VOLTE \u00c8 STATA VISTA INSIEME ALL\u2019AMICA LAURA CIANFONI, CHE A SUA VOLTA \u00c8 LEGATISSIMA A RANUCCI E CARISSIMA A LAVITOLA (COME \u00c8 TESTIMONIATO DALLE FOTO DI DAGOSPIA IN OCCASIONE DEL PREMIO COLALUCCI, SETTEMBRE 2020) &#8211; <span>NELLA DECISIONE DI SCEGLIERE GIULIA PRESUTTI, ACCREDITATA COME ESPRESSIONE DI M5S E AVS, <\/span>PER DARE UN CONTENTINO ALL\u2019OPPOSIZIONE, SAREBBE AVVENUTA UNA INTERLOCUZIONE TRA L\u2019AD RAI, GIAMPAOLO ROSSI, E L\u2019EX PRESIDENTE DELLA VIGILANZA RAI, LA GRILLINA BARBARA FLORIDIA, CHE AVREBBE DATO IL SUO PLACET &#8211; <span>ANCHE SULLA SCELTA DI PIERVINCENZI ALLA CONDUZIONE DI &#8220;REPORT&#8221;, CHE VA A BILANCIARE LA PRESUTTI DI SINISTRA, SI ADDENSANO ALCUNE DOMANDINE<\/span>: A PARTIRE DALLA PASSIONE PER IL RUGBY\u2026<\/p>\n<\/div>\n<p><\/a><\/article>\n<article><a href=\"https:\/\/www.dagospia.com\/politica\/risiko-s-ingrossa-l-apertura-assicurazioni-generali-valutare-l-offerta-484996\"><\/p>\n<div class=\"img-wrapper\"><img decoding=\"async\" src=\"https:\/\/static.dagospia.com\/img\/patch\/08-2026\/generali-philippe-donnet-luigi-lovaglio-carlo-messina-2292458_600_q50.webp\" alt=\"generali philippe donnet luigi lovaglio carlo messina \" loading=\"lazy\"><time class=\"data-ora\">27 ago 21:02<\/time><\/div>\n<div class=\"excerpt\">\n<p>DAGOREPORT &#8211; <span>IL RISIKO S&#8217;INGROSSA!<\/span> L\u2019APERTURA DI ASSICURAZIONI GENERALI A VALUTARE L&#8217;OFFERTA\u201d DI MPS PER L\u2019ACQUISIZIONE DI BANCA GENERALI, <span>\u00c8 UN GRAN PASSO AVANTI PER IL PIANO DI LOVAGLIO PER DISINNESCARE L\u2019OPAS SUL \u201cMONTE\u201d DI BANCA INTESA <\/span>&#8211; SECONDO PIAZZA AFFARI, L\u2019OPERAZIONE TRIESTE-SIENA POTREBBE AVERE DALLA SUA <span>L\u2019APPOGGIO DEI POTENTISSIMI FONDI DI INVESTIMENTO INTERNAZIONALI, TRA CUI BLACKROCK<\/span>, CHE HA PERALTRO IMPORTANTI INTERESSI NELLE BANCHE ITALIANE, TRA CUI INTESA &#8211; <span>ORA INIZIA UNA PARTITA APERTISSIMA DAL PUNTO DI VISTA FINANZIARIO, MA ANCHE DA QUELLO POLITICO:<\/span> IL 26 OTTOBRE\u00a0 L\u2019ASSEMBLEA STRAORDINARIA DI MPS SARA&#8217; CHIAMATA AD APPROVARE L&#8217;ACQUISIZIONE E TUTTO PUO&#8217; SUCCEDERE&#8230;<\/p>\n<\/div>\n<p><\/a><\/article>\n<article><a href=\"https:\/\/www.dagospia.com\/cronache\/come-sta-alessandro-battista-condizioni-salute-dell-ex-deputato-485182\"><\/p>\n<div class=\"img-wrapper\"><img decoding=\"async\" src=\"https:\/\/static.dagospia.com\/img\/patch\/08-2026\/di-battista-grillo-di-maio-alessandro-2300529_600_q50.webp\" alt=\"di battista grillo di maio alessandro\" loading=\"lazy\"><\/div>\n<div class=\"excerpt\">COME STA ALESSANDRO DI BATTISTA? &#8211; LE CONDIZIONI DI SALUTE DELL&#8217;EX DEPUTATO DEL MOVIMENTO 5 STELLE,\u2026<\/div>\n<p><\/a><\/article>\n<article><a href=\"https:\/\/www.dagospia.com\/sport\/pennellone-frou-frou-mole-juve-acquistato-l-attaccante-nick-woltemade-485601\"><\/p>\n<div class=\"img-wrapper\"><img decoding=\"async\" src=\"https:\/\/static.dagospia.com\/img\/patch\/09-2026\/nick-woltemade-2301780_600_q50.webp\" alt loading=\"lazy\"><\/div>\n<div class=\"excerpt\">UN PENNELLONE &#8220;FROU FROU&#8221; SOTTO LA MOLE? \u2013 LA JUVE HA ACQUISTATO IN PRESTITO DAL NEWCASTLE\u2026<\/div>\n<p><\/a><\/article>\n<article><a href=\"https:\/\/www.dagospia.com\/cronache\/42enne-abusa-13enne-gip-scarcera-ha-capito-aver-sbagliato-era-485509\"><\/p>\n<div class=\"img-wrapper\"><img decoding=\"async\" src=\"https:\/\/static.dagospia.com\/img\/patch\/09-2026\/carlo-nordio-violenza-sessuale-2301509_600_q50.webp\" alt=\"carlo nordio violenza sessuale \" loading=\"lazy\"><\/div>\n<div class=\"excerpt\">QUESTI GIUDICI FANNO UN REGALO ALLA PROPAGANDA DEL GOVERNO! ALLA PERIFERIA DI TORINO UN 42ENNE\u2026<\/div>\n<p><\/a><\/article>\n<article><a href=\"https:\/\/www.dagospia.com\/media-tv\/pillole-gossip-leonardo-lini-noemi-bocchi-pitt-jolie-pamela-anderson-la-485460\"><\/p>\n<div class=\"img-wrapper\"><img decoding=\"async\" src=\"https:\/\/static.dagospia.com\/img\/patch\/09-2026\/pillole-avanti-gossip-2301347_600_q50.webp\" alt=\"pillole avanti gossip\" loading=\"lazy\"><\/div>\n<div class=\"excerpt\">AVANTI, C\u2019\u00c8 GOSSIP! SARA\u2019 IL BELLOCCIO LEONARDO LINI IL MAESTRO DI NOEMI BOCCHI A &#8220;BALLANDO CON LE\u2026<\/div>\n<p><\/a><\/article>\n<article><a href=\"https:\/\/www.dagospia.com\/media-tv\/zinnette-crocette-riconoscete-debuttato-grande-schermo-giovanissima-485439\"><\/p>\n<div class=\"img-wrapper\"><img decoding=\"async\" src=\"https:\/\/static.dagospia.com\/img\/patch\/09-2026\/elle-fanning-2301310_600_q50.webp\" alt=\"elle fanning\" loading=\"lazy\"><\/div>\n<div class=\"excerpt\">LA RICONOSCETE? \u2013 HA DEBUTTATO SUL GRANDE SCHERMO DA BAMBINA. ORA CHE \u00c8 CRESCIUTA (HA 28 ANNI), HA\u2026<\/div>\n<p><\/a><\/article>\n<article><a href=\"https:\/\/www.dagospia.com\/politica\/dagoreport-grazie-trump-mondo-verso-de-americanizzazione-oggi-si-485332\"><\/p>\n<div class=\"img-wrapper\"><img decoding=\"async\" src=\"https:\/\/static.dagospia.com\/img\/patch\/09-2026\/trump-modi-xi-jinping-putin-2301524_600_q50.webp\" alt=\"trump modi xi jinping putin\" loading=\"lazy\"><\/div>\n<div class=\"excerpt\">DAGOREPORT \u2013 GRAZIE A TRUMP, IL DOLLARO RISCHIA DI DIVENTARE CARTA STRACCIA \u2013\u00a0IL PIATTO FORTE AL\u2026<\/div>\n<p><\/a><\/article>\n<article><a href=\"https:\/\/www.dagospia.com\/politica\/elly-ascolta-gli-amici-i-big-pd-scesi-in-campo-cosi-pesantemente-per-485354\"><\/p>\n<div class=\"img-wrapper\"><img decoding=\"async\" src=\"https:\/\/static.dagospia.com\/img\/patch\/08-2026\/giuseppe-conte-elly-schlein-franceschini-bonaccini-nardella-2301098_600_q50.webp\" alt=\"giuseppe conte elly schlein franceschini bonaccini nardella\" loading=\"lazy\"><\/div>\n<div class=\"excerpt\">DAGOREPORT &#8211; ELLY, ASCOLTA GLI AMICI! I CAPOCCIONI E LE MEZZECALZE DEL PD, CHE SONO SCESI COS\u00cc\u2026<\/div>\n<p><\/a><\/article>\n<article><a href=\"https:\/\/www.dagospia.com\/politica\/l-ingaggio-fedorov-fa-incazzare-zelensky-mette-in-allarme-agenzie-485343\"><\/p>\n<div class=\"img-wrapper\"><img decoding=\"async\" src=\"https:\/\/static.dagospia.com\/img\/patch\/08-2026\/fedorov-musk-thiel-zelensky-crosetto-2301168_600_q50.webp\" alt=\"fedorov musk thiel zelensky crosetto\" loading=\"lazy\"><\/div>\n<div class=\"excerpt\">DAGOREPORT &#8211; A QUALCUNO NON PIACE &#8216;STO FEDOROV &#8211;\u00a0PIU&#8217; CHE A INDIGNARE I NEURONI ALLA VODKA DI\u2026<\/div>\n<p><\/a><\/article>\n<article><a href=\"https:\/\/www.dagospia.com\/politica\/flash-c-e-grande-perplessita-i-draghi-boys-per-presenza-andrea-485336\"><\/p>\n<div class=\"img-wrapper\"><img decoding=\"async\" src=\"https:\/\/static.dagospia.com\/img\/patch\/08-2026\/xavier-niel-draghi-pignataro-2301175_600_q50.webp\" alt=\"xavier niel draghi pignataro\" loading=\"lazy\"><\/div>\n<div class=\"excerpt\">FLASH! \u2013 I \u201cDRAGHI BOYS\u201d DEL POTERE ECONOMICO ITALIANO AVREBBERO ESPRESSO QUALCHE PERPLESSITA&#8217;\u2026<\/div>\n<p><\/a><\/article>\n<article><a href=\"https:\/\/www.dagospia.com\/politica\/quale-episodio-giulia-presutti-era-habitue-cefalu-bistro-dove-piu-e-485248\"><\/p>\n<div class=\"img-wrapper\"><img decoding=\"async\" src=\"https:\/\/static.dagospia.com\/img\/patch\/08-2026\/ranucci-presutti-cianfoni-floridia-2300757_600_q50.webp\" alt=\"ranucci presutti cianfoni floridia\" loading=\"lazy\"><\/div>\n<div class=\"excerpt\">DAGOREPORT &#8211;\u00a0MA QUALE &#8220;EPISODIO&#8221;! GIULIA PRESUTTI ERA UN HABITU\u00c8 DEL \u201cCEFAL\u00d9 BISTR\u00d2\u201d DOVE PI\u00d9 VOLTE\u2026<\/div>\n<p><\/a><\/article>\n<article><a href=\"https:\/\/www.dagospia.com\/politica\/risiko-s-ingrossa-l-apertura-assicurazioni-generali-valutare-l-offerta-484996\"><\/p>\n<div class=\"img-wrapper\"><img decoding=\"async\" src=\"https:\/\/static.dagospia.com\/img\/patch\/08-2026\/generali-philippe-donnet-luigi-lovaglio-carlo-messina-2292458_600_q50.webp\" alt=\"generali philippe donnet luigi lovaglio carlo messina \" loading=\"lazy\"><\/div>\n<div class=\"excerpt\">DAGOREPORT &#8211; IL RISIKO S&#8217;INGROSSA! L\u2019APERTURA DI ASSICURAZIONI GENERALI A VALUTARE L&#8217;OFFERTA\u201d DI\u2026<\/div>\n<p><\/a><\/article>\n<article><a href=\"https:\/\/www.dagospia.com\/cronache\/voluto-trump-t-attacchi-scorta-i-leader-silicon-valley-484985\"><\/p>\n<div class=\"img-wrapper\"><img decoding=\"async\" src=\"https:\/\/static.dagospia.com\/img\/patch\/08-2026\/mark-zuckerberg-proteste-2299936_600_q50.webp\" alt=\"mark zuckerberg proteste \" loading=\"lazy\"><\/div>\n<div class=\"excerpt\">HAI VOLUTO TRUMP? E ORA T\u2019ATTACCHI ALLA SCORTA! \u2013 I LEADER DELLA SILICON VALLEY SONO OSSESSIONATI\u2026<\/div>\n<p><\/a><\/article>\n<article><a href=\"https:\/\/www.dagospia.com\/politica\/flash-giorgia-meloni-manda-armi-sottobanco-all-ucraina-per-non-spaccare-484982\"><\/p>\n<div class=\"img-wrapper\"><img decoding=\"async\" src=\"https:\/\/static.dagospia.com\/img\/patch\/08-2026\/giorgia-meloni-volodymyr-zelensky-mario-draghi-2299913_600_q50.webp\" alt=\"giorgia meloni volodymyr zelensky mario draghi \" loading=\"lazy\"><\/div>\n<div class=\"excerpt\">FLASH \u2013 GIORGIA MELONI MANDA LE ARMI SOTTOBANCO ALL\u2019UCRAINA PER NON SPACCARE LA SUA MAGGIORANZA. IL\u2026<\/div>\n<p><\/a><\/article>\n<article><a href=\"https:\/\/www.dagospia.com\/politica\/qual-era-scopo-blitz-capo-cia-mosca-i-beninformati-washington-484881\"><\/p>\n<div class=\"img-wrapper\"><img decoding=\"async\" src=\"https:\/\/static.dagospia.com\/img\/patch\/12-2025\/vladimir-putin-donald-trump-volodymyr-zelensky-2214409_600_q50.webp\" alt=\"vladimir putin donald trump volodymyr zelensky\" loading=\"lazy\"><\/div>\n<div class=\"excerpt\">FLASH! \u2013 QUANDO LE COSE GIRANO SUL PEGGIO, INTERVENGONO I SERVIZI SEGRETI &#8211;\u00a0IL BENINFORMATO\u00a0CAPO\u2026<\/div>\n<p><\/a><\/article>\n<article><a href=\"https:\/\/www.dagospia.com\/politica\/prossima-destinazione-enrico-mentana-padrone-supremo-tutta-l-informazione-484639\"><\/p>\n<div class=\"img-wrapper\"><img decoding=\"async\" src=\"https:\/\/static.dagospia.com\/img\/patch\/08-2026\/kyriakou-pier-silvio-berlusconi-enrico-mentana-crippa-fedele-confalonieri-medias-2298828_600_q50.webp\" alt=\"kyriakou pier silvio berlusconi enrico mentana crippa fedele confalonieri mediaset urbano cairo marina\" loading=\"lazy\"><\/div>\n<div class=\"excerpt\">DAGOREPORT &#8211; RITORNA A CASA, LESSO! SI ACCAVALLANO LE VOCI CHE LA PROSSIMA DESTINAZIONE DI ENRICO\u2026<\/div>\n<p><\/a><\/article>\n<article><a href=\"https:\/\/www.dagospia.com\/cafonal\/cafonalino-roma-proiezione-documentario-marco-bellocchio-marco-travaglio-485081\"><\/p>\n<div class=\"img-wrapper\"><img decoding=\"async\" src=\"https:\/\/static.dagospia.com\/img\/patch\/08-2026\/2026bellocchio-anteprima-film-di-marco-bellocchio-2300339_600_q50.webp\" alt=\"2026bellocchio anteprima film di marco bellocchio\" loading=\"lazy\"><\/div>\n<div class=\"excerpt\">CAFONALINO! AL CINEMA QUATTRO FONTANE DI ROMA LA PROIEZIONE SPECIALE DEL DOCUMENTARIO \u201cMARCO\u2026<\/div>\n<p><\/a><\/article>\n<article><a href=\"https:\/\/www.dagospia.com\/cafonal\/cafonal-show-ranucci-cerveteri-freni-ho-fatto-scoop-nazionali-484807\"><\/p>\n<div class=\"img-wrapper\"><img decoding=\"async\" src=\"https:\/\/static.dagospia.com\/img\/patch\/08-2026\/2026ranucci-sigfrido-ranucci-2299409_600_q50.webp\" alt=\"2026ranucci sigfrido ranucci\" loading=\"lazy\"><\/div>\n<div class=\"excerpt\">SIGFRIDO, IL MASANIELLO DE NOANTRI \u2013 RANUCCI HA PERSO OGNI FRENO E, ALLA PRESENTAZIONE DEL SUO\u2026<\/div>\n<p><\/a><\/article>\n<article><a href=\"https:\/\/www.dagospia.com\/cafonal\/funeralino-l-ultimo-saluto-mitico-produttore-cinematografico-fulvio-484127\"><\/p>\n<div class=\"img-wrapper\"><img decoding=\"async\" src=\"https:\/\/static.dagospia.com\/img\/patch\/08-2026\/2026lucisano-2297424_600_q50.webp\" alt=\"2026lucisano\" loading=\"lazy\"><\/div>\n<div class=\"excerpt\">FUNERALINO \u2013 NELLA CALLARA ROMANA D\u2019AGOSTO, L\u2019ULTIMO SALUTO AL MITICO PRODUTTORE CINEMATOGRAFICO\u2026<\/div>\n<p><\/a><\/article>\n<article><a href=\"https:\/\/www.dagospia.com\/cafonal\/cafonalino-pizza-riformista-matteo-renzi-raduna-i-suoi-prima-delle-480816\"><\/p>\n<div class=\"img-wrapper\"><img decoding=\"async\" src=\"https:\/\/static.dagospia.com\/img\/patch\/07-2026\/2026kraken-matteo-renzi-2286047_600_q50.webp\" alt=\"2026kraken matteo renzi \" loading=\"lazy\"><\/div>\n<div class=\"excerpt\">CAFONALINO DELLA PIZZA RIFORMISTA \u2013 RENZI RADUNA I SUOI PRIMA DELLE VACANZE ESTIVE AL SATYRUS DI\u2026<\/div>\n<p><\/a><\/article>\n<article><a href=\"https:\/\/www.dagospia.com\/cafonal\/cafonalino-moreno-party-roma-manuela-moreno-festeggia-i-60-anni-480777\"><\/p>\n<div class=\"img-wrapper\"><img decoding=\"async\" src=\"https:\/\/static.dagospia.com\/img\/patch\/07-2026\/manuela-moreno-festa-60-anni-2285871_600_q50.webp\" alt=\"manuela moreno festa 60 anni \" loading=\"lazy\"><\/div>\n<div class=\"excerpt\">CAFONALINO! NO MORENO, NO PARTY \u2013 A ROMA, AL LOVE BAR DI PONTE MILVIO, MANUELA MORENO, CONDUTTRICE\u2026<\/div>\n<p><\/a><\/article>\n<article><a href=\"https:\/\/www.dagospia.com\/cafonal\/cafonalino-firenze-tevere-direttori-redattori-forchettoni-scrocconi-480745\"><\/p>\n<div class=\"img-wrapper\"><img decoding=\"async\" src=\"https:\/\/static.dagospia.com\/img\/patch\/07-2026\/2026agno-marco-agnoletti-2285763_600_q50.webp\" alt=\"2026agno marco agnoletti \" loading=\"lazy\"><\/div>\n<div class=\"excerpt\">CAFONALINO DEGLI AGNOLETTI IN BRODO &#8211; DIRETTORI, REDATTORI, FORCHETTONI E SCROCCONI SFIDANO\u2026<\/div>\n<p><\/a><\/article>\n<p>[analyse_source url=&#8221;https:\/\/www.dagospia.com\/politica\/torna-renzi-tutto-e-perdonato-fu-rottamatore-sara-festa-dell-unita-485443&#8243;]<\/p>\n","protected":false},"excerpt":{"rendered":"<p>[analyse_image type=&#8221;featured&#8221; src=&#8221;https:\/\/static.dagospia.com\/img\/patch\/08-2026\/matteo-renzi-2300966_600_q50.webp&#8221;] 1 set 2026 17:20 TORNA RENZI, TUTTO E\u2019 PERDONATO! IL FU ROTTAMATORE SARA\u2019 ALLA FESTA DELL\u2019UNITA\u2019 DI REGGIO EMILIA PER UN INCONTRO CON DARIO FRANCESCHINI: NELLA SCELTA DI \u201cSU-DARIO\u201d DI SALIRE SUL PALCO CON MATTEONZO C\u2019\u00c8 ANCHE LA VOLONT\u00c0 DI FARE DA FACILITATORE DELL\u2019ALLEANZA CON ITALIA VIVA &#8211; NON \u00c8 COS\u00cc SCONTATA [&hellip;]<\/p>\n","protected":false},"author":1,"featured_media":0,"comment_status":"open","ping_status":"","sticky":false,"template":"","format":"standard","meta":{"footnotes":""},"categories":[87],"tags":[226,149],"class_list":["post-2124075","post","type-post","status-publish","format-standard","hentry","category-italy","tag-crawlmanager","tag-dagospia-com"],"_links":{"self":[{"href":"https:\/\/analyse.optim.biz\/index.php?rest_route=\/wp\/v2\/posts\/2124075","targetHints":{"allow":["GET"]}}],"collection":[{"href":"https:\/\/analyse.optim.biz\/index.php?rest_route=\/wp\/v2\/posts"}],"about":[{"href":"https:\/\/analyse.optim.biz\/index.php?rest_route=\/wp\/v2\/types\/post"}],"author":[{"embeddable":true,"href":"https:\/\/analyse.optim.biz\/index.php?rest_route=\/wp\/v2\/users\/1"}],"replies":[{"embeddable":true,"href":"https:\/\/analyse.optim.biz\/index.php?rest_route=%2Fwp%2Fv2%2Fcomments&post=2124075"}],"version-history":[{"count":0,"href":"https:\/\/analyse.optim.biz\/index.php?rest_route=\/wp\/v2\/posts\/2124075\/revisions"}],"wp:attachment":[{"href":"https:\/\/analyse.optim.biz\/index.php?rest_route=%2Fwp%2Fv2%2Fmedia&parent=2124075"}],"wp:term":[{"taxonomy":"category","embeddable":true,"href":"https:\/\/analyse.optim.biz\/index.php?rest_route=%2Fwp%2Fv2%2Fcategories&post=2124075"},{"taxonomy":"post_tag","embeddable":true,"href":"https:\/\/analyse.optim.biz\/index.php?rest_route=%2Fwp%2Fv2%2Ftags&post=2124075"}],"curies":[{"name":"wp","href":"https:\/\/api.w.org\/{rel}","templated":true}]}}