{"id":2124070,"date":"2026-09-01T17:00:00","date_gmt":"2026-09-01T14:00:00","guid":{"rendered":"https:\/\/analyse.optim.biz\/?p=2124070"},"modified":"2026-09-01T17:00:00","modified_gmt":"2026-09-01T14:00:00","slug":"evz-culisele-atacului-la-seful-spp-mirel-curea-si-victor-roncea-dezvaluie-miza-reala-video-hai-romania-punctul-de-vedere-al-lui-lucian-pahontu","status":"publish","type":"post","link":"https:\/\/analyse.optim.biz\/?p=2124070","title":{"rendered":"EVZ: Culisele atacului la \u0219eful SPP. Mirel Curea \u0219i Victor Roncea dezv\u0103luie miza real\u0103 &#8211; VIDEO \u201dHAI ROM\u00c2NIA\u201d. Punctul de vedere al lui Lucian Pahon\u021bu"},"content":{"rendered":"<p>[analyse_image type=&#8221;featured&#8221; src=&#8221;https:\/\/www.activenews.ro\/images\/articole\/207799.png&#8221;]<\/p>\n<div class=\"articleBody\" data-key=\"articleBody\">&lt;iframe width=&#8221;560&#8243; height=&#8221;315&#8243; src=&#8221;https:\/\/www.youtube.com\/embed\/-r95zmryw84?si=2QvPkmKUL3ck4nBZ&#8221; title=&#8221;YouTube video player&#8221; frameborder=&#8221;0&#8243; allow=&#8221;accelerometer; autoplay; clipboard-write; encrypted-media; gyroscope; picture-in-picture; web-share&#8221; referrerpolicy=&#8221;strict-origin-when-cross-origin&#8221; allowfullscreen=&#8221;&#8221;&gt;&lt;\/iframe&gt; &lt;div class=&#8221;tabelaContinut&#8221;&gt; &lt;div class=&#8221;toc-title&#8221;&gt;&lt;span style=&#8221;font-weight: bold;&#8221;&gt;Din cuprinsul articolului &lt;a href=&#8221;http:\/\/evz.ro\/culisele-atacului-la-seful-spp-mirel-curea-si-victor-roncea-dezvaluie-miza-reala.html&#8221;&gt;EVZ&lt;\/a&gt; &#8211; VIDEO HAI ROM\u00c2NIA mai sus:&lt;\/span&gt;&lt;\/div&gt; &lt;ul id=&#8221;menuTabela&#8221;&gt; &lt;li&gt; Ce f\u0103cea Lucian Pahon\u021bu \u00een 21 decembrie 1989 &lt;\/li&gt; &lt;li&gt; Mirel Curea: Cum ar\u0103tau filtrele militare \u00een centrul Capitalei &lt;\/li&gt; &lt;li&gt; De ce reapare acum subiectul Pahon\u021bu &lt;\/li&gt; &lt;li&gt; Numele lui Florian Coldea reapare \u00een ecua\u021bie &lt;\/li&gt; &lt;li&gt; Articole, clipuri sponsorizate \u0219i panouri &lt;\/li&gt; &lt;\/ul&gt;&lt;\/div&gt; &lt;p class=&#8221;first-info&#8221; style=&#8221;background: #f9f9f9; padding: 10px; font-weight: 700;&#8221;&gt; Generalul Lucian Pahon\u021bu, unul dintre cei mai longevivi \u0219efi ai unei structuri de for\u021b\u0103 din Rom\u00e2nia, a ajuns din nou \u00een centrul unei ample campanii publice. Motivul invocat: prezen\u021ba sa, ca t\u00e2n\u0103r ofi\u021ber, \u00een centrul Bucure\u0219tiului \u00een zilele fierbin\u021bi ale Revolu\u021biei din decembrie 1989. \u00cen spatele acestei teme s-ar afla \u00eens\u0103 o &lt;a href=&#8221;https:\/\/evz.ro\/sebastian-ghita-avertizeaza-asupra-sistemelor-adr-vor-cadea-curand.html&#8221; target=&#8221;_blank&#8221; rel=&#8221;noopener&#8221;&gt;miz\u0103 mult mai actual\u0103&lt;\/a&gt;: controlul \u0219i echilibrul de putere din zona serviciilor \u0219i a institu\u021biilor de securitate.&lt;\/p&gt; &lt;div id=&#8221;ado300ap1&#8243;&gt; &lt;\/div&gt; &lt;p&gt;&lt;span style=&#8221;font-weight: bold;&#8221;&gt;Aceasta este concluzia desprins\u0103 din &lt;a href=&#8221;https:\/\/evz.ro\/un-antreprenor-din-romania-critici-la-adresa-pnl.html&#8221; target=&#8221;_blank&#8221; rel=&#8221;noopener&#8221;&gt;analiza&lt;\/a&gt; realizat\u0103 de jurnali\u0219tii Mirel Curea, Victor Roncea \u0219i Octavian Hoandr\u0103, \u00een &lt;a href=&#8221;https:\/\/www.youtube.com\/watch?v=-r95zmryw84&#8243; target=&#8221;_blank&#8221; rel=&#8221;nofollow noopener&#8221;&gt;podcastul \u201eHai Rom\u00e2nia\u201d&lt;\/a&gt;.&lt;\/span&gt;&lt;\/p&gt; &lt;p&gt; Potrivit celor trei, readucerea episodului din decembrie 1989 \u00een prim-plan nu ar avea o miz\u0103 istoric\u0103. &lt;strong&gt;Ar fi, mai degrab\u0103, instrumentul unei lupte pentru repozi\u021bionarea unor centre de putere din Bucure\u0219ti.&lt;\/strong&gt;&lt;\/p&gt; &lt;h2 id=&#8221;ce-facea-lucian-pahontu-in-21-decembrie-1989&#8243;&gt; Ce f\u0103cea Lucian Pahon\u021bu \u00een 21 decembrie 1989&lt;\/h2&gt; &lt;p&gt; Controversa a fost relansat\u0103 dup\u0103 apari\u021bia unor materiale de pres\u0103 potrivit c\u0103rora actualul director al Serviciului de Protec\u021bie \u0219i Paz\u0103 ar fi comandat, \u00een 21 decembrie 1989, un pluton aflat \u00een zona restaurantului Cina \u0219i pe str\u0103zile din apropierea Pie\u021bei Palatului.&lt;\/p&gt; &lt;div id=&#8221;ado300ap2&#8243;&gt; &lt;\/div&gt; &lt;p&gt; Jurnalistul Victor Roncea, care afirm\u0103 c\u0103 a cercetat arhivele Parchetului Militar \u0219i documentele Comisiei Senatoriale pentru investigarea evenimentelor din decembrie 1989, sus\u021bine \u00eens\u0103 c\u0103 documentele consultate de el nu indic\u0103 o implicare a lui Pahon\u021bu \u00een actele de represiune \u00eempotriva manifestan\u021bilor.&lt;\/p&gt; &lt;p&gt; Roncea, autor al lucr\u0103rii documentare \u201eM\u00e2na Moscovei\u201d, atrage aten\u021bia asupra unui detaliu pe care \u00eel consider\u0103 esen\u021bial: &lt;strong&gt;unitatea din care f\u0103cea parte plutonul lui Pahon\u021bu era una de transmisiuni.&lt;\/strong&gt; Cu alte cuvinte, misiunea militarilor era, potrivit jurnalistului, una de suport tehnic \u0219i de comunica\u021bii, nu una specific\u0103 trupelor de interven\u021bie.&lt;\/p&gt; &lt;div id=&#8221;ado300ap3&#8243;&gt; &lt;\/div&gt; &lt;p&gt; Mai mult, Victor Roncea sus\u021bine c\u0103, \u00een miile de pagini din dosarele Revolu\u021biei pe care le-a consultat la \u00cenalta Curte \u0219i la Parchetul Militar, numele lui Lucian Pahon\u021bu nu apare legat de ordine de tragere sau de ac\u021biuni violente \u00eempotriva demonstran\u021bilor.&lt;\/p&gt; &lt;div id=&#8221;attachment_4665977&#8243; style=&#8221;width: 1210px&#8221; class=&#8221;wp-caption alignnone&#8221;&gt;&lt;img src=&#8221;https:\/\/www.activenews.ro\/documente\/agerpres_bucuresti_21_decembrie_1989_victor_roncea_evz.jpeg&#8221; alt=&#8221;&#8221; border=&#8221;0&#8243; style=&#8221;float: none; margin: 0px; width: 600px; height: 386px;&#8221; class=&#8221;&#8221; \/&gt; &lt;p id=&#8221;caption-attachment-4665977&#8243; class=&#8221;wp-caption-text&#8221;&gt;Sursa: Agerpres&nbsp;Imagine cu scutieri \u00een 21 decembrie 1989, orele 13.00&lt;\/p&gt; &lt;p id=&#8221;caption-attachment-4665977&#8243; class=&#8221;wp-caption-text&#8221;&gt;\u00centre ace\u0219ti demonstran\u021bi de la Pia\u021ba Roman\u0103 se afla \u0219i Victor Roncea.&nbsp;&lt;\/p&gt;&lt;\/div&gt; &lt;h3 id=&#8221;mirel-curea-cum-aratau-filtrele-militare-in-centrul-capitalei&#8221;&gt; &lt;\/h3&gt; &lt;h3 id=&#8221;mirel-curea-cum-aratau-filtrele-militare-in-centrul-capitalei&#8221;&gt;Mirel Curea: Cum ar\u0103tau filtrele militare \u00een centrul Capitalei&lt;\/h3&gt; &lt;p&gt; Mirel Curea a completat analiza cu propria experien\u021b\u0103 din 21 decembrie 1989.&lt;\/p&gt; &lt;p&gt; &lt;strong&gt;Jurnalistul a relatat c\u0103 a trecut personal prin dispozitive militare amplasate \u00een zona central\u0103 a Bucure\u0219tiului \u0219i sus\u021bine c\u0103 militarii din structurile tehnice nu se comportau precum ni\u0219te trupe constituite \u00eentr-un baraj ofensiv. Potrivit relat\u0103rii sale, \u00een anumite puncte oamenii puteau trece prin filtre f\u0103r\u0103 ca militarii s\u0103 recurg\u0103 automat la violen\u021b\u0103.&lt;\/strong&gt;&lt;\/p&gt; &lt;div id=&#8221;ado300ap4&#8243;&gt; &lt;\/div&gt; &lt;p&gt; Aceast\u0103 m\u0103rturie este invocat\u0103 \u00een emisiune pentru a sus\u021bine ideea c\u0103 simpla prezen\u021b\u0103 a unui ofi\u021ber \u00eentr-un dispozitiv militar din centrul Capitalei nu reprezint\u0103, \u00een sine, dovada particip\u0103rii la represiune.&lt;\/p&gt; &lt;h3 id=&#8221;de-ce-reapare-acum-subiectul-pahontu&#8221;&gt; De ce reapare acum subiectul Pahon\u021bu&lt;\/h3&gt; &lt;p&gt; Aici apare, de fapt, \u00eentrebarea-cheie a \u00eentregii controverse: de ce este readus \u00een aten\u021bia public\u0103, dup\u0103 mai bine de trei decenii, episodul din 1989?&lt;\/p&gt; &lt;p&gt; \u00cen opinia invita\u021bilor emisiunii, r\u0103spunsul trebuie c\u0103utat nu \u00een istoria Revolu\u021biei, ci \u00een actuala arhitectur\u0103 de putere de la Bucure\u0219ti.&lt;\/p&gt; &lt;div id=&#8221;ado300ap5&#8243;&gt; &lt;\/div&gt; &lt;p&gt; SPP este una dintre structurile de securitate care au beneficiat de o remarcabil\u0103 continuitate la nivelul conducerii. &lt;strong&gt;Lucian Pahon\u021bu ocup\u0103 func\u021bia de director al serviciului de foarte mul\u021bi ani \u0219i se afl\u0103, prin natura institu\u021biei, \u00een imediata proximitate a centrului de decizie preziden\u021bial. Iar tocmai aceast\u0103 stabilitate ar transforma SPP \u00eentr-o miz\u0103 major\u0103.&lt;\/strong&gt;&lt;\/p&gt; &lt;div id=&#8221;attachment_4508500&#8243; style=&#8221;width: 2570px&#8221; class=&#8221;wp-caption alignnone&#8221;&gt;&lt;img src=&#8221;https:\/\/www.activenews.ro\/documente\/Coldea-si-Dumbrava-la-Curtea-de-Apel-Bucuresti-29-41-2048&#215;1365.jpg&#8221; alt=&#8221;&#8221; border=&#8221;0&#8243; style=&#8221;float: none; margin: 0px; width: 600px; height: 400px;&#8221; class=&#8221;&#8221; \/&gt; &lt;p id=&#8221;caption-attachment-4508500&#8243; class=&#8221;wp-caption-text&#8221;&gt;Coldea si Dumbrava la Curtea de Apel Bucuresti. sursa: EVZ&lt;\/p&gt;&lt;\/div&gt; &lt;h3 id=&#8221;numele-lui-florian-coldea-reapare-in-ecuatie&#8221;&gt; Numele lui Florian Coldea reapare \u00een ecua\u021bie&lt;\/h3&gt; &lt;p&gt; O alt\u0103 component\u0103 sensibil\u0103 a analizei \u00eei prive\u0219te pe actorii care ar putea beneficia de destabilizarea actualei conduceri a SPP. Invita\u021bii emisiunii au sus\u021binut c\u0103 &lt;strong&gt;anumite nuclee de pres\u0103 \u0219i organiza\u021bii din zona societ\u0103\u021bii civile care particip\u0103 la amplificarea criticilor ar avea conexiuni sau afinit\u0103\u021bi cu cercuri de influen\u021b\u0103 asociate fostului prim-adjunct al SRI, Florian Coldea.&lt;\/strong&gt;&lt;\/p&gt; &lt;p&gt; &#8220;Eu cred c\u0103 sunt deja tineri care s-au trezit. \u00cei vedem pe cei care se ridic\u0103 acum \u0219i se consider\u0103 p\u0103c\u0103li\u021bi de faptul c\u0103 l-au votat pe Nicu\u0219or Dan. Dar s\u0103 nu uit\u0103m c\u0103 \u0219i Recorder a f\u0103cut parte din angrenajul media de propagand\u0103 \u0219i manipulare care l-au adus pe Nicu\u0219or Dan \u00een func\u021bie. De ce? &lt;strong&gt;Pentru c\u0103 prin Recorder \u0219i, m\u0103 rog, tot aparatul de propagand\u0103, Hot News G4, Coldea spera c\u0103 odat\u0103 a ajuns Nicu\u0219or Dan \u00een func\u021bie, s\u0103-i rezolve dosarele. \u0218i a v\u0103zut c\u0103 nu se r\u0103spunde. Nu r\u0103spunde, nu r\u0103spunde. Atunci&#8230;pe mama lui\u201d,&lt;\/strong&gt; a explicat Victor Roncea.&lt;\/p&gt; &lt;p&gt; \u00cen analiza lor, contextul juridic \u00een care se afl\u0103 fostul general SRI ar face cu at\u00e2t mai important controlul sau sl\u0103birea unor institu\u021bii considerate capabile s\u0103 ofere stabilitate actualei arhitecturi de putere.&lt;\/p&gt; &lt;p&gt; Miza ar ajunge p\u00e2n\u0103 la Palatul Cotroceni. \u00cen aceast\u0103 cheie, atacul asupra lui Lucian Pahon\u021bu nu s-ar opri la persoana directorului SPP. \u021ainta final\u0103 ar fi, potrivit invita\u021bilor, diminuarea stabilit\u0103\u021bii din jurul func\u021biei preziden\u021biale.&lt;\/p&gt; &lt;p&gt; SPP este institu\u021bia care asigur\u0103 protec\u021bia demnitarilor \u0219i are, prin defini\u021bie, o rela\u021bie direct\u0103 cu Administra\u021bia Preziden\u021bial\u0103. O schimbare brusc\u0103 la v\u00e2rful serviciului, mai ales prin instalarea unei conduceri interimare, ar putea modifica raporturile de influen\u021b\u0103 \u00eentr-un moment politic complicat.&lt;\/p&gt; &lt;p&gt; De aici \u0219i suspiciunea exprimat\u0103 \u00een emisiune: &lt;strong&gt;atacul asupra \u0219efului SPP ar face parte dintr-o opera\u021biune mai ampl\u0103 de rea\u0219ezare a centrelor de putere.&lt;\/strong&gt;&lt;\/p&gt; &lt;h3 id=&#8221;articole-clipuri-sponsorizate-si-panouri&#8221;&gt; Articole, clipuri sponsorizate \u0219i panouri&lt;\/h3&gt; &lt;p&gt; Un alt element care le-a atras aten\u021bia jurnali\u0219tilor este amploarea promov\u0103rii subiectului. Tema Pahon\u021bu-1989 nu s-a limitat la c\u00e2teva articole de pres\u0103. Au ap\u0103rut materiale video promovate, campanii online \u0219i chiar panouri stradale \u00een marile ora\u0219e.&lt;\/p&gt; &lt;p&gt; Pentru invita\u021bii podcastului, mobilizarea unor asemenea resurse \u00een jurul unui episod petrecut \u00een urm\u0103 cu peste 36 de ani ridic\u0103 o \u00eentrebare legitim\u0103: &lt;strong&gt;este vorba exclusiv despre o investiga\u021bie jurnalistic\u0103 sau despre o campanie construit\u0103 pentru ob\u021binerea unui rezultat institu\u021bional?&lt;\/strong&gt;&lt;\/p&gt; &lt;p&gt;&nbsp;&lt;span style=&#8221;font-weight: bold;&#8221;&gt;Iar adev\u0103rata miz\u0103, potrivit analizei din \u201eHai Rom\u00e2nia\u201d, nu ar fi trecutul lui Lucian Pahon\u021bu, ci viitorul conducerii SPP \u0219i noul echilibru de putere din sistemul de securitate de la Bucure\u0219ti.&lt;\/span&gt;&lt;\/p&gt; &lt;h1 class=&#8221;title&#8221;&gt;Mirel Curea, m\u0103rturie despre Lucian Pahon\u021bu \u00een 21 decembrie 1989: \u201eMi-a ar\u0103tat cu degetul pe unde s\u0103 intr\u0103m la demonstran\u021bi\u201d&nbsp;&lt;\/h1&gt; &lt;p&gt;&lt;img src=&#8221;https:\/\/www.activenews.ro\/documente\/miting-22-decembrie-1989.jpg&#8221; alt=&#8221;&#8221; border=&#8221;0&#8243; style=&#8221;margin-top:0px;margin-right:0px;margin-bottom:0px;margin-left:0px;;width:1200px;;height:676px;&#8221; \/&gt;&lt;\/p&gt; &lt;p class=&#8221;first-info&#8221; style=&#8221;background: #f9f9f9; padding: 10px; font-weight: 700;&#8221;&gt; \u00cen plin\u0103 controvers\u0103 privind prezen\u021ba actualului director al SPP \u00een dispozitivul militar din centrul Capitalei, jurnalistul Mirel Curea a relatat o \u00eent\u00e2lnire direct\u0103 cu t\u00e2n\u0103rul ofi\u021ber, petrecut\u0103 chiar \u00een dup\u0103-amiaza zilei de 21 decembrie 1989.&lt;\/p&gt; &lt;p&gt;M\u0103rturia a fost f\u0103cut\u0103 \u00een podcastul \u201eHai Rom\u00e2nia\u201d, unde Mirel Curea a discutat al\u0103turi de Victor Roncea \u0219i Octavian Hoandr\u0103 despre &lt;a href=&#8221;https:\/\/evz.ro\/de-ce-sunt-false-acuzatiile-recorder-la-adresa-lui-lucian-pahontu-dovezile-anchetatorului-care-a-semnat-rechizitoriul.html&#8221;&gt;acuza\u021biile lansate \u00een spa\u021biul public&lt;\/a&gt; la adresa generalului Lucian Pahon\u021bu, actualul director al Serviciului de Protec\u021bie \u0219i Paz\u0103.&lt;\/p&gt; &lt;div id=&#8221;ado300ap1&#8243;&gt; &lt;\/div&gt; &lt;p&gt; Relatarea lui Curea aduce un detaliu spectaculos: \u00ee&lt;strong&gt;n loc s\u0103 \u00eei blocheze accesul spre zona protestelor, ofi\u021berul aflat \u00een dispozitiv i-ar fi indicat chiar traseul pe care putea ajunge la &lt;a href=&#8221;https:\/\/evz.ro\/strigatul-revolta-iuliu-maniu-mai-bine-infrangere-decat-retragere-rusinoasa.html&#8221;&gt;protestatari&lt;\/a&gt;.&lt;\/strong&gt;&lt;\/p&gt; &lt;h2 id=&#8221;mirel-curea-ne-am-dus-si-noi-la-revolutie&#8221;&gt; Mirel Curea: \u201eNe-am dus \u0219i noi la Revolu\u021bie\u201d&lt;\/h2&gt; &lt;p&gt; Mirel Curea a povestit c\u0103, \u00een 21 decembrie 1989, a plecat spre centrul Bucure\u0219tiului \u00eempreun\u0103 cu prietenul \u0219i vecinul s\u0103u Adi Antonie, care avea s\u0103 devin\u0103 redactor-\u0219ef al publica\u021biei Baricada.&lt;\/p&gt; &lt;p&gt; Jurnalistul \u00ee\u0219i aminte\u0219te c\u0103 cei doi au ajuns \u00een zona restaurantului Cina, unde se afla unul dintre dispozitivele militare amplasate \u00een centrul Capitalei. \u201eM-am dus cu vecinul \u0219i prietenul meu, c\u0103 locuiam \u00een acela\u0219i bloc, pe bulevardul Dinicu Golescu, Adi Antonie. Ne-am dus \u0219i noi la Revolu\u021bie, pe 21 decembrie\u201d, a relatat Mirel Curea.&lt;\/p&gt; &lt;div id=&#8221;ado300ap2&#8243;&gt; &lt;\/div&gt; &lt;p&gt; El spune c\u0103 abia dup\u0103 ce a reconstituit recent amplasarea trupelor din acea zi \u0219i-a dat seama c\u0103 ajunsese chiar \u00een zona \u00een care se afla plutonul comandat de Lucian Pahon\u021bu.&lt;\/p&gt; &lt;div id=&#8221;attachment_4256946&#8243; style=&#8221;width: 1610px&#8221; class=&#8221;wp-caption alignnone&#8221;&gt; &lt;p id=&#8221;caption-attachment-4256946&#8243; class=&#8221;wp-caption-text&#8221;&gt;&lt;br \/&gt; &lt;\/p&gt;&lt;\/div&gt; &lt;h3 id=&#8221;intalnirea-cu-lucian-pahontu&#8221;&gt; \u00cent\u00e2lnirea cu Lucian Pahon\u021bu&lt;\/h3&gt; &lt;p&gt; Momentul-cheie al relat\u0103rii este \u00eent\u00e2lnirea cu ofi\u021berul care comanda dispozitivul. Mirel Curea spune c\u0103 el \u0219i Adrian Antonie s-au apropiat de militari \u0219i au \u00eentrebat, provocator, pe unde puteau ajunge \u00een zona \u00een care se aflau manifestan\u021bii. R\u0103spunsul primit avea s\u0103-i r\u0103m\u00e2n\u0103 \u00een memorie.&lt;\/p&gt; &lt;div id=&#8221;ado300ap3&#8243;&gt; &lt;\/div&gt; &lt;p&gt; \u201ePe unde se intr\u0103, unde demonstreaz\u0103 oamenii \u0103ia?\u201d, spune Curea c\u0103 a \u00eentrebat. Potrivit jurnalistului, comandantul plutonului le-a indicat un traseu alternativ. &lt;strong&gt;\u201eMi-a ar\u0103tat cu degetul \u0219i mi-a zis: \u00abUita\u021bi, intra\u021bi din spate pe acolo, c\u0103 pe aici nu se poate\u00bb.\u201d&lt;\/strong&gt;&lt;\/p&gt; &lt;p&gt; &lt;strong&gt;Abia mult mai t\u00e2rziu, dup\u0103 ce a corelat ora, locul \u0219i pozi\u021bionarea unit\u0103\u021bilor militare, Mirel Curea spune c\u0103 a realizat c\u0103 ofi\u021berul respectiv era Lucian Pahon\u021bu.&lt;\/strong&gt;&lt;\/p&gt; &lt;div id=&#8221;ado300ap4&#8243;&gt; &lt;\/div&gt; &lt;p&gt; \u201eDomnule, am r\u0103mas mut\u201d, a spus jurnalistul \u00een podcast.&lt;\/p&gt; &lt;h3 id=&#8221;curea-cand-am-luat-o-pe-acolo-nu-era-baraj&#8221;&gt;&nbsp;&lt;\/h3&gt; &lt;h3 id=&#8221;curea-cand-am-luat-o-pe-acolo-nu-era-baraj&#8221;&gt;Curea: \u201eC\u00e2nd am luat-o pe acolo, nu era baraj\u201d&lt;\/h3&gt; &lt;p&gt; Pentru Mirel Curea, episodul este relevant \u00een actuala disput\u0103 privind presupusul rol al directorului SPP \u00een evenimentele din 21 decembrie 1989. Jurnalistul afirm\u0103 c\u0103 traseul indicat de ofi\u021ber nu era blocat de militari.&lt;\/p&gt; &lt;p&gt; \u201eMi-am dat seama de lucrul \u0103sta \u00een momentul \u00een care am citit c\u0103 el, la ora cutare, era \u00een dispozitivul cutare, de la Cina. \u0218i, \u00eentr-adev\u0103r, c\u00e2nd am luat-o pe acolo, nu era baraj.\u201d&lt;\/p&gt; &lt;div id=&#8221;ado300ap5&#8243;&gt; &lt;\/div&gt; &lt;p&gt; &lt;strong&gt;Relatarea contrazice, \u00een interpretarea lui Curea, imaginea unui dispozitiv militar care ar fi ac\u021bionat \u00een acel punct exclusiv pentru a-i opri sau reprima pe demonstran\u021bi.&lt;\/strong&gt;&lt;\/p&gt; &lt;h3 id=&#8221;victor-roncea-pahontu-era-in-trupele-de-transmisiuni&#8221;&gt; &lt;\/h3&gt; &lt;h3 id=&#8221;victor-roncea-pahontu-era-in-trupele-de-transmisiuni&#8221;&gt;&nbsp;&lt;\/h3&gt; &lt;h3 id=&#8221;victor-roncea-pahontu-era-in-trupele-de-transmisiuni&#8221;&gt;Victor Roncea: Pahon\u021bu era \u00een trupele de transmisiuni&lt;\/h3&gt; &lt;p&gt; \u00cen aceea\u0219i emisiune, jurnalistul de investiga\u021bie Victor Roncea a pus accentul pe natura unit\u0103\u021bii militare din care f\u0103cea parte Lucian Pahon\u021bu. Roncea, autor al lucr\u0103rii documentare \u201eM\u00e2na Moscovei\u201d, realizat\u0103 pe baza unor cercet\u0103ri asupra arhivelor legate de Revolu\u021bia din decembrie 1989, sus\u021bine c\u0103 militarii din transmisiuni aveau un rol tehnic \u0219i de sprijin.&lt;\/p&gt; &lt;p&gt; &lt;strong&gt;\u201eCei ca el, de la transmisiuni, au fost du\u0219i de umplutur\u0103 acolo. Nu au nicio treab\u0103 cu tragerile\u201d, a afirmat Victor Roncea.&lt;\/strong&gt;&lt;\/p&gt; &lt;p&gt; Relatarea jurnalistului EVZ este folosit\u0103 de participan\u021bii la podcast pentru a sus\u021bine teza c\u0103 simpla prezen\u021b\u0103 a lui Pahon\u021bu \u00eentr-un dispozitiv militar din centrul Bucure\u0219tiului nu demonstreaz\u0103 participarea la reprimarea protestatarilor.&lt;\/p&gt; &lt;p&gt; Mai mult, episodul descris de Curea arat\u0103, potrivit acestuia, exact contrariul: ofi\u021berul i-ar fi indicat unui civil cum s\u0103 ocoleasc\u0103 dispozitivul \u0219i s\u0103 ajung\u0103 \u00een zona manifesta\u021biei.&lt;\/p&gt; &lt;p class=&#8221;first-info&#8221; style=&#8221;background: #f9f9f9; padding: 10px; font-weight: 700;&#8221;&gt;EVZ: Am primit punctul de vedere al generalului de armat\u0103 (r) Lucian Pahon\u021bu, &lt;a href=&#8221;https:\/\/evz.ro\/cazul-lucian-pahontu-noi-dovezi.html&#8221; target=&#8221;_blank&#8221; rel=&#8221;noopener&#8221;&gt;directorul SPP&lt;\/a&gt;, privind rolul jucat \u00een &lt;a href=&#8221;https:\/\/evz.ro\/pentru-o-clipa-catusele.html&#8221; target=&#8221;_blank&#8221; rel=&#8221;noopener&#8221;&gt;evenimentele&lt;\/a&gt; din decembrie 1989. O reproducem \u00een totalitate, subtitlurile apar\u021bin redac\u021biei.&lt;\/p&gt; &lt;h2 id=&#8221;punctul-de-vedere-al-lui-lucian-pahontu&#8221;&gt;Punctul de vedere al lui Lucian Pahon\u021bu&lt;\/h2&gt; &lt;p&gt;&lt;img src=&#8221;https:\/\/www.activenews.ro\/documente\/lucian-pahontu-2025.jpeg&#8221; alt=&#8221;&#8221; border=&#8221;0&#8243; style=&#8221;margin-top:0px;margin-right:0px;margin-bottom:0px;margin-left:0px;;width:1200px;;height:877px;&#8221; \/&gt;&#8221;Av\u00e2nd \u00een vedere acuza\u021biile lansate \u00een spa\u021biul public la adresa mea, fac urm\u0103toarele preciz\u0103ri pentru clarificarea aspectelor care \u00eemi sunt imputate \u0219i pentru o corect\u0103 informare a opiniei publice:&lt;\/p&gt; &lt;div id=&#8221;ado300ap1&#8243;&gt; &lt;\/div&gt; &lt;p&gt; Decembrie 1989 \u0219i iunie 1990 sunt r\u0103ni deschise ale Rom\u00e2niei. Oamenii care au murit sau au suferit atunci, rudele lor \u0219i to\u021bi rom\u00e2nii merit\u0103 adev\u0103rul, iar cei care ocup\u0103 func\u021bii de \u00eencredere public\u0103 au datoria s\u0103 r\u0103spund\u0103 \u00eentreb\u0103rilor despre trecutul lor. De aceea r\u0103spund, cu fapte care pot fi verificate.&lt;\/p&gt; &lt;p&gt; Afirma\u021biile care m\u0103 vizeaz\u0103 sunt neadev\u0103rate \u0219i lipsite de fundament. Nu am ascuns niciodat\u0103 aspecte privind parcursul meu profesional. Datele sunt cunoscute \u00een spa\u021biul public \u0219i sunt disponibile \u00een mediul virtual de foarte mul\u021bi ani.&lt;\/p&gt; &lt;p&gt; Pozi\u021bia mea este simpl\u0103: nu am desf\u0103\u0219urat niciodat\u0103 activit\u0103\u021bi care s\u0103 vizeze \u00eenc\u0103lcarea sau \u00eengr\u0103direa drepturilor \u0219i libert\u0103\u021bilor fundamentale \u0219i care ar putea fi \u00eencadrate \u00een categoria faptelor de \u201epoli\u021bie politic\u0103\u201d.&lt;\/p&gt; &lt;div id=&#8221;ado300ap2&#8243;&gt; &lt;\/div&gt; &lt;p&gt; Av\u00e2nd \u00een vedere ac\u021biunile mele din acea perioad\u0103, am convingerea c\u0103 acest aspect va fi eviden\u021biat de verific\u0103rile \u00eentreprinse de Consiliul Na\u021bional pentru Studierea Arhivelor Securit\u0103\u021bii, institu\u021bie care are la dispozi\u021bie toate mecanismele legale pentru a clarifica veridicitatea afirma\u021biilor mele.&lt;\/p&gt; &lt;p&gt; &lt;strong&gt;Resping cu fermitate orice acuza\u021bie de implicare \u00een reprimarea violent\u0103 a manifesta\u021biilor care au avut loc \u00een zilele de 21 \u0219i 22 decembrie 1989 \u00een Pia\u021ba Universit\u0103\u021bii \u0219i \u00een violen\u021bele \u00eempotriva protestatarilor din Pia\u021ba Universit\u0103\u021bii, din zilele de 13-14 iunie 1990.&lt;\/strong&gt;&lt;\/p&gt; &lt;div id=&#8221;ado300ap3&#8243;&gt; &lt;\/div&gt; &lt;h3 id=&#8221;cariera-militara&#8221;&gt; Cariera militar\u0103&lt;\/h3&gt; &lt;p&gt; Am absolvit cursurile Scolii Militare de Ofi\u021beri Activi de la Sibiu, specializarea transmisiuni, iar \u00een perioada 1987-1989 am fost comandant de pluton \u00een cadrul Trupelor de Securitate, av\u00e2nd atribu\u021bii exclusiv \u00een domeniul transmisiuni.&lt;\/p&gt; &lt;p&gt; \u00cen decembrie 1989, aveam 25 de ani, eram locotenent \u0219i comandant al unui pluton de transmisiuni \u00een compania de asigurare de lupt\u0103 \u0219i transport a UM 0305, Trupe de Securitate, din cadrul Ministerului de Interne. La momentul respectiv, Trupele de Securitate erau echivalentul Jandarmeriei Rom\u00e2ne de azi \u0219i nu trebuie confundate cu structurile de Securitate cu atribu\u021bii informativ-operative \u0219i de cercetare penal\u0103.&lt;\/p&gt; &lt;div id=&#8221;ado300ap4&#8243;&gt; &lt;\/div&gt; &lt;p&gt; Componen\u021ba companiei \u00een care activam era urm\u0103toarea: un pluton transmisiuni, un pluton de ap\u0103rare antiaerian\u0103, un pluton logistic (buc\u0103tari), un pluton conduc\u0103tori auto \u0219i un alt pluton logistic (gospod\u0103ria agroalimentar\u0103). Prin \u00eens\u0103\u0219i structura ei, compania era o subunitate de sprijin logistic, specializat\u0103 \u00een activit\u0103\u021bi de suport pentru celelalte subunit\u0103\u021bi din cadrul UM 0305.&lt;\/p&gt; &lt;div id=&#8221;ado300ap5&#8243;&gt; &lt;\/div&gt; &lt;h3 id=&#8221;21-decembrie-1989&#8243;&gt; 21 decembrie 1989&lt;\/h3&gt; &lt;p&gt; \u00cen seara zilei de 21 decembrie 1989, compania din care f\u0103ceam parte s-a deplasat, la ordin, \u00een trei locuri: &lt;strong&gt;\u00een jurul orei 20:00, am primit ordin s\u0103 ne deplas\u0103m la Casa Sc\u00e2nteii (denumit\u0103 \u00een prezent Casa Presei Libere); \u00een jurul orei 21:00, am primit ordin s\u0103 ne deplas\u0103m pe platoul din fa\u021ba restaurantului Cina \u0219i, \u00een jurul orei 22:00, am primit ordin s\u0103 intr\u0103m \u00een dispozitivul de blocare de pe strada 13 Decembrie (denumit\u0103 \u00een prezent str. Ion C\u00e2mpineanu), pe care nu l-am p\u0103r\u0103sit p\u00e2n\u0103 la ora 02:00 (22 decembrie)&lt;\/strong&gt;, c\u00e2nd am primit ordinul s\u0103 ne \u00eentoarcem la camioanele de transport ale unit\u0103\u021bii, \u00een care am r\u0103mas, \u00een repaos, p\u00e2n\u0103 \u00een diminea\u021ba zilei de 22 decembrie 1989.&lt;\/p&gt; &lt;p&gt; \u00cen seara zilei de 21 decembrie 1989, dup\u0103 ce am primit ordinul \u00een jurul orei 22:00, am intrat \u00een dispozitiv pe strada 13 Decembrie la intersec\u021bia cu strada Academiei (denumire p\u0103strat\u0103 \u0219i \u00een prezent), &lt;strong&gt;f\u0103r\u0103 a avea asupra noastr\u0103 muni\u021bia care a r\u0103mas \u00een l\u0103zi sigilate, \u00een camioanele parcate \u00een zon\u0103. \u00cen fa\u021ba dispozitivului nostru, spre Bulevardul Nicolae B\u0103lcescu&lt;\/strong&gt; (denumire p\u0103strat\u0103 \u0219i \u00een prezent), la aproximativ 100 metri, era un cordon de Mili\u021bie.&lt;\/p&gt; &lt;p&gt; \u00cen fa\u021ba acestora, la al\u021bi 150 metri, pe trotuarul de la ie\u0219irea \u00een Bulevardul Nicolae B\u0103lcescu, era un cordon format din militari ai Ministerului Ap\u0103r\u0103rii Na\u021bionale. \u00cen fa\u021ba lor, pe bulevard, erau sta\u021bionate blindate \u0219i for\u021be ale Ministerului Ap\u0103r\u0103rii Na\u021bionale.&lt;\/p&gt; &lt;p&gt; &lt;strong&gt;\u00cen cele aproximativ patru ore \u00een care ne-am aflat \u00een dispozitivul de la intersec\u021bia str\u0103zilor 13 Decembrie \u0219i Academiei, nici eu \u0219i nici militarii afla\u021bi \u00een subordinea mea nu ne-am modificat pozi\u021bia \u0219i nu am avut vreun contact direct cu revolu\u021bionarii.&lt;\/strong&gt;&lt;\/p&gt; &lt;h3 id=&#8221;22-decembrie-1989&#8243;&gt; 22 decembrie 1989&lt;\/h3&gt; &lt;p&gt; \u00cen diminea\u021ba zilei de 22 decembrie 1989, \u00een jurul orei 09:00, la ordin, am cobor\u00e2t din camioane \u0219i am reintrat \u00een dispozitivul aflat la intersec\u021bia str\u0103zilor 13 Decembrie \u0219i Academiei, unde ac\u021bionasem \u0219i \u00een seara precedent\u0103. \u00cen acea diminea\u021b\u0103, dispozitivul din zon\u0103 era format astfel: \u00een fa\u021ba noastr\u0103 se afla un cordon de subofi\u021beri \u0219i ofi\u021beri de Mili\u021bie, iar \u00een spate dou\u0103 blindate ale M.Ap.N.&lt;\/p&gt; &lt;p&gt; \u00cen jurul orei 10:00, la ordin, am permis accesul manifestan\u021bilor \u00een Pia\u021ba Republicii (\u00een prezent Pia\u021ba Revolu\u021biei), iar ace\u0219tia ne-au \u00eembr\u0103\u021bi\u0219at \u0219i ne-au dat flori \u0219i m\u00e2ncare. Ulterior, am primit ordin s\u0103 ne retragem c\u0103tre camioane, ne-am \u00eembarcat \u00een ele \u0219i ne-am \u00eentors la unitate.&lt;\/p&gt; &lt;h3 id=&#8221;mentionez-ca-la-sosirea-in-unitate-munitia-a-fost-verificata-si-predata-si-nu-lipsea-niciun-cartus&#8221;&gt; Men\u021bionez c\u0103, la sosirea \u00een unitate, muni\u021bia a fost verificat\u0103 \u0219i predat\u0103 \u0219i nu lipsea niciun cartu\u0219.&lt;\/h3&gt; &lt;p&gt; Reiterez, f\u0103r\u0103 echivoc: \u00een niciun moment din timpul evenimentelor din 21 \u0219i 22 decembrie 1989, nici eu, nici militarii afla\u021bi \u00een subordinea mea nu am fost la baricada de la Intercontinental \u0219i nici pe Bulevardul Nicolae B\u0103lcescu, nu am avut muni\u021bie asupra noastr\u0103 \u0219i nu am avut niciun contact cu revolu\u021bionarii, cu excep\u021bia momentului \u00een care ace\u0219tia au fraternizat cu militarii, a\u0219a cum am precizat deja. Aceasta este realitatea acelor zile, pe care am consemnat-o \u0219i \u00een declara\u021bia din martie 1990.&lt;\/p&gt; &lt;p&gt; Afirma\u021biile martorilor sunt demontate chiar de c\u0103tre generalul C\u0103t\u0103lin Ranco Pi\u021bu, fost procuror \u0219ef al Sec\u021biei Parchetelor Militare, care a instrumentat \u0219i semnat ultimul rechizitoriu al dosarului Revolu\u021biei. Acesta a declarat public c\u0103: \u201eGeneralul Lucian Pahon\u021bu nu a fost cercetat personal niciodat\u0103 pe parcursul celor 36 de ani, perioad\u0103 care s-a scurs din 1989 \u00eencoace. Declara\u021bia lui scris\u0103, aflat\u0103 la dosar, a fost dat\u0103 pentru c\u0103 toate cadrele trupelor fostei Securit\u0103\u021bi, USLA, Direc\u021bia a V-a etc., au fost audiate declarativ \u00een baza vechiului Cod Penal, adic\u0103 e vorba de declara\u021bie olograf\u0103 (&#8230;) Dar, nu exist\u0103 nicio prob\u0103 c\u0103 Pahon\u021bu a participat la represiune (&#8230;) Pahon\u021bu, la acea vreme, era un militar cu grad mic (&#8230;) Eu, ca anchetator, consider c\u0103 nu mi-a sc\u0103pat nicio prob\u0103 \u0219i c\u0103, \u00een ceea ce \u00eel prive\u0219te pe Pahon\u021bu, nu exist\u0103 niciun indiciu c\u0103 a participat direct la comiterea unor infrac\u021biuni!\u201d&lt;\/p&gt; &lt;h3 id=&#8221;evenimentele-din-piata-universitatii&#8221;&gt; Evenimentele din Pia\u021ba Universit\u0103\u021bii&lt;\/h3&gt; &lt;p&gt; De asemenea, resping cu fermitate orice acuza\u021bie de implicare \u00een violen\u021bele \u00eempotriva protestatarilor din Pia\u021ba Universit\u0103\u021bii, care au avut loc \u00een zilele de 13-14 iunie 1990. \u00cen cele dou\u0103 zile, eu \u0219i militarii din subordinea mea nu am participat la evenimentele din Bucure\u0219ti. \u00cen intervalul respectiv, am r\u0103mas \u00een cazarm\u0103, conform documentelor aflate \u00een arhiva Jandarmeriei Rom\u00e2ne.&lt;\/p&gt; &lt;p&gt; Potrivit regulamentelor militare, orice ac\u021biune se realizeaz\u0103 \u00een baza unui ordin care este consemnat \u00een documente ce se arhiveaz\u0103 \u0219i se p\u0103streaz\u0103. &lt;strong&gt;Potrivit acestora, nici eu, nici militarii din subordinea mea nu am p\u0103r\u0103sit cazarma p\u00e2n\u0103 \u00een data de 15 iunie 1990, c\u00e2nd am primit ordin s\u0103 particip, cu 72 de militari, la men\u021binerea ordinii publice \u00een Pia\u021ba Universit\u0103\u021bii.&lt;\/strong&gt; \u00cen acea zi nu au avut loc manifesta\u021bii \u00een Pia\u021ba Universit\u0103\u021bii, nu au fost \u00eenregistrate violen\u021be, iar minerii s-au retras din zona respectiv\u0103 \u0219i au plecat spre Valea Jiului.&lt;\/p&gt; &lt;p&gt; De-a lungul timpului, activitatea mea a fost verificat\u0103 \u00een repetate r\u00e2nduri de institu\u021biile abilitate, inclusiv la numirea \u00een func\u021bia actual\u0103, fiind imposibil ca faptele grave, de care sunt acuzat acum, s\u0103 fi r\u0103mas nedescoperite \u0219i nesanc\u021bionate, dac\u0103 ar fi existat. &lt;strong&gt;Mai mult, evenimentele din decembrie 1989 \u0219i iunie 1990 fac obiectul unor dosare penale \u00een care sunt derulate cercet\u0103ri de mai mul\u021bi ani \u0219i sunt convins c\u0103, dac\u0103 a\u0219 fi avut vreo implicare \u00een violen\u021bele petrecute \u00een timpul celor dou\u0103 evenimente, acest lucru ar fi fost identificat.&lt;\/strong&gt;&lt;\/p&gt; &lt;h3 id=&#8221;mandatul-la-spp&#8221;&gt; Mandatul la SPP&lt;\/h3&gt; &lt;p&gt; De la momentul numirii \u00een func\u021bia de director al Serviciului de Protec\u021bie \u0219i Paz\u0103, eu \u0219i echipa SPP din care fac parte am stabilit parcursul institu\u021bional, av\u00e2nd un singur scop: dezvoltarea, modernizarea \u0219i cre\u0219terea gradului de profesionalism al institu\u021biei, pentru \u00eendeplinirea \u00een condi\u021bii optime a misiunii de asigurare a protec\u021biei demnitarilor statului rom\u00e2n \u0219i a celor str\u0103ini, pe timpul \u0219ederii lor \u00een Rom\u00e2nia.&lt;\/p&gt; &lt;p&gt; A fost un proces lung, construit pe principii solide de legalitate, neutralitate, echidistan\u021b\u0103 politic\u0103, eficien\u021b\u0103 \u0219i adaptabilitate, care a f\u0103cut ca acest serviciu s\u0103 devin\u0103 o institu\u021bie de prestigiu la nivel interna\u021bional. \u00cen ace\u0219ti ani, Serviciul de Protec\u021bie \u0219i Paz\u0103 s-a integrat deplin \u00een structurile euroatlantice, dezvolt\u00e2nd ample programe de cooperare \u00een domeniul protec\u021biei demnitarilor cu structuri din cadrul NATO, ONU \u0219i UE, dar \u0219i cu statele membre ale acestor organiza\u021bii \u0219i \u00een special SUA.&lt;\/p&gt; &lt;p&gt; Profesionalismul ofi\u021berilor SPP \u00een cadrul misiunilor interna\u021bionale a fost confirmat, \u00een repetate r\u00e2nduri, prin comunic\u0103rile oficiale \u0219i institu\u021bionale ale partenerilor no\u0219tri din \u00eentreaga lume.&lt;\/p&gt; &lt;p&gt; \u00cemi doresc ca acuza\u021biile ce mi se aduc \u0219i care \u00eemi lezeaz\u0103 demnitatea \u0219i cariera de militar s\u0103 fie clarificate c\u00e2t mai cur\u00e2nd. De-a lungul carierei mele, am pus accent pe respectul fa\u021b\u0103 de oameni \u0219i mi-am ghidat ac\u021biunile dup\u0103 valori precum integritate, loialitate, respect \u0219i responsabilitate\u201d.&lt;\/p&gt; &lt;p&gt; &lt;a href=&#8221;https:\/\/ro.wikipedia.org\/wiki\/Lucian_Pahon%C8%9Bu&#8221; target=&#8221;_blank&#8221; rel=&#8221;nofollow noopener&#8221;&gt;&lt;span style=&#8221;font-weight: bold;&#8221;&gt;Lucian Pahon\u021bu&lt;\/span&gt;&lt;\/a&gt;&lt;\/p&gt; &lt;p&gt;&lt;span style=&#8221;font-weight: bold;&#8221;&gt;Citi\u021bi \u0219i Editorialul EVZ &#8211; Dan Andronic:&nbsp;&lt;a href=&#8221;https:\/\/evz.ro\/cazul-lucian-pahontu-a-tras-sau-nu-la-revolutia-din-1989.html&#8221; title=&#8221;Cazul Lucian Pahon\u021bu: A tras sau nu la Revolu\u021bia din 1989?&#8221;&gt;Cazul Lucian Pahon\u021bu: A tras sau nu la Revolu\u021bia din 1989?&lt;\/a&gt;&lt;\/span&gt;&lt;\/p&gt; &lt;p&gt;&lt;span style=&#8221;font-weight: bold;&#8221;&gt;Jurnalista Adina Anghelescu:&nbsp;&lt;a href=&#8221;https:\/\/evz.ro\/de-ce-sunt-false-acuzatiile-recorder-la-adresa-lui-lucian-pahontu-dovezile-anchetatorului-care-a-semnat-rechizitoriul.html&#8221; title=&#8221;De ce sunt false acuza\u021biile Recorder la adresa lui Lucian Pahon\u021bu. Dovezile anchetatorului care a semnat rechizitoriul!&#8221;&gt;De ce sunt false acuza\u021biile Recorder la adresa lui Lucian Pahon\u021bu. Dovezile anchetatorului care a semnat rechizitoriul!&lt;\/a&gt;&lt;\/span&gt;&lt;\/p&gt;<\/div>\n<p>[analyse_source url=&#8221;https:\/\/www.activenews.ro\/opinii\/EVZ-Culisele-atacului-la-seful-SPP.-Mirel-Curea-si-Victor-Roncea-dezvaluie-miza-reala-VIDEO-HAI-ROMANIA-.-Punctul-de-vedere-al-lui-Lucian-Pahontu-207799&#8243;]<\/p>\n","protected":false},"excerpt":{"rendered":"<p>[analyse_image type=&#8221;featured&#8221; src=&#8221;https:\/\/www.activenews.ro\/images\/articole\/207799.png&#8221;] &lt;iframe width=&#8221;560&#8243; height=&#8221;315&#8243; src=&#8221;https:\/\/www.youtube.com\/embed\/-r95zmryw84?si=2QvPkmKUL3ck4nBZ&#8221; title=&#8221;YouTube video player&#8221; frameborder=&#8221;0&#8243; allow=&#8221;accelerometer; autoplay; clipboard-write; encrypted-media; gyroscope; picture-in-picture; web-share&#8221; referrerpolicy=&#8221;strict-origin-when-cross-origin&#8221; allowfullscreen=&#8221;&#8221;&gt;&lt;\/iframe&gt; &lt;div class=&#8221;tabelaContinut&#8221;&gt; &lt;div class=&#8221;toc-title&#8221;&gt;&lt;span style=&#8221;font-weight: bold;&#8221;&gt;Din cuprinsul articolului &lt;a href=&#8221;http:\/\/evz.ro\/culisele-atacului-la-seful-spp-mirel-curea-si-victor-roncea-dezvaluie-miza-reala.html&#8221;&gt;EVZ&lt;\/a&gt; &#8211; VIDEO HAI ROM\u00c2NIA mai sus:&lt;\/span&gt;&lt;\/div&gt; &lt;ul id=&#8221;menuTabela&#8221;&gt; &lt;li&gt; Ce f\u0103cea Lucian Pahon\u021bu \u00een 21 decembrie 1989 &lt;\/li&gt; &lt;li&gt; Mirel Curea: Cum ar\u0103tau filtrele militare [&hellip;]<\/p>\n","protected":false},"author":1,"featured_media":0,"comment_status":"open","ping_status":"","sticky":false,"template":"","format":"standard","meta":{"footnotes":""},"categories":[89],"tags":[98,226],"class_list":["post-2124070","post","type-post","status-publish","format-standard","hentry","category-romania","tag-activenews-ro","tag-crawlmanager"],"_links":{"self":[{"href":"https:\/\/analyse.optim.biz\/index.php?rest_route=\/wp\/v2\/posts\/2124070","targetHints":{"allow":["GET"]}}],"collection":[{"href":"https:\/\/analyse.optim.biz\/index.php?rest_route=\/wp\/v2\/posts"}],"about":[{"href":"https:\/\/analyse.optim.biz\/index.php?rest_route=\/wp\/v2\/types\/post"}],"author":[{"embeddable":true,"href":"https:\/\/analyse.optim.biz\/index.php?rest_route=\/wp\/v2\/users\/1"}],"replies":[{"embeddable":true,"href":"https:\/\/analyse.optim.biz\/index.php?rest_route=%2Fwp%2Fv2%2Fcomments&post=2124070"}],"version-history":[{"count":0,"href":"https:\/\/analyse.optim.biz\/index.php?rest_route=\/wp\/v2\/posts\/2124070\/revisions"}],"wp:attachment":[{"href":"https:\/\/analyse.optim.biz\/index.php?rest_route=%2Fwp%2Fv2%2Fmedia&parent=2124070"}],"wp:term":[{"taxonomy":"category","embeddable":true,"href":"https:\/\/analyse.optim.biz\/index.php?rest_route=%2Fwp%2Fv2%2Fcategories&post=2124070"},{"taxonomy":"post_tag","embeddable":true,"href":"https:\/\/analyse.optim.biz\/index.php?rest_route=%2Fwp%2Fv2%2Ftags&post=2124070"}],"curies":[{"name":"wp","href":"https:\/\/api.w.org\/{rel}","templated":true}]}}