{"id":2124034,"date":"2026-09-02T00:00:00","date_gmt":"2026-09-01T21:00:00","guid":{"rendered":"https:\/\/analyse.optim.biz\/?p=2124034"},"modified":"2026-09-02T00:00:00","modified_gmt":"2026-09-01T21:00:00","slug":"ciclism-danezul-mads-pedersen-s-a-retras-din-turul-spaniei","status":"publish","type":"post","link":"https:\/\/analyse.optim.biz\/?p=2124034","title":{"rendered":"Ciclism: Danezul Mads Pedersen s-a retras din Turul Spaniei"},"content":{"rendered":"<p>[analyse_image type=&#8221;featured&#8221; src=&#8221;https:\/\/agerpres.ro\/data\/202609\/20260902140559_132813.jpg&#8221;]<\/p>\n<div class=\"mx-auto pt-3\">\n<p><strong>Ciclistul danez Mads Pedersen (Lidl-Trek), care a acuzat probleme medicale \u00een ultimele zile, nu va lua startul miercuri \u00een etapa a 11-a a Turului Spaniei, deciz\u00e2nd s\u0103 se retrag\u0103 din cursa iberic\u0103, informeaz\u0103 L&#8217;Equipe.<\/strong><\/p>\n<p>C\u00e2\u0219tig\u0103torul tricoului verde la edi\u021bia din acest an a Turului Fran\u021bei, p\u0103r\u0103se\u0219te astfel La Vuelta f\u0103r\u0103 nicio victorie de etap\u0103.<\/p>\n<p>&#8221;Dup\u0103 ce s-a luptat cu boala \u00een ultimele zile, Mads se va concentra acum pe o recuperare complet\u0103 \u00eenainte de a-\u0219i \u00eendrepta aten\u021bia c\u0103tre obiectivele r\u0103mase \u00een acest sezon&#8221;, a precizat echipa Lidl-Treck \u00eentr-un mesaj postat pe re\u021belele de socializare.<\/p>\n<p>Unul dintre obiectivele danezului \u00een acest final de sezon era participarea la Campionatele Mondiale pe \u0219osea de la Montreal, Canada, pe 27 septembrie.<\/p>\n<p>Mads Pedersen se al\u0103tur\u0103 astfel slovenului Tadej Pogacar (UAE Emirates), care a abandonat Turul Spaniei dup\u0103 o c\u0103z\u0103tur\u0103 violent\u0103, \u00een momentul \u00een care era lider autoritar al cursei.<br \/>\nAGERPRES (AS\/redactor: Mihai Dragomir, editor: Vlad Constantinescu, editor online: Gabriela Badea)\u00a0<\/p>\n<\/div>\n<div class=\"mx-auto pt-3\">\n                                Afisari: 29\n                            <\/div>\n<p>[analyse_source url=&#8221;https:\/\/agerpres.ro\/sport-extern\/2026\/09\/02\/ciclism-danezul-mads-pedersen-s-a-retras-din-turul-spaniei&#8211;1589992&#8243;]<\/p>\n","protected":false},"excerpt":{"rendered":"<p>[analyse_image type=&#8221;featured&#8221; src=&#8221;https:\/\/agerpres.ro\/data\/202609\/20260902140559_132813.jpg&#8221;] Ciclistul danez Mads Pedersen (Lidl-Trek), care a acuzat probleme medicale \u00een ultimele zile, nu va lua startul miercuri \u00een etapa a 11-a a Turului Spaniei, deciz\u00e2nd s\u0103 se retrag\u0103 din cursa iberic\u0103, informeaz\u0103 L&#8217;Equipe. C\u00e2\u0219tig\u0103torul tricoului verde la edi\u021bia din acest an a Turului Fran\u021bei, p\u0103r\u0103se\u0219te astfel La Vuelta f\u0103r\u0103 nicio victorie [&hellip;]<\/p>\n","protected":false},"author":1,"featured_media":0,"comment_status":"open","ping_status":"","sticky":false,"template":"","format":"standard","meta":{"footnotes":""},"categories":[2],"tags":[37,226],"class_list":["post-2124034","post","type-post","status-publish","format-standard","hentry","category-politics","tag-agerpres-ro","tag-crawlmanager"],"_links":{"self":[{"href":"https:\/\/analyse.optim.biz\/index.php?rest_route=\/wp\/v2\/posts\/2124034","targetHints":{"allow":["GET"]}}],"collection":[{"href":"https:\/\/analyse.optim.biz\/index.php?rest_route=\/wp\/v2\/posts"}],"about":[{"href":"https:\/\/analyse.optim.biz\/index.php?rest_route=\/wp\/v2\/types\/post"}],"author":[{"embeddable":true,"href":"https:\/\/analyse.optim.biz\/index.php?rest_route=\/wp\/v2\/users\/1"}],"replies":[{"embeddable":true,"href":"https:\/\/analyse.optim.biz\/index.php?rest_route=%2Fwp%2Fv2%2Fcomments&post=2124034"}],"version-history":[{"count":0,"href":"https:\/\/analyse.optim.biz\/index.php?rest_route=\/wp\/v2\/posts\/2124034\/revisions"}],"wp:attachment":[{"href":"https:\/\/analyse.optim.biz\/index.php?rest_route=%2Fwp%2Fv2%2Fmedia&parent=2124034"}],"wp:term":[{"taxonomy":"category","embeddable":true,"href":"https:\/\/analyse.optim.biz\/index.php?rest_route=%2Fwp%2Fv2%2Fcategories&post=2124034"},{"taxonomy":"post_tag","embeddable":true,"href":"https:\/\/analyse.optim.biz\/index.php?rest_route=%2Fwp%2Fv2%2Ftags&post=2124034"}],"curies":[{"name":"wp","href":"https:\/\/api.w.org\/{rel}","templated":true}]}}