{"id":2124024,"date":"2026-09-02T00:00:00","date_gmt":"2026-09-01T21:00:00","guid":{"rendered":"https:\/\/analyse.optim.biz\/?p=2124024"},"modified":"2026-09-02T00:00:00","modified_gmt":"2026-09-01T21:00:00","slug":"timis-prezentare-publica-a-conceptului-de-arhitectura-a-ceasului-floral-obiectivul-nu-a-beneficiat-niciodata-de-reparatii-capitale","status":"publish","type":"post","link":"https:\/\/analyse.optim.biz\/?p=2124024","title":{"rendered":"Timi\u0219: Prezentare public\u0103 a conceptului de arhitectur\u0103 a Ceasului Floral; obiectivul nu a beneficiat niciodat\u0103 de repara\u021bii capitale"},"content":{"rendered":"<p>[analyse_image type=&#8221;featured&#8221; src=&#8221;https:\/\/agerpres.ro\/data\/202609\/20260902134132_563467.jpg&#8221;]<\/p>\n<div class=\"mx-auto pt-3\">\n<p>Prim\u0103ria Timi\u0219oara (PMT) va organiza, luni, o prezentare public\u0103 a conceptului de arhitectur\u0103 pentru reabilitarea Ceasului Floral, construit \u00een anii 1970, care este nefunc\u021bional de peste 20 de ani.<\/p>\n<p>Proiectul Prim\u0103riei Timi\u0219oara avanseaz\u0103 dou\u0103 variante propuse pentru ceas \u0219i scuarul din jur. Acestea pornesc de la memoria locului, propun\u00e2nd solu\u021bii diferite de integrare a ceasului \u00eentr-un nou spa\u021biu verde, cu zona de odihn\u0103 \u0219i plimbare, arat\u0103, miercuri, un comunicat al Biroului de pres\u0103 al Prim\u0103riei Timi\u0219oara.<\/p>\n<p>Prima variant\u0103 propus\u0103 de echipa de proiectare p\u0103streaz\u0103 ceasul ca element central al scuarului. Cadranul este integrat \u00eentr-o form\u0103 de relief vegetal\u0103, \u00eenconjurat\u0103 de spa\u021bii cu flori, plante perene, arbu\u0219ti \u0219i arbori.<\/p>\n<p>Cea de-a doua variant\u0103 propune o reinterpretare, \u00een care ceasul devine parte din peisajul scuarului, forma lui este abstractizat\u0103 \u0219i integrat\u0103 \u00een amenajare, printr-un relief vegetal care p\u0103streaz\u0103 geometria circular\u0103 a obiectivului.<\/p>\n<p>Ambele variante propun p\u0103strarea arborilor existen\u021bi \u0219i diversificarea vegeta\u021biei, precum \u0219i noi alei pietonale care traverseaz\u0103 scuarul \u0219i creeaz\u0103 leg\u0103turi \u00eentre zonele din jur.<\/p>\n<p>Amenajarea este completat\u0103 cu mobilier urban \u0219i o ci\u0219mea.<\/p>\n<p>Prezentarea public\u0103 a conceptului va avea loc pe 7 septembrie, \u00een Sala de Consiliu, de la ora 17:00.<\/p>\n<p>Ceasul Floral, un simbol al municipiului Timi\u0219oara, nu a beneficiat niciodat\u0103 de repara\u021bii capitale.<\/p>\n<p>\u00cen luna martie, pre\u0219edintele Consiliului Jude\u021bean Timi\u0219, Alfred Simonis, a solicitat preluarea unor obiective de la Municipalitate &#8211; \u0218trandul Uszoda, \u0218trandul Termal, cinematograful \u0219i gr\u0103dina de var\u0103 din cadrul Filarmonicii Banatul \u0219i Ceasul Floral -, pentru a le reface \u0219i ulterior s\u0103 le fie redate timi\u0219orenilor, \u00een folosin\u021b\u0103. AGERPRES\/(AS &#8211; redactor: Otilia Halunga, editor: Irina Poenaru, editor online: Ady Iva\u015fcu)<\/p>\n<\/div>\n<div class=\"mx-auto pt-3\">\n                                Afisari: 137\n                            <\/div>\n<p>[analyse_source url=&#8221;https:\/\/agerpres.ro\/social\/2026\/09\/02\/timis-prezentare-publica-a-conceptului-de-arhitectura-a-ceasului-floral-obiectivul-nu-a-beneficiat-n&#8211;1589980&#8243;]<\/p>\n","protected":false},"excerpt":{"rendered":"<p>[analyse_image type=&#8221;featured&#8221; src=&#8221;https:\/\/agerpres.ro\/data\/202609\/20260902134132_563467.jpg&#8221;] Prim\u0103ria Timi\u0219oara (PMT) va organiza, luni, o prezentare public\u0103 a conceptului de arhitectur\u0103 pentru reabilitarea Ceasului Floral, construit \u00een anii 1970, care este nefunc\u021bional de peste 20 de ani. Proiectul Prim\u0103riei Timi\u0219oara avanseaz\u0103 dou\u0103 variante propuse pentru ceas \u0219i scuarul din jur. Acestea pornesc de la memoria locului, propun\u00e2nd solu\u021bii diferite de [&hellip;]<\/p>\n","protected":false},"author":1,"featured_media":0,"comment_status":"open","ping_status":"","sticky":false,"template":"","format":"standard","meta":{"footnotes":""},"categories":[2],"tags":[37,226],"class_list":["post-2124024","post","type-post","status-publish","format-standard","hentry","category-politics","tag-agerpres-ro","tag-crawlmanager"],"_links":{"self":[{"href":"https:\/\/analyse.optim.biz\/index.php?rest_route=\/wp\/v2\/posts\/2124024","targetHints":{"allow":["GET"]}}],"collection":[{"href":"https:\/\/analyse.optim.biz\/index.php?rest_route=\/wp\/v2\/posts"}],"about":[{"href":"https:\/\/analyse.optim.biz\/index.php?rest_route=\/wp\/v2\/types\/post"}],"author":[{"embeddable":true,"href":"https:\/\/analyse.optim.biz\/index.php?rest_route=\/wp\/v2\/users\/1"}],"replies":[{"embeddable":true,"href":"https:\/\/analyse.optim.biz\/index.php?rest_route=%2Fwp%2Fv2%2Fcomments&post=2124024"}],"version-history":[{"count":0,"href":"https:\/\/analyse.optim.biz\/index.php?rest_route=\/wp\/v2\/posts\/2124024\/revisions"}],"wp:attachment":[{"href":"https:\/\/analyse.optim.biz\/index.php?rest_route=%2Fwp%2Fv2%2Fmedia&parent=2124024"}],"wp:term":[{"taxonomy":"category","embeddable":true,"href":"https:\/\/analyse.optim.biz\/index.php?rest_route=%2Fwp%2Fv2%2Fcategories&post=2124024"},{"taxonomy":"post_tag","embeddable":true,"href":"https:\/\/analyse.optim.biz\/index.php?rest_route=%2Fwp%2Fv2%2Ftags&post=2124024"}],"curies":[{"name":"wp","href":"https:\/\/api.w.org\/{rel}","templated":true}]}}