{"id":2124023,"date":"2026-09-02T09:19:43","date_gmt":"2026-09-02T06:19:43","guid":{"rendered":"https:\/\/analyse.optim.biz\/?p=2124023"},"modified":"2026-09-02T09:19:43","modified_gmt":"2026-09-02T06:19:43","slug":"astazi-anunturi-noi-vanzari-case","status":"publish","type":"post","link":"https:\/\/analyse.optim.biz\/?p=2124023","title":{"rendered":"Ast\u0103zi, anun\u021buri noi! V\u00e2nz\u0103ri case!"},"content":{"rendered":"<p>[analyse_image type=&#8221;featured&#8221; src=&#8221;https:\/\/sansanews.ro\/wp-content\/uploads\/2025\/07\/Anuntul-Buzoian.jpghttps:\/\/sansanews.ro\/wp-content\/uploads\/2025\/07\/Anuntul-Buzoian.jpg&#8221;]<\/p>\n<div class=\"entry-content herald-entry-content\">\n<div class=\"herald-ad herald-ad-above-single\"><a href=\"https:\/\/buzau.21k.ro\/\"><img loading=\"lazy\" decoding=\"async\" src=\"https:\/\/sansanews.ro\/wp-content\/uploads\/2026\/08\/300x300-k21.gif\" alt width=\"300\" height=\"300\" class=\"aligncenter size-full wp-image-124436\"><\/a><\/div>\n<p>Noi oferte pentru persoanele \u00een c\u0103utarea unei noi locuin\u021be, fie \u00een municipiul Buz\u0103u, fie \u00een alt\u0103 localitate din jude\u021b. <\/p>\n<p>Toate detaliile le g\u0103si\u021bi pe <a href=\"https:\/\/anuntulbuzoian.ro\/\">https:\/\/anuntulbuzoian.ro\/<\/a>.<\/p>\n<div class=\"meta-tags\"><span>Etichete<\/span><a href=\"https:\/\/sansanews.ro\/tag\/anuntul-buzoian\/\" rel=\"tag\">anuntul buzoian<\/a><a href=\"https:\/\/sansanews.ro\/tag\/vanzari-case\/\" rel=\"tag\">vanzari case<\/a><\/div>\n<div class=\"herald-share-content\">\n<div class=\"meks_ess rectangle no-labels outline\"><a class=\"meks_ess-item socicon-facebook\" data-url=\"http:\/\/www.facebook.com\/sharer\/sharer.php?u=https%3A%2F%2Fsansanews.ro%2Fastazi-anunturi-noi-vanzari-case%2F&amp;t=Ast%C4%83zi%2C%20anun%C8%9Buri%20noi%21%20V%C3%A2nz%C4%83ri%20case%21\"><span>Facebook<\/span><\/a><a href=\"https:\/\/api.whatsapp.com\/send?text=Ast%C4%83zi%2C%20anun%C8%9Buri%20noi%21%20V%C3%A2nz%C4%83ri%20case%21%20https%3A%2F%2Fsansanews.ro%2Fastazi-anunturi-noi-vanzari-case%2F\" class=\"meks_ess-item socicon-whatsapp prevent-share-popup\"><span>WhatsApp<\/span><\/a><a class=\"meks_ess-item socicon-twitter\" data-url=\"http:\/\/twitter.com\/intent\/tweet?url=https%3A%2F%2Fsansanews.ro%2Fastazi-anunturi-noi-vanzari-case%2F&amp;text=Ast%C4%83zi%2C%20anun%C8%9Buri%20noi%21%20V%C3%A2nz%C4%83ri%20case%21\"><span>Twitter<\/span><\/a><a class=\"meks_ess-item socicon-pinterest\" data-url=\"http:\/\/pinterest.com\/pin\/create\/button\/?url=https%3A%2F%2Fsansanews.ro%2Fastazi-anunturi-noi-vanzari-case%2F&amp;media=https%3A%2F%2Fsansanews.ro%2Fwp-content%2Fuploads%2F2025%2F07%2FAnuntul-Buzoian.jpg&amp;description=Ast%C4%83zi%2C%20anun%C8%9Buri%20noi%21%20V%C3%A2nz%C4%83ri%20case%21\"><span>Pinterest<\/span><\/a><\/div>\n<\/div>\n<\/div>\n<div class=\"entry-content herald-entry-content\">\n<div class=\"herald-ad herald-ad-above-single\"><a href=\"https:\/\/buzau.21k.ro\/\"><img loading=\"lazy\" decoding=\"async\" src=\"https:\/\/sansanews.ro\/wp-content\/uploads\/2026\/08\/300x300-k21.gif\" alt width=\"300\" height=\"300\" class=\"aligncenter size-full wp-image-124436\"><\/a><\/div>\n<p>Noi oferte pentru persoanele \u00een c\u0103utarea unei noi locuin\u021be, fie \u00een municipiul Buz\u0103u, fie \u00een alt\u0103 localitate din jude\u021b. <\/p>\n<p>Toate detaliile le g\u0103si\u021bi pe <a href=\"https:\/\/anuntulbuzoian.ro\/\">https:\/\/anuntulbuzoian.ro\/<\/a>.<\/p>\n<div class=\"meta-tags\"><span>Etichete<\/span><a href=\"https:\/\/sansanews.ro\/tag\/anuntul-buzoian\/\" rel=\"tag\">anuntul buzoian<\/a><a href=\"https:\/\/sansanews.ro\/tag\/vanzari-case\/\" rel=\"tag\">vanzari case<\/a><\/div>\n<div class=\"herald-share-content\">\n<div class=\"meks_ess rectangle no-labels outline\"><a class=\"meks_ess-item socicon-facebook\" data-url=\"http:\/\/www.facebook.com\/sharer\/sharer.php?u=https%3A%2F%2Fsansanews.ro%2Fastazi-anunturi-noi-vanzari-case%2F&amp;t=Ast%C4%83zi%2C%20anun%C8%9Buri%20noi%21%20V%C3%A2nz%C4%83ri%20case%21\"><span>Facebook<\/span><\/a><a href=\"https:\/\/api.whatsapp.com\/send?text=Ast%C4%83zi%2C%20anun%C8%9Buri%20noi%21%20V%C3%A2nz%C4%83ri%20case%21%20https%3A%2F%2Fsansanews.ro%2Fastazi-anunturi-noi-vanzari-case%2F\" class=\"meks_ess-item socicon-whatsapp prevent-share-popup\"><span>WhatsApp<\/span><\/a><a class=\"meks_ess-item socicon-twitter\" data-url=\"http:\/\/twitter.com\/intent\/tweet?url=https%3A%2F%2Fsansanews.ro%2Fastazi-anunturi-noi-vanzari-case%2F&amp;text=Ast%C4%83zi%2C%20anun%C8%9Buri%20noi%21%20V%C3%A2nz%C4%83ri%20case%21\"><span>Twitter<\/span><\/a><a class=\"meks_ess-item socicon-pinterest\" data-url=\"http:\/\/pinterest.com\/pin\/create\/button\/?url=https%3A%2F%2Fsansanews.ro%2Fastazi-anunturi-noi-vanzari-case%2F&amp;media=https%3A%2F%2Fsansanews.ro%2Fwp-content%2Fuploads%2F2025%2F07%2FAnuntul-Buzoian.jpg&amp;description=Ast%C4%83zi%2C%20anun%C8%9Buri%20noi%21%20V%C3%A2nz%C4%83ri%20case%21\"><span>Pinterest<\/span><\/a><\/div>\n<\/div>\n<\/div>\n<p>[analyse_source url=&#8221;https:\/\/sansanews.ro\/astazi-anunturi-noi-vanzari-case\/&#8221;]<\/p>\n","protected":false},"excerpt":{"rendered":"<p>[analyse_image type=&#8221;featured&#8221; src=&#8221;https:\/\/sansanews.ro\/wp-content\/uploads\/2025\/07\/Anuntul-Buzoian.jpghttps:\/\/sansanews.ro\/wp-content\/uploads\/2025\/07\/Anuntul-Buzoian.jpg&#8221;] Noi oferte pentru persoanele \u00een c\u0103utarea unei noi locuin\u021be, fie \u00een municipiul Buz\u0103u, fie \u00een alt\u0103 localitate din jude\u021b. Toate detaliile le g\u0103si\u021bi pe https:\/\/anuntulbuzoian.ro\/. Eticheteanuntul buzoianvanzari case FacebookWhatsAppTwitterPinterest Noi oferte pentru persoanele \u00een c\u0103utarea unei noi locuin\u021be, fie \u00een municipiul Buz\u0103u, fie \u00een alt\u0103 localitate din jude\u021b. Toate detaliile le g\u0103si\u021bi [&hellip;]<\/p>\n","protected":false},"author":1,"featured_media":0,"comment_status":"open","ping_status":"","sticky":false,"template":"","format":"standard","meta":{"footnotes":""},"categories":[2],"tags":[226,51],"class_list":["post-2124023","post","type-post","status-publish","format-standard","hentry","category-politics","tag-crawlmanager","tag-sansanews-ro"],"_links":{"self":[{"href":"https:\/\/analyse.optim.biz\/index.php?rest_route=\/wp\/v2\/posts\/2124023","targetHints":{"allow":["GET"]}}],"collection":[{"href":"https:\/\/analyse.optim.biz\/index.php?rest_route=\/wp\/v2\/posts"}],"about":[{"href":"https:\/\/analyse.optim.biz\/index.php?rest_route=\/wp\/v2\/types\/post"}],"author":[{"embeddable":true,"href":"https:\/\/analyse.optim.biz\/index.php?rest_route=\/wp\/v2\/users\/1"}],"replies":[{"embeddable":true,"href":"https:\/\/analyse.optim.biz\/index.php?rest_route=%2Fwp%2Fv2%2Fcomments&post=2124023"}],"version-history":[{"count":0,"href":"https:\/\/analyse.optim.biz\/index.php?rest_route=\/wp\/v2\/posts\/2124023\/revisions"}],"wp:attachment":[{"href":"https:\/\/analyse.optim.biz\/index.php?rest_route=%2Fwp%2Fv2%2Fmedia&parent=2124023"}],"wp:term":[{"taxonomy":"category","embeddable":true,"href":"https:\/\/analyse.optim.biz\/index.php?rest_route=%2Fwp%2Fv2%2Fcategories&post=2124023"},{"taxonomy":"post_tag","embeddable":true,"href":"https:\/\/analyse.optim.biz\/index.php?rest_route=%2Fwp%2Fv2%2Ftags&post=2124023"}],"curies":[{"name":"wp","href":"https:\/\/api.w.org\/{rel}","templated":true}]}}