{"id":2124021,"date":"2026-09-02T09:19:18","date_gmt":"2026-09-02T06:19:18","guid":{"rendered":"https:\/\/analyse.optim.biz\/?p=2124021"},"modified":"2026-09-02T09:19:18","modified_gmt":"2026-09-02T06:19:18","slug":"merge-greu-cu-puscariile-penitenciarul-de-la-unguriu-in-urma-cu-lucrarile-santierul-a-ajuns-la-doar-25-dupa-doi-ani","status":"publish","type":"post","link":"https:\/\/analyse.optim.biz\/?p=2124021","title":{"rendered":"Merge greu cu pu\u0219c\u0103riile! Penitenciarul de la Unguriu, \u00een urm\u0103 cu lucr\u0103rile. \u0218antierul a ajuns la doar 25% dup\u0103 doi ani"},"content":{"rendered":"<p>[analyse_image type=&#8221;featured&#8221; src=&#8221;https:\/\/sansanews.ro\/wp-content\/uploads\/2026\/09\/777947481_28120524120910682_7206770940313278222_n.jpghttps:\/\/sansanews.ro\/wp-content\/uploads\/2026\/09\/777947481_28120524120910682_7206770940313278222_n.jpg&#8221;]<\/p>\n<div class=\"entry-content herald-entry-content\">\n<div class=\"herald-ad herald-ad-above-single\"><a href=\"https:\/\/buzau.21k.ro\/\"><img loading=\"lazy\" decoding=\"async\" src=\"https:\/\/sansanews.ro\/wp-content\/uploads\/2026\/08\/300x300-k21.gif\" alt width=\"300\" height=\"300\" class=\"aligncenter size-full wp-image-124436\"><\/a><\/div>\n<p>Unul dintre cele mai importante proiecte derulate \u00een jude\u021bul Buz\u0103u \u00eent\u00e2mpin\u0103 probleme care au dus la \u00eent\u00e2rzieri pe \u0219antier. Este vorba despre penitenciarul de la Unguriu care ar trebui s\u0103 fie gata 48 de luni, adic\u0103 \u00een februarie 2028, ceea ce \u00eenseamn\u0103 c\u0103, \u00een prezent, ar fi trebuit s\u0103 ating\u0103 deja 50% din gradul de execu\u021bie. Din p\u0103cate, ritmul de lucru a fost mai lent dec\u00e2t cel a\u0219teptat, astfel c\u0103 \u00een cei doi ani de la demararea lucr\u0103rile nu s-a realizat nici m\u0103car o treime din investi\u021bie.<\/p>\n<blockquote class=\"wp-block-quote\">\n<p>\u201d La data prezentei, stadiul fizic al investi\u021biei este de aproximativ 25%. Execu\u021bia lucr\u0103rilor este organizat\u0103 simultan pe mai multe fronturi, activit\u0103\u021bile desf\u0103\u0219ur\u00e2ndu-se \u00een paralel la nivelul mai multor obiecte \u0219i corpuri de cl\u0103dire. Aceast\u0103 modalitate de organizare permite utilizarea eficient\u0103 \u0219i coordonat\u0103 a resurselor umane, a echipamentelor \u0219i a utilajelor, precum \u0219i optimizarea fluxurilor de execu\u021bie\u201d, au transmis pentru SansaNews reprezentan\u021bii Administra\u021biei Na\u021bionale a Penitenciarelor. <\/p>\n<\/blockquote>\n<ul class=\"wp-block-gallery columns-3 is-cropped\">\n<li class=\"blocks-gallery-item\">\n<figure><img decoding=\"async\" src=\"https:\/\/sansanews.ro\/wp-content\/uploads\/2026\/09\/775904748_28120525487577212_5421268903591194170_n-768x1024.jpg\" alt data-id=\"125735\" data-link=\"https:\/\/sansanews.ro\/?attachment_id=125735\" class=\"wp-image-125735\"><\/figure>\n<\/li>\n<li class=\"blocks-gallery-item\">\n<figure><img decoding=\"async\" src=\"https:\/\/sansanews.ro\/wp-content\/uploads\/2026\/09\/777800936_28120525140910580_8352542291764770129_n-768x1024.jpg\" alt data-id=\"125736\" data-link=\"https:\/\/sansanews.ro\/?attachment_id=125736\" class=\"wp-image-125736\"><\/figure>\n<\/li>\n<li class=\"blocks-gallery-item\">\n<figure><img decoding=\"async\" src=\"https:\/\/sansanews.ro\/wp-content\/uploads\/2026\/09\/777800944_28120527904243637_2295135195442892720_n-768x1024.jpg\" alt data-id=\"125737\" data-link=\"https:\/\/sansanews.ro\/?attachment_id=125737\" class=\"wp-image-125737\"><\/figure>\n<\/li>\n<\/ul>\n<p>Motivul ar fi banii veni\u021bi cu \u00eent\u00e2rziere \u00een urma<br \/>\naloc\u0103rilor bugetare \u00eens\u0103, dau asigur\u0103ri reprezentan\u021bii Administra\u021biei Na\u021bionale<br \/>\na Penitenciarelor, constructorul va putea recupera \u00eent\u00e2rzierea astfel \u00eenc\u00e2t, \u00een<br \/>\nfinal, s\u0103 respecte termenul de \u00eencheiere al lucr\u0103rilor. \u00a0<\/p>\n<blockquote class=\"wp-block-quote\">\n<p>\u201dPentru perioada urm\u0103toare sunt planificate lucr\u0103ri de rezisten\u021b\u0103, arhitectur\u0103 \u0219i instala\u021bii, \u00een conformitate cu succesiunea tehnologic\u0103 \u0219i graficul stabilit. (\u2026) Totodat\u0103, acest mod de lucru contribuie la men\u021binerea unui ritm corespunz\u0103tor de implementare, \u00een vederea respect\u0103rii graficului contractual de execu\u021bie\u201d, au subliniat reprezentan\u021bii ANP.<\/p>\n<\/blockquote>\n<p>Penitenciarul de la Unguriu este considerat un<br \/>\nproiect important pentru modernizarea sistemului penitenciar rom\u00e2nesc pentru c\u0103<br \/>\n\u00eenseamn\u0103 \u201e condi\u021bii mai bune, siguran\u021b\u0103 \u0219i crearea unui cadru modern, orientat<br \/>\nspre reintegrarea persoanelor private de libertate \u0219i preg\u0103tirea acestora<br \/>\npentru revenirea \u00een societate\u201d.<\/p>\n<blockquote class=\"wp-block-quote\">\n<p>\u201dConstruirea Penitenciarului Unguriu \u00eenseamn\u0103 un pas \u00eenainte pentru sistemul penitenciar, pentru condi\u021bii mai bune, pentru siguran\u021b\u0103 \u0219i pentru un sistem modern, a\u0219a cum ne dorim s\u0103 \u00eel construim. Fiecare cl\u0103dire care se ridic\u0103, fiecare etap\u0103 care se \u00eencheie \u0219i fiecare zi de munc\u0103 ne apropie de momentul \u00een care vom putea spune: \u201eDa, am reu\u0219it!\u201d, a scris pe Facebook, comisar-\u0219ef de poli\u021bie penitenciar\u0103 Alina Elena ST\u0102NCIUGELU, director general adjunct al Administra\u021biei Na\u021bionale a Penitenciarelor.<\/p>\n<\/blockquote>\n<ul class=\"wp-block-gallery columns-3 is-cropped\">\n<li class=\"blocks-gallery-item\">\n<figure><img decoding=\"async\" src=\"https:\/\/sansanews.ro\/wp-content\/uploads\/2026\/09\/777947481_28120524120910682_7206770940313278222_n-1024x768.jpg\" alt data-id=\"125738\" data-link=\"https:\/\/sansanews.ro\/?attachment_id=125738\" class=\"wp-image-125738\"><\/figure>\n<\/li>\n<li class=\"blocks-gallery-item\">\n<figure><img decoding=\"async\" src=\"https:\/\/sansanews.ro\/wp-content\/uploads\/2026\/09\/778735460_28120527390910355_6797187786819514272_n-1024x768.jpg\" alt data-id=\"125740\" data-link=\"https:\/\/sansanews.ro\/?attachment_id=125740\" class=\"wp-image-125740\"><\/figure>\n<\/li>\n<li class=\"blocks-gallery-item\">\n<figure><img decoding=\"async\" src=\"https:\/\/sansanews.ro\/wp-content\/uploads\/2026\/09\/780180234_28120525994243828_8184107745838154941_n-768x1024.jpg\" alt data-id=\"125741\" data-link=\"https:\/\/sansanews.ro\/?attachment_id=125741\" class=\"wp-image-125741\"><\/figure>\n<\/li>\n<\/ul>\n<p>Noua unitate, aflat\u0103 \u00een construc\u021bie \u00een comuna<br \/>\nUnguriu, jude\u021bul Buz\u0103u, va avea 900 de locuri \u0219i va beneficia de spa\u021bii moderne<br \/>\npentru deten\u021bie, educa\u021bie, reintegrare social\u0103 \u0219i activit\u0103\u021bi ocupa\u021bionale.<\/p>\n<p>Concret, penitenciarul va avea 12 pavilioane de<br \/>\ndeten\u0163ie interioare \u015fi unul exterior. 10 pavilioane vor fi pentru de\u021binu\u0163ii din<br \/>\nregim semideschis, a c\u00e2te 80 locuri de deten\u021bie fiecare. Suprafa\u021ba construit\u0103<br \/>\ndep\u0103\u0219e\u0219te 11.000 de metri p\u0103tra\u021bi. \u00cen total, penitenciarul de la Unguriu va<br \/>\navea 900 de locuri.\u00a0<\/p>\n<div class=\"meta-tags\"><span>Etichete<\/span><a href=\"https:\/\/sansanews.ro\/tag\/penitenciar-unguriu\/\" rel=\"tag\">penitenciar unguriu<\/a><a href=\"https:\/\/sansanews.ro\/tag\/penitenciar-unguriu-buzau\/\" rel=\"tag\">penitenciar unguriu buzau<\/a><a href=\"https:\/\/sansanews.ro\/tag\/puscarie\/\" rel=\"tag\">puscarie<\/a><\/div>\n<div class=\"herald-share-content\">\n<div class=\"meks_ess rectangle no-labels outline\"><a class=\"meks_ess-item socicon-facebook\" data-url=\"http:\/\/www.facebook.com\/sharer\/sharer.php?u=https%3A%2F%2Fsansanews.ro%2Fmerge-greu-cu-puscariile-penitenciarul-de-la-unguriu-in-urma-cu-lucrarile-santierul-a-ajuns-la-doar-25-dupa-doi-ani%2F&amp;t=Merge%20greu%20cu%20pu%C8%99c%C4%83riile%21%20Penitenciarul%20de%20la%20Unguriu%2C%20%C3%AEn%20urm%C4%83%20cu%20lucr%C4%83rile.%20%C8%98antierul%20a%20ajuns%20la%20doar%2025%25%20dup%C4%83%20doi%20ani\"><span>Facebook<\/span><\/a><a href=\"https:\/\/api.whatsapp.com\/send?text=Merge%20greu%20cu%20pu%C8%99c%C4%83riile%21%20Penitenciarul%20de%20la%20Unguriu%2C%20%C3%AEn%20urm%C4%83%20cu%20lucr%C4%83rile.%20%C8%98antierul%20a%20ajuns%20la%20doar%2025%25%20dup%C4%83%20doi%20ani%20https%3A%2F%2Fsansanews.ro%2Fmerge-greu-cu-puscariile-penitenciarul-de-la-unguriu-in-urma-cu-lucrarile-santierul-a-ajuns-la-doar-25-dupa-doi-ani%2F\" class=\"meks_ess-item socicon-whatsapp prevent-share-popup\"><span>WhatsApp<\/span><\/a><a class=\"meks_ess-item socicon-twitter\" data-url=\"http:\/\/twitter.com\/intent\/tweet?url=https%3A%2F%2Fsansanews.ro%2Fmerge-greu-cu-puscariile-penitenciarul-de-la-unguriu-in-urma-cu-lucrarile-santierul-a-ajuns-la-doar-25-dupa-doi-ani%2F&amp;text=Merge%20greu%20cu%20pu%C8%99c%C4%83riile%21%20Penitenciarul%20de%20la%20Unguriu%2C%20%C3%AEn%20urm%C4%83%20cu%20lucr%C4%83rile.%20%C8%98antierul%20a%20ajuns%20la%20doar%2025%25%20dup%C4%83%20doi%20ani\"><span>Twitter<\/span><\/a><a class=\"meks_ess-item socicon-pinterest\" data-url=\"http:\/\/pinterest.com\/pin\/create\/button\/?url=https%3A%2F%2Fsansanews.ro%2Fmerge-greu-cu-puscariile-penitenciarul-de-la-unguriu-in-urma-cu-lucrarile-santierul-a-ajuns-la-doar-25-dupa-doi-ani%2F&amp;media=https%3A%2F%2Fsansanews.ro%2Fwp-content%2Fuploads%2F2026%2F09%2F777947481_28120524120910682_7206770940313278222_n.jpg&amp;description=Merge%20greu%20cu%20pu%C8%99c%C4%83riile%21%20Penitenciarul%20de%20la%20Unguriu%2C%20%C3%AEn%20urm%C4%83%20cu%20lucr%C4%83rile.%20%C8%98antierul%20a%20ajuns%20la%20doar%2025%25%20dup%C4%83%20doi%20ani\"><span>Pinterest<\/span><\/a><\/div>\n<\/div>\n<\/div>\n<div class=\"entry-content herald-entry-content\">\n<div class=\"herald-ad herald-ad-above-single\"><a href=\"https:\/\/buzau.21k.ro\/\"><img loading=\"lazy\" decoding=\"async\" src=\"https:\/\/sansanews.ro\/wp-content\/uploads\/2026\/08\/300x300-k21.gif\" alt width=\"300\" height=\"300\" class=\"aligncenter size-full wp-image-124436\"><\/a><\/div>\n<p>Unul dintre cele mai importante proiecte derulate \u00een jude\u021bul Buz\u0103u \u00eent\u00e2mpin\u0103 probleme care au dus la \u00eent\u00e2rzieri pe \u0219antier. Este vorba despre penitenciarul de la Unguriu care ar trebui s\u0103 fie gata 48 de luni, adic\u0103 \u00een februarie 2028, ceea ce \u00eenseamn\u0103 c\u0103, \u00een prezent, ar fi trebuit s\u0103 ating\u0103 deja 50% din gradul de execu\u021bie. Din p\u0103cate, ritmul de lucru a fost mai lent dec\u00e2t cel a\u0219teptat, astfel c\u0103 \u00een cei doi ani de la demararea lucr\u0103rile nu s-a realizat nici m\u0103car o treime din investi\u021bie.<\/p>\n<blockquote class=\"wp-block-quote\">\n<p>\u201d La data prezentei, stadiul fizic al investi\u021biei este de aproximativ 25%. Execu\u021bia lucr\u0103rilor este organizat\u0103 simultan pe mai multe fronturi, activit\u0103\u021bile desf\u0103\u0219ur\u00e2ndu-se \u00een paralel la nivelul mai multor obiecte \u0219i corpuri de cl\u0103dire. Aceast\u0103 modalitate de organizare permite utilizarea eficient\u0103 \u0219i coordonat\u0103 a resurselor umane, a echipamentelor \u0219i a utilajelor, precum \u0219i optimizarea fluxurilor de execu\u021bie\u201d, au transmis pentru SansaNews reprezentan\u021bii Administra\u021biei Na\u021bionale a Penitenciarelor. <\/p>\n<\/blockquote>\n<ul class=\"wp-block-gallery columns-3 is-cropped\">\n<li class=\"blocks-gallery-item\">\n<figure><img decoding=\"async\" src=\"https:\/\/sansanews.ro\/wp-content\/uploads\/2026\/09\/775904748_28120525487577212_5421268903591194170_n-768x1024.jpg\" alt data-id=\"125735\" data-link=\"https:\/\/sansanews.ro\/?attachment_id=125735\" class=\"wp-image-125735\"><\/figure>\n<\/li>\n<li class=\"blocks-gallery-item\">\n<figure><img decoding=\"async\" src=\"https:\/\/sansanews.ro\/wp-content\/uploads\/2026\/09\/777800936_28120525140910580_8352542291764770129_n-768x1024.jpg\" alt data-id=\"125736\" data-link=\"https:\/\/sansanews.ro\/?attachment_id=125736\" class=\"wp-image-125736\"><\/figure>\n<\/li>\n<li class=\"blocks-gallery-item\">\n<figure><img decoding=\"async\" src=\"https:\/\/sansanews.ro\/wp-content\/uploads\/2026\/09\/777800944_28120527904243637_2295135195442892720_n-768x1024.jpg\" alt data-id=\"125737\" data-link=\"https:\/\/sansanews.ro\/?attachment_id=125737\" class=\"wp-image-125737\"><\/figure>\n<\/li>\n<\/ul>\n<p>Motivul ar fi banii veni\u021bi cu \u00eent\u00e2rziere \u00een urma<br \/>\naloc\u0103rilor bugetare \u00eens\u0103, dau asigur\u0103ri reprezentan\u021bii Administra\u021biei Na\u021bionale<br \/>\na Penitenciarelor, constructorul va putea recupera \u00eent\u00e2rzierea astfel \u00eenc\u00e2t, \u00een<br \/>\nfinal, s\u0103 respecte termenul de \u00eencheiere al lucr\u0103rilor. \u00a0<\/p>\n<blockquote class=\"wp-block-quote\">\n<p>\u201dPentru perioada urm\u0103toare sunt planificate lucr\u0103ri de rezisten\u021b\u0103, arhitectur\u0103 \u0219i instala\u021bii, \u00een conformitate cu succesiunea tehnologic\u0103 \u0219i graficul stabilit. (\u2026) Totodat\u0103, acest mod de lucru contribuie la men\u021binerea unui ritm corespunz\u0103tor de implementare, \u00een vederea respect\u0103rii graficului contractual de execu\u021bie\u201d, au subliniat reprezentan\u021bii ANP.<\/p>\n<\/blockquote>\n<p>Penitenciarul de la Unguriu este considerat un<br \/>\nproiect important pentru modernizarea sistemului penitenciar rom\u00e2nesc pentru c\u0103<br \/>\n\u00eenseamn\u0103 \u201e condi\u021bii mai bune, siguran\u021b\u0103 \u0219i crearea unui cadru modern, orientat<br \/>\nspre reintegrarea persoanelor private de libertate \u0219i preg\u0103tirea acestora<br \/>\npentru revenirea \u00een societate\u201d.<\/p>\n<blockquote class=\"wp-block-quote\">\n<p>\u201dConstruirea Penitenciarului Unguriu \u00eenseamn\u0103 un pas \u00eenainte pentru sistemul penitenciar, pentru condi\u021bii mai bune, pentru siguran\u021b\u0103 \u0219i pentru un sistem modern, a\u0219a cum ne dorim s\u0103 \u00eel construim. Fiecare cl\u0103dire care se ridic\u0103, fiecare etap\u0103 care se \u00eencheie \u0219i fiecare zi de munc\u0103 ne apropie de momentul \u00een care vom putea spune: \u201eDa, am reu\u0219it!\u201d, a scris pe Facebook, comisar-\u0219ef de poli\u021bie penitenciar\u0103 Alina Elena ST\u0102NCIUGELU, director general adjunct al Administra\u021biei Na\u021bionale a Penitenciarelor.<\/p>\n<\/blockquote>\n<ul class=\"wp-block-gallery columns-3 is-cropped\">\n<li class=\"blocks-gallery-item\">\n<figure><img decoding=\"async\" src=\"https:\/\/sansanews.ro\/wp-content\/uploads\/2026\/09\/777947481_28120524120910682_7206770940313278222_n-1024x768.jpg\" alt data-id=\"125738\" data-link=\"https:\/\/sansanews.ro\/?attachment_id=125738\" class=\"wp-image-125738\"><\/figure>\n<\/li>\n<li class=\"blocks-gallery-item\">\n<figure><img decoding=\"async\" src=\"https:\/\/sansanews.ro\/wp-content\/uploads\/2026\/09\/778735460_28120527390910355_6797187786819514272_n-1024x768.jpg\" alt data-id=\"125740\" data-link=\"https:\/\/sansanews.ro\/?attachment_id=125740\" class=\"wp-image-125740\"><\/figure>\n<\/li>\n<li class=\"blocks-gallery-item\">\n<figure><img decoding=\"async\" src=\"https:\/\/sansanews.ro\/wp-content\/uploads\/2026\/09\/780180234_28120525994243828_8184107745838154941_n-768x1024.jpg\" alt data-id=\"125741\" data-link=\"https:\/\/sansanews.ro\/?attachment_id=125741\" class=\"wp-image-125741\"><\/figure>\n<\/li>\n<\/ul>\n<p>Noua unitate, aflat\u0103 \u00een construc\u021bie \u00een comuna<br \/>\nUnguriu, jude\u021bul Buz\u0103u, va avea 900 de locuri \u0219i va beneficia de spa\u021bii moderne<br \/>\npentru deten\u021bie, educa\u021bie, reintegrare social\u0103 \u0219i activit\u0103\u021bi ocupa\u021bionale.<\/p>\n<p>Concret, penitenciarul va avea 12 pavilioane de<br \/>\ndeten\u0163ie interioare \u015fi unul exterior. 10 pavilioane vor fi pentru de\u021binu\u0163ii din<br \/>\nregim semideschis, a c\u00e2te 80 locuri de deten\u021bie fiecare. Suprafa\u021ba construit\u0103<br \/>\ndep\u0103\u0219e\u0219te 11.000 de metri p\u0103tra\u021bi. \u00cen total, penitenciarul de la Unguriu va<br \/>\navea 900 de locuri.\u00a0<\/p>\n<div class=\"meta-tags\"><span>Etichete<\/span><a href=\"https:\/\/sansanews.ro\/tag\/penitenciar-unguriu\/\" rel=\"tag\">penitenciar unguriu<\/a><a href=\"https:\/\/sansanews.ro\/tag\/penitenciar-unguriu-buzau\/\" rel=\"tag\">penitenciar unguriu buzau<\/a><a href=\"https:\/\/sansanews.ro\/tag\/puscarie\/\" rel=\"tag\">puscarie<\/a><\/div>\n<div class=\"herald-share-content\">\n<div class=\"meks_ess rectangle no-labels outline\"><a class=\"meks_ess-item socicon-facebook\" data-url=\"http:\/\/www.facebook.com\/sharer\/sharer.php?u=https%3A%2F%2Fsansanews.ro%2Fmerge-greu-cu-puscariile-penitenciarul-de-la-unguriu-in-urma-cu-lucrarile-santierul-a-ajuns-la-doar-25-dupa-doi-ani%2F&amp;t=Merge%20greu%20cu%20pu%C8%99c%C4%83riile%21%20Penitenciarul%20de%20la%20Unguriu%2C%20%C3%AEn%20urm%C4%83%20cu%20lucr%C4%83rile.%20%C8%98antierul%20a%20ajuns%20la%20doar%2025%25%20dup%C4%83%20doi%20ani\"><span>Facebook<\/span><\/a><a href=\"https:\/\/api.whatsapp.com\/send?text=Merge%20greu%20cu%20pu%C8%99c%C4%83riile%21%20Penitenciarul%20de%20la%20Unguriu%2C%20%C3%AEn%20urm%C4%83%20cu%20lucr%C4%83rile.%20%C8%98antierul%20a%20ajuns%20la%20doar%2025%25%20dup%C4%83%20doi%20ani%20https%3A%2F%2Fsansanews.ro%2Fmerge-greu-cu-puscariile-penitenciarul-de-la-unguriu-in-urma-cu-lucrarile-santierul-a-ajuns-la-doar-25-dupa-doi-ani%2F\" class=\"meks_ess-item socicon-whatsapp prevent-share-popup\"><span>WhatsApp<\/span><\/a><a class=\"meks_ess-item socicon-twitter\" data-url=\"http:\/\/twitter.com\/intent\/tweet?url=https%3A%2F%2Fsansanews.ro%2Fmerge-greu-cu-puscariile-penitenciarul-de-la-unguriu-in-urma-cu-lucrarile-santierul-a-ajuns-la-doar-25-dupa-doi-ani%2F&amp;text=Merge%20greu%20cu%20pu%C8%99c%C4%83riile%21%20Penitenciarul%20de%20la%20Unguriu%2C%20%C3%AEn%20urm%C4%83%20cu%20lucr%C4%83rile.%20%C8%98antierul%20a%20ajuns%20la%20doar%2025%25%20dup%C4%83%20doi%20ani\"><span>Twitter<\/span><\/a><a class=\"meks_ess-item socicon-pinterest\" data-url=\"http:\/\/pinterest.com\/pin\/create\/button\/?url=https%3A%2F%2Fsansanews.ro%2Fmerge-greu-cu-puscariile-penitenciarul-de-la-unguriu-in-urma-cu-lucrarile-santierul-a-ajuns-la-doar-25-dupa-doi-ani%2F&amp;media=https%3A%2F%2Fsansanews.ro%2Fwp-content%2Fuploads%2F2026%2F09%2F777947481_28120524120910682_7206770940313278222_n.jpg&amp;description=Merge%20greu%20cu%20pu%C8%99c%C4%83riile%21%20Penitenciarul%20de%20la%20Unguriu%2C%20%C3%AEn%20urm%C4%83%20cu%20lucr%C4%83rile.%20%C8%98antierul%20a%20ajuns%20la%20doar%2025%25%20dup%C4%83%20doi%20ani\"><span>Pinterest<\/span><\/a><\/div>\n<\/div>\n<\/div>\n<p>[analyse_source url=&#8221;https:\/\/sansanews.ro\/merge-greu-cu-puscariile-penitenciarul-de-la-unguriu-in-urma-cu-lucrarile-santierul-a-ajuns-la-doar-25-dupa-doi-ani\/&#8221;]<\/p>\n","protected":false},"excerpt":{"rendered":"<p>[analyse_image type=&#8221;featured&#8221; src=&#8221;https:\/\/sansanews.ro\/wp-content\/uploads\/2026\/09\/777947481_28120524120910682_7206770940313278222_n.jpghttps:\/\/sansanews.ro\/wp-content\/uploads\/2026\/09\/777947481_28120524120910682_7206770940313278222_n.jpg&#8221;] Unul dintre cele mai importante proiecte derulate \u00een jude\u021bul Buz\u0103u \u00eent\u00e2mpin\u0103 probleme care au dus la \u00eent\u00e2rzieri pe \u0219antier. Este vorba despre penitenciarul de la Unguriu care ar trebui s\u0103 fie gata 48 de luni, adic\u0103 \u00een februarie 2028, ceea ce \u00eenseamn\u0103 c\u0103, \u00een prezent, ar fi trebuit s\u0103 ating\u0103 deja 50% [&hellip;]<\/p>\n","protected":false},"author":1,"featured_media":0,"comment_status":"open","ping_status":"","sticky":false,"template":"","format":"standard","meta":{"footnotes":""},"categories":[2],"tags":[226,51],"class_list":["post-2124021","post","type-post","status-publish","format-standard","hentry","category-politics","tag-crawlmanager","tag-sansanews-ro"],"_links":{"self":[{"href":"https:\/\/analyse.optim.biz\/index.php?rest_route=\/wp\/v2\/posts\/2124021","targetHints":{"allow":["GET"]}}],"collection":[{"href":"https:\/\/analyse.optim.biz\/index.php?rest_route=\/wp\/v2\/posts"}],"about":[{"href":"https:\/\/analyse.optim.biz\/index.php?rest_route=\/wp\/v2\/types\/post"}],"author":[{"embeddable":true,"href":"https:\/\/analyse.optim.biz\/index.php?rest_route=\/wp\/v2\/users\/1"}],"replies":[{"embeddable":true,"href":"https:\/\/analyse.optim.biz\/index.php?rest_route=%2Fwp%2Fv2%2Fcomments&post=2124021"}],"version-history":[{"count":0,"href":"https:\/\/analyse.optim.biz\/index.php?rest_route=\/wp\/v2\/posts\/2124021\/revisions"}],"wp:attachment":[{"href":"https:\/\/analyse.optim.biz\/index.php?rest_route=%2Fwp%2Fv2%2Fmedia&parent=2124021"}],"wp:term":[{"taxonomy":"category","embeddable":true,"href":"https:\/\/analyse.optim.biz\/index.php?rest_route=%2Fwp%2Fv2%2Fcategories&post=2124021"},{"taxonomy":"post_tag","embeddable":true,"href":"https:\/\/analyse.optim.biz\/index.php?rest_route=%2Fwp%2Fv2%2Ftags&post=2124021"}],"curies":[{"name":"wp","href":"https:\/\/api.w.org\/{rel}","templated":true}]}}