{"id":2124020,"date":"2026-09-02T00:00:00","date_gmt":"2026-09-01T21:00:00","guid":{"rendered":"https:\/\/analyse.optim.biz\/?p=2124020"},"modified":"2026-09-02T00:00:00","modified_gmt":"2026-09-01T21:00:00","slug":"senat-senatoarea-liberala-nicoleta-pauliuc-inlocuita-de-la-sefia-comisiei-de-aparare-cu-senatorul-silviu-cosa","status":"publish","type":"post","link":"https:\/\/analyse.optim.biz\/?p=2124020","title":{"rendered":"Senat\/ Senatoarea liberal\u0103 Nicoleta Pauliuc &#8211; \u00eenlocuit\u0103 de la \u0219efia Comisiei de ap\u0103rare cu senatorul Silviu Co\u0219a"},"content":{"rendered":"<p>[analyse_image type=&#8221;featured&#8221; src=&#8221;https:\/\/agerpres.ro\/data\/202609\/20260902134445_704099.jpg&#8221;]<\/p>\n<div class=\"mx-auto pt-3\">\n<p>Plenul Senatului a decis, mar\u021bi, \u00eenlocuirea senatoarei liberale Nicoleta Pauliuc din func\u021bia de pre\u0219edinte al Comisiei de ap\u0103rare cu senatorul Silviu Co\u0219a, la propunerea liderului grupului PNL, Daniel Fenechiu.<\/p>\n<p>Decizia a fost luat\u0103 cu 61 de voturi &#8216;pentru&#8217;, 6 &#8216;contra&#8217;, o ab\u021binere, iar 22 de senatori nu au votat.<\/p>\n<p>De asemenea, plenul a decis, tot la propunerea liderului grupului PNL, cu 61 voturi &#8216;pentru&#8217;, 4 &#8216;contra&#8217;, 3 ab\u021bineri, 29 nu au votat, \u00eenlocuirea senatorului Mihai Ve\u0219tea din Comisia de ap\u0103rare cu senatorul C\u0103lin Petru Marian, care va fi \u0219i secretar al acestei comisii.<\/p>\n<p>Totodat\u0103, senatorul PNL Lucian Petric\u0103 Rusu a fost numit pre\u0219edinte al Comisiei pentru afaceri europene, cu 86 voturi &#8216;pentru&#8217;, 7 &#8216;contra&#8217;, o ab\u021binere.<\/p>\n<p>O alt\u0103 decizie luat\u0103 de plen a fost ca senatorul PNL Vasile Blaga s\u0103 fie retras de la Comisia pentru afaceri europene.<\/p>\n<p>Liderul senatorilor PSD Daniel Zamfir a propus, ini\u021bial, am\u00e2narea votului \u00een acest sens, men\u021bion\u00e2nd c\u0103 liderii de grup au stabilit mar\u021bi ca aceste numiri \u0219i modific\u0103ri din comisii s\u0103 se fac\u0103 peste dou\u0103 s\u0103pt\u0103m\u00e2ni, pentru a avea timp toate grupurile de a face schimb\u0103rile necesare.<\/p>\n<p>&#8216;Haide\u021bi s\u0103 vedem ce se va \u00eent\u00e2mpla \u00een dou\u0103 s\u0103pt\u0103m\u00e2ni \u0219i s\u0103 discut\u0103m atunci a\u0219ezat pe tot ceea ce \u00eenseamn\u0103 componen\u021ba comisiilor \u0219i \u00een interior \u0219i apartenen\u021ba la un grup parlamentar, a\u0219a c\u0103 v\u0103 propun s\u0103 am\u00e2n\u0103m pentru dou\u0103 s\u0103pt\u0103m\u00e2ni de zile discu\u021bia \u00een leg\u0103tur\u0103 cu comisiile&#8217;, a spus Zamfir.<\/p>\n<p>Pre\u0219edintele Senatului, Mircea Abrudean, a supus la vot, \u00eens\u0103, propunerile liderului grupului PNL, Daniel Fenechiu, men\u021bion\u00e2nd c\u0103 este vorba despre comisii care apar\u021bin PNL, iar acestea au fost aprobate.<\/p>\n<p>Liderul senatorilor AUR, Petri\u0219or Peiu, a declarat dup\u0103 vot c\u0103 nu se poate accepta \u00eenc\u0103lcarea principiului c\u0103 un partid face ce vrea cu comisiile pe care le are.<\/p>\n<p>&#8216;A\u0219 vrea s\u0103 fac un apel la ra\u021biune \u0219i la p\u0103strarea unor reguli. Noi am hot\u0103r\u00e2t \u00een comitetul liderilor ca discu\u021bia privind schimburile de comisie, eventuale nominaliz\u0103ri s\u0103 se fac\u0103 pe 14 septembrie, dar, \u00een acela\u0219i timp, nu putem s\u0103 accept\u0103m \u00eenc\u0103lcarea principiului c\u0103 un partid face ce vrea cu comisiile pe care le are. Cre\u0103m un precedent periculos dac\u0103 ne apuc\u0103m noi s\u0103 spunem pe cine trebuie s\u0103 pun\u0103 PNL, USR, PSD sau AUR la o comisie sau la alta. Este o comisie dat\u0103 la un partid, fiecare partid este suficient de responsabil s\u0103-\u0219i numeasc\u0103 reprezentan\u021bi&#8217;, a argumentat Peiu.<\/p>\n<p>Ninel Peia, senator PACE &#8211; \u00cent\u00e2i Rom\u00e2nia, a spus c\u0103 propunerea de am\u00e2nare cu dou\u0103 s\u0103pt\u0103m\u00e2ni era corect\u0103, iar &#8216;colegii de la PNL s-au gr\u0103bit s\u0103 acapareze rapid inclusiv comisia care a fost condus\u0103 de senatoarea Rodica Cu\u0219mir&#8217; (Comisia pentru afaceri europene &#8211; n.r.).<\/p>\n<p>&#8216;Haide s\u0103 respect\u0103m Regulamentul! \u00cen Regulament scrie la articolul 25, alineatul 2 c\u0103 func\u021biile &#8211; de exemplu &#8211; \u00een Biroul permanent se \u00eempart conform ponderii parlamentare, \u00een care se include \u0219i pre\u0219edintele Senatului, ca s\u0103 \u00een\u021belege\u021bi c\u0103 PNL ar avea dreptul la doar dou\u0103 func\u021bii, nu trei, c\u00e2t are. (&#8230;) Deci, \u00een momentul \u00een care vor s\u0103 ia ceva, iau cu japca, asta se \u00eent\u00e2mpl\u0103 \u00een Senatul Rom\u00e2niei&#8217;, a sus\u021binut Peia.<\/p>\n<p>Senatorul PSD Liviu Mazilu a precizat c\u0103 solicitarea social-democra\u021bilor de am\u00e2nare a fost f\u0103cut\u0103 pentru a se termina &#8216;perioada de mercato, de transferuri pe care le au at\u00e2t AUR, c\u00e2t \u0219i PNL&#8217;, precum \u0219i pentru a vedea dac\u0103 se desfiin\u021beaz\u0103 grupuri politice sau se \u00eenfiin\u021beaz\u0103 altele noi. El a men\u021bionat c\u0103 de aceea senatorii PSD nu au votat.<\/p>\n<p>&#8216;\u00cen\u021beleg c\u0103 a ap\u0103rut o presiune suplimentar\u0103 pe o anumit\u0103 comisie, e treaba dumneavoastr\u0103, sigur c\u0103 respect\u0103m, dar v\u0103 anun\u021b de acum c\u0103 noi, grupul PSD, vom solicita \u00een discu\u021bia care urmeaz\u0103 \u00een cele dou\u0103 s\u0103pt\u0103m\u00e2ni at\u00e2t Comisia de ap\u0103rare, unde ast\u0103zi a\u021bi f\u0103cut decizie, c\u00e2t \u0219i \u00een mod evident Comisia de buget \u0219i suntem disponibili la negocieri \u00een acest sens&#8217;, a ad\u0103ugat Mazilu.<\/p>\n<p>Grupurile parlamentare ale PNL au decis, mar\u021bi, \u00een \u0219edin\u021be separate, ca parlamentarii PNL care au votat al\u0103turi de PSD \u0219i de Guvernul Ve\u0219tea s\u0103-\u0219i piard\u0103 func\u021biile din Camera Deputa\u021bilor \u0219i Senat. Purt\u0103torul de cuv\u00e2nt al PNL, Ionel Bogdan, a precizat atunci c\u0103 deputatul Lucian Bode va fi \u00eenlocuit din func\u021bia de pre\u0219edinte al Comisiei de transporturi cu Drago\u0219 Ciubotaru, iar senatoarea Nicoleta Pauliuc va fi \u00eenlocuit\u0103 de la conducerea Comisiei pentru ap\u0103rare cu Silviu Co\u0219a. AGERPRES\/(A &#8211; redactor: Alina Nov\u0103ceanu, editor: Florin Marin, editor online: Ady Iva\u015fcu)<\/p>\n<\/div>\n<div class=\"mx-auto pt-3\">\n                                Afisari: 63\n                            <\/div>\n<p>[analyse_source url=&#8221;https:\/\/agerpres.ro\/politic\/2026\/09\/02\/senat-senatoarea-liberala-nicoleta-pauliuc&#8212;inlocuita-de-la-sefia-comisiei-de-aparare-cu-senatorul&#8212;1589983&#8243;]<\/p>\n","protected":false},"excerpt":{"rendered":"<p>[analyse_image type=&#8221;featured&#8221; src=&#8221;https:\/\/agerpres.ro\/data\/202609\/20260902134445_704099.jpg&#8221;] Plenul Senatului a decis, mar\u021bi, \u00eenlocuirea senatoarei liberale Nicoleta Pauliuc din func\u021bia de pre\u0219edinte al Comisiei de ap\u0103rare cu senatorul Silviu Co\u0219a, la propunerea liderului grupului PNL, Daniel Fenechiu. Decizia a fost luat\u0103 cu 61 de voturi &#8216;pentru&#8217;, 6 &#8216;contra&#8217;, o ab\u021binere, iar 22 de senatori nu au votat. De asemenea, plenul [&hellip;]<\/p>\n","protected":false},"author":1,"featured_media":0,"comment_status":"open","ping_status":"","sticky":false,"template":"","format":"standard","meta":{"footnotes":""},"categories":[2],"tags":[37,226],"class_list":["post-2124020","post","type-post","status-publish","format-standard","hentry","category-politics","tag-agerpres-ro","tag-crawlmanager"],"_links":{"self":[{"href":"https:\/\/analyse.optim.biz\/index.php?rest_route=\/wp\/v2\/posts\/2124020","targetHints":{"allow":["GET"]}}],"collection":[{"href":"https:\/\/analyse.optim.biz\/index.php?rest_route=\/wp\/v2\/posts"}],"about":[{"href":"https:\/\/analyse.optim.biz\/index.php?rest_route=\/wp\/v2\/types\/post"}],"author":[{"embeddable":true,"href":"https:\/\/analyse.optim.biz\/index.php?rest_route=\/wp\/v2\/users\/1"}],"replies":[{"embeddable":true,"href":"https:\/\/analyse.optim.biz\/index.php?rest_route=%2Fwp%2Fv2%2Fcomments&post=2124020"}],"version-history":[{"count":0,"href":"https:\/\/analyse.optim.biz\/index.php?rest_route=\/wp\/v2\/posts\/2124020\/revisions"}],"wp:attachment":[{"href":"https:\/\/analyse.optim.biz\/index.php?rest_route=%2Fwp%2Fv2%2Fmedia&parent=2124020"}],"wp:term":[{"taxonomy":"category","embeddable":true,"href":"https:\/\/analyse.optim.biz\/index.php?rest_route=%2Fwp%2Fv2%2Fcategories&post=2124020"},{"taxonomy":"post_tag","embeddable":true,"href":"https:\/\/analyse.optim.biz\/index.php?rest_route=%2Fwp%2Fv2%2Ftags&post=2124020"}],"curies":[{"name":"wp","href":"https:\/\/api.w.org\/{rel}","templated":true}]}}