{"id":2124019,"date":"2026-09-02T08:35:50","date_gmt":"2026-09-02T05:35:50","guid":{"rendered":"https:\/\/analyse.optim.biz\/?p=2124019"},"modified":"2026-09-02T08:35:50","modified_gmt":"2026-09-02T05:35:50","slug":"ce-au-inceput-sa-vanda-cercetatorii-de-la-experimentala-pretul-ii-surprinde-pe-cumparatori","status":"publish","type":"post","link":"https:\/\/analyse.optim.biz\/?p=2124019","title":{"rendered":"Ce au \u00eenceput s\u0103 v\u00e2nd\u0103 cercet\u0103torii de la Experimental\u0103. Pre\u021bul \u00eei surprinde pe cump\u0103r\u0103tori"},"content":{"rendered":"<p>[analyse_image type=&#8221;featured&#8221; src=&#8221;https:\/\/sansanews.ro\/wp-content\/uploads\/2025\/10\/coada-statiune.jpghttps:\/\/sansanews.ro\/wp-content\/uploads\/2025\/10\/coada-statiune.jpg&#8221;]<\/p>\n<div class=\"entry-content herald-entry-content\">\n<div class=\"herald-ad herald-ad-above-single\"><a href=\"https:\/\/buzau.21k.ro\/\"><img loading=\"lazy\" decoding=\"async\" src=\"https:\/\/sansanews.ro\/wp-content\/uploads\/2026\/08\/300x300-k21.gif\" alt width=\"300\" height=\"300\" class=\"aligncenter size-full wp-image-124436\"><\/a><\/div>\n<p>Toamna vine cu o surpriz\u0103 pentru buzoienii care<br \/>\nobi\u0219nuiesc s\u0103 cumpere legumele crescute \u00een serele Sta\u021biunii de Cercetare<br \/>\nLegumicol\u0103. \u00cen aceste zile, la magazinul de pe strada Fr\u0103sinet, se vinde porumb<br \/>\ndulce, abia recoltat \u0219i numai bun de fiert. Cercet\u0103torii au anun\u021bat c\u0103 este<br \/>\nprima data c\u00e2nd comercializeaz\u0103 acest produs \u0219i cantit\u0103\u021bile sunt limitate.<\/p>\n<blockquote class=\"wp-block-quote\">\n<p>\u201dAvem o surpriz\u0103 de sezon la SCDL Buz\u0103u! De obicei ne g\u0103si\u021bi cu tomate, ardei, vinete, fasole \u0219i alte legume. De data aceasta, \u00eens\u0103, v\u0103 a\u0219tept\u0103m \u0219i cu porumb numai bun de fiert!\u201d<\/p>\n<\/blockquote>\n<ul class=\"wp-block-gallery columns-2 is-cropped\">\n<li class=\"blocks-gallery-item\">\n<figure><img decoding=\"async\" src=\"https:\/\/sansanews.ro\/wp-content\/uploads\/2026\/09\/789505997_939101531934177_278025270000509868_n-1024x472.jpg\" alt data-id=\"125729\" data-link=\"https:\/\/sansanews.ro\/?attachment_id=125729\" class=\"wp-image-125729\"><\/figure>\n<\/li>\n<li class=\"blocks-gallery-item\">\n<figure><img decoding=\"async\" src=\"https:\/\/sansanews.ro\/wp-content\/uploads\/2026\/09\/792176911_1124873219863731_6080214654403064621_n-1024x472.jpg\" alt data-id=\"125730\" data-link=\"https:\/\/sansanews.ro\/?attachment_id=125730\" class=\"wp-image-125730\"><\/figure>\n<\/li>\n<\/ul>\n<p>Potrivit cercet\u0103torilor, anul acesta porumbul a avut<br \/>\nun rol important pentru culturile din camp, iar dup\u0103 ce \u0219i-a \u00eencheiat misiunea<br \/>\nacesta a fost scos la v\u00e2nzare pentru consum. <\/p>\n<blockquote class=\"wp-block-quote\">\n<p>\u201dAnul acesta, porumbul a avut \u0219i un rol important \u00een c\u00e2mpurile noastre: a fost cultivat ca perdea de protec\u021bie pentru celelalte culturi. Acum c\u0103 \u0219i-a \u00eendeplinit misiunea, e timpul s\u0103-l valorific\u0103m \u0219i s\u0103 ajung\u0103 pe mesele dumneavoastr\u0103! \u201d, au anun\u021bat cercet\u0103torii, pe pagina de Facebook.<\/p>\n<\/blockquote>\n<p>Astfel, cei care vor s\u0103 profite de oferta de sezon pot cump\u0103ra porumbul direct de la SCDL Buz\u0103u, la 1 leu pentru fiecare bucat\u0103, adic\u0103 mai mic dec\u00e2t cel \u00eent\u00e2lnit \u00een mod obi\u0219nuit \u00een aceast\u0103 perioad\u0103 \u00een pie\u021be. De exemplu, \u00een Pia\u021ba Central\u0103 un porumb pentru fiert se vinde cu 1,5 lei.<\/p>\n<div class=\"meta-tags\"><span>Etichete<\/span><a href=\"https:\/\/sansanews.ro\/tag\/experimentala-buzau\/\" rel=\"tag\">experimentala buzau<\/a><a href=\"https:\/\/sansanews.ro\/tag\/porumb-pentru-fiert\/\" rel=\"tag\">porumb pentru fiert<\/a><a href=\"https:\/\/sansanews.ro\/tag\/statiunea-de-cercetare-buzau\/\" rel=\"tag\">statiunea de cercetare buzau<\/a><\/div>\n<div class=\"herald-share-content\">\n<div class=\"meks_ess rectangle no-labels outline\"><a class=\"meks_ess-item socicon-facebook\" data-url=\"http:\/\/www.facebook.com\/sharer\/sharer.php?u=https%3A%2F%2Fsansanews.ro%2Fce-au-inceput-sa-vanda-cercetatorii-de-la-experimentala-pretul-ii-surprinde-pe-cumparatori%2F&amp;t=Ce%20au%20%C3%AEnceput%20s%C4%83%20v%C3%A2nd%C4%83%20cercet%C4%83torii%20de%20la%20Experimental%C4%83.%20%20Pre%C8%9Bul%20%C3%AEi%20surprinde%20pe%20cump%C4%83r%C4%83tori\"><span>Facebook<\/span><\/a><a href=\"https:\/\/api.whatsapp.com\/send?text=Ce%20au%20%C3%AEnceput%20s%C4%83%20v%C3%A2nd%C4%83%20cercet%C4%83torii%20de%20la%20Experimental%C4%83.%20%20Pre%C8%9Bul%20%C3%AEi%20surprinde%20pe%20cump%C4%83r%C4%83tori%20https%3A%2F%2Fsansanews.ro%2Fce-au-inceput-sa-vanda-cercetatorii-de-la-experimentala-pretul-ii-surprinde-pe-cumparatori%2F\" class=\"meks_ess-item socicon-whatsapp prevent-share-popup\"><span>WhatsApp<\/span><\/a><a class=\"meks_ess-item socicon-twitter\" data-url=\"http:\/\/twitter.com\/intent\/tweet?url=https%3A%2F%2Fsansanews.ro%2Fce-au-inceput-sa-vanda-cercetatorii-de-la-experimentala-pretul-ii-surprinde-pe-cumparatori%2F&amp;text=Ce%20au%20%C3%AEnceput%20s%C4%83%20v%C3%A2nd%C4%83%20cercet%C4%83torii%20de%20la%20Experimental%C4%83.%20%20Pre%C8%9Bul%20%C3%AEi%20surprinde%20pe%20cump%C4%83r%C4%83tori\"><span>Twitter<\/span><\/a><a class=\"meks_ess-item socicon-pinterest\" data-url=\"http:\/\/pinterest.com\/pin\/create\/button\/?url=https%3A%2F%2Fsansanews.ro%2Fce-au-inceput-sa-vanda-cercetatorii-de-la-experimentala-pretul-ii-surprinde-pe-cumparatori%2F&amp;media=https%3A%2F%2Fsansanews.ro%2Fwp-content%2Fuploads%2F2025%2F10%2Fcoada-statiune.jpg&amp;description=Ce%20au%20%C3%AEnceput%20s%C4%83%20v%C3%A2nd%C4%83%20cercet%C4%83torii%20de%20la%20Experimental%C4%83.%20%20Pre%C8%9Bul%20%C3%AEi%20surprinde%20pe%20cump%C4%83r%C4%83tori\"><span>Pinterest<\/span><\/a><\/div>\n<\/div>\n<\/div>\n<div class=\"entry-content herald-entry-content\">\n<div class=\"herald-ad herald-ad-above-single\"><a href=\"https:\/\/buzau.21k.ro\/\"><img loading=\"lazy\" decoding=\"async\" src=\"https:\/\/sansanews.ro\/wp-content\/uploads\/2026\/08\/300x300-k21.gif\" alt width=\"300\" height=\"300\" class=\"aligncenter size-full wp-image-124436\"><\/a><\/div>\n<p>Toamna vine cu o surpriz\u0103 pentru buzoienii care<br \/>\nobi\u0219nuiesc s\u0103 cumpere legumele crescute \u00een serele Sta\u021biunii de Cercetare<br \/>\nLegumicol\u0103. \u00cen aceste zile, la magazinul de pe strada Fr\u0103sinet, se vinde porumb<br \/>\ndulce, abia recoltat \u0219i numai bun de fiert. Cercet\u0103torii au anun\u021bat c\u0103 este<br \/>\nprima data c\u00e2nd comercializeaz\u0103 acest produs \u0219i cantit\u0103\u021bile sunt limitate.<\/p>\n<blockquote class=\"wp-block-quote\">\n<p>\u201dAvem o surpriz\u0103 de sezon la SCDL Buz\u0103u! De obicei ne g\u0103si\u021bi cu tomate, ardei, vinete, fasole \u0219i alte legume. De data aceasta, \u00eens\u0103, v\u0103 a\u0219tept\u0103m \u0219i cu porumb numai bun de fiert!\u201d<\/p>\n<\/blockquote>\n<ul class=\"wp-block-gallery columns-2 is-cropped\">\n<li class=\"blocks-gallery-item\">\n<figure><img decoding=\"async\" src=\"https:\/\/sansanews.ro\/wp-content\/uploads\/2026\/09\/789505997_939101531934177_278025270000509868_n-1024x472.jpg\" alt data-id=\"125729\" data-link=\"https:\/\/sansanews.ro\/?attachment_id=125729\" class=\"wp-image-125729\"><\/figure>\n<\/li>\n<li class=\"blocks-gallery-item\">\n<figure><img decoding=\"async\" src=\"https:\/\/sansanews.ro\/wp-content\/uploads\/2026\/09\/792176911_1124873219863731_6080214654403064621_n-1024x472.jpg\" alt data-id=\"125730\" data-link=\"https:\/\/sansanews.ro\/?attachment_id=125730\" class=\"wp-image-125730\"><\/figure>\n<\/li>\n<\/ul>\n<p>Potrivit cercet\u0103torilor, anul acesta porumbul a avut<br \/>\nun rol important pentru culturile din camp, iar dup\u0103 ce \u0219i-a \u00eencheiat misiunea<br \/>\nacesta a fost scos la v\u00e2nzare pentru consum. <\/p>\n<blockquote class=\"wp-block-quote\">\n<p>\u201dAnul acesta, porumbul a avut \u0219i un rol important \u00een c\u00e2mpurile noastre: a fost cultivat ca perdea de protec\u021bie pentru celelalte culturi. Acum c\u0103 \u0219i-a \u00eendeplinit misiunea, e timpul s\u0103-l valorific\u0103m \u0219i s\u0103 ajung\u0103 pe mesele dumneavoastr\u0103! \u201d, au anun\u021bat cercet\u0103torii, pe pagina de Facebook.<\/p>\n<\/blockquote>\n<p>Astfel, cei care vor s\u0103 profite de oferta de sezon pot cump\u0103ra porumbul direct de la SCDL Buz\u0103u, la 1 leu pentru fiecare bucat\u0103, adic\u0103 mai mic dec\u00e2t cel \u00eent\u00e2lnit \u00een mod obi\u0219nuit \u00een aceast\u0103 perioad\u0103 \u00een pie\u021be. De exemplu, \u00een Pia\u021ba Central\u0103 un porumb pentru fiert se vinde cu 1,5 lei.<\/p>\n<div class=\"meta-tags\"><span>Etichete<\/span><a href=\"https:\/\/sansanews.ro\/tag\/experimentala-buzau\/\" rel=\"tag\">experimentala buzau<\/a><a href=\"https:\/\/sansanews.ro\/tag\/porumb-pentru-fiert\/\" rel=\"tag\">porumb pentru fiert<\/a><a href=\"https:\/\/sansanews.ro\/tag\/statiunea-de-cercetare-buzau\/\" rel=\"tag\">statiunea de cercetare buzau<\/a><\/div>\n<div class=\"herald-share-content\">\n<div class=\"meks_ess rectangle no-labels outline\"><a class=\"meks_ess-item socicon-facebook\" data-url=\"http:\/\/www.facebook.com\/sharer\/sharer.php?u=https%3A%2F%2Fsansanews.ro%2Fce-au-inceput-sa-vanda-cercetatorii-de-la-experimentala-pretul-ii-surprinde-pe-cumparatori%2F&amp;t=Ce%20au%20%C3%AEnceput%20s%C4%83%20v%C3%A2nd%C4%83%20cercet%C4%83torii%20de%20la%20Experimental%C4%83.%20%20Pre%C8%9Bul%20%C3%AEi%20surprinde%20pe%20cump%C4%83r%C4%83tori\"><span>Facebook<\/span><\/a><a href=\"https:\/\/api.whatsapp.com\/send?text=Ce%20au%20%C3%AEnceput%20s%C4%83%20v%C3%A2nd%C4%83%20cercet%C4%83torii%20de%20la%20Experimental%C4%83.%20%20Pre%C8%9Bul%20%C3%AEi%20surprinde%20pe%20cump%C4%83r%C4%83tori%20https%3A%2F%2Fsansanews.ro%2Fce-au-inceput-sa-vanda-cercetatorii-de-la-experimentala-pretul-ii-surprinde-pe-cumparatori%2F\" class=\"meks_ess-item socicon-whatsapp prevent-share-popup\"><span>WhatsApp<\/span><\/a><a class=\"meks_ess-item socicon-twitter\" data-url=\"http:\/\/twitter.com\/intent\/tweet?url=https%3A%2F%2Fsansanews.ro%2Fce-au-inceput-sa-vanda-cercetatorii-de-la-experimentala-pretul-ii-surprinde-pe-cumparatori%2F&amp;text=Ce%20au%20%C3%AEnceput%20s%C4%83%20v%C3%A2nd%C4%83%20cercet%C4%83torii%20de%20la%20Experimental%C4%83.%20%20Pre%C8%9Bul%20%C3%AEi%20surprinde%20pe%20cump%C4%83r%C4%83tori\"><span>Twitter<\/span><\/a><a class=\"meks_ess-item socicon-pinterest\" data-url=\"http:\/\/pinterest.com\/pin\/create\/button\/?url=https%3A%2F%2Fsansanews.ro%2Fce-au-inceput-sa-vanda-cercetatorii-de-la-experimentala-pretul-ii-surprinde-pe-cumparatori%2F&amp;media=https%3A%2F%2Fsansanews.ro%2Fwp-content%2Fuploads%2F2025%2F10%2Fcoada-statiune.jpg&amp;description=Ce%20au%20%C3%AEnceput%20s%C4%83%20v%C3%A2nd%C4%83%20cercet%C4%83torii%20de%20la%20Experimental%C4%83.%20%20Pre%C8%9Bul%20%C3%AEi%20surprinde%20pe%20cump%C4%83r%C4%83tori\"><span>Pinterest<\/span><\/a><\/div>\n<\/div>\n<\/div>\n<p>[analyse_source url=&#8221;https:\/\/sansanews.ro\/ce-au-inceput-sa-vanda-cercetatorii-de-la-experimentala-pretul-ii-surprinde-pe-cumparatori\/&#8221;]<\/p>\n","protected":false},"excerpt":{"rendered":"<p>[analyse_image type=&#8221;featured&#8221; src=&#8221;https:\/\/sansanews.ro\/wp-content\/uploads\/2025\/10\/coada-statiune.jpghttps:\/\/sansanews.ro\/wp-content\/uploads\/2025\/10\/coada-statiune.jpg&#8221;] Toamna vine cu o surpriz\u0103 pentru buzoienii care obi\u0219nuiesc s\u0103 cumpere legumele crescute \u00een serele Sta\u021biunii de Cercetare Legumicol\u0103. \u00cen aceste zile, la magazinul de pe strada Fr\u0103sinet, se vinde porumb dulce, abia recoltat \u0219i numai bun de fiert. Cercet\u0103torii au anun\u021bat c\u0103 este prima data c\u00e2nd comercializeaz\u0103 acest produs \u0219i cantit\u0103\u021bile [&hellip;]<\/p>\n","protected":false},"author":1,"featured_media":0,"comment_status":"open","ping_status":"","sticky":false,"template":"","format":"standard","meta":{"footnotes":""},"categories":[2],"tags":[226,51],"class_list":["post-2124019","post","type-post","status-publish","format-standard","hentry","category-politics","tag-crawlmanager","tag-sansanews-ro"],"_links":{"self":[{"href":"https:\/\/analyse.optim.biz\/index.php?rest_route=\/wp\/v2\/posts\/2124019","targetHints":{"allow":["GET"]}}],"collection":[{"href":"https:\/\/analyse.optim.biz\/index.php?rest_route=\/wp\/v2\/posts"}],"about":[{"href":"https:\/\/analyse.optim.biz\/index.php?rest_route=\/wp\/v2\/types\/post"}],"author":[{"embeddable":true,"href":"https:\/\/analyse.optim.biz\/index.php?rest_route=\/wp\/v2\/users\/1"}],"replies":[{"embeddable":true,"href":"https:\/\/analyse.optim.biz\/index.php?rest_route=%2Fwp%2Fv2%2Fcomments&post=2124019"}],"version-history":[{"count":0,"href":"https:\/\/analyse.optim.biz\/index.php?rest_route=\/wp\/v2\/posts\/2124019\/revisions"}],"wp:attachment":[{"href":"https:\/\/analyse.optim.biz\/index.php?rest_route=%2Fwp%2Fv2%2Fmedia&parent=2124019"}],"wp:term":[{"taxonomy":"category","embeddable":true,"href":"https:\/\/analyse.optim.biz\/index.php?rest_route=%2Fwp%2Fv2%2Fcategories&post=2124019"},{"taxonomy":"post_tag","embeddable":true,"href":"https:\/\/analyse.optim.biz\/index.php?rest_route=%2Fwp%2Fv2%2Ftags&post=2124019"}],"curies":[{"name":"wp","href":"https:\/\/api.w.org\/{rel}","templated":true}]}}