{"id":2124015,"date":"2026-09-02T00:00:00","date_gmt":"2026-09-01T21:00:00","guid":{"rendered":"https:\/\/analyse.optim.biz\/?p=2124015"},"modified":"2026-09-02T00:00:00","modified_gmt":"2026-09-01T21:00:00","slug":"mirabela-gradinaru-avem-datoria-sa-sustinem-mai-ferm-vocea-medicilor-si-a-specialistilor","status":"publish","type":"post","link":"https:\/\/analyse.optim.biz\/?p=2124015","title":{"rendered":"Mirabela Gr\u0103dinaru: Avem datoria s\u0103 sus\u021binem mai ferm vocea medicilor \u0219i a speciali\u0219tilor"},"content":{"rendered":"<p>[analyse_image type=&#8221;featured&#8221; src=&#8221;https:\/\/foto.agerpres.ro\/foto\/detaliu\/19606931&#8243;]<\/p>\n<div class=\"mx-auto pt-3\">\n<p>Societatea are &#8216;datoria&#8217; de a sus\u021bine medicii \u0219i speciali\u0219tii, \u00een contextul \u00een care domeniile \u0219tiin\u021bifice sunt afectate de teorii ale conspira\u021biei, a afirmat, miercuri, Mirabela Gr\u0103dinaru, partenera pre\u0219edintelui Nicu\u0219or Dan.<\/p>\n<p>Ea a sus\u021binut o alocu\u021biune \u00een cadrul dezbaterii &#8216;Prioritate Na\u021bional\u0103 pentru Preven\u021bie &#8211; Medicina de familie \u00een centrul politicilor de s\u0103n\u0103tate \u0219i al rezilien\u021bei sistemului sanitar&#8217;, g\u0103zduit\u0103 la Palatul Cotroceni.<\/p>\n<p><img decoding=\"async\" alt src=\"https:\/\/fotob.agerpres.ro\/foto\/watermark\/19606929\"><\/p>\n<p>&#8216;Tr\u0103im \u00eentr-o perioad\u0103 \u00een care informa\u021bia circul\u0103 rapid, dar nu \u00eentotdeauna corect. Din p\u0103cate, s\u0103n\u0103tatea a devenit unul dintre domeniile cele mai afectate de teoriile conspira\u021biei, de pseudospeciali\u0219ti \u0219i de recomand\u0103ri lipsite de fundament \u0219tiin\u021bific. Cred c\u0103 avem datoria s\u0103 sus\u021binem mai ferm vocea medicilor \u0219i apoi pe cea a speciali\u0219tilor. Avem nevoie de mai mult\u0103 educa\u021bie pentru s\u0103n\u0103tate \u0219i de mai mult\u0103 \u00eencredere \u00een \u0219tiin\u021b\u0103&#8217;, a afirmat Mirabela Gr\u0103dinaru.<\/p>\n<p>\u00cen acest sens, ea a precizat c\u0103 a avut mereu respect pentru medici.<\/p>\n<p>&#8216;Cred c\u0103 exist\u0103 pu\u021bine profesii care presupun at\u00e2t de mult\u0103 responsabilitate, at\u00e2t de mult\u0103 empatie \u0219i at\u00e2t de mult\u0103 putere de a schimba destine. \u0218i dincolo de preg\u0103tirea profesional\u0103 extraordinar\u0103 pe care o presupune medicina, exist\u0103 \u0219i o dimensiune uman\u0103 pe care noi, pacien\u021bii, o sim\u021bim foarte puternic, \u0219i anume \u00eencrederea. \u00cen momentele \u00een care s\u0103n\u0103tatea noastr\u0103 sau a celor dragi este pus\u0103 la \u00eencercare, medicii sunt cei c\u0103tre care ne \u00eendrept\u0103m cu speran\u021b\u0103 \u0219i am f\u0103cut-o de multe ori eu, personal&#8217;, a ar\u0103tat ea.<\/p>\n<p><img decoding=\"async\" alt src=\"https:\/\/fotob.agerpres.ro\/foto\/watermark\/19606926\"><\/p>\n<p>Potrivit Mirabelei Gr\u0103dinaru, medicina de familie vorbe\u0219te despre s\u0103n\u0103tate, dar \u0219i despre grij\u0103, despre continuitate \u0219i despre leg\u0103tura dintre genera\u021bii.<\/p>\n<p>&#8216;Ca mam\u0103, \u0219tiu foarte bine c\u00e2t de important este rolul medicului de familie. De multe ori, atunci c\u00e2nd copiii au un simptom care m\u0103 \u00eengrijoreaz\u0103 sau am nevoie s\u0103 \u00een\u021beleg mai bine un tratament, primul telefon pe care \u00eel dau este c\u0103tre medicul nostru de familie&#8217;, a m\u0103rturisit aceasta.<\/p>\n<p>\u00cen opinia sa, medicul de familie nu este doar cel care \u021bine eviden\u021ba dosarelor medicale sau care completeaz\u0103 trimiteri.<\/p>\n<p>&#8216;Medicul de familie ne cunoa\u0219te istoricul, ne urm\u0103re\u0219te evolu\u021bia \u0219i ne ofer\u0103 siguran\u021ba c\u0103 cineva prive\u0219te s\u0103n\u0103tatea noastr\u0103 \u00een ansamblu. Poate c\u0103 uneori lu\u0103m aceast\u0103 prezen\u021b\u0103 ca pe ceva firesc. Poate ar trebui s\u0103 spunem mai des c\u0103 medicul de familie este una dintre cele mai importante verigi ale sistemului nostru de s\u0103n\u0103tate&#8217;, a ad\u0103ugat Mirabela Gr\u0103dinaru.<\/p>\n<p>Totodat\u0103, a eviden\u021biat c\u0103 medicul de familie se afl\u0103 \u00een prima linie a preven\u021biei, iar preven\u021bia reprezint\u0103 &#8216;una dintre cele mai inteligente investi\u021bii pe care o societate le poate face&#8217;.<\/p>\n<p>&#8216;Dac\u0103 ne dorim o popula\u021bie mai s\u0103n\u0103toas\u0103, costuri mai mici pentru tratarea bolilor \u0219i o calitate mai bun\u0103 a vie\u021bii, atunci trebuie s\u0103 \u00eencepem prin a pune preven\u021bia \u00een centrul politicilor publice&#8217;, a completat Gr\u0103dinaru.<\/p>\n<p>Ea a spus c\u0103 medicii de familie cunosc comunit\u0103\u021bile, cunosc familiile \u0219i pot identifica din timp riscul legat de bolile cardiovasculare, oncologice sau metabolice.<\/p>\n<p>Astfel, preven\u021bia nu mai trebuie privit\u0103 doar ca o op\u021biune, ci ca &#8216;o prioritate strategic\u0103 \u0219i o responsabilitate moral\u0103&#8217;.<\/p>\n<p>&#8216;Atunci c\u00e2nd investim \u00een preven\u021bie, investim \u00een s\u0103n\u0103tatea copiilor no\u0219tri, investim \u00een \u0219ansa p\u0103rin\u021bilor \u0219i a bunicilor no\u0219tri de a se bucura de mai mul\u021bi ani cu s\u0103n\u0103tate \u0219i independen\u021b\u0103, investim \u00een viitorul acestei \u021b\u0103ri&#8217;, a ad\u0103ugat Mirabela Gr\u0103dinaru.<\/p>\n<p><img decoding=\"async\" alt src=\"https:\/\/fotob.agerpres.ro\/foto\/watermark\/19606936\"><\/p>\n<p>Fiecare campanie de vaccinare reu\u0219it\u0103, fiecare persoan\u0103 care \u00een\u021belege importan\u021ba controalelor periodice \u0219i fiecare copil protejat prin preven\u021bie reprezint\u0103 &#8216;o victorie pentru \u00eentreaga societate&#8217;, a mai spus aceasta.<\/p>\n<p>Mirabela Gr\u0103dinaru a pledat \u0219i pentru stimularea medicilor tineri s\u0103 r\u0103m\u00e2n\u0103 \u00een Rom\u00e2nia.<\/p>\n<p>&#8216;Ei nu au nevoie de apreciere, ci \u0219i de condi\u021bii reale pentru a-\u0219i construi aici o carier\u0103 \u0219i nu este suficient s\u0103 form\u0103m profesioni\u0219ti valoro\u0219i dac\u0103 nu le oferim motive reale s\u0103 r\u0103m\u00e2n\u0103 \u0219i s\u0103 \u00ee\u0219i pun\u0103 competen\u021bele \u00een slujba comunit\u0103\u021bilor din care fac parte&#8217;, a mai afirmat ea.<\/p>\n<p>Dezbaterea de la Cotroceni a reunit zeci de exper\u021bi din domeniul medicinei. AGERPRES\/(A &#8211; redactor: Oana Ghi\u021b\u0103, editor: Florin Marin, editor online: Ady Iva\u015fcu)<\/p>\n<p>Foto:\u00a0ALEX MICSIK \/ AGERPRES FOTO<\/p>\n<p>\u00a0<\/p>\n<\/div>\n<div class=\"mx-auto pt-3\">\n                                Afisari: 155\n                            <\/div>\n<p>[analyse_source url=&#8221;https:\/\/agerpres.ro\/sanatate\/2026\/09\/02\/mirabela-gradinaru-avem-datoria-sa-sustinem-mai-ferm-vocea-medicilor-si-a-specialistilor&#8211;1589964&#8243;]<\/p>\n","protected":false},"excerpt":{"rendered":"<p>[analyse_image type=&#8221;featured&#8221; src=&#8221;https:\/\/foto.agerpres.ro\/foto\/detaliu\/19606931&#8243;] Societatea are &#8216;datoria&#8217; de a sus\u021bine medicii \u0219i speciali\u0219tii, \u00een contextul \u00een care domeniile \u0219tiin\u021bifice sunt afectate de teorii ale conspira\u021biei, a afirmat, miercuri, Mirabela Gr\u0103dinaru, partenera pre\u0219edintelui Nicu\u0219or Dan. Ea a sus\u021binut o alocu\u021biune \u00een cadrul dezbaterii &#8216;Prioritate Na\u021bional\u0103 pentru Preven\u021bie &#8211; Medicina de familie \u00een centrul politicilor de s\u0103n\u0103tate \u0219i [&hellip;]<\/p>\n","protected":false},"author":1,"featured_media":0,"comment_status":"open","ping_status":"","sticky":false,"template":"","format":"standard","meta":{"footnotes":""},"categories":[2],"tags":[37,226],"class_list":["post-2124015","post","type-post","status-publish","format-standard","hentry","category-politics","tag-agerpres-ro","tag-crawlmanager"],"_links":{"self":[{"href":"https:\/\/analyse.optim.biz\/index.php?rest_route=\/wp\/v2\/posts\/2124015","targetHints":{"allow":["GET"]}}],"collection":[{"href":"https:\/\/analyse.optim.biz\/index.php?rest_route=\/wp\/v2\/posts"}],"about":[{"href":"https:\/\/analyse.optim.biz\/index.php?rest_route=\/wp\/v2\/types\/post"}],"author":[{"embeddable":true,"href":"https:\/\/analyse.optim.biz\/index.php?rest_route=\/wp\/v2\/users\/1"}],"replies":[{"embeddable":true,"href":"https:\/\/analyse.optim.biz\/index.php?rest_route=%2Fwp%2Fv2%2Fcomments&post=2124015"}],"version-history":[{"count":0,"href":"https:\/\/analyse.optim.biz\/index.php?rest_route=\/wp\/v2\/posts\/2124015\/revisions"}],"wp:attachment":[{"href":"https:\/\/analyse.optim.biz\/index.php?rest_route=%2Fwp%2Fv2%2Fmedia&parent=2124015"}],"wp:term":[{"taxonomy":"category","embeddable":true,"href":"https:\/\/analyse.optim.biz\/index.php?rest_route=%2Fwp%2Fv2%2Fcategories&post=2124015"},{"taxonomy":"post_tag","embeddable":true,"href":"https:\/\/analyse.optim.biz\/index.php?rest_route=%2Fwp%2Fv2%2Ftags&post=2124015"}],"curies":[{"name":"wp","href":"https:\/\/api.w.org\/{rel}","templated":true}]}}