{"id":2124012,"date":"2026-09-02T10:50:26","date_gmt":"2026-09-02T07:50:26","guid":{"rendered":"https:\/\/analyse.optim.biz\/?p=2124012"},"modified":"2026-09-02T10:50:26","modified_gmt":"2026-09-02T07:50:26","slug":"gasca-zurli-revine-pe-scenele-din-bucuresti-sapte-spectacole-sunt-programate-in-aceasta-toamna","status":"publish","type":"post","link":"https:\/\/analyse.optim.biz\/?p=2124012","title":{"rendered":"Ga\u0219ca Zurli revine pe scenele din Bucure\u0219ti. \u0218apte spectacole sunt programate \u00een aceast\u0103 toamn\u0103"},"content":{"rendered":"<p>[analyse_image type=&#8221;featured&#8221; src=&#8221;https:\/\/cdn.adh.reperio.news\/image-9\/988a9103-46ec-4f21-ba8e-ee3732bb961e\/index.jpeg?p=f%3Djpeg%26w%3D1200%26h%3D630%26r%3Dcover&#8221;]<\/p>\n<article class=\"svelte-x63bga\">\n<nav>\n<ul class=\"breadcrump svelte-1pk9a69\">\n<li class=\"svelte-1pk9a69\"><a href=\"https:\/\/adevarul.ro\/\" title=\"Adev\u0103rul\" class=\"svelte-1pk9a69\">Home<\/a><\/li>\n<li class=\"svelte-1pk9a69\"><a href=\"https:\/\/adevarul.ro\/stiri-interne\" class=\"svelte-1pk9a69\">\u0218tiri Interne<\/a><\/li>\n<li class=\"svelte-1pk9a69\"><a href=\"https:\/\/adevarul.ro\/stiri-interne\/evenimente\" class=\"svelte-1pk9a69\">Evenimente<\/a><\/li>\n<li class=\"svelte-1pk9a69\"><a href=\"https:\/\/adevarul.ro\/stiri-interne\/evenimente\/gasca-zurli-revine-pe-scenele-din-bucuresti-sapte-2553618.html\" class=\"svelte-1pk9a69\">Ga\u0219ca Zurli revine pe scenele din Bucure\u0219ti. \u0218apte spectacole sunt programate \u00een aceast\u0103 toamn\u0103<\/a><\/li>\n<\/ul>\n<\/nav>\n<p><main class=\"svelte-x63bga\"><\/p>\n<p>Ga\u0219ca Zurli a anun\u021bat miercuri, 2 septembrie, programul a \u0219apte spectacole care vor avea loc \u00een Bucure\u0219ti, \u00eentre 12 septembrie \u0219i 31 octombrie. Printre produc\u021biile programate se num\u0103r\u0103 spectacole mai vechi ale trupei, dar \u0219i un spectacol aniversar nou, dedicat celor 20 de ani de activitate.<\/p>\n<div class=\"container-image  svelte-1xbw4f3\"><source type=\"image\/webp\" srcset=\"https:\/\/cdn.adh.reperio.news\/image-7\/7620e621-9f15-487b-8ea6-4851387bd295\/index.jpeg?p=a%3D1%26co%3D1.05%26w%3D1400%26h%3D733%26r%3Dcontain%26f%3Dwebp 1400w\" media=\"(min-width: 1400px)\" \/><\/p>\n<div class=\"caption svelte-1xbw4f3\"><span class=\"captionText svelte-1xbw4f3\"><span class=\"source svelte-1xbw4f3\">Foto: Ga\u0219ca Zurli<\/span><\/span><\/div>\n<\/div>\n<p><a href=\"https:\/\/adevarul.ro\/stiri-interne\/societate\/peste-19000-de-parinti-si-copii-au-participat-la-2507530.html\">Printre titlurile mult a\u0219teptate<\/a>\u00a0se<br \/>\nnum\u0103r\u0103 \u0219i spectacolul \u201eLumea lui Mul\u021bumesc&#8221;, care revine pe scena din<br \/>\nBucure\u0219ti pentru prima dat\u0103 din 2018. Celelalte spectacole readuse \u00een fa\u021ba<br \/>\ncopiilor vor fi \u201eBucurie \u00een Farfurie&#8221;, \u201e\u0218eful Casei&#8221;, \u201eMaya \u00een Lumea<br \/>\nZurli&#8221;, \u201eAm o c\u0103su\u021b\u0103 mic\u0103 3.0&#8243; \u0219i \u201eZebra Tony&#8221;. <\/p>\n<p>\u00cen cadrul<br \/>\nreprezenta\u021biilor, personajele din Ga\u0219c\u0103 nu vor fi singure: Mirela Retegan, Maya<br \/>\n\u0219i Antonia se vor al\u0103tura pe r\u00e2nd \u0219i vor crea momente magice pentru cei mici.<br \/>\nSurpriza acestei stagiuni va fi spectacolul aniversar Zurli 20, care va marca<br \/>\ncei 20 de ani de z\u00e2mbete \u0219i bucurie petrecu\u021bi de genera\u021bii de copii al\u0103turi de<br \/>\nGa\u0219ca Zurli.<\/p>\n<p><i>\u201eAnul acesta, Zurli \u00eempline\u0219te 20 de<br \/>\nani. Sunt dou\u0103 decenii \u00een care am crescut \u00eempreun\u0103 cu copiii \u0219i cu p\u0103rin\u021bii din<br \/>\nRom\u00e2nia. Toamna aceasta aducem \u00een Bucure\u0219ti o stagiune special\u0103, cu cele mai<br \/>\niubite spectacole din istoria Zurli. <\/i><\/p>\n<p><i>Abia a\u0219tept s\u0103 umplem din nou s\u0103lile de<br \/>\nr\u00e2sete, energie bun\u0103 \u0219i \u00eembr\u0103\u021bi\u0219\u0103ri\u201d, <\/i>a declarat Mirela Retegan,<br \/>\nfondatoarea Zurli.<\/p>\n<p><b>Programul<br \/>\ncomplet al stagiunii de toamn\u0103:<\/b><\/p>\n<p>Stagiunea<br \/>\ndebuteaz\u0103 pe 12 septembrie \u0219i include o serie de 7 spectacole desf\u0103\u0219urate<br \/>\ns\u0103pt\u0103m\u00e2nal:<\/p>\n<ul>\n<li>12 septembrie \u2013 <i>Bucurie \u00een Farfurie<\/i><\/li>\n<li>19 septembrie \u2013 <i>\u0218eful Casei<\/i><\/li>\n<li>3 octombrie \u2013 <i>Maya \u00een Lumea Zurli<\/i><\/li>\n<li>10 octombrie \u2013 <i>Zurli 20<\/i> (spectacol aniversar)<\/li>\n<li>17 octombrie \u2013 <i>Am o c\u0103su\u021b\u0103 mic\u0103 3.0<\/i><\/li>\n<li>24 octombrie \u2013 <i>Lumea lui Mul\u021bumesc<\/i><\/li>\n<li>31 octombrie \u2013 <i>Zebra Tony<\/i><\/li>\n<\/ul>\n<p>Biletele pentru \u00eentreaga stagiune de<br \/>\ntoamn\u0103 sunt disponibile \u00eencep\u00e2nd de ast\u0103zi \u0219i pot fi achizi\u021bionate online de pe<br \/>\n<a href=\"https:\/\/www.zurli.ro\" target=\"_blank\" rel=\"nofollow\">Zurli.ro<\/a>.<\/p>\n<p><\/main><\/p>\n<footer class=\"svelte-x63bga\">\n<div class=\"related-wrap related-footer svelte-78g0vl\"><span class=\"related-label svelte-78g0vl\">Cite\u0219te \u0219i<\/span><a class=\"related svelte-78g0vl\" data-gtrack=\"{&quot;event&quot;:&quot;utm_click&quot;,&quot;data&quot;:{&quot;event_category&quot;:&quot;article_related&quot;}}\" href=\"https:\/\/adevarul.ro\/interviurile-adevarul\/gasca-zurli-revine-mirela-retegan-si-maya-aduc-2476471.html\" title=\"Alt articol de interes pentru tine\"><img decoding=\"async\" class=\"thumb svelte-78g0vl\" src=\"https:\/\/cdn.adh.reperio.news\/image-3\/3ac3f8a3-e7a0-4aef-875c-3baf758509d0\/index.png?p=f%3Dwebp%26w%3D120%26h%3D80%26r%3Dcover%26a%3D0\" alt loading=\"lazy\" width=\"80\" height=\"54\"><span class=\"title svelte-78g0vl\">Ga\u0219ca Zurli revine. Mirela Retegan \u0219i Maya aduc spectacolul copil\u0103riei care une\u0219te p\u0103rin\u021bi \u0219i copii<\/span><\/a><a class=\"related svelte-78g0vl\" data-gtrack=\"{&quot;event&quot;:&quot;utm_click&quot;,&quot;data&quot;:{&quot;event_category&quot;:&quot;article_related&quot;}}\" href=\"https:\/\/adevarul.ro\/showbiz\/vedete\/gasca-zurli-o-punte-intre-copii-si-parinti-2478317.html\" title=\"Alt articol de interes pentru tine\"><img decoding=\"async\" class=\"thumb svelte-78g0vl\" src=\"https:\/\/cdn.adh.reperio.news\/image-e\/e82a7bba-063f-4853-9d98-93706c8f2e5c\/index.jpeg?p=f%3Dwebp%26w%3D120%26h%3D80%26r%3Dcover%26a%3D0\" alt loading=\"lazy\" width=\"80\" height=\"54\"><span class=\"title svelte-78g0vl\">Ga\u0219ca Zurli, o punte \u00eentre copii \u0219i p\u0103rin\u021bi. Mirela Retegan: \u201eMomentul \u00een care dispare joaca din via\u021ba noastr\u0103, dispare bucuria\u201c<\/span><\/a><a class=\"related svelte-78g0vl\" data-gtrack=\"{&quot;event&quot;:&quot;utm_click&quot;,&quot;data&quot;:{&quot;event_category&quot;:&quot;article_related&quot;}}\" href=\"https:\/\/adevarul.ro\/stiri-interne\/societate\/peste-19000-de-parinti-si-copii-au-participat-la-2507530.html\" title=\"Alt articol de interes pentru tine\"><img decoding=\"async\" class=\"thumb svelte-78g0vl\" src=\"https:\/\/cdn.adh.reperio.news\/image-9\/945325e4-f824-4023-9d17-750243d6e25b\/index.jpeg?p=f%3Dwebp%26w%3D120%26h%3D80%26r%3Dcover%26a%3D0\" alt loading=\"lazy\" width=\"80\" height=\"54\"><span class=\"title svelte-78g0vl\">Ga\u0219ca Zurli preg\u0103te\u0219te un nou turneu dedicat mamelor. Peste 19.000 de p\u0103rin\u021bi \u0219i copii au participat la spectacolele din ultimele luni<\/span><\/a><\/div>\n<div class=\"meta svelte-x63bga\">\n<div class=\"authors svelte-x63bga\"><span class=\"names svelte-x63bga\"><a href=\"https:\/\/adevarul.ro\/author\/2070\" rel=\"author\" class=\"svelte-x63bga\">Narcis Ghiurca<\/a><\/span><\/p>\n<div class=\"_hydratable\" data-props=\"%7B%22showLive%22%3Atrue%7D\" data-context=\"%7B%22parentBlockColumnCount%22%3A%7B%22value%22%3A0%2C%22type%22%3A%22store%2Freadable%22%7D%2C%22parentBlockBackgroundColor%22%3A%7B%22type%22%3A%22store%2Freadable%22%7D%7D\" data-component=\"ShareButton\">\n<div class=\"shareButtons svelte-itwbrr\">\n<div class=\"liveSessions metaFont svelte-1maxmbf\"><span class=\"value svelte-1maxmbf\">1<\/span> live <\/div>\n<\/div>\n<\/div>\n<\/div>\n<div class=\"tags svelte-1l3vwp1\"><span class=\"tags-label metaFont svelte-1l3vwp1\">Cite\u0219te mai multe despre<\/span><\/p>\n<div class=\"tags-list svelte-1l3vwp1\"><a href=\"https:\/\/adevarul.ro\/tag\/bucuresti\" title=\"Ultimele \u0219tiri despre bucuresti\" class=\"tag-pill svelte-1l3vwp1\">bucuresti<\/a><a href=\"https:\/\/adevarul.ro\/tag\/spectacole\" title=\"Ultimele \u0219tiri despre spectacole\" class=\"tag-pill svelte-1l3vwp1\">spectacole<\/a><a href=\"https:\/\/adevarul.ro\/tag\/gasca%20zurli\" title=\"Ultimele \u0219tiri despre gasca zurli\" class=\"tag-pill svelte-1l3vwp1\">gasca zurli<\/a><\/div>\n<\/div>\n<\/div>\n<p><a class=\"moreFromCategory svelte-x63bga\" href=\"https:\/\/adevarul.ro\/stiri-interne\/evenimente\" title=\"Evenimente\">Mai multe din <strong class=\"svelte-x63bga\">Evenimente<\/strong> \u203a<\/a><\/footer>\n<\/article>\n<p>[analyse_source url=&#8221;https:\/\/adevarul.ro\/stiri-interne\/evenimente\/gasca-zurli-revine-pe-scenele-din-bucuresti-sapte-2553618.html&#8221;]<\/p>\n","protected":false},"excerpt":{"rendered":"<p>[analyse_image type=&#8221;featured&#8221; src=&#8221;https:\/\/cdn.adh.reperio.news\/image-9\/988a9103-46ec-4f21-ba8e-ee3732bb961e\/index.jpeg?p=f%3Djpeg%26w%3D1200%26h%3D630%26r%3Dcover&#8221;] Home \u0218tiri Interne Evenimente Ga\u0219ca Zurli revine pe scenele din Bucure\u0219ti. \u0218apte spectacole sunt programate \u00een aceast\u0103 toamn\u0103 Ga\u0219ca Zurli a anun\u021bat miercuri, 2 septembrie, programul a \u0219apte spectacole care vor avea loc \u00een Bucure\u0219ti, \u00eentre 12 septembrie \u0219i 31 octombrie. Printre produc\u021biile programate se num\u0103r\u0103 spectacole mai vechi ale trupei, dar [&hellip;]<\/p>\n","protected":false},"author":1,"featured_media":0,"comment_status":"open","ping_status":"","sticky":false,"template":"","format":"standard","meta":{"footnotes":""},"categories":[89],"tags":[19,226],"class_list":["post-2124012","post","type-post","status-publish","format-standard","hentry","category-romania","tag-adevarul","tag-crawlmanager"],"_links":{"self":[{"href":"https:\/\/analyse.optim.biz\/index.php?rest_route=\/wp\/v2\/posts\/2124012","targetHints":{"allow":["GET"]}}],"collection":[{"href":"https:\/\/analyse.optim.biz\/index.php?rest_route=\/wp\/v2\/posts"}],"about":[{"href":"https:\/\/analyse.optim.biz\/index.php?rest_route=\/wp\/v2\/types\/post"}],"author":[{"embeddable":true,"href":"https:\/\/analyse.optim.biz\/index.php?rest_route=\/wp\/v2\/users\/1"}],"replies":[{"embeddable":true,"href":"https:\/\/analyse.optim.biz\/index.php?rest_route=%2Fwp%2Fv2%2Fcomments&post=2124012"}],"version-history":[{"count":0,"href":"https:\/\/analyse.optim.biz\/index.php?rest_route=\/wp\/v2\/posts\/2124012\/revisions"}],"wp:attachment":[{"href":"https:\/\/analyse.optim.biz\/index.php?rest_route=%2Fwp%2Fv2%2Fmedia&parent=2124012"}],"wp:term":[{"taxonomy":"category","embeddable":true,"href":"https:\/\/analyse.optim.biz\/index.php?rest_route=%2Fwp%2Fv2%2Fcategories&post=2124012"},{"taxonomy":"post_tag","embeddable":true,"href":"https:\/\/analyse.optim.biz\/index.php?rest_route=%2Fwp%2Fv2%2Ftags&post=2124012"}],"curies":[{"name":"wp","href":"https:\/\/api.w.org\/{rel}","templated":true}]}}