{"id":2124010,"date":"2026-09-02T00:00:00","date_gmt":"2026-09-01T21:00:00","guid":{"rendered":"https:\/\/analyse.optim.biz\/?p=2124010"},"modified":"2026-09-02T00:00:00","modified_gmt":"2026-09-01T21:00:00","slug":"fotbal-farul-constanta-s-a-despartit-de-bogdan-tiru-transferat-in-liga-a-3-a-spaniola","status":"publish","type":"post","link":"https:\/\/analyse.optim.biz\/?p=2124010","title":{"rendered":"Fotbal: Farul Constan\u021ba s-a desp\u0103r\u021bit de Bogdan \u021a\u00eeru, transferat \u00een liga a 3-a spaniol\u0103"},"content":{"rendered":"<p>[analyse_image type=&#8221;featured&#8221; src=&#8221;https:\/\/agerpres.ro\/data\/202609\/20260902125552_610553.jpg&#8221;]<\/p>\n<div class=\"mx-auto pt-3\">\n<p>Echipa de fotbal Farul Constan\u021ba a anun\u021bat, miercuri, prin intermediul paginii oficiale de Facebook, c\u0103 a ajuns la o \u00een\u021belegere cu funda\u0219ul central Bogdan \u021a\u00eeru pentru \u00eentreruperea rela\u021biilor contractuale.<\/p>\n<p>&#8216;Mul\u021bumim, Bogdan \u021a\u00eeru! Funda\u0219ul central Bogdan \u021a\u00eeru nu mai este juc\u0103torul forma\u021biei noastre. Mul\u021bumim, Bogdan, pentru toate momentele frumoase \u00een tricoul echipei noastre \u0219i mult succes mai departe!&#8217;, au transmis reprezentan\u021bii echipei const\u0103n\u021bene.<\/p>\n<p>Juc\u0103torul rom\u00e2n a semnat deja un alt angajament cu forma\u021bia spaniol\u0103 de liga a 3-a Cultural Leonesa. Conform site-ului oficial al grup\u0103rii spaniole, \u021a\u00eeru a semnat, din postura de juc\u0103tor liber, un contract valabil pentru un sezon cu op\u021biune de prelungire pentru \u00eenc\u0103 unul.<\/p>\n<p>\u00cen v\u00e2rst\u0103 de 32 de ani, Bogdan \u021a\u00eeru a evoluat pentru Farul Constan\u021ba, \u00een diverse perioade, \u00een toate competi\u021biile, \u00een 229 de partide, \u00een care a marcat 11 goluri \u0219i a oferit 2 pase decisive.<\/p>\n<p>Este fost interna\u021bional U17, U18, U19 \u0219i U21 al Rom\u00e2niei, dar are, de asemenea, \u0219i 2 selec\u021bii la prima reprezentativ\u0103 a Rom\u00e2niei.<\/p>\n<p>\u00cen cariera sa, Bogdan \u021a\u00eeru a mai evoluat la echipe precum Warta Poznan, CFR Cluj, Jagiellonia \u0219i FC Voluntari.<br \/>\nAGERPRES\/ (AS &#8211; redactor: Adrian \u021aone, editor: Mihai Dragomir, editor online: Ady Iva\u015fcu)<\/p>\n<\/div>\n<div class=\"mx-auto pt-3\">\n                                Afisari: 147\n                            <\/div>\n<p>[analyse_source url=&#8221;https:\/\/agerpres.ro\/sport\/2026\/09\/02\/fotbal-farul-constanta-s-a-despartit-de-bogdan-tiru-transferat-in-liga-a-3-a-spaniola&#8211;1589956&#8243;]<\/p>\n","protected":false},"excerpt":{"rendered":"<p>[analyse_image type=&#8221;featured&#8221; src=&#8221;https:\/\/agerpres.ro\/data\/202609\/20260902125552_610553.jpg&#8221;] Echipa de fotbal Farul Constan\u021ba a anun\u021bat, miercuri, prin intermediul paginii oficiale de Facebook, c\u0103 a ajuns la o \u00een\u021belegere cu funda\u0219ul central Bogdan \u021a\u00eeru pentru \u00eentreruperea rela\u021biilor contractuale. &#8216;Mul\u021bumim, Bogdan \u021a\u00eeru! Funda\u0219ul central Bogdan \u021a\u00eeru nu mai este juc\u0103torul forma\u021biei noastre. Mul\u021bumim, Bogdan, pentru toate momentele frumoase \u00een tricoul echipei noastre [&hellip;]<\/p>\n","protected":false},"author":1,"featured_media":0,"comment_status":"open","ping_status":"","sticky":false,"template":"","format":"standard","meta":{"footnotes":""},"categories":[2],"tags":[37,226],"class_list":["post-2124010","post","type-post","status-publish","format-standard","hentry","category-politics","tag-agerpres-ro","tag-crawlmanager"],"_links":{"self":[{"href":"https:\/\/analyse.optim.biz\/index.php?rest_route=\/wp\/v2\/posts\/2124010","targetHints":{"allow":["GET"]}}],"collection":[{"href":"https:\/\/analyse.optim.biz\/index.php?rest_route=\/wp\/v2\/posts"}],"about":[{"href":"https:\/\/analyse.optim.biz\/index.php?rest_route=\/wp\/v2\/types\/post"}],"author":[{"embeddable":true,"href":"https:\/\/analyse.optim.biz\/index.php?rest_route=\/wp\/v2\/users\/1"}],"replies":[{"embeddable":true,"href":"https:\/\/analyse.optim.biz\/index.php?rest_route=%2Fwp%2Fv2%2Fcomments&post=2124010"}],"version-history":[{"count":0,"href":"https:\/\/analyse.optim.biz\/index.php?rest_route=\/wp\/v2\/posts\/2124010\/revisions"}],"wp:attachment":[{"href":"https:\/\/analyse.optim.biz\/index.php?rest_route=%2Fwp%2Fv2%2Fmedia&parent=2124010"}],"wp:term":[{"taxonomy":"category","embeddable":true,"href":"https:\/\/analyse.optim.biz\/index.php?rest_route=%2Fwp%2Fv2%2Fcategories&post=2124010"},{"taxonomy":"post_tag","embeddable":true,"href":"https:\/\/analyse.optim.biz\/index.php?rest_route=%2Fwp%2Fv2%2Ftags&post=2124010"}],"curies":[{"name":"wp","href":"https:\/\/api.w.org\/{rel}","templated":true}]}}