{"id":2124005,"date":"2026-09-02T09:38:56","date_gmt":"2026-09-02T06:38:56","guid":{"rendered":"https:\/\/analyse.optim.biz\/?p=2124005"},"modified":"2026-09-02T09:38:56","modified_gmt":"2026-09-02T06:38:56","slug":"fara-examen-suplimentar-la-liceu-comisia-din-senat-a-votat-in-unanimitate-abrogarea-lui-proiectul-merge","status":"publish","type":"post","link":"https:\/\/analyse.optim.biz\/?p=2124005","title":{"rendered":"F\u0103r\u0103 examen suplimentar la liceu. Comisia din Senat a votat \u00een unanimitate abrogarea lui. Proiectul merge&#8230;"},"content":{"rendered":"<p>[analyse_image type=&#8221;featured&#8221; src=&#8221;https:\/\/cdn.adh.reperio.news\/image-f\/ff3ed29a-94db-4cc2-9449-80a8e40549b3\/index.png?p=f%3Djpeg%26w%3D1200%26h%3D630%26r%3Dcover&#8221;]<\/p>\n<article class=\"svelte-x63bga\">\n<nav>\n<ul class=\"breadcrump svelte-1pk9a69\">\n<li class=\"svelte-1pk9a69\"><a href=\"https:\/\/adevarul.ro\/\" title=\"Adev\u0103rul\" class=\"svelte-1pk9a69\">Home<\/a><\/li>\n<li class=\"svelte-1pk9a69\"><a href=\"https:\/\/adevarul.ro\/stiri-interne\" class=\"svelte-1pk9a69\">\u0218tiri Interne<\/a><\/li>\n<li class=\"svelte-1pk9a69\"><a href=\"https:\/\/adevarul.ro\/stiri-interne\/educatie\" class=\"svelte-1pk9a69\">Educa\u021bie<\/a><\/li>\n<li class=\"svelte-1pk9a69\"><a href=\"https:\/\/adevarul.ro\/stiri-interne\/educatie\/senatul-elimina-examenul-separat-de-admitere-la-2553597.html\" class=\"svelte-1pk9a69\">F\u0103r\u0103 examen suplimentar la liceu. Comisia din Senat a votat \u00een unanimitate abrogarea lui. Proiectul merge la votul plenului<\/a><\/li>\n<\/ul>\n<\/nav>\n<p><main class=\"svelte-x63bga\"><\/p>\n<p>Comisia pentru<br \/>\n\u00cenv\u0103\u021b\u0103m\u00e2nt a Senatului a adoptat miercuri, 2 septembrie, \u00een unanimitate,<br \/>\n un proiect de lege care prevede abrogarea examenului suplimentar de<br \/>\nadmitere la liceu, introdus prin Legea \u00eenv\u0103\u021b\u0103m\u00e2ntului preuniversitar din<br \/>\n 2023. To\u021bi senatorii prezen\u021bi la \u0219edin\u021b\u0103 au votat pentru desfiin\u021barea<br \/>\nacestui mecanism, care permitea liceelor s\u0103 organizeze un concurs<br \/>\npropriu pentru maximum 50% din locuri. Proiectul urmeaz\u0103 s\u0103 fie supus<br \/>\nvotului \u00een plenul Senatului, care este camer\u0103 decizional\u0103.<\/p>\n<div class=\"container-image  svelte-1xbw4f3\"><source type=\"image\/webp\" srcset=\"https:\/\/cdn.adh.reperio.news\/image-f\/ff3ed29a-94db-4cc2-9449-80a8e40549b3\/index.png?p=a%3D1%26co%3D1.05%26w%3D1400%26h%3D750%26r%3Dcontain%26f%3Dwebp 1400w\" media=\"(min-width: 1400px)\" \/><\/p>\n<div class=\"caption svelte-1xbw4f3\"><span class=\"captionText svelte-1xbw4f3\">Elevii nu vor da deocamdat\u0103 dou\u0103 examene pentru a intra la liceu <span class=\"source svelte-1xbw4f3\">Foto: Arhiva<\/span><\/span><\/div>\n<\/div>\n<p>La<br \/>\n finalul \u0219edin\u021bei, pre\u0219edintele Comisiei de \u00eenv\u0103\u021b\u0103m\u00e2nt din Senat,<br \/>\nsenatorul USR \u0218tefan P\u0103l\u0103rie, a anun\u021bat c\u0103, p\u00e2n\u0103 la votul plenului,<br \/>\ncomisia a decis eliminarea examenului paralel. P\u0103l\u0103rie este, de altfel,<br \/>\nco-ini\u021biatorul proiectului de lege prin care USR a sus\u021binut abrogarea<br \/>\nexamenului suplimentar, nu am\u00e2narea (prorogarea) acestuia, a\u0219a cum<br \/>\nprevedeau celelalte dou\u0103 proiecte de lege, ale PNL \u0219i PSD.<\/p>\n<p>C\u0103t\u0103lin<br \/>\n Nan, pre\u0219edintele Federa\u021biei Na\u021bionale a P\u0103rin\u021bilor \u2013 Edupart, a<br \/>\nsalutat decizia \u00eentr-o postare pe Facebook.<\/p>\n<p><i>\u201eABROGAREA<br \/>\n a fost votat\u0103 \u00een Comisia pentru \u00cenv\u0103\u021b\u0103m\u00e2nt a Senatului. Dup\u0103 toate<br \/>\nargumentele prezentate, dup\u0103 dou\u0103 \u0219edin\u021be, dup\u0103 am\u00e2n\u0103ri \u0219i multe dispute<br \/>\n politice, pozi\u021bia pe care am sus\u021binut-o de la \u00eenceput a c\u00e2\u0219tigat. Am<br \/>\nap\u0103rat un principiu simplu: nu construim sistemul na\u021bional de admitere<br \/>\npentru c\u00e2teva colegii \u0219i nu punem \u00eenc\u0103 un examen peste Evaluarea<br \/>\nNa\u021bional\u0103. Am venit cu vocea p\u0103rin\u021bilor, cu argumente \u0219i cu date. Am<br \/>\nmers p\u00e2n\u0103 la cap\u0103t. Ast\u0103zi am avut succes. Ast\u0103zi au c\u00e2\u0219tigat copiii.<br \/>\nUrmeaz\u0103 parcursul legislativ \u0219i vom fi acolo p\u00e2n\u0103 la votul final\u201d<\/i>, a<br \/>\nscris C\u0103t\u0103lin Nan.<\/p>\n<div class=\"raw-block\"><iframe loading=\"lazy\" width=\"560\" height=\"315\" src=\"https:\/\/www.youtube.com\/embed\/PZl4bupsv2U?si=DDRhU4nDZuXyAdpe\" frameborder allow=\"accelerometer; autoplay; clipboard-write; encrypted-media; gyroscope; picture-in-picture; web-share\" allowfullscreen class=\"responsive\"><\/iframe><\/div>\n<h2>Condi\u021bia pentru aplicarea legii \u00een anul \u0219colar curent<\/h2>\n<p>Pentru<br \/>\n ca abrogarea s\u0103 produc\u0103 efecte \u00eenc\u0103 din anul \u0219colar 2026-2027,<br \/>\nParlamentul trebuie s\u0103 introduc\u0103 o derogare explicit\u0103 de la articolul 10<br \/>\n alineatul (2) din Legea \u00eenv\u0103\u021b\u0103m\u00e2ntului preuniversitar. \u00cen lipsa acestei<br \/>\n derog\u0103ri, modific\u0103rile legislative intr\u0103 \u00een vigoare abia \u00eencep\u00e2nd cu<br \/>\nprima zi a anului \u0219colar urm\u0103tor celui \u00een care sunt adoptate, ceea ce ar<br \/>\n \u00eensemna anul \u0219colar 2027-2028. P\u00e2n\u0103 la modificarea \u0219i intrarea \u00een<br \/>\nvigoare a legii, Ministerul Educa\u021biei \u0219i Cercet\u0103rii este obligat s\u0103<br \/>\naplice legea aflat\u0103 \u00een vigoare.<\/p>\n<p>Pe\u00a0 26 august, senatorii PNL s-au ab\u021binut la votul pentru abrogare, \u00een timp<br \/>\n ce PSD a sus\u021binut prorogarea, iar fo\u0219tii mini\u0219tri ai Educa\u021biei, Monica<br \/>\nAnisie \u0219i Sorin C\u00eempeanu, au propus am\u00e2narea cu patru ani a examenului.<br \/>\nLa finalul acelei \u0219edin\u021be, senatorul USR \u0218tefan P\u0103l\u0103rie a declarat c\u0103,<br \/>\nde\u0219i niciun senator nu sus\u021bine mecanismul, unii au hot\u0103r\u00e2t s\u0103 se opun\u0103<br \/>\nvotului de abrogare, p\u0103str\u00e2nd o solu\u021bie de am\u00e2nare.<\/p>\n<p>Dup\u0103<br \/>\n o zi cu trei r\u0103sturn\u0103ri de situa\u021bie \u00een Senat, proiectul a fost retrimis<br \/>\n la Comisia pentru \u00eenv\u0103\u021b\u0103m\u00e2nt. Problema care s-a ivit a fost c\u0103 termenul<br \/>\n pe care parlamentarii \u00eencearc\u0103 s\u0103 \u00eel proroge ajunge la momentul<br \/>\naplic\u0103rii, iar discu\u021bia juridic\u0103 s-a schimbat: concursul separat r\u0103m\u00e2ne<br \/>\n\u00een lege, iar o eventual\u0103 interven\u021bie ulterioar\u0103 trebuie s\u0103 stabileasc\u0103<br \/>\nexpres ce se \u00eent\u00e2mpl\u0103 cu genera\u021bia pentru care noul regim a devenit<br \/>\naplicabil.<\/p>\n<p><a class=\"related-inline svelte-78g0vl\" data-gtrack=\"{&quot;event&quot;:&quot;utm_click&quot;,&quot;data&quot;:{&quot;event_category&quot;:&quot;article_related&quot;}}\" href=\"https:\/\/adevarul.ro\/stiri-interne\/educatie\/pur-si-simplu-inacceptabil-mircea-dumitru-atac-2552093.html\" title=\"Alt articol de interes pentru tine\"><span class=\"inline-title svelte-78g0vl\">\u201ePur \u0219i simplu inacceptabil\u201d. Mircea Dumitru, atac dur la Evaluarea Na\u021bional\u0103 \u0219i admiterea separat\u0103<\/span><\/a><\/p>\n<p>Proiectul<br \/>\n ajuns \u00een Parlament a pornit de la ideea prorog\u0103rii termenului de la<br \/>\narticolul 248 alineatul (4). Camera Deputa\u021bilor a produs \u00eens\u0103 o formul\u0103<br \/>\ncontradictorie: a p\u0103strat prorogarea \u0219i, simultan, a votat abrogarea<br \/>\narticolelor care reglementeaz\u0103 concursul separat. Miercuri, Comisia<br \/>\npentru \u00eenv\u0103\u021b\u0103m\u00e2nt a Senatului a ales alt\u0103 variant\u0103, elimin\u00e2nd abrogarea<br \/>\n\u0219i p\u0103str\u00e2nd concursul \u00een lege, dar mut\u00e2nd aplicarea noului sistem la<br \/>\ngenera\u021bia care \u00eencepe clasa a V-a \u00een anul \u0219colar 2026-2027. Amendamentul<br \/>\n a fost propus de senatorii Monica-Cristina Anisie (PNL), Carmen Orban<br \/>\n(PSD), Sorin C\u00eempeanu (PNL) \u0219i Cristian Nicula (PSD) \u0219i a fost adoptat<br \/>\ncu majoritate \u00een Comisie.<\/p>\n<p>\u00cen<br \/>\n aceea\u0219i \u0219edin\u021b\u0103, Comisia a respins amendamentele USR care eliminau<br \/>\nprorogarea \u0219i p\u0103strau solu\u021bia adoptat\u0103 de Camera Deputa\u021bilor privind<br \/>\nabrogarea concursului separat. Plenul Senatului a \u00eentors apoi solu\u021bia<br \/>\nComisiei, vot\u00e2nd cu 53 de voturi \u201epentru\u201d, 42 \u201e\u00eempotriv\u0103\u201d \u0219i 4 ab\u021bineri<br \/>\npentru admiterea amendamentelor pe care Comisia le respinsese. Acestea<br \/>\neliminau prorogarea \u0219i men\u021bineau abrogarea examenului separat. Proiectul<br \/>\n nu a mai ajuns \u00eens\u0103 la vot final, deoarece senatorul PSD C\u0103t\u0103lin Zamfir<br \/>\n a cerut retrimiterea raportului la Comisia pentru \u00eenv\u0103\u021b\u0103m\u00e2nt,<br \/>\nsolicitare aprobat\u0103 de plen cu 76 de voturi \u201epentru\u201d \u0219i 44 \u201e\u00eempotriv\u0103\u201d.<\/p>\n<h2>Avertismentul ministrului<\/h2>\n<p>Recent, ministrul Educa\u021biei, Mihai Dimian, avertizeaz\u0103 c\u0103 <a href=\"https:\/\/adevarul.ro\/stiri-interne\/educatie\/examenul-de-admitere-la-liceu-poate-intra-in-2553080.html\">examenul separat de admitere la liceu<\/a> ar putea fi aplicat chiar din anul \u0219colar 2026-2027 dac\u0103 Parlamentul nu modific\u0103 la timp legisla\u021bia. Pentru ca am\u00e2narea sau abrogarea prevederii s\u0103 produc\u0103 efecte din acest an \u0219colar, legea trebuie s\u0103 prevad\u0103 explicit o derogare, \u00een caz contrar schimbarea urm\u00e2nd s\u0103 se aplice abia din 2027-2028.<\/p>\n<h2>Mircea Dumitru, atac dur la Evaluarea Na\u021bional\u0103\u00a0<\/h2>\n<p>Fostul ministru Mircea Dumitru a fost unul dintre cei care a criticat dur ideea admiterii separate la liceu. <a href=\"https:\/\/adevarul.ro\/stiri-interne\/educatie\/pur-si-simplu-inacceptabil-mircea-dumitru-atac-2552093.html\">El a explicat pentru \u201eAdevarul\u201d c\u0103 elevii de 14-15 ani nu ar trebui s\u0103 fie supu\u0219i la dou\u0103 examene consecutive. <\/a>Fostul ministru al Educa\u021biei pledeaz\u0103 pentru o Evaluare Na\u021bional\u0103 unitar\u0103 \u0219i mai complex\u0103 \u0219i avertizeaz\u0103 c\u0103 lipsa unei dezbateri reale asupra prevederii adoptate \u00een 2023 arat\u0103 o sl\u0103biciune a dialogului public.\u00a0<\/p>\n<p>De altfel, directoarea Colegiului \u201eI.L. Caragiale\u201d din Bucure\u0219ti, Andreia Bodea, anun\u021base deja c\u0103 liceul pe care \u00eel conduce<a href=\"https:\/\/adevarul.ro\/stiri-interne\/educatie\/de-la-anul-se-va-putea-intra-pe-pile-la-liceu-2550756.html\"> nu va organiza examenul \u00een 2027, <\/a>invoc\u00e2nd lipsa necesit\u0103\u021bii, suprasolicitarea cadrelor \u0219i riscul afect\u0103rii reputa\u021biei unit\u0103\u021bii de \u00eenv\u0103\u021b\u0103m\u00e2nt.<\/p>\n<p><\/main><\/p>\n<footer class=\"svelte-x63bga\">\n<div class=\"related-wrap related-footer svelte-78g0vl\"><span class=\"related-label svelte-78g0vl\">Cite\u0219te \u0219i<\/span><a class=\"related svelte-78g0vl\" data-gtrack=\"{&quot;event&quot;:&quot;utm_click&quot;,&quot;data&quot;:{&quot;event_category&quot;:&quot;article_related&quot;}}\" href=\"https:\/\/adevarul.ro\/stiri-interne\/evenimente\/dubla-admitere-la-liceu-amanata-cu-patru-ani-2552226.html\" title=\"Alt articol de interes pentru tine\"><img decoding=\"async\" class=\"thumb svelte-78g0vl\" src=\"https:\/\/cdn.adh.reperio.news\/image-5\/5a81748a-f5db-4842-8a80-f4cf72341a22\/index.webp?p=f%3Dwebp%26w%3D120%26h%3D80%26r%3Dcover%26a%3D0\" alt loading=\"lazy\" width=\"80\" height=\"54\"><span class=\"title svelte-78g0vl\">Dubla admitere la liceu, am\u00e2nat\u0103 cu patru ani. Proiectul merge la vot \u00een plenul Senatului<\/span><\/a><a class=\"related svelte-78g0vl\" data-gtrack=\"{&quot;event&quot;:&quot;utm_click&quot;,&quot;data&quot;:{&quot;event_category&quot;:&quot;article_related&quot;}}\" href=\"https:\/\/adevarul.ro\/stiri-interne\/educatie\/examenul-de-admitere-la-liceu-poate-intra-in-2553080.html\" title=\"Alt articol de interes pentru tine\"><img decoding=\"async\" class=\"thumb svelte-78g0vl\" src=\"https:\/\/cdn.adh.reperio.news\/image-5\/5496540d-4749-4994-bd5c-458cbf03bf37\/index.jpeg?p=f%3Dwebp%26w%3D120%26h%3D80%26r%3Dcover%26a%3D0\" alt loading=\"lazy\" width=\"80\" height=\"54\"><span class=\"title svelte-78g0vl\">Examenul de admitere la liceu poate intra \u00een vigoare dac\u0103 Parlamentul \u00eent\u00e2rzie legea. Avertismentul ministrului Educa\u021biei<\/span><\/a><\/div>\n<div class=\"meta svelte-x63bga\">\n<div class=\"authors svelte-x63bga\"><span class=\"names svelte-x63bga\"><a href=\"https:\/\/adevarul.ro\/author\/2135\" rel=\"author\" class=\"svelte-x63bga\">Mihai Negrici<\/a><\/span><\/p>\n<div class=\"_hydratable\" data-props=\"%7B%22showLive%22%3Atrue%7D\" data-context=\"%7B%22parentBlockColumnCount%22%3A%7B%22value%22%3A0%2C%22type%22%3A%22store%2Freadable%22%7D%2C%22parentBlockBackgroundColor%22%3A%7B%22type%22%3A%22store%2Freadable%22%7D%7D\" data-component=\"ShareButton\">\n<div class=\"shareButtons svelte-itwbrr\">\n<div class=\"liveSessions metaFont svelte-1maxmbf\"><span class=\"value svelte-1maxmbf\">1<\/span> live <\/div>\n<\/div>\n<\/div>\n<\/div>\n<div class=\"tags svelte-1l3vwp1\"><span class=\"tags-label metaFont svelte-1l3vwp1\">Cite\u0219te mai multe despre<\/span><\/p>\n<div class=\"tags-list svelte-1l3vwp1\"><a href=\"https:\/\/adevarul.ro\/tag\/usr\" title=\"Ultimele \u0219tiri despre usr\" class=\"tag-pill svelte-1l3vwp1\">usr<\/a><a href=\"https:\/\/adevarul.ro\/tag\/senat\" title=\"Ultimele \u0219tiri despre senat\" class=\"tag-pill svelte-1l3vwp1\">senat<\/a><a href=\"https:\/\/adevarul.ro\/tag\/admitere%20liceu\" title=\"Ultimele \u0219tiri despre admitere liceu\" class=\"tag-pill svelte-1l3vwp1\">admitere liceu<\/a><a href=\"https:\/\/adevarul.ro\/tag\/%C8%99tefan%20p%C4%83l%C4%83rie\" title=\"Ultimele \u0219tiri despre \u0219tefan p\u0103l\u0103rie\" class=\"tag-pill svelte-1l3vwp1\">\u0219tefan p\u0103l\u0103rie<\/a><a href=\"https:\/\/adevarul.ro\/tag\/examen%20admitere%20liceu\" title=\"Ultimele \u0219tiri despre examen admitere liceu\" class=\"tag-pill svelte-1l3vwp1\">examen admitere liceu<\/a><a href=\"https:\/\/adevarul.ro\/tag\/c%C4%83t%C4%83lin%20nan\" title=\"Ultimele \u0219tiri despre c\u0103t\u0103lin nan\" class=\"tag-pill svelte-1l3vwp1\">c\u0103t\u0103lin nan<\/a><\/div>\n<\/div>\n<\/div>\n<p><a class=\"moreFromCategory svelte-x63bga\" href=\"https:\/\/adevarul.ro\/stiri-interne\/educatie\" title=\"Educa\u021bie\">Mai multe din <strong class=\"svelte-x63bga\">Educa\u021bie<\/strong> \u203a<\/a><\/footer>\n<\/article>\n<p>[analyse_source url=&#8221;https:\/\/adevarul.ro\/stiri-interne\/educatie\/senatul-elimina-examenul-separat-de-admitere-la-2553597.html&#8221;]<\/p>\n","protected":false},"excerpt":{"rendered":"<p>[analyse_image type=&#8221;featured&#8221; src=&#8221;https:\/\/cdn.adh.reperio.news\/image-f\/ff3ed29a-94db-4cc2-9449-80a8e40549b3\/index.png?p=f%3Djpeg%26w%3D1200%26h%3D630%26r%3Dcover&#8221;] Home \u0218tiri Interne Educa\u021bie F\u0103r\u0103 examen suplimentar la liceu. Comisia din Senat a votat \u00een unanimitate abrogarea lui. Proiectul merge la votul plenului Comisia pentru \u00cenv\u0103\u021b\u0103m\u00e2nt a Senatului a adoptat miercuri, 2 septembrie, \u00een unanimitate, un proiect de lege care prevede abrogarea examenului suplimentar de admitere la liceu, introdus prin Legea \u00eenv\u0103\u021b\u0103m\u00e2ntului [&hellip;]<\/p>\n","protected":false},"author":1,"featured_media":0,"comment_status":"open","ping_status":"","sticky":false,"template":"","format":"standard","meta":{"footnotes":""},"categories":[89],"tags":[19,226],"class_list":["post-2124005","post","type-post","status-publish","format-standard","hentry","category-romania","tag-adevarul","tag-crawlmanager"],"_links":{"self":[{"href":"https:\/\/analyse.optim.biz\/index.php?rest_route=\/wp\/v2\/posts\/2124005","targetHints":{"allow":["GET"]}}],"collection":[{"href":"https:\/\/analyse.optim.biz\/index.php?rest_route=\/wp\/v2\/posts"}],"about":[{"href":"https:\/\/analyse.optim.biz\/index.php?rest_route=\/wp\/v2\/types\/post"}],"author":[{"embeddable":true,"href":"https:\/\/analyse.optim.biz\/index.php?rest_route=\/wp\/v2\/users\/1"}],"replies":[{"embeddable":true,"href":"https:\/\/analyse.optim.biz\/index.php?rest_route=%2Fwp%2Fv2%2Fcomments&post=2124005"}],"version-history":[{"count":0,"href":"https:\/\/analyse.optim.biz\/index.php?rest_route=\/wp\/v2\/posts\/2124005\/revisions"}],"wp:attachment":[{"href":"https:\/\/analyse.optim.biz\/index.php?rest_route=%2Fwp%2Fv2%2Fmedia&parent=2124005"}],"wp:term":[{"taxonomy":"category","embeddable":true,"href":"https:\/\/analyse.optim.biz\/index.php?rest_route=%2Fwp%2Fv2%2Fcategories&post=2124005"},{"taxonomy":"post_tag","embeddable":true,"href":"https:\/\/analyse.optim.biz\/index.php?rest_route=%2Fwp%2Fv2%2Ftags&post=2124005"}],"curies":[{"name":"wp","href":"https:\/\/api.w.org\/{rel}","templated":true}]}}