{"id":2124002,"date":"2026-09-02T09:12:08","date_gmt":"2026-09-02T06:12:08","guid":{"rendered":"https:\/\/analyse.optim.biz\/?p=2124002"},"modified":"2026-09-02T09:12:08","modified_gmt":"2026-09-02T06:12:08","slug":"turismul-in-noua-economie-globala-cum-poti-participa-la-evenimentul-organizat-de-adevarul","status":"publish","type":"post","link":"https:\/\/analyse.optim.biz\/?p=2124002","title":{"rendered":"Turismul \u00een noua economie global\u0103: Cum po\u021bi participa la evenimentul organizat de \u201eAdev\u0103rul\u201d"},"content":{"rendered":"<p>[analyse_image type=&#8221;featured&#8221; src=&#8221;https:\/\/cdn.adh.reperio.news\/image-0\/0a002fdd-8244-4eee-9368-695fda9d62a3\/index.png?p=f%3Djpeg%26w%3D1200%26h%3D630%26r%3Dcover&#8221;]<\/p>\n<article class=\"svelte-x63bga\">\n<nav>\n<ul class=\"breadcrump svelte-1pk9a69\">\n<li class=\"svelte-1pk9a69\"><a href=\"https:\/\/adevarul.ro\/\" title=\"Adev\u0103rul\" class=\"svelte-1pk9a69\">Home<\/a><\/li>\n<li class=\"svelte-1pk9a69\"><a href=\"https:\/\/adevarul.ro\/stiri-interne\" class=\"svelte-1pk9a69\">\u0218tiri Interne<\/a><\/li>\n<li class=\"svelte-1pk9a69\"><a href=\"https:\/\/adevarul.ro\/stiri-interne\/evenimente\" class=\"svelte-1pk9a69\">Evenimente<\/a><\/li>\n<li class=\"svelte-1pk9a69\"><a href=\"https:\/\/adevarul.ro\/stiri-interne\/evenimente\/turismul-in-noua-economie-globala-cum-poti-2553570.html\" class=\"svelte-1pk9a69\">Turismul \u00een noua economie global\u0103: Cum po\u021bi participa la evenimentul organizat de \u201eAdev\u0103rul\u201d<\/a><\/li>\n<\/ul>\n<\/nav>\n<p><main class=\"svelte-x63bga\"><\/p>\n<p><i>\u201e<\/i>Adev\u0103rul\u201d organizeaz\u0103 mar\u021bi, 29 septembrie, un eveniment privind impactului transform\u0103rilor economice globale asupra industriei turismului. Conferin\u021ba este dedicat\u0103 companiilor care activeaz\u0103 \u00een domeniu.<\/p>\n<div class=\"container-image  svelte-1xbw4f3\"><source type=\"image\/webp\" srcset=\"https:\/\/cdn.adh.reperio.news\/image-0\/0a002fdd-8244-4eee-9368-695fda9d62a3\/index.png?p=a%3D1%26co%3D1.05%26w%3D1400%26h%3D735%26r%3Dcontain%26f%3Dwebp 1400w\" media=\"(min-width: 1400px)\" \/><\/p>\n<div class=\"caption svelte-1xbw4f3\"><span class=\"captionText svelte-1xbw4f3\">Eveniment despre turism organizat de Adev\u0103rul <span class=\"source svelte-1xbw4f3\">Foto: Adev\u0103rul<\/span><\/span><\/div>\n<\/div>\n<p>Publica\u021bia\u00a0<i>\u201e<\/i>Adev\u0103rul\u201d organizeaz\u0103 \u00een parteneriat cu IC Events, pe 29 septembrie, \u00eentre orele 9.00-15.00, la Sheraton Bucharest Hotel din Bucure\u0219ti, evenimentul\u00a0<i>\u201eTurismul \u00een noua economie global\u0103:<br \/>\ndestina\u021bii, conectivitate, investi\u021bii \u015fi mobilitate\u201d.<\/i><\/p>\n<p>Participan\u021bii, \u00een special reprezentan\u021bii companiilor de turism, se pot \u00eenscrie la conferin\u021b\u0103 pe pagina dedicat\u0103 evenimentului, complet\u00e2nd formularele disponiblile\u00a0<a href=\"https:\/\/ic.events\/landing\/bDZhUg==\/travel-forum-2026.html\" rel=\"nofollow\">AICI<\/a>.<\/p>\n<p>ADEV\u0102RUL TRAVEL<br \/>\nFORUM\u00a0\u00ee\u0219i propune prin aceast\u0103 manifestare s\u0103 creeze un spa\u021biu de dialog \u0219i colaborare<br \/>\npentru unul\u00a0dintre landmark-urile celei mai importante industrii globale,<br \/>\nreunind autorit\u0103\u021bi, investitori \u0219i lideri ai pie\u021bei de turism pentru a analiza<br \/>\nimpactul noii ordini economice asupra circula\u021biei oamenilor, a capitalului \u0219i a<br \/>\noportunit\u0103\u021bilor de dezvoltare.<\/p>\n<p>Vor vorbi participan\u021bilor Irineu Dar\u0103u, ministrul interimar<br \/>\nal Energiei, \u0219i Alexandra Arsene, secretarul general ANAT.<\/p>\n<h2>Turismul, sector strategic<\/h2>\n<p><i>\u201eSchimb\u0103rile economice \u0219i geopolitice din ultimii ani<br \/>\nredeseneaz\u0103 harta lumii.\u00a0Transform\u0103rile<br \/>\ndin industria transporturilor, dezvoltarea infrastructurii, apari\u021bia unor noi<br \/>\npoli economici\u00a0\u0219i\u00a0schimbarea<br \/>\nrutelor aeriene\u00a0influen\u021beaz\u0103 direct\u00a0industria turismului. Mobilitatea\u00a0a<br \/>\ndevenit unul dintre indicatorii esen\u021biali ai dezvolt\u0103rii economic\u0103, iar<br \/>\nturismul este ast\u0103zi un sector strategic, aflat la intersec\u021bia dintre<br \/>\ninvesti\u021bii, transport, tehnologie \u0219i cooperare interna\u021bional\u0103\u201d, <\/i>anun\u021b\u0103<i>\u00a0<\/i>organizatorii ADEV\u0102RUL TRAVEL FORUM.<\/p>\n<p>Cu aceast prilej, vor fi analizate <a href=\"https:\/\/adevarul.ro\/stiri-interne\/societate\/romanii-sunt-cei-mai-saraci-turisti-din-ue-614percent-2548969.html\">impactului transform\u0103rilor economice globale<\/a> asupra industriei turismului,<br \/>\nse vor identifica oportunit\u0103\u021bile de<br \/>\ninvesti\u021bii \u0219i dezvoltare, dar \u0219i consolidarea<br \/>\nparteneriatelor dintre sectorul public \u0219i cel privat.<\/p>\n<p>Totodat\u0103, printre obiectivele evenimentului se afl\u0103 sus\u021binerea<br \/>\ndialogului dintre actorii relevan\u021bi ai industriei \u0219i promovarea conectivit\u0103\u021bii <a href=\"https:\/\/adevarul.ro\/stiri-interne\/societate\/doua-romanii-turistice-unde-isi-petrec-romanii-2548106.html\">\u0219i a mobilit\u0103\u021bii<br \/>\ninterna\u021bionale.<\/a><\/p>\n<h2>Agenda evenimentului<\/h2>\n<p><b>PANEL 1<\/b>: Noua ordine<br \/>\neconomic\u0103 \u0219i impactul asupra industriei turistice<\/p>\n<ul>\n<li>schimbarea<br \/>\n     centrelor economice globale<\/li>\n<li>impactul<br \/>\n     contextului geopolitic asupra turismului<\/li>\n<li>noi<br \/>\n     fluxuri de c\u0103l\u0103tori \u0219i investi\u021bii<\/li>\n<li>rolul<br \/>\n     Europei de Sud-Est \u00een noua configura\u021bie economic\u0103<\/li>\n<\/ul>\n<p><b>PANEL 2<\/b>:<br \/>\nConectivitate, investi\u021bii \u0219i dezvoltarea destina\u021biilor<\/p>\n<ul>\n<li>dezvoltarea<br \/>\n     transportului aerian<\/li>\n<li>investi\u021bii<br \/>\n     \u00een infrastructura rutier\u0103 \u0219i feroviar\u0103<\/li>\n<li>rolul<br \/>\n     aeroporturilor \u0219i al porturilor \u00een dezvoltarea destina\u021biilor<\/li>\n<li>mobilitatea<br \/>\n     ca factor de cre\u0219tere economic\u0103<\/li>\n<li>parteneriate<br \/>\n     public-private \u0219i oportunit\u0103\u021bi pentru investitori<\/li>\n<\/ul>\n<p><b>PANEL 3<\/b>: Turism<br \/>\nintern \u0219i turism interna\u021bional. Cum se schimb\u0103 preferin\u021bele c\u0103l\u0103torilor<\/p>\n<ul>\n<li>tendin\u021be<br \/>\n     \u00een alegerea destina\u021biilor<\/li>\n<li>dezvoltarea<br \/>\n     turismului cultural, balnear \u0219i experien\u021bial<\/li>\n<li>city<br \/>\n     break-uri \u0219i turism premium<\/li>\n<li>rolul<br \/>\n     agen\u021biilor de turism \u00een noul context de pia\u021b\u0103<\/li>\n<li>impactul<br \/>\n     digitaliz\u0103rii asupra pie\u021bei de travel<\/li>\n<\/ul>\n<p><b>PANEL 4<\/b>: Viitorul<br \/>\nturismului: tehnologie, digitalizare \u0219i sustenabilitate<\/p>\n<ul>\n<li>inteligen\u021ba<br \/>\n     artificial\u0103 \u00een industria de turism<\/li>\n<li>digitalizarea<br \/>\n     serviciilor<\/li>\n<li>turism<br \/>\n     sustenabil<\/li>\n<\/ul>\n<p><\/p>\n<p><\/main><\/p>\n<footer class=\"svelte-x63bga\">\n<div class=\"related-wrap related-footer svelte-78g0vl\"><span class=\"related-label svelte-78g0vl\">Cite\u0219te \u0219i<\/span><a class=\"related svelte-78g0vl\" data-gtrack=\"{&quot;event&quot;:&quot;utm_click&quot;,&quot;data&quot;:{&quot;event_category&quot;:&quot;article_related&quot;}}\" href=\"https:\/\/adevarul.ro\/interviurile-adevarul\/suntem-ultimii-din-europa-la-atragerea-turistilor-2542879.html\" title=\"Alt articol de interes pentru tine\"><img decoding=\"async\" class=\"thumb svelte-78g0vl\" src=\"https:\/\/cdn.adh.reperio.news\/image-c\/c22038ab-0531-4ee0-8a2a-9c482ba7baee\/index.jpeg?p=f%3Dwebp%26w%3D120%26h%3D80%26r%3Dcover%26a%3D0\" alt loading=\"lazy\" width=\"80\" height=\"54\"><span class=\"title svelte-78g0vl\">\u201eSuntem ultimii din Europa la atragerea turi\u0219tilor str\u0103ini\u201d. Problemele cronice ale turismului rom\u00e2nesc<\/span><\/a><a class=\"related svelte-78g0vl\" data-gtrack=\"{&quot;event&quot;:&quot;utm_click&quot;,&quot;data&quot;:{&quot;event_category&quot;:&quot;article_related&quot;}}\" href=\"https:\/\/adevarul.ro\/stiri-interne\/societate\/doua-romanii-turistice-unde-isi-petrec-romanii-2548106.html\" title=\"Alt articol de interes pentru tine\"><img decoding=\"async\" class=\"thumb svelte-78g0vl\" src=\"https:\/\/cdn.adh.reperio.news\/image-6\/683fdaa9-4ff3-4338-bff2-417314511bda\/index.jpeg?p=f%3Dwebp%26w%3D120%26h%3D80%26r%3Dcover%26a%3D0\" alt loading=\"lazy\" width=\"80\" height=\"54\"><span class=\"title svelte-78g0vl\">Dou\u0103 Rom\u00e2nii turistice. Unde \u00ee\u0219i petrec rom\u00e2nii vacan\u021bele \u0219i ce destina\u021bii prefer\u0103 str\u0103inii<\/span><\/a><a class=\"related svelte-78g0vl\" data-gtrack=\"{&quot;event&quot;:&quot;utm_click&quot;,&quot;data&quot;:{&quot;event_category&quot;:&quot;article_related&quot;}}\" href=\"https:\/\/adevarul.ro\/stiri-interne\/societate\/romanii-sunt-cei-mai-saraci-turisti-din-ue-614percent-2548969.html\" title=\"Alt articol de interes pentru tine\"><img decoding=\"async\" class=\"thumb svelte-78g0vl\" src=\"https:\/\/cdn.adh.reperio.news\/image-1\/1fb0985a-91b7-48ed-aa9f-e721969bfd7b\/index.jpeg?p=f%3Dwebp%26w%3D120%26h%3D80%26r%3Dcover%26a%3D0\" alt loading=\"lazy\" width=\"80\" height=\"54\"><span class=\"title svelte-78g0vl\">Rom\u00e2nii sunt cei mai s\u0103raci turi\u0219ti din UE: 61,4% nu-\u0219i permit o s\u0103pt\u0103m\u00e2n\u0103 de vacan\u021b\u0103<\/span><\/a><\/div>\n<div class=\"meta svelte-x63bga\">\n<div class=\"authors svelte-x63bga\"><span class=\"names svelte-x63bga\"><a href=\"https:\/\/adevarul.ro\/author\/2076\" rel=\"author\" class=\"svelte-x63bga\">Lucian Mironescu<\/a><\/span><\/p>\n<div class=\"_hydratable\" data-props=\"%7B%22showLive%22%3Atrue%7D\" data-context=\"%7B%22parentBlockColumnCount%22%3A%7B%22value%22%3A0%2C%22type%22%3A%22store%2Freadable%22%7D%2C%22parentBlockBackgroundColor%22%3A%7B%22type%22%3A%22store%2Freadable%22%7D%7D\" data-component=\"ShareButton\">\n<div class=\"shareButtons svelte-itwbrr\">\n<div class=\"liveSessions metaFont svelte-1maxmbf\"><span class=\"value svelte-1maxmbf\">1<\/span> live <\/div>\n<\/div>\n<\/div>\n<\/div>\n<div class=\"tags svelte-1l3vwp1\"><span class=\"tags-label metaFont svelte-1l3vwp1\">Cite\u0219te mai multe despre<\/span><\/p>\n<div class=\"tags-list svelte-1l3vwp1\"><a href=\"https:\/\/adevarul.ro\/tag\/turism\" title=\"Ultimele \u0219tiri despre turism\" class=\"tag-pill svelte-1l3vwp1\">turism<\/a><a href=\"https:\/\/adevarul.ro\/tag\/aeroporturi\" title=\"Ultimele \u0219tiri despre aeroporturi\" class=\"tag-pill svelte-1l3vwp1\">aeroporturi<\/a><a href=\"https:\/\/adevarul.ro\/tag\/ziarul%20adevarul\" title=\"Ultimele \u0219tiri despre ziarul adevarul\" class=\"tag-pill svelte-1l3vwp1\">ziarul adevarul<\/a><a href=\"https:\/\/adevarul.ro\/tag\/sustenabilitate\" title=\"Ultimele \u0219tiri despre sustenabilitate\" class=\"tag-pill svelte-1l3vwp1\">sustenabilitate<\/a><\/div>\n<\/div>\n<\/div>\n<p><a class=\"moreFromCategory svelte-x63bga\" href=\"https:\/\/adevarul.ro\/stiri-interne\/evenimente\" title=\"Evenimente\">Mai multe din <strong class=\"svelte-x63bga\">Evenimente<\/strong> \u203a<\/a><\/footer>\n<\/article>\n<p>[analyse_source url=&#8221;https:\/\/adevarul.ro\/stiri-interne\/evenimente\/turismul-in-noua-economie-globala-cum-poti-2553570.html&#8221;]<\/p>\n","protected":false},"excerpt":{"rendered":"<p>[analyse_image type=&#8221;featured&#8221; src=&#8221;https:\/\/cdn.adh.reperio.news\/image-0\/0a002fdd-8244-4eee-9368-695fda9d62a3\/index.png?p=f%3Djpeg%26w%3D1200%26h%3D630%26r%3Dcover&#8221;] Home \u0218tiri Interne Evenimente Turismul \u00een noua economie global\u0103: Cum po\u021bi participa la evenimentul organizat de \u201eAdev\u0103rul\u201d \u201eAdev\u0103rul\u201d organizeaz\u0103 mar\u021bi, 29 septembrie, un eveniment privind impactului transform\u0103rilor economice globale asupra industriei turismului. Conferin\u021ba este dedicat\u0103 companiilor care activeaz\u0103 \u00een domeniu. Eveniment despre turism organizat de Adev\u0103rul Foto: Adev\u0103rul Publica\u021bia\u00a0\u201eAdev\u0103rul\u201d organizeaz\u0103 \u00een parteneriat [&hellip;]<\/p>\n","protected":false},"author":1,"featured_media":0,"comment_status":"open","ping_status":"","sticky":false,"template":"","format":"standard","meta":{"footnotes":""},"categories":[89],"tags":[19,226],"class_list":["post-2124002","post","type-post","status-publish","format-standard","hentry","category-romania","tag-adevarul","tag-crawlmanager"],"_links":{"self":[{"href":"https:\/\/analyse.optim.biz\/index.php?rest_route=\/wp\/v2\/posts\/2124002","targetHints":{"allow":["GET"]}}],"collection":[{"href":"https:\/\/analyse.optim.biz\/index.php?rest_route=\/wp\/v2\/posts"}],"about":[{"href":"https:\/\/analyse.optim.biz\/index.php?rest_route=\/wp\/v2\/types\/post"}],"author":[{"embeddable":true,"href":"https:\/\/analyse.optim.biz\/index.php?rest_route=\/wp\/v2\/users\/1"}],"replies":[{"embeddable":true,"href":"https:\/\/analyse.optim.biz\/index.php?rest_route=%2Fwp%2Fv2%2Fcomments&post=2124002"}],"version-history":[{"count":0,"href":"https:\/\/analyse.optim.biz\/index.php?rest_route=\/wp\/v2\/posts\/2124002\/revisions"}],"wp:attachment":[{"href":"https:\/\/analyse.optim.biz\/index.php?rest_route=%2Fwp%2Fv2%2Fmedia&parent=2124002"}],"wp:term":[{"taxonomy":"category","embeddable":true,"href":"https:\/\/analyse.optim.biz\/index.php?rest_route=%2Fwp%2Fv2%2Fcategories&post=2124002"},{"taxonomy":"post_tag","embeddable":true,"href":"https:\/\/analyse.optim.biz\/index.php?rest_route=%2Fwp%2Fv2%2Ftags&post=2124002"}],"curies":[{"name":"wp","href":"https:\/\/api.w.org\/{rel}","templated":true}]}}