{"id":2124000,"date":"2026-09-02T08:50:34","date_gmt":"2026-09-02T05:50:34","guid":{"rendered":"https:\/\/analyse.optim.biz\/?p=2124000"},"modified":"2026-09-02T08:50:34","modified_gmt":"2026-09-02T05:50:34","slug":"meteorologii-anunta-vreme-instabila-ploi-torentiale-si-vijelii-in-toata-tara-pana-joi-seara","status":"publish","type":"post","link":"https:\/\/analyse.optim.biz\/?p=2124000","title":{"rendered":"Meteorologii anun\u021b\u0103 vreme instabil\u0103. Ploi toren\u0163iale \u015fi vijelii \u00een toat\u0103 \u0163ara p\u00e2n\u0103 joi seara"},"content":{"rendered":"<p>[analyse_image type=&#8221;featured&#8221; src=&#8221;https:\/\/cdn.adh.reperio.news\/image-6\/6f8472d9-ca5e-4a71-b9ac-06bf790a04ad\/index.jpeg?p=f%3Djpeg%26w%3D1200%26h%3D630%26r%3Dcover&#8221;]<\/p>\n<article class=\"svelte-x63bga\">\n<nav>\n<ul class=\"breadcrump svelte-1pk9a69\">\n<li class=\"svelte-1pk9a69\"><a href=\"https:\/\/adevarul.ro\/\" title=\"Adev\u0103rul\" class=\"svelte-1pk9a69\">Home<\/a><\/li>\n<li class=\"svelte-1pk9a69\"><a href=\"https:\/\/adevarul.ro\/stiri-interne\" class=\"svelte-1pk9a69\">\u0218tiri Interne<\/a><\/li>\n<li class=\"svelte-1pk9a69\"><a href=\"https:\/\/adevarul.ro\/stiri-interne\/meteo\" class=\"svelte-1pk9a69\">Meteo<\/a><\/li>\n<li class=\"svelte-1pk9a69\"><a href=\"https:\/\/adevarul.ro\/stiri-interne\/meteo\/meteorologii-anunta-vreme-instabila-ploi-2553582.html\" class=\"svelte-1pk9a69\">Meteorologii anun\u021b\u0103 vreme instabil\u0103. Ploi toren\u0163iale \u015fi vijelii \u00een toat\u0103 \u0163ara p\u00e2n\u0103 joi seara<\/a><\/li>\n<\/ul>\n<\/nav>\n<p><main class=\"svelte-x63bga\"><\/p>\n<p>Administra\u0163ia Na\u0163ional\u0103 de Meteorologie (ANM) a emis, miercuri, 2 septembrie, o informare de vreme instabil\u0103, cu averse toren\u0163iale \u015fi intensific\u0103ri ale v\u00e2ntului, valabil\u0103 la nivelul \u00eentregii \u0163\u0103ri, p\u00e2n\u0103 joi seara.<\/p>\n<div class=\"container-image  svelte-1xbw4f3\"><source type=\"image\/webp\" srcset=\"https:\/\/cdn.adh.reperio.news\/image-6\/6f8472d9-ca5e-4a71-b9ac-06bf790a04ad\/index.jpeg?p=a%3D1%26co%3D1.05%26w%3D1400%26h%3D750%26r%3Dcontain%26f%3Dwebp 1400w\" media=\"(min-width: 1400px)\" \/><\/p>\n<div class=\"caption svelte-1xbw4f3\"><span class=\"captionText svelte-1xbw4f3\">Vremea se schimb\u0103 <span class=\"source svelte-1xbw4f3\">Foto: Shutterstock<\/span><\/span><\/div>\n<\/div>\n<p>Conform prognozei de specialitate,\u00a0\u00een intervalul 2 septembrie, ora 13:00 \u2013 3 septembrie, ora 21:00, vor fi perioade cu instabilitate atmosferic\u0103, local \u00een Moldova \u015fi \u00een nordul Munteniei, pe alocuri \u00een regiunile sudice \u015fi estice, precum \u015fi \u00een zona montan\u0103.<\/p>\n<p>Aceasta se va manifesta prin averse toren\u0163iale moderate cantitativ, desc\u0103rc\u0103ri electrice, intensific\u0103ri de scurt\u0103 durat\u0103 ale v\u00e2ntului (viteze \u00een general de 40 \u2013 50 km\/h) \u015fi, izolat, grindin\u0103 de mici dimensiuni (1 \u2013 2 cm), scrie Agerpres.<\/p>\n<p>De asemenea, \u00een intervale scurte de timp (\u00eentre o or\u0103 \u015fi trei ore), cantit\u0103\u0163ile de ap\u0103 vor fi de 10 \u2013 15 l\/mp \u015fi, pe arii restr\u00e2nse, de peste 20 \u2013 30 l\/mp.<\/p>\n<h2>Vreme cald\u0103, dar instabil\u0103, \u00een Bucure\u015fti<\/h2>\n<p>Meteorologii prognozeaz\u0103 pentru Capital\u0103 o vreme instabil\u0103, pe parcursul zilelor de miercuri \u015fi joi, cu maxime termice de p\u00e2n\u0103 la 32 de grade, dar \u015fi perioade cu averse \u015fi desc\u0103rc\u0103ri electrice.<\/p>\n<p>Conform ANM,\u00a0miercuri,\u00a0<a href=\"https:\/\/adevarul.ro\/stiri-interne\/meteo\/cum-va-fi-vremea-in-luna-septembrie-meteorologii-2553286.html\">vremea va fi c\u0103lduroas\u0103, <\/a>\u00eens\u0103 cerul va fi variabil, cu unele \u00eennor\u0103ri spre sear\u0103 c\u00e2nd vor fi intensific\u0103ri ale v\u00e2ntului (35 \u2013 45 km\/h) \u015fi posibil averse slabe (1 \u2013 3 l\/mp). Temperatura maxim\u0103 va fi de 31 \u2013 32 de grade, iar cea minim\u0103 de 15 \u2013 18 grade.<\/p>\n<p>\u00cen cursul zilei de joi, <a href=\"https:\/\/adevarul.ro\/stiri-interne\/meteo\/anm-a-emis-doua-avertizari-cod-galben-jumatate-de-2552377.html\">cerul va fi variabil cu \u00eennor\u0103ri<\/a>, averse \u015fi desc\u0103rc\u0103ri electrice, \u00eendeosebi dup\u0103-amiaza \u015fi seara (cantit\u0103\u0163i de ap\u0103 de 2 \u2013 5 l\/mp). V\u00e2ntul va sufla slab \u015fi moderat, cu intensific\u0103ri de scurt\u0103 durat\u0103 \u00een timpul ploilor (rafale de 35 \u2013 50 km\/h). Maxima termic\u0103 se va situa \u00een jurul a 30 de grade.\u00a0<\/p>\n<p><\/main><\/p>\n<footer class=\"svelte-x63bga\">\n<div class=\"related-wrap related-footer svelte-78g0vl\"><span class=\"related-label svelte-78g0vl\">Cite\u0219te \u0219i<\/span><a class=\"related svelte-78g0vl\" data-gtrack=\"{&quot;event&quot;:&quot;utm_click&quot;,&quot;data&quot;:{&quot;event_category&quot;:&quot;article_related&quot;}}\" href=\"https:\/\/adevarul.ro\/stiri-interne\/meteo\/cod-galben-de-furtuni-in-mare-parte-din-tara-cu-2540693.html\" title=\"Alt articol de interes pentru tine\"><img decoding=\"async\" class=\"thumb svelte-78g0vl\" src=\"https:\/\/cdn.adh.reperio.news\/image-b\/bbe8e64f-d2a7-461e-bdde-bf62ae32d28a\/index.jpeg?p=f%3Dwebp%26w%3D120%26h%3D80%26r%3Dcover%26a%3D0\" alt loading=\"lazy\" width=\"80\" height=\"54\"><span class=\"title svelte-78g0vl\">Alerte ANM de vreme rea: Coduri galbene \u0219i portocalii de furtuni. Lista jude\u021belor ferite de ploi<\/span><\/a><a class=\"related svelte-78g0vl\" data-gtrack=\"{&quot;event&quot;:&quot;utm_click&quot;,&quot;data&quot;:{&quot;event_category&quot;:&quot;article_related&quot;}}\" href=\"https:\/\/adevarul.ro\/stiri-interne\/meteo\/vreme-instabila-la-inceput-de-saptamana-ploi-2541176.html\" title=\"Alt articol de interes pentru tine\"><img decoding=\"async\" class=\"thumb svelte-78g0vl\" src=\"https:\/\/cdn.adh.reperio.news\/image-2\/234158bc-03fc-43da-88d7-99345a4fbfcc\/index.webp?p=f%3Dwebp%26w%3D120%26h%3D80%26r%3Dcover%26a%3D0\" alt loading=\"lazy\" width=\"80\" height=\"54\"><span class=\"title svelte-78g0vl\">Vreme instabil\u0103 la \u00eenceput de s\u0103pt\u0103m\u00e2n\u0103. Ploi, vijelii \u0219i grindin\u0103 \u00een mai multe regiuni, apoi temperaturile se schimb\u0103 din nou<\/span><\/a><a class=\"related svelte-78g0vl\" data-gtrack=\"{&quot;event&quot;:&quot;utm_click&quot;,&quot;data&quot;:{&quot;event_category&quot;:&quot;article_related&quot;}}\" href=\"https:\/\/adevarul.ro\/stiri-interne\/meteo\/anm-a-emis-avertizari-nowcasting-cod-portocaliu-2545543.html\" title=\"Alt articol de interes pentru tine\"><img decoding=\"async\" class=\"thumb svelte-78g0vl\" src=\"https:\/\/cdn.adh.reperio.news\/image-b\/bbe8e64f-d2a7-461e-bdde-bf62ae32d28a\/index.jpeg?p=f%3Dwebp%26w%3D120%26h%3D80%26r%3Dcover%26a%3D0\" alt loading=\"lazy\" width=\"80\" height=\"54\"><span class=\"title svelte-78g0vl\">ANM a emis avertiz\u0103ri nowcasting. Cod portocaliu \u00een C\u0103l\u0103ra\u0219i \u0219i cod galben \u00een alte dou\u0103 jude\u021be<\/span><\/a><\/div>\n<div class=\"meta svelte-x63bga\">\n<div class=\"authors svelte-x63bga\"><span class=\"names svelte-x63bga\"><a href=\"https:\/\/adevarul.ro\/author\/672\" rel=\"author\" class=\"svelte-x63bga\">\u0218tefan Borcea<\/a><\/span><\/p>\n<div class=\"_hydratable\" data-props=\"%7B%22showLive%22%3Atrue%7D\" data-context=\"%7B%22parentBlockColumnCount%22%3A%7B%22value%22%3A0%2C%22type%22%3A%22store%2Freadable%22%7D%2C%22parentBlockBackgroundColor%22%3A%7B%22type%22%3A%22store%2Freadable%22%7D%7D\" data-component=\"ShareButton\">\n<div class=\"shareButtons svelte-itwbrr\">\n<div class=\"liveSessions metaFont svelte-1maxmbf\"><span class=\"value svelte-1maxmbf\">1<\/span> live <\/div>\n<\/div>\n<\/div>\n<\/div>\n<div class=\"tags svelte-1l3vwp1\"><span class=\"tags-label metaFont svelte-1l3vwp1\">Cite\u0219te mai multe despre<\/span><\/p>\n<div class=\"tags-list svelte-1l3vwp1\"><a href=\"https:\/\/adevarul.ro\/tag\/meteorologi\" title=\"Ultimele \u0219tiri despre meteorologi\" class=\"tag-pill svelte-1l3vwp1\">meteorologi<\/a><a href=\"https:\/\/adevarul.ro\/tag\/vijelii\" title=\"Ultimele \u0219tiri despre vijelii\" class=\"tag-pill svelte-1l3vwp1\">vijelii<\/a><a href=\"https:\/\/adevarul.ro\/tag\/ploi%20torentiale\" title=\"Ultimele \u0219tiri despre ploi torentiale\" class=\"tag-pill svelte-1l3vwp1\">ploi torentiale<\/a><a href=\"https:\/\/adevarul.ro\/tag\/vreme%20instabila\" title=\"Ultimele \u0219tiri despre vreme instabila\" class=\"tag-pill svelte-1l3vwp1\">vreme instabila<\/a><\/div>\n<\/div>\n<\/div>\n<p><a class=\"moreFromCategory svelte-x63bga\" href=\"https:\/\/adevarul.ro\/stiri-interne\/meteo\" title=\"Meteo - Vremea \u00een Rom\u00e2nia  | online\">Mai multe din <strong class=\"svelte-x63bga\">Meteo<\/strong> \u203a<\/a><\/footer>\n<\/article>\n<p>[analyse_source url=&#8221;https:\/\/adevarul.ro\/stiri-interne\/meteo\/meteorologii-anunta-vreme-instabila-ploi-2553582.html&#8221;]<\/p>\n","protected":false},"excerpt":{"rendered":"<p>[analyse_image type=&#8221;featured&#8221; src=&#8221;https:\/\/cdn.adh.reperio.news\/image-6\/6f8472d9-ca5e-4a71-b9ac-06bf790a04ad\/index.jpeg?p=f%3Djpeg%26w%3D1200%26h%3D630%26r%3Dcover&#8221;] Home \u0218tiri Interne Meteo Meteorologii anun\u021b\u0103 vreme instabil\u0103. Ploi toren\u0163iale \u015fi vijelii \u00een toat\u0103 \u0163ara p\u00e2n\u0103 joi seara Administra\u0163ia Na\u0163ional\u0103 de Meteorologie (ANM) a emis, miercuri, 2 septembrie, o informare de vreme instabil\u0103, cu averse toren\u0163iale \u015fi intensific\u0103ri ale v\u00e2ntului, valabil\u0103 la nivelul \u00eentregii \u0163\u0103ri, p\u00e2n\u0103 joi seara. Vremea se schimb\u0103 Foto: [&hellip;]<\/p>\n","protected":false},"author":1,"featured_media":0,"comment_status":"open","ping_status":"","sticky":false,"template":"","format":"standard","meta":{"footnotes":""},"categories":[89],"tags":[19,226],"class_list":["post-2124000","post","type-post","status-publish","format-standard","hentry","category-romania","tag-adevarul","tag-crawlmanager"],"_links":{"self":[{"href":"https:\/\/analyse.optim.biz\/index.php?rest_route=\/wp\/v2\/posts\/2124000","targetHints":{"allow":["GET"]}}],"collection":[{"href":"https:\/\/analyse.optim.biz\/index.php?rest_route=\/wp\/v2\/posts"}],"about":[{"href":"https:\/\/analyse.optim.biz\/index.php?rest_route=\/wp\/v2\/types\/post"}],"author":[{"embeddable":true,"href":"https:\/\/analyse.optim.biz\/index.php?rest_route=\/wp\/v2\/users\/1"}],"replies":[{"embeddable":true,"href":"https:\/\/analyse.optim.biz\/index.php?rest_route=%2Fwp%2Fv2%2Fcomments&post=2124000"}],"version-history":[{"count":0,"href":"https:\/\/analyse.optim.biz\/index.php?rest_route=\/wp\/v2\/posts\/2124000\/revisions"}],"wp:attachment":[{"href":"https:\/\/analyse.optim.biz\/index.php?rest_route=%2Fwp%2Fv2%2Fmedia&parent=2124000"}],"wp:term":[{"taxonomy":"category","embeddable":true,"href":"https:\/\/analyse.optim.biz\/index.php?rest_route=%2Fwp%2Fv2%2Fcategories&post=2124000"},{"taxonomy":"post_tag","embeddable":true,"href":"https:\/\/analyse.optim.biz\/index.php?rest_route=%2Fwp%2Fv2%2Ftags&post=2124000"}],"curies":[{"name":"wp","href":"https:\/\/api.w.org\/{rel}","templated":true}]}}