{"id":2123980,"date":"2026-09-02T00:00:00","date_gmt":"2026-09-01T21:00:00","guid":{"rendered":"https:\/\/analyse.optim.biz\/?p=2123980"},"modified":"2026-09-02T00:00:00","modified_gmt":"2026-09-01T21:00:00","slug":"aproape-unul-din-patru-norvegieni-considera-ca-mette-marit-nu-este-potrivita-pentru-a-fi-regina","status":"publish","type":"post","link":"https:\/\/analyse.optim.biz\/?p=2123980","title":{"rendered":"Aproape unul din patru norvegieni consider\u0103 c\u0103 Mette-Marit nu este potrivit\u0103 pentru a fi regin\u0103"},"content":{"rendered":"<p>[analyse_image type=&#8221;featured&#8221; src=&#8221;https:\/\/foto.agerpres.ro\/foto\/detaliu\/19588308&#8243;]<\/p>\n<div class=\"mx-auto pt-3\">\n<p>Un procent de 37,8% dintre norvegieni cred c\u0103 regina Mette-Marit nu este potrivit\u0103 pentru a-\u0219i asuma acest rol, comparativ cu 35,8% care cred contrariul, potrivit unui sondaj publicat miercuri de ziarul Dagbladet \u0219i citat de EFE.<\/p>\n<p><strong>Un procent de 26,4% dintre norvegieni nu sunt siguri sau prefer\u0103 s\u0103 nu r\u0103spund\u0103, conform unui studiu realizat pe 31 august, la trei zile dup\u0103 <a href=\"https:\/\/agerpres.ro\/2026\/08\/28\/regele-harald-al-norvegiei-a-incetat-din-viata-la-89-de-ani--1588577\" target=\"_blank\">moartea regelui Harald al V-lea<\/a>, \u0219i la care au participat 1.058 de persoane.<\/strong><\/p>\n<p>\u00centr-un sondaj realizat \u00een februarie pentru acela\u0219i ziar, 44% dintre norvegieni nu o considerau pe Mette-Marit potrivit\u0103 pentru a fi regin\u0103.<\/p>\n<p>\u00centreba\u021bi despre \u00eencrederea lor \u00een noua regin\u0103, 40,3% au r\u0103spuns c\u0103 au pu\u021bin\u0103 \u00eencredere, comparativ cu 31,4% care au spus contrariul \u0219i 24,5% care au fost indeci\u0219i sau au preferat s\u0103 nu r\u0103spund\u0103.<\/p>\n<p><strong>Mette-Marit, \u00een v\u00e2rst\u0103 de 53 de ani, \u0219i-a redus la minimum apari\u021biile publice \u00een ultimul an din cauza agrav\u0103rii fibrozei pulmonare de care sufer\u0103 din 2018 &#8211; \u0219i care a obligat-o s\u0103 se supun\u0103 unui transplant de pl\u0103m\u00e2ni \u00een iunie &#8211; \u0219i pe fondul scandalului din jurul noilor dezv\u0103luiri despre prietenia sa cu infractorul sexual american condamnat Jeffrey Epstein, pentru care \u0219i-a cerut iertare \u00een mod public.<\/strong><\/p>\n<p>Noua regin\u0103 a fost afectat\u0103 \u0219i de procesul fiului ei, Marius Borg Hoiby, condamnat la patru ani de \u00eenchisoare cu executare pentru dou\u0103 violuri \u0219i alte 32 de infrac\u021biuni, printre care violen\u021b\u0103 fa\u021b\u0103 de fosta sa partener\u0103.<\/p>\n<p>\u00cens\u0103\u0219i nunta din 2001 a lui Mette-Marit cu noul rege Haakon al VIII-lea a fost precedat\u0103 de controverse din cauza trecutului turbulent al celei care la acea vreme a devenit prin\u021bes\u0103, \u0219i asta deoarece Mette-Marit l-a avut pe Marius Borg Hoiby cu un b\u0103rbat care ulterior a ajuns la \u00eenchisoare pentru trafic de droguri. AGERPRES\/(AS &#8211; redactor: Gabriela Ionescu, editor online: Andreea L\u0103z\u0103roiu)<\/p>\n<\/div>\n<div class=\"mx-auto pt-3\">\n                                Afisari: 111\n                            <\/div>\n<p>[analyse_source url=&#8221;https:\/\/agerpres.ro\/social-extern\/2026\/09\/02\/aproape-unul-din-patru-norvegieni-considera-ca-mette-marit-nu-este-potrivita-pentru-a-fi-regina&#8211;1589955&#8243;]<\/p>\n","protected":false},"excerpt":{"rendered":"<p>[analyse_image type=&#8221;featured&#8221; src=&#8221;https:\/\/foto.agerpres.ro\/foto\/detaliu\/19588308&#8243;] Un procent de 37,8% dintre norvegieni cred c\u0103 regina Mette-Marit nu este potrivit\u0103 pentru a-\u0219i asuma acest rol, comparativ cu 35,8% care cred contrariul, potrivit unui sondaj publicat miercuri de ziarul Dagbladet \u0219i citat de EFE. Un procent de 26,4% dintre norvegieni nu sunt siguri sau prefer\u0103 s\u0103 nu r\u0103spund\u0103, conform unui [&hellip;]<\/p>\n","protected":false},"author":1,"featured_media":0,"comment_status":"open","ping_status":"","sticky":false,"template":"","format":"standard","meta":{"footnotes":""},"categories":[2],"tags":[37,226],"class_list":["post-2123980","post","type-post","status-publish","format-standard","hentry","category-politics","tag-agerpres-ro","tag-crawlmanager"],"_links":{"self":[{"href":"https:\/\/analyse.optim.biz\/index.php?rest_route=\/wp\/v2\/posts\/2123980","targetHints":{"allow":["GET"]}}],"collection":[{"href":"https:\/\/analyse.optim.biz\/index.php?rest_route=\/wp\/v2\/posts"}],"about":[{"href":"https:\/\/analyse.optim.biz\/index.php?rest_route=\/wp\/v2\/types\/post"}],"author":[{"embeddable":true,"href":"https:\/\/analyse.optim.biz\/index.php?rest_route=\/wp\/v2\/users\/1"}],"replies":[{"embeddable":true,"href":"https:\/\/analyse.optim.biz\/index.php?rest_route=%2Fwp%2Fv2%2Fcomments&post=2123980"}],"version-history":[{"count":0,"href":"https:\/\/analyse.optim.biz\/index.php?rest_route=\/wp\/v2\/posts\/2123980\/revisions"}],"wp:attachment":[{"href":"https:\/\/analyse.optim.biz\/index.php?rest_route=%2Fwp%2Fv2%2Fmedia&parent=2123980"}],"wp:term":[{"taxonomy":"category","embeddable":true,"href":"https:\/\/analyse.optim.biz\/index.php?rest_route=%2Fwp%2Fv2%2Fcategories&post=2123980"},{"taxonomy":"post_tag","embeddable":true,"href":"https:\/\/analyse.optim.biz\/index.php?rest_route=%2Fwp%2Fv2%2Ftags&post=2123980"}],"curies":[{"name":"wp","href":"https:\/\/api.w.org\/{rel}","templated":true}]}}