{"id":2123979,"date":"2026-09-01T17:55:55","date_gmt":"2026-09-01T14:55:55","guid":{"rendered":"https:\/\/analyse.optim.biz\/?p=2123979"},"modified":"2026-09-01T17:55:55","modified_gmt":"2026-09-01T14:55:55","slug":"trafic-restrictionat-miercuri-si-vineri-pe-transfagarasan-pe-care-sectoare-de-drum-nu-se-va-putea-circula","status":"publish","type":"post","link":"https:\/\/analyse.optim.biz\/?p=2123979","title":{"rendered":"Trafic restric\u021bionat, miercuri \u0219i vineri, pe Transf\u0103g\u0103r\u0103\u0219an. Pe care sectoare de drum nu se va putea circula"},"content":{"rendered":"<p>[analyse_image type=&#8221;featured&#8221; src=&#8221;https:\/\/cdn.adh.reperio.news\/image-d\/d54e111c-cad2-499b-bdad-84edb52e659e\/index.jpeg?p=f%3Djpeg%26w%3D1200%26h%3D630%26r%3Dcover&#8221;]<\/p>\n<article class=\"svelte-x63bga\">\n<nav>\n<ul class=\"breadcrump svelte-1pk9a69\">\n<li class=\"svelte-1pk9a69\"><a href=\"https:\/\/adevarul.ro\/\" title=\"Adev\u0103rul\" class=\"svelte-1pk9a69\">Home<\/a><\/li>\n<li class=\"svelte-1pk9a69\"><a href=\"https:\/\/adevarul.ro\/stiri-interne\" class=\"svelte-1pk9a69\">\u0218tiri Interne<\/a><\/li>\n<li class=\"svelte-1pk9a69\"><a href=\"https:\/\/adevarul.ro\/stiri-interne\/evenimente\" class=\"svelte-1pk9a69\">Evenimente<\/a><\/li>\n<li class=\"svelte-1pk9a69\"><a href=\"https:\/\/adevarul.ro\/stiri-interne\/evenimente\/trafic-restrictionat-miercuri-si-vineri-pe-2553488.html\" class=\"svelte-1pk9a69\">Trafic restric\u021bionat, miercuri \u0219i vineri, pe Transf\u0103g\u0103r\u0103\u0219an. Pe care sectoare de drum nu se va putea circula<\/a><\/li>\n<\/ul>\n<\/nav>\n<p><main class=\"svelte-x63bga\"><\/p>\n<p>Direc\u021bia Regional\u0103 de Drumuri \u0219i Poduri Bra\u0219ov \u0219i Compania Na\u021bional\u0103 de Administrare a Infrastructurii Rutiere \u0219i au anun\u021bat c\u0103 circula\u021bia va fi restric\u021bionat\u0103 miercuri \u0219i vineri pe <a href=\"https:\/\/adevarul.ro\/stil-de-viata\/calatorii\/doua-drumuri-din-romania-in-top-10-cele-mai-2550729.html\">Transf\u0103g\u0103r\u0103\u0219an<\/a>, \u00een vederea organiz\u0103rii unor evenimente automobilistice: \u201e<i>Bentley Transf\u0103g\u0103r\u0103\u0219an Experience\u201d \u0219i \u201e<\/i><i>Tribute To Transf\u0103g\u0103r\u0103\u0219an by Porsche\u201d.<\/i><\/p>\n<div class=\"container-image  svelte-1xbw4f3\"><source type=\"image\/webp\" srcset=\"https:\/\/cdn.adh.reperio.news\/image-d\/d54e111c-cad2-499b-bdad-84edb52e659e\/index.jpeg?p=a%3D1%26co%3D1.05%26w%3D1400%26h%3D750%26r%3Dcontain%26f%3Dwebp 1400w\" media=\"(min-width: 1400px)\" \/><\/p>\n<div class=\"caption svelte-1xbw4f3\"><span class=\"captionText svelte-1xbw4f3\">Transf\u0103g\u0103r\u0103\u0219an <span class=\"source svelte-1xbw4f3\">Foto: Shutterstock<\/span><\/span><\/div>\n<\/div>\n<p><i>\u201e\u00cen vederea desf\u0103\u0219ur\u0103rii evenimentului `Bentley Transf\u0103g\u0103r\u0103\u0219an Experience`, circula\u021bia rutier\u0103 se va \u00eenchide \u0219i miercuri, 02.09.2026, \u00een intervalul orar 07:00 &#8211; 11:00, peDN7C \u2013 Transf\u0103g\u0103r\u0103\u0219an, sectorul de drum km 104+400 &#8211; km 116+808b\u201d, <\/i>a\u00a0 transmis DRDP Bra\u0219ov, dup\u0103 un anun\u021b similar f\u0103cut pentru ziua de mar\u021bi.<\/p>\n<div class=\"raw-block\"><iframe loading=\"lazy\" src=\"https:\/\/www.facebook.com\/plugins\/post.php?href=https%3A%2F%2Fwww.facebook.com%2Fdrdpbv%2Fposts%2Fpfbid02L1RwRFN6tf9JR7sECPSR32oA6B5va5cJZLtXJFidGNNfvxJWLijRw2s816MAN2wjl&amp;show_text=true&amp;width=390\" width=\"500\" height=\"560\" frameborder allowfullscreen=\"true\" allow=\"autoplay; clipboard-write; encrypted-media; picture-in-picture; web-share\" class=\"facebook-iframe\"><\/iframe><\/div>\n<p>Participan\u021bii la trafic sunt ruga\u021bi s\u0103 manifeste pruden\u021b\u0103 sporit\u0103, s\u0103 respecte semnalizarea rutier\u0103 temporar\u0103 instituit\u0103 \u00een zon\u0103, precum \u0219i indica\u021biile personalului de dirijare a traficului.\u00a0<\/p>\n<h2>Un eveniment similar este programat \u0219i vineri: \u201eTribute To Transf\u0103g\u0103r\u0103\u0219an by Porsche\u201d.<\/h2>\n<p>Vineri, septembrie, \u00een intervalul orar 07:00 &#8211; 11:00, se \u00eenchide circula\u021bia pe DN7C (Transf\u0103g\u0103r\u0103\u0219an), sectorul cuprins \u00eentre km 104+400 (Conacul Ursului) \u0219i 130+800 (B\u00e2lea Cascad\u0103)<i>, \u201e\u00een vederea desf\u0103\u0219ur\u0103rii evenimentului ,`Tribute To Transf\u0103g\u0103r\u0103\u0219an by Porsche`\u201d<\/i>, a transmis CNAIR, mar\u021bi, \u00eentr-o postare pe Facebook.<\/p>\n<div class=\"raw-block\"><iframe loading=\"lazy\" src=\"https:\/\/www.facebook.com\/plugins\/post.php?href=https%3A%2F%2Fwww.facebook.com%2FCNAIRSA%2Fposts%2Fpfbid02rUT3mBLU5CDgbS8a8ALbQfJxbc1DSVvLDavGxfRWL9DnA47HwhfJ6drD1sZK5m7Al&amp;show_text=true&amp;width=390\" width=\"500\" height=\"640\" frameborder allowfullscreen=\"true\" allow=\"autoplay; clipboard-write; encrypted-media; picture-in-picture; web-share\" class=\"facebook-iframe\"><\/iframe><\/div>\n<p>CNAIR recomand\u0103 \u0219oferilor s\u0103 se informeze \u00eenainte de plecare \u0219i <a href=\"https:\/\/adevarul.ro\/stiri-interne\/evenimente\/masina-ajunsa-in-prapastie-pe-transfagarasan-dupa-2548748.html\">s\u0103 respecte semnalizarea rutier\u0103 instituit\u0103 pe traseu.<\/a><\/p>\n<p><\/main><\/p>\n<footer class=\"svelte-x63bga\">\n<div class=\"related-wrap related-footer svelte-78g0vl\"><span class=\"related-label svelte-78g0vl\">Cite\u0219te \u0219i<\/span><a class=\"related svelte-78g0vl\" data-gtrack=\"{&quot;event&quot;:&quot;utm_click&quot;,&quot;data&quot;:{&quot;event_category&quot;:&quot;article_related&quot;}}\" href=\"https:\/\/adevarul.ro\/stiri-interne\/evenimente\/masina-ajunsa-in-prapastie-pe-transfagarasan-dupa-2548748.html\" title=\"Alt articol de interes pentru tine\"><img decoding=\"async\" class=\"thumb svelte-78g0vl\" src=\"https:\/\/cdn.adh.reperio.news\/image-4\/47d1a54c-149c-4c31-ae27-47ff94684ea3\/index.jpeg?p=f%3Dwebp%26w%3D120%26h%3D80%26r%3Dcover%26a%3D0\" alt loading=\"lazy\" width=\"80\" height=\"54\"><span class=\"title svelte-78g0vl\">Ma\u0219in\u0103 ajuns\u0103 \u00een pr\u0103pastie pe Transf\u0103g\u0103r\u0103\u0219an, dup\u0103 o clip\u0103 de neaten\u021bie a \u0219oferului<\/span><\/a><a class=\"related svelte-78g0vl\" data-gtrack=\"{&quot;event&quot;:&quot;utm_click&quot;,&quot;data&quot;:{&quot;event_category&quot;:&quot;article_related&quot;}}\" href=\"https:\/\/adevarul.ro\/stil-de-viata\/calatorii\/acoperisurile-uriase-de-beton-ale-2548946.html\" title=\"Alt articol de interes pentru tine\"><img decoding=\"async\" class=\"thumb svelte-78g0vl\" src=\"https:\/\/cdn.adh.reperio.news\/image-1\/14357b09-ff23-46fd-9669-7a351940a8a4\/index.jpeg?p=f%3Dwebp%26w%3D120%26h%3D80%26r%3Dcover%26a%3D0\" alt loading=\"lazy\" width=\"80\" height=\"54\"><span class=\"title svelte-78g0vl\">Acoperi\u0219urile uria\u0219e de beton ale Transf\u0103g\u0103r\u0103\u0219anului. Cum au fost construite pe versan\u021bii abrup\u021bi ai F\u0103g\u0103ra\u0219ului<\/span><\/a><a class=\"related svelte-78g0vl\" data-gtrack=\"{&quot;event&quot;:&quot;utm_click&quot;,&quot;data&quot;:{&quot;event_category&quot;:&quot;article_related&quot;}}\" href=\"https:\/\/adevarul.ro\/stil-de-viata\/calatorii\/doua-drumuri-din-romania-in-top-10-cele-mai-2550729.html\" title=\"Alt articol de interes pentru tine\"><img decoding=\"async\" class=\"thumb svelte-78g0vl\" src=\"https:\/\/cdn.adh.reperio.news\/image-4\/400b6988-7b5e-4d68-8a75-3dbe0bf76a2f\/index.jpeg?p=f%3Dwebp%26w%3D120%26h%3D80%26r%3Dcover%26a%3D0\" alt loading=\"lazy\" width=\"80\" height=\"54\"><span class=\"title svelte-78g0vl\">Dou\u0103 drumuri din Rom\u00e2nia, \u00een Top 10 cele mai spectaculoase din Europa. Ce trasee au surclasat Transf\u0103g\u0103r\u0103\u015fanul<\/span><\/a><\/div>\n<div class=\"meta svelte-x63bga\">\n<div class=\"authors svelte-x63bga\"><span class=\"names svelte-x63bga\"><a href=\"https:\/\/adevarul.ro\/author\/1228\" rel=\"author\" class=\"svelte-x63bga\">Cristina Stancu<\/a><\/span><\/p>\n<div class=\"_hydratable\" data-props=\"%7B%22showLive%22%3Atrue%7D\" data-context=\"%7B%22parentBlockColumnCount%22%3A%7B%22value%22%3A0%2C%22type%22%3A%22store%2Freadable%22%7D%2C%22parentBlockBackgroundColor%22%3A%7B%22type%22%3A%22store%2Freadable%22%7D%7D\" data-component=\"ShareButton\">\n<div class=\"shareButtons svelte-itwbrr\">\n<div class=\"liveSessions metaFont svelte-1maxmbf\"><span class=\"value svelte-1maxmbf\">1<\/span> live <\/div>\n<\/div>\n<\/div>\n<\/div>\n<div class=\"tags svelte-1l3vwp1\"><span class=\"tags-label metaFont svelte-1l3vwp1\">Cite\u0219te mai multe despre<\/span><\/p>\n<div class=\"tags-list svelte-1l3vwp1\"><a href=\"https:\/\/adevarul.ro\/tag\/cnair\" title=\"Ultimele \u0219tiri despre cnair\" class=\"tag-pill svelte-1l3vwp1\">cnair<\/a><a href=\"https:\/\/adevarul.ro\/tag\/transf%C4%83g%C4%83r%C4%83%C8%99an\" title=\"Ultimele \u0219tiri despre transf\u0103g\u0103r\u0103\u0219an\" class=\"tag-pill svelte-1l3vwp1\">transf\u0103g\u0103r\u0103\u0219an<\/a><a href=\"https:\/\/adevarul.ro\/tag\/trafic%20restrictionat\" title=\"Ultimele \u0219tiri despre trafic restrictionat\" class=\"tag-pill svelte-1l3vwp1\">trafic restrictionat<\/a><a href=\"https:\/\/adevarul.ro\/tag\/dn7c\" title=\"Ultimele \u0219tiri despre dn7c\" class=\"tag-pill svelte-1l3vwp1\">dn7c<\/a><\/div>\n<\/div>\n<\/div>\n<p><a class=\"moreFromCategory svelte-x63bga\" href=\"https:\/\/adevarul.ro\/stiri-interne\/evenimente\" title=\"Evenimente\">Mai multe din <strong class=\"svelte-x63bga\">Evenimente<\/strong> \u203a<\/a><\/footer>\n<\/article>\n<p>[analyse_source url=&#8221;https:\/\/adevarul.ro\/stiri-interne\/evenimente\/trafic-restrictionat-miercuri-si-vineri-pe-2553488.html&#8221;]<\/p>\n","protected":false},"excerpt":{"rendered":"<p>[analyse_image type=&#8221;featured&#8221; src=&#8221;https:\/\/cdn.adh.reperio.news\/image-d\/d54e111c-cad2-499b-bdad-84edb52e659e\/index.jpeg?p=f%3Djpeg%26w%3D1200%26h%3D630%26r%3Dcover&#8221;] Home \u0218tiri Interne Evenimente Trafic restric\u021bionat, miercuri \u0219i vineri, pe Transf\u0103g\u0103r\u0103\u0219an. Pe care sectoare de drum nu se va putea circula Direc\u021bia Regional\u0103 de Drumuri \u0219i Poduri Bra\u0219ov \u0219i Compania Na\u021bional\u0103 de Administrare a Infrastructurii Rutiere \u0219i au anun\u021bat c\u0103 circula\u021bia va fi restric\u021bionat\u0103 miercuri \u0219i vineri pe Transf\u0103g\u0103r\u0103\u0219an, \u00een vederea organiz\u0103rii [&hellip;]<\/p>\n","protected":false},"author":1,"featured_media":0,"comment_status":"open","ping_status":"","sticky":false,"template":"","format":"standard","meta":{"footnotes":""},"categories":[89],"tags":[19,226],"class_list":["post-2123979","post","type-post","status-publish","format-standard","hentry","category-romania","tag-adevarul","tag-crawlmanager"],"_links":{"self":[{"href":"https:\/\/analyse.optim.biz\/index.php?rest_route=\/wp\/v2\/posts\/2123979","targetHints":{"allow":["GET"]}}],"collection":[{"href":"https:\/\/analyse.optim.biz\/index.php?rest_route=\/wp\/v2\/posts"}],"about":[{"href":"https:\/\/analyse.optim.biz\/index.php?rest_route=\/wp\/v2\/types\/post"}],"author":[{"embeddable":true,"href":"https:\/\/analyse.optim.biz\/index.php?rest_route=\/wp\/v2\/users\/1"}],"replies":[{"embeddable":true,"href":"https:\/\/analyse.optim.biz\/index.php?rest_route=%2Fwp%2Fv2%2Fcomments&post=2123979"}],"version-history":[{"count":0,"href":"https:\/\/analyse.optim.biz\/index.php?rest_route=\/wp\/v2\/posts\/2123979\/revisions"}],"wp:attachment":[{"href":"https:\/\/analyse.optim.biz\/index.php?rest_route=%2Fwp%2Fv2%2Fmedia&parent=2123979"}],"wp:term":[{"taxonomy":"category","embeddable":true,"href":"https:\/\/analyse.optim.biz\/index.php?rest_route=%2Fwp%2Fv2%2Fcategories&post=2123979"},{"taxonomy":"post_tag","embeddable":true,"href":"https:\/\/analyse.optim.biz\/index.php?rest_route=%2Fwp%2Fv2%2Ftags&post=2123979"}],"curies":[{"name":"wp","href":"https:\/\/api.w.org\/{rel}","templated":true}]}}