{"id":2123977,"date":"2026-09-01T17:49:37","date_gmt":"2026-09-01T14:49:37","guid":{"rendered":"https:\/\/analyse.optim.biz\/?p=2123977"},"modified":"2026-09-01T17:49:37","modified_gmt":"2026-09-01T14:49:37","slug":"romania-incepe-implementarea-ro-ai-factory-cand-va-deveni-operationala-prima-infrastructura-nationala-de","status":"publish","type":"post","link":"https:\/\/analyse.optim.biz\/?p=2123977","title":{"rendered":"Rom\u00e2nia \u00eencepe implementarea RO AI Factory. C\u00e2nd va deveni opera\u021bional\u0103 prima infrastructur\u0103 na\u021bional\u0103 de&#8230;"},"content":{"rendered":"<p>[analyse_image type=&#8221;featured&#8221; src=&#8221;https:\/\/cdn.adh.reperio.news\/image-f\/f9f37e65-8b7b-4ca7-a625-22feb75d4275\/index.jpeg?p=f%3Djpeg%26w%3D1200%26h%3D630%26r%3Dcover&#8221;]<\/p>\n<article class=\"svelte-x63bga\">\n<nav>\n<ul class=\"breadcrump svelte-1pk9a69\">\n<li class=\"svelte-1pk9a69\"><a href=\"https:\/\/adevarul.ro\/\" title=\"Adev\u0103rul\" class=\"svelte-1pk9a69\">Home<\/a><\/li>\n<li class=\"svelte-1pk9a69\"><a href=\"https:\/\/adevarul.ro\/stiri-interne\" class=\"svelte-1pk9a69\">\u0218tiri Interne<\/a><\/li>\n<li class=\"svelte-1pk9a69\"><a href=\"https:\/\/adevarul.ro\/stiri-interne\/evenimente\" class=\"svelte-1pk9a69\">Evenimente<\/a><\/li>\n<li class=\"svelte-1pk9a69\"><a href=\"https:\/\/adevarul.ro\/stiri-interne\/evenimente\/romania-incepe-implementarea-ro-ai-factory-cand-2553483.html\" class=\"svelte-1pk9a69\">Rom\u00e2nia \u00eencepe implementarea RO AI Factory. C\u00e2nd va deveni opera\u021bional\u0103 prima infrastructur\u0103 na\u021bional\u0103 de inteligen\u021b\u0103 artificial\u0103<\/a><\/li>\n<\/ul>\n<\/nav>\n<p><main class=\"svelte-x63bga\"><\/p>\n<p>Institutul\u00a0Na\u021bional de Cercetare-Dezvoltare \u00een Informatic\u0103 &#8211;\u00a0ICI Bucure\u0219ti a anun\u021bat mar\u021bi, 1 septembrie,\u00a0\u00eenceperea oficial\u0103 a proiectului \u201eRomanian EuroHPC AI Factory at ICI Bucharest\u201d (RO AI Factory), o ini\u021biativ\u0103 european\u0103 destinat\u0103 dezvolt\u0103rii infrastructurii de inteligen\u021b\u0103 artificial\u0103 din Rom\u00e2nia.<\/p>\n<div class=\"container-image  svelte-1xbw4f3\"><source type=\"image\/webp\" srcset=\"https:\/\/cdn.adh.reperio.news\/image-f\/f9f37e65-8b7b-4ca7-a625-22feb75d4275\/index.jpeg?p=a%3D1%26co%3D1.05%26w%3D1400%26h%3D750%26r%3Dcontain%26f%3Dwebp 1400w\" media=\"(min-width: 1400px)\" \/><\/p>\n<div class=\"caption svelte-1xbw4f3\"><span class=\"captionText svelte-1xbw4f3\"><span class=\"source svelte-1xbw4f3\">Foto: Shutterstock<\/span><\/span><\/div>\n<\/div>\n<p><i>\u201eUn rol important \u00een punerea \u00een aplicare a ini\u021biativei \u00eel are ICI Bucure\u0219ti &#8211; Institutul Na\u021bional de Cercetare-Dezvoltare \u00een Informatic\u0103, care func\u021bioneaz\u0103 ca Hosting Entity pentru RO AI Factory. ICI Bucure\u0219ti va g\u0103zdui infrastructura de calcul de mare performan\u021b\u0103 pentru inteligen\u021ba artificial\u0103 \u0219i va oferi suportul tehnic \u0219i opera\u021bional necesar pentru instalarea, integrarea \u0219i func\u021bionarea acesteia. <\/i><\/p>\n<p><i>Implementarea \u0219i dezvoltarea portofoliului de servicii RO AI Factory vor fi realizate \u00een str\u00e2ns\u0103 colaborare cu co-coordonatorul proiectului, Universitatea POLITEHNICA din Bucure\u0219ti, \u0219i cu ceilal\u021bi membri ai consor\u021biului, valorific\u00e2nd expertiza complementar\u0103 a partenerilor pentru furnizarea de servicii avansate de inteligen\u021b\u0103 artificial\u0103\u201d, <\/i>transmite ICI Bucure\u0219ti \u00eentr-un comunicat.<\/p>\n<p>ICI Bucure\u0219ti spune c\u0103 proiectul RO AI Factory va conecta Rom\u00e2nia la ecosistemul european EuroHPC \u0219i va pune la dispozi\u021bie infrastructur\u0103 de calcul de \u00eenalt\u0103 performan\u021b\u0103, resurse \u0219i expertiz\u0103 pentru dezvoltarea \u0219i antrenarea\u00a0<a href=\"https:\/\/adevarul.ro\/stiri-externe\/sua\/anthropic-obtine-o-victorie-in-instanta-impotriva-2552620.html\">modelelor de inteligen\u021b\u0103 artificial\u0103.<\/a><\/p>\n<p>Proiectul va sprijini cercetarea, inovarea \u0219i utilizarea AI de c\u0103tre organiza\u021bii din Rom\u00e2nia.<\/p>\n<p><i>\u201e\u00cenceperea oficial\u0103 a proiectului RO AI Factory vine dup\u0103 o perioad\u0103 \u00een care am \u00eenceput deja s\u0103 construim \u00een jurul acestei ini\u021biative o comunitate de organiza\u021bii interesate de dezvoltarea \u0219i utilizarea inteligen\u021bei artificiale. <\/i><\/p>\n<p><i>Ne dorim ca RO AI Factory s\u0103 devin\u0103 un punct de \u00eent\u00e2lnire \u00eentre cercetare, mediul academic, companii \u0219i sectorul public \u0219i, mai ales, un cadru \u00een care infrastructura, expertiza \u0219i colaborarea s\u0103 duc\u0103 la proiecte \u0219i solu\u021bii concrete\u201d<\/i>, a declarat Adrian-Victor Vevera, Directorul General al ICI Bucure\u0219ti.<\/p>\n<p>ICI Bucure\u0219ti precizeaz\u0103 c\u0103 RO AI Factory va face resursele de inteligen\u021b\u0103 artificial\u0103 \u0219i calcul de \u00eenalt\u0103 performan\u021b\u0103 mai accesibile pentru universit\u0103\u021bi, cercet\u0103tori, start-up-uri, IMM-uri, companii \u0219i institu\u021bii publice. <\/p>\n<p>Proiectul va oferi, pe l\u00e2ng\u0103 infrastructur\u0103, expertiz\u0103 tehnic\u0103, programe de formare, mentorat \u0219i sprijin pentru dezvoltarea \u0219i testarea solu\u021biilor AI, cu accent pe start-up-uri \u0219i IMM-uri.<\/p>\n<p><i>\u201eRO AI Factory va func\u021biona ca parte a re\u021belei europene de AI Factories dezvoltat\u0103 sub coordonarea EuroHPC JU, contribuind la obiectivul Uniunii Europene de a construi un ecosistem competitiv, sigur \u0219i sustenabil pentru\u00a0<\/i><a href=\"https:\/\/adevarul.ro\/stiri-externe\/china\/china-castiga-teren-in-cursa-ai-performanta-2550232.html\">dezvoltarea inteligen\u021bei artificiale.<\/a><\/p>\n<p><i>Integrarea \u00een aceast\u0103 re\u021bea va permite Rom\u00e2niei s\u0103 participe direct la schimbul european de resurse, date, expertiz\u0103 \u0219i bune practici \u0219i va crea noi oportunit\u0103\u021bi pentru colabor\u0103ri transfrontaliere \u00eentre cercet\u0103tori, universit\u0103\u021bi, companii \u0219i administra\u021bii publice.\u201d<\/i><\/p>\n<p>ICI Bucure\u0219ti spune c\u0103 infrastructura va fi preg\u0103tit\u0103 \u0219i echipamentele vor fi instalate, urm\u00e2nd ca serviciile s\u0103 fie dezvoltate \u0219i conectate la infrastructurile na\u021bionale \u0219i europene. RO AI Factory ar urma s\u0103 fie opera\u021bional\u0103 p\u00e2n\u0103 la sf\u00e2r\u0219itul lui 2027 \u0219i va permite dezvoltarea, testarea \u0219i antrenarea unor modele \u0219i aplica\u021bii de inteligen\u021b\u0103 artificial\u0103 \u00een Rom\u00e2nia.<\/p>\n<div class=\"raw-block\"><iframe loading=\"lazy\" src=\"https:\/\/www.facebook.com\/plugins\/post.php?href=https%3A%2F%2Fwww.facebook.com%2FICIBucuresti%2Fposts%2Fpfbid02KE7FZ99dcphFBzq4FHn1P9osjgW8s19exTRD9Q1ZHSDC7BC4wusg3rTfjGwnVbScl&amp;show_text=true&amp;width=390\" width=\"500\" height=\"458\" frameborder allowfullscreen=\"true\" allow=\"autoplay; clipboard-write; encrypted-media; picture-in-picture; web-share\" class=\"facebook-iframe\"><\/iframe><\/div>\n<p><\/main><\/p>\n<footer class=\"svelte-x63bga\">\n<div class=\"related-wrap related-footer svelte-78g0vl\"><span class=\"related-label svelte-78g0vl\">Cite\u0219te \u0219i<\/span><a class=\"related svelte-78g0vl\" data-gtrack=\"{&quot;event&quot;:&quot;utm_click&quot;,&quot;data&quot;:{&quot;event_category&quot;:&quot;article_related&quot;}}\" href=\"https:\/\/adevarul.ro\/blogurile-adevarul\/cursa-care-va-decide-secolul-cine-pune-mana-pe-2547319.html\" title=\"Alt articol de interes pentru tine\"><img decoding=\"async\" class=\"thumb svelte-78g0vl\" src=\"https:\/\/cdn.adh.reperio.news\/image-2\/29a08aa3-59d7-4485-b0aa-978eac44e033\/index.png?p=f%3Dwebp%26w%3D120%26h%3D80%26r%3Dcover%26a%3D0\" alt loading=\"lazy\" width=\"80\" height=\"54\"><span class=\"title svelte-78g0vl\">Cursa care va decide secolul: cine pune m\u00e2na pe inteligen\u021ba artificial\u0103<\/span><\/a><a class=\"related svelte-78g0vl\" data-gtrack=\"{&quot;event&quot;:&quot;utm_click&quot;,&quot;data&quot;:{&quot;event_category&quot;:&quot;article_related&quot;}}\" href=\"https:\/\/adevarul.ro\/stil-de-viata\/tehnologie\/i-am-cerut-ai-ului-sa-mi-faca-o-rezervare-a-2549864.html\" title=\"Alt articol de interes pentru tine\"><img decoding=\"async\" class=\"thumb svelte-78g0vl\" src=\"https:\/\/cdn.adh.reperio.news\/image-9\/931b33f8-a61d-4680-ab97-8ccc7afe34df\/index.png?p=f%3Dwebp%26w%3D120%26h%3D80%26r%3Dcover%26a%3D0\" alt loading=\"lazy\" width=\"80\" height=\"54\"><span class=\"title svelte-78g0vl\">\u201eI-am cerut AI-ului s\u0103-mi fac\u0103 o rezervare. A spart sistemul \u0219i a dat afar\u0103 un alt client de pe lista de a\u0219teptare\u201d. Experien\u021ba unui australian<\/span><\/a><a class=\"related svelte-78g0vl\" data-gtrack=\"{&quot;event&quot;:&quot;utm_click&quot;,&quot;data&quot;:{&quot;event_category&quot;:&quot;article_related&quot;}}\" href=\"https:\/\/adevarul.ro\/stil-de-viata\/tehnologie\/o-noua-tehnologie-bazata-pe-ai-detecteaza-boli-de-2553262.html\" title=\"Alt articol de interes pentru tine\"><img decoding=\"async\" class=\"thumb svelte-78g0vl\" src=\"https:\/\/cdn.adh.reperio.news\/image-9\/9567dfc5-773c-4859-9143-aa643cde3bd2\/index.jpeg?p=f%3Dwebp%26w%3D120%26h%3D80%26r%3Dcover%26a%3D0\" alt loading=\"lazy\" width=\"80\" height=\"54\"><span class=\"title svelte-78g0vl\">O nou\u0103 tehnologie bazat\u0103 pe AI detecteaz\u0103 boli de inim\u0103 \u00een mai pu\u021bin de dou\u0103 secunde. Medicii sunt ului\u021bi: \u201einteligen\u021b\u0103 artificial\u0103 suprauman\u0103\u201d<\/span><\/a><\/div>\n<div class=\"meta svelte-x63bga\">\n<div class=\"authors svelte-x63bga\"><span class=\"names svelte-x63bga\"><a href=\"https:\/\/adevarul.ro\/author\/2070\" rel=\"author\" class=\"svelte-x63bga\">Narcis Ghiurca<\/a><\/span><\/p>\n<div class=\"_hydratable\" data-props=\"%7B%22showLive%22%3Atrue%7D\" data-context=\"%7B%22parentBlockColumnCount%22%3A%7B%22value%22%3A0%2C%22type%22%3A%22store%2Freadable%22%7D%2C%22parentBlockBackgroundColor%22%3A%7B%22type%22%3A%22store%2Freadable%22%7D%7D\" data-component=\"ShareButton\">\n<div class=\"shareButtons svelte-itwbrr\">\n<div class=\"liveSessions metaFont svelte-1maxmbf\"><span class=\"value svelte-1maxmbf\">1<\/span> live <\/div>\n<\/div>\n<\/div>\n<\/div>\n<div class=\"tags svelte-1l3vwp1\"><span class=\"tags-label metaFont svelte-1l3vwp1\">Cite\u0219te mai multe despre<\/span><\/p>\n<div class=\"tags-list svelte-1l3vwp1\"><a href=\"https:\/\/adevarul.ro\/tag\/inteligenta%20artificiala\" title=\"Ultimele \u0219tiri despre inteligenta artificiala\" class=\"tag-pill svelte-1l3vwp1\">inteligenta artificiala<\/a><\/div>\n<\/div>\n<\/div>\n<p><a class=\"moreFromCategory svelte-x63bga\" href=\"https:\/\/adevarul.ro\/stiri-interne\/evenimente\" title=\"Evenimente\">Mai multe din <strong class=\"svelte-x63bga\">Evenimente<\/strong> \u203a<\/a><\/footer>\n<\/article>\n<p>[analyse_source url=&#8221;https:\/\/adevarul.ro\/stiri-interne\/evenimente\/romania-incepe-implementarea-ro-ai-factory-cand-2553483.html&#8221;]<\/p>\n","protected":false},"excerpt":{"rendered":"<p>[analyse_image type=&#8221;featured&#8221; src=&#8221;https:\/\/cdn.adh.reperio.news\/image-f\/f9f37e65-8b7b-4ca7-a625-22feb75d4275\/index.jpeg?p=f%3Djpeg%26w%3D1200%26h%3D630%26r%3Dcover&#8221;] Home \u0218tiri Interne Evenimente Rom\u00e2nia \u00eencepe implementarea RO AI Factory. C\u00e2nd va deveni opera\u021bional\u0103 prima infrastructur\u0103 na\u021bional\u0103 de inteligen\u021b\u0103 artificial\u0103 Institutul\u00a0Na\u021bional de Cercetare-Dezvoltare \u00een Informatic\u0103 &#8211;\u00a0ICI Bucure\u0219ti a anun\u021bat mar\u021bi, 1 septembrie,\u00a0\u00eenceperea oficial\u0103 a proiectului \u201eRomanian EuroHPC AI Factory at ICI Bucharest\u201d (RO AI Factory), o ini\u021biativ\u0103 european\u0103 destinat\u0103 dezvolt\u0103rii infrastructurii de [&hellip;]<\/p>\n","protected":false},"author":1,"featured_media":0,"comment_status":"open","ping_status":"","sticky":false,"template":"","format":"standard","meta":{"footnotes":""},"categories":[89],"tags":[19,226],"class_list":["post-2123977","post","type-post","status-publish","format-standard","hentry","category-romania","tag-adevarul","tag-crawlmanager"],"_links":{"self":[{"href":"https:\/\/analyse.optim.biz\/index.php?rest_route=\/wp\/v2\/posts\/2123977","targetHints":{"allow":["GET"]}}],"collection":[{"href":"https:\/\/analyse.optim.biz\/index.php?rest_route=\/wp\/v2\/posts"}],"about":[{"href":"https:\/\/analyse.optim.biz\/index.php?rest_route=\/wp\/v2\/types\/post"}],"author":[{"embeddable":true,"href":"https:\/\/analyse.optim.biz\/index.php?rest_route=\/wp\/v2\/users\/1"}],"replies":[{"embeddable":true,"href":"https:\/\/analyse.optim.biz\/index.php?rest_route=%2Fwp%2Fv2%2Fcomments&post=2123977"}],"version-history":[{"count":0,"href":"https:\/\/analyse.optim.biz\/index.php?rest_route=\/wp\/v2\/posts\/2123977\/revisions"}],"wp:attachment":[{"href":"https:\/\/analyse.optim.biz\/index.php?rest_route=%2Fwp%2Fv2%2Fmedia&parent=2123977"}],"wp:term":[{"taxonomy":"category","embeddable":true,"href":"https:\/\/analyse.optim.biz\/index.php?rest_route=%2Fwp%2Fv2%2Fcategories&post=2123977"},{"taxonomy":"post_tag","embeddable":true,"href":"https:\/\/analyse.optim.biz\/index.php?rest_route=%2Fwp%2Fv2%2Ftags&post=2123977"}],"curies":[{"name":"wp","href":"https:\/\/api.w.org\/{rel}","templated":true}]}}