{"id":2123975,"date":"2026-09-01T17:46:33","date_gmt":"2026-09-01T14:46:33","guid":{"rendered":"https:\/\/analyse.optim.biz\/?p=2123975"},"modified":"2026-09-01T17:46:33","modified_gmt":"2026-09-01T14:46:33","slug":"turist-disparut-in-mare-la-costinesti-salvamarii-si-scafandrii-il-cauta-de-ore-intregi","status":"publish","type":"post","link":"https:\/\/analyse.optim.biz\/?p=2123975","title":{"rendered":"Turist disp\u0103rut \u00een mare la Costine\u0219ti. Salvamarii \u0219i scafandrii \u00eel caut\u0103 de ore \u00eentregi"},"content":{"rendered":"<p>[analyse_image type=&#8221;featured&#8221; src=&#8221;https:\/\/cdn.adh.reperio.news\/image-0\/0347c37c-acc8-4b2a-a4c4-ccc9933eb0d3\/index.jpeg?p=f%3Djpeg%26w%3D1200%26h%3D630%26r%3Dcover&#8221;]<\/p>\n<article class=\"svelte-x63bga\">\n<nav>\n<ul class=\"breadcrump svelte-1pk9a69\">\n<li class=\"svelte-1pk9a69\"><a href=\"https:\/\/adevarul.ro\/\" title=\"Adev\u0103rul\" class=\"svelte-1pk9a69\">Home<\/a><\/li>\n<li class=\"svelte-1pk9a69\"><a href=\"https:\/\/adevarul.ro\/stiri-interne\" class=\"svelte-1pk9a69\">\u0218tiri Interne<\/a><\/li>\n<li class=\"svelte-1pk9a69\"><a href=\"https:\/\/adevarul.ro\/stiri-interne\/evenimente\" class=\"svelte-1pk9a69\">Evenimente<\/a><\/li>\n<li class=\"svelte-1pk9a69\"><a href=\"https:\/\/adevarul.ro\/stiri-interne\/evenimente\/turist-disparut-in-mare-la-costinesti-salvamarii-2553489.html\" class=\"svelte-1pk9a69\">Turist disp\u0103rut \u00een mare la Costine\u0219ti. Salvamarii \u0219i scafandrii \u00eel caut\u0103 de ore \u00eentregi<\/a><\/li>\n<\/ul>\n<\/nav>\n<p><main class=\"svelte-x63bga\"><\/p>\n<p>Un turist este c\u0103utat<br \/>\n\u00een mare, \u00een Costine\u0219ti, dup\u0103 ce a disp\u0103rut \u00een timp ce se afla \u00een ap\u0103.<br \/>\nSalvamarii \u0219i scafandrii ISU Dobrogea \u00eencearc\u0103 s\u0103-l g\u0103seasc\u0103 de mai multe ore,<br \/>\n\u00eens\u0103 p\u00e2n\u0103 acum c\u0103ut\u0103rile nu au avut rezultat.<\/p>\n<div class=\"container-image  svelte-1xbw4f3\"><source type=\"image\/webp\" srcset=\"https:\/\/cdn.adh.reperio.news\/image-0\/0347c37c-acc8-4b2a-a4c4-ccc9933eb0d3\/index.jpeg?p=a%3D1%26co%3D1.05%26w%3D1400%26h%3D497%26r%3Dcontain%26f%3Dwebp 1400w\" media=\"(min-width: 1400px)\" \/><\/p>\n<div class=\"caption svelte-1xbw4f3\"><span class=\"captionText svelte-1xbw4f3\">Alarma a fost dat\u0103 spre orele pr\u00e2nzului. <span class=\"source svelte-1xbw4f3\">Foto: captur\u0103 Facebook\/Constan\u0163a Tv<\/span><\/span><\/div>\n<\/div>\n<p>B\u0103rbatul venise din<br \/>\nCovasna pe litoral \u00eempreun\u0103 cu mai multe rude \u0219i prieteni, iar mar\u021bi, 1<br \/>\nseptembrie, mai mul\u021bi membri ai grupului au intrat \u00een mare, \u00een zona Terasei<br \/>\nAlbert. Potrivit martorilor, b\u0103rbatul a \u00eenaintat \u00een ap\u0103 p\u00e2n\u0103 c\u00e2nd aceasta i-a<br \/>\najuns la piept, dup\u0103 care a disp\u0103rut.<\/p>\n<div class=\"raw-block\"><iframe loading=\"lazy\" src=\"https:\/\/www.facebook.com\/plugins\/video.php?height=258&amp;href=https%3A%2F%2Fwww.facebook.com%2Freel%2F2187193098680040%2F&amp;show_text=false&amp;width=390&amp;t=0\" width=\"560\" height=\"258\" frameborder allowfullscreen=\"true\" allow=\"autoplay; clipboard-write; encrypted-media; picture-in-picture; web-share\" class=\"facebook-iframe\"><\/iframe><\/div>\n<p>O femeie care a v\u0103zut<br \/>\nce s-a \u00eent\u00e2mplat spune c\u0103 b\u0103rbatul ar fi fost prins de un curent.<\/p>\n<p><i>\u201eA venit un curent de ap\u0103 \u0219i l-a luat \u0219i l-a \u00eentors cumva<br \/>\nvalul, a apucat s\u0103 ia o gur\u0103 de aer \u0219i gata, at\u00e2ta, n-a mai ap\u0103rut deloc\u201d,<\/i> a declarat femeia care a indicat \u015fi faptul c\u0103 l-a v\u0103zut<br \/>\nultima dat\u0103 \u00een apropierea unei geamandure.<\/p>\n<p>Primele informa\u021bii<br \/>\ndespre dispari\u021bie au ajuns la salvamari \u00een jurul pr\u00e2nzului, noteaz\u0103<br \/>\n<a href=\"https:\/\/www.ziuaconstanta.ro\/stiri\/eveniment\/video-cautari-de-amploare-in-mare-la-costinesti-scafandrii-isu-au-extins-zona-verificata-vizibilitatea-este-foarte-redusa-951594.html?utm_source=chatgpt.com\" target=\"_blank\" rel=\"nofollow\">ziuaconstan\u0163a<\/a>. Primul care a intervenit a fost Nicu Sarafim, care a verificat<br \/>\nzona cu un skijet, iar apoi i-a chemat \u00een ap\u0103 \u0219i pe ceilal\u021bi salvamari afla\u021bi<br \/>\npe plaj\u0103.<\/p>\n<p><i>\u201eAm fost \u00een turul de la ora 12:00 \u0219i am venit aici. Am<br \/>\nvenit cu skijetul, nu am v\u0103zut-o<\/i> (persoana<br \/>\ndisp\u0103rut\u0103 &#8211; n.r.). <i>Ni s-a spus c\u0103 este<br \/>\nundeva disp\u0103rut\u0103. \u00cen momentul \u0103la am chemat salvamarii pe care \u00eei aveam pe<br \/>\nplaj\u0103 s\u0103 intr\u0103m \u00een ap\u0103. Am intrat \u00een ap\u0103, am c\u0103utat pe dedesubt. Nici noi n-am<br \/>\ng\u0103sit-o\u201d,<\/i> a declarat Nicu Sarafim.<\/p>\n<div class=\"_hydratable\" data-props=\"%7B%22data%22%3A%7B%22caption%22%3A%22%22%2C%22embed%22%3A%22https%3A%2F%2Fwww.youtube.com%2Fembed%2FhoXoby3VI_o%22%2C%22height%22%3A320%2C%22service%22%3A%22youtube%22%2C%22source%22%3A%22https%3A%2F%2Fwww.youtube.com%2Fwatch%3Fv%3DhoXoby3VI_o%22%2C%22width%22%3A580%7D%2C%22id%22%3A%22o25ud8eTn6%22%2C%22type%22%3A%22embed%22%2C%22lines%22%3A10%2C%22linesAbove%22%3A60%2C%22index%22%3A8%2C%22paragraphsAbove%22%3A6%2C%22percentage%22%3A0.7792207792207793%2C%22linesBellow%22%3A17%7D\" data-context=\"%7B%22parentBlockColumnCount%22%3A%7B%22value%22%3A0%2C%22type%22%3A%22store%2Freadable%22%7D%2C%22parentBlockBackgroundColor%22%3A%7B%22type%22%3A%22store%2Freadable%22%7D%7D\" data-component=\"EditorEmbedViewDefault\">\n<div class=\"container-embed svelte-1petmjv\"><iframe src=\"https:\/\/www.youtube.com\/embed\/hoXoby3VI_o\" class=\"embed-youtube svelte-1petmjv\" width=\"580\" allowfullscreen title=\"embed media\" loading=\"lazy\"><\/iframe><\/div>\n<\/div>\n<p>Dup\u0103 c\u0103ut\u0103rile f\u0103cute<br \/>\nde salvamari, \u00een zon\u0103 au ajuns \u0219i scafandrii ISU Dobrogea. La momentul<br \/>\ndeclara\u021biei lui Nicu Sarafim, ace\u0219tia c\u0103utau de aproximativ dou\u0103 ore \u0219i<br \/>\njum\u0103tate, iar salvamarii verificau zona de mai bine de patru ore.<\/p>\n<p><i>\u201eAm cerut interven\u021bia celor de la scafandri, care au<br \/>\nvenit. Au \u0219i ei dou\u0103 ore \u0219i jum\u0103tate de c\u00e2nd caut\u0103. (&#8230;) B\u0103ie\u021bii au c\u0103utat<br \/>\np\u00e2n\u0103 la aceast\u0103 or\u0103. Au venit \u0219i scafandrii aici. Nici urm\u0103 de el. Avem patru<br \/>\nore \u0219i ceva de c\u00e2nd c\u0103ut\u0103m \u00eempreun\u0103\u201d,<\/i> a mai spus salvamarul.<\/p>\n<p>\u00cen acela\u0219i timp, Nicu<br \/>\nSarafim atrage aten\u021bia c\u0103 marea poate fi \u00een\u0219el\u0103toare chiar \u0219i atunci c\u00e2nd pare<br \/>\nlini\u0219tit\u0103. \u00cen zon\u0103 era arborat steagul galben, iar dup\u0103 furtunile din zilele<br \/>\nprecedente pot r\u0103m\u00e2ne curen\u021bi care duc spre larg.<\/p>\n<p><i>\u201eMarea este lini\u0219tit\u0103 ast\u0103zi. (&#8230;) Avem un steag galben.<br \/>\nA r\u0103mas dup\u0103 furtun\u0103 \u0219i totdeauna dup\u0103 furtun\u0103 mai sunt ni\u0219te curen\u021bi care trag<br \/>\n\u00een spate, trag \u00eenspre larg oamenii\u201d,<\/i> a mai precizat salvamarul.<\/p>\n<p><\/main><\/p>\n<footer class=\"svelte-x63bga\">\n<div class=\"related-wrap related-footer svelte-78g0vl\"><span class=\"related-label svelte-78g0vl\">Cite\u0219te \u0219i<\/span><a class=\"related svelte-78g0vl\" data-gtrack=\"{&quot;event&quot;:&quot;utm_click&quot;,&quot;data&quot;:{&quot;event_category&quot;:&quot;article_related&quot;}}\" href=\"https:\/\/adevarul.ro\/stiri-interne\/evenimente\/momente-dramatice-la-eforie-sud-un-tanar-si-a-2462367.html\" title=\"Alt articol de interes pentru tine\"><img decoding=\"async\" class=\"thumb svelte-78g0vl\" src=\"https:\/\/cdn.adh.reperio.news\/image-a\/ac97e85e-d773-4578-93da-b0d1f8c296b6\/index.png?p=f%3Dwebp%26w%3D120%26h%3D80%26r%3Dcover%26a%3D0\" alt loading=\"lazy\" width=\"80\" height=\"54\"><span class=\"title svelte-78g0vl\">Momente dramatice la Eforie Sud: un t\u00e2n\u0103r \u0219i-a pierdut via\u021ba, dup\u0103 ce a intrat \u00een mare cu un rucsac plin cu nisip<\/span><\/a><a class=\"related svelte-78g0vl\" data-gtrack=\"{&quot;event&quot;:&quot;utm_click&quot;,&quot;data&quot;:{&quot;event_category&quot;:&quot;article_related&quot;}}\" href=\"https:\/\/adevarul.ro\/stiri-interne\/evenimente\/sotia-unui-roman-mort-in-thassos-face-dezvaluiri-2466384.html\" title=\"Alt articol de interes pentru tine\"><img decoding=\"async\" class=\"thumb svelte-78g0vl\" src=\"https:\/\/cdn.adh.reperio.news\/image-c\/cbb5a8cc-b293-455a-901a-847f6b720831\/index.png?p=f%3Dwebp%26w%3D120%26h%3D80%26r%3Dcover%26a%3D0\" alt loading=\"lazy\" width=\"80\" height=\"54\"><span class=\"title svelte-78g0vl\">So\u021bia unui rom\u00e2n mort \u00een Thassos face dezv\u0103luiri surprinz\u0103toare: \u201eA ie\u0219it pe picioarele lui din mare. Eu nu cred c\u0103 s-a \u00eenecat. Refuz s\u0103 cred asta\u201d<\/span><\/a><a class=\"related svelte-78g0vl\" data-gtrack=\"{&quot;event&quot;:&quot;utm_click&quot;,&quot;data&quot;:{&quot;event_category&quot;:&quot;article_related&quot;}}\" href=\"https:\/\/adevarul.ro\/stiri-interne\/evenimente\/operatiune-masiva-de-cautare-intre-tuzla-si-2548313.html\" title=\"Alt articol de interes pentru tine\"><img decoding=\"async\" class=\"thumb svelte-78g0vl\" src=\"https:\/\/cdn.adh.reperio.news\/image-a\/a1273e53-c722-4149-a3df-5f1f20e450f4\/index.jpeg?p=f%3Dwebp%26w%3D120%26h%3D80%26r%3Dcover%26a%3D0\" alt loading=\"lazy\" width=\"80\" height=\"54\"><span class=\"title svelte-78g0vl\">Alarm\u0103 fals\u0103. Persoana c\u0103utat\u0103 \u00eentre Tuzla \u0219i Costine\u0219ti era vie \u0219i nev\u0103t\u0103mat\u0103<\/span><\/a><\/div>\n<div class=\"meta svelte-x63bga\">\n<div class=\"authors svelte-x63bga\"><span class=\"names svelte-x63bga\"><a href=\"https:\/\/adevarul.ro\/author\/2048\" rel=\"author\" class=\"svelte-x63bga\">Florentina Grigore<\/a><\/span><\/p>\n<div class=\"_hydratable\" data-props=\"%7B%22showLive%22%3Atrue%7D\" data-context=\"%7B%22parentBlockColumnCount%22%3A%7B%22value%22%3A0%2C%22type%22%3A%22store%2Freadable%22%7D%2C%22parentBlockBackgroundColor%22%3A%7B%22type%22%3A%22store%2Freadable%22%7D%7D\" data-component=\"ShareButton\">\n<div class=\"shareButtons svelte-itwbrr\">\n<div class=\"liveSessions metaFont svelte-1maxmbf\"><span class=\"value svelte-1maxmbf\">1<\/span> live <\/div>\n<\/div>\n<\/div>\n<\/div>\n<div class=\"tags svelte-1l3vwp1\"><span class=\"tags-label metaFont svelte-1l3vwp1\">Cite\u0219te mai multe despre<\/span><\/p>\n<div class=\"tags-list svelte-1l3vwp1\"><a href=\"https:\/\/adevarul.ro\/tag\/video\" title=\"Ultimele \u0219tiri despre video\" class=\"tag-pill svelte-1l3vwp1\">video<\/a><a href=\"https:\/\/adevarul.ro\/tag\/costinesti\" title=\"Ultimele \u0219tiri despre costinesti\" class=\"tag-pill svelte-1l3vwp1\">costinesti<\/a><a href=\"https:\/\/adevarul.ro\/tag\/turist%20disparut\" title=\"Ultimele \u0219tiri despre turist disparut\" class=\"tag-pill svelte-1l3vwp1\">turist disparut<\/a><\/div>\n<\/div>\n<\/div>\n<p><a class=\"moreFromCategory svelte-x63bga\" href=\"https:\/\/adevarul.ro\/stiri-interne\/evenimente\" title=\"Evenimente\">Mai multe din <strong class=\"svelte-x63bga\">Evenimente<\/strong> \u203a<\/a><\/footer>\n<\/article>\n<p>[analyse_source url=&#8221;https:\/\/adevarul.ro\/stiri-interne\/evenimente\/turist-disparut-in-mare-la-costinesti-salvamarii-2553489.html&#8221;]<\/p>\n","protected":false},"excerpt":{"rendered":"<p>[analyse_image type=&#8221;featured&#8221; src=&#8221;https:\/\/cdn.adh.reperio.news\/image-0\/0347c37c-acc8-4b2a-a4c4-ccc9933eb0d3\/index.jpeg?p=f%3Djpeg%26w%3D1200%26h%3D630%26r%3Dcover&#8221;] Home \u0218tiri Interne Evenimente Turist disp\u0103rut \u00een mare la Costine\u0219ti. Salvamarii \u0219i scafandrii \u00eel caut\u0103 de ore \u00eentregi Un turist este c\u0103utat \u00een mare, \u00een Costine\u0219ti, dup\u0103 ce a disp\u0103rut \u00een timp ce se afla \u00een ap\u0103. Salvamarii \u0219i scafandrii ISU Dobrogea \u00eencearc\u0103 s\u0103-l g\u0103seasc\u0103 de mai multe ore, \u00eens\u0103 p\u00e2n\u0103 acum [&hellip;]<\/p>\n","protected":false},"author":1,"featured_media":0,"comment_status":"open","ping_status":"","sticky":false,"template":"","format":"standard","meta":{"footnotes":""},"categories":[89],"tags":[19,226],"class_list":["post-2123975","post","type-post","status-publish","format-standard","hentry","category-romania","tag-adevarul","tag-crawlmanager"],"_links":{"self":[{"href":"https:\/\/analyse.optim.biz\/index.php?rest_route=\/wp\/v2\/posts\/2123975","targetHints":{"allow":["GET"]}}],"collection":[{"href":"https:\/\/analyse.optim.biz\/index.php?rest_route=\/wp\/v2\/posts"}],"about":[{"href":"https:\/\/analyse.optim.biz\/index.php?rest_route=\/wp\/v2\/types\/post"}],"author":[{"embeddable":true,"href":"https:\/\/analyse.optim.biz\/index.php?rest_route=\/wp\/v2\/users\/1"}],"replies":[{"embeddable":true,"href":"https:\/\/analyse.optim.biz\/index.php?rest_route=%2Fwp%2Fv2%2Fcomments&post=2123975"}],"version-history":[{"count":0,"href":"https:\/\/analyse.optim.biz\/index.php?rest_route=\/wp\/v2\/posts\/2123975\/revisions"}],"wp:attachment":[{"href":"https:\/\/analyse.optim.biz\/index.php?rest_route=%2Fwp%2Fv2%2Fmedia&parent=2123975"}],"wp:term":[{"taxonomy":"category","embeddable":true,"href":"https:\/\/analyse.optim.biz\/index.php?rest_route=%2Fwp%2Fv2%2Fcategories&post=2123975"},{"taxonomy":"post_tag","embeddable":true,"href":"https:\/\/analyse.optim.biz\/index.php?rest_route=%2Fwp%2Fv2%2Ftags&post=2123975"}],"curies":[{"name":"wp","href":"https:\/\/api.w.org\/{rel}","templated":true}]}}