{"id":2123972,"date":"2026-09-01T16:55:35","date_gmt":"2026-09-01T13:55:35","guid":{"rendered":"https:\/\/analyse.optim.biz\/?p=2123972"},"modified":"2026-09-01T16:55:35","modified_gmt":"2026-09-01T13:55:35","slug":"relatia-lui-lucian-pahontu-cu-fosta-securitate-nu-a-fost-analizata-de-cnsas-vicepresedintele-madalin","status":"publish","type":"post","link":"https:\/\/analyse.optim.biz\/?p=2123972","title":{"rendered":"Rela\u021bia lui Lucian Pahon\u021bu cu fosta Securitate nu a fost analizat\u0103 de CNSAS. Vicepre\u0219edintele M\u0103d\u0103lin&#8230;"},"content":{"rendered":"<p>[analyse_image type=&#8221;featured&#8221; src=&#8221;https:\/\/cdn.adh.reperio.news\/image-4\/4e5cfee5-acd1-4d36-b18d-47278d3a413f\/index.webp?p=f%3Djpeg%26w%3D1200%26h%3D630%26r%3Dcover&#8221;]<\/p>\n<article class=\"svelte-x63bga\">\n<nav>\n<ul class=\"breadcrump svelte-1pk9a69\">\n<li class=\"svelte-1pk9a69\"><a href=\"https:\/\/adevarul.ro\/\" title=\"Adev\u0103rul\" class=\"svelte-1pk9a69\">Home<\/a><\/li>\n<li class=\"svelte-1pk9a69\"><a href=\"https:\/\/adevarul.ro\/stiri-interne\" class=\"svelte-1pk9a69\">\u0218tiri Interne<\/a><\/li>\n<li class=\"svelte-1pk9a69\"><a href=\"https:\/\/adevarul.ro\/stiri-interne\/evenimente\" class=\"svelte-1pk9a69\">Evenimente<\/a><\/li>\n<li class=\"svelte-1pk9a69\"><a href=\"https:\/\/adevarul.ro\/stiri-interne\/evenimente\/vicepresedintele-cnsas-dupa-explicatiile-lui-2553475.html\" class=\"svelte-1pk9a69\">Rela\u021bia lui Lucian Pahon\u021bu cu fosta Securitate nu a fost analizat\u0103 de CNSAS. Vicepre\u0219edintele M\u0103d\u0103lin Hodor: \u201eNu exist\u0103 o verificare a domniei sale\u201d<\/a><\/li>\n<\/ul>\n<\/nav>\n<p><main class=\"svelte-x63bga\"><\/p>\n<p>Noi controverse apar \u00een jurul directorului Serviciului de Protec\u021bie \u0219i Paz\u0103 (SPP), Lucian Pahon\u021bu, dup\u0103 ce\u00a0M\u0103d\u0103lin Hodor,  vicepre\u0219edintele Consiliului Na\u021bional pentru Studierea Arhivelor Securit\u0103\u021bii (CNSAS), a afirmat c\u0103 institu\u021bia nu a finalizat niciodat\u0103 o verificare oficial\u0103 privind eventuala colaborare a acestuia cu fosta Securitate.<\/p>\n<div class=\"container-image  svelte-1xbw4f3\"><source type=\"image\/webp\" srcset=\"https:\/\/cdn.adh.reperio.news\/image-4\/4e5cfee5-acd1-4d36-b18d-47278d3a413f\/index.webp?p=a%3D1%26co%3D1.05%26w%3D1400%26h%3D750%26r%3Dcontain%26f%3Dwebp 1400w\" media=\"(min-width: 1400px)\" \/><\/p>\n<div class=\"caption svelte-1xbw4f3\"><span class=\"captionText svelte-1xbw4f3\">Lucian Pahontu, \u0219eful SPP <span class=\"source svelte-1xbw4f3\">Foto: Inquam Photos<\/span><\/span><\/div>\n<\/div>\n<p>Potrivit lui M\u0103d\u0103lin Hodor, \u00een eviden\u021bele CNSAS nu exist\u0103 un act administrativ care s\u0103 ateste finalizarea unei verific\u0103ri \u00een cazul lui Lucian Pahon\u021bu. Astfel, nu a fost emis\u0103 nici o adeverin\u021b\u0103 de necolaborare sau de neapartenen\u021b\u0103 la structurile fostei Securit\u0103\u021bi \u0219i nici nu exist\u0103 o decizie judec\u0103toreasc\u0103 privind o eventual\u0103 colaborare cu poli\u021bia politic\u0103.<\/p>\n<p><i>\u201eM\u0103 v\u0103d nevoit s\u0103 repet. Verificarea unei persoane pentru stabilirea calit\u0103\u021bii de colaborator sau lucr\u0103tor al Securit\u0103\u021bii de c\u0103tre CNSAS se finalizeaz\u0103 cu dou\u0103 posibilit\u0103\u021bi:<\/i><\/p>\n<ol>\n<li><i>Constatarea calit\u0103\u021bii de colaborator sau lucr\u0103tor al Securit\u0103\u021bii, dup\u0103 o sentin\u021b\u0103 definitiv\u0103 \u0219i irevocabil\u0103 a instan\u021bei. Caz \u00een care motivarea acestei sentin\u021be se public\u0103 \u00een Monitorul Oficial, Partea a III-a.<br \/>\n<\/i><\/li>\n<li><i>Eliberarea unei adeverin\u021be, \u00een situa\u021bia \u00een care CNSAS nu g\u0103se\u0219te suficiente probe pentru a \u00eendeplini condi\u021biile legale cumulative prev\u0103zute de lege (art. 2 din OUG nr. 24\/2008).<br \/>\n<\/i><\/li>\n<\/ol>\n<p><i>Dac\u0103 verificarea nu se finalizeaz\u0103 cu una dintre cele dou\u0103 posibilit\u0103\u021bi enun\u021bate, atunci nu exist\u0103 un verdict oficial privind rela\u021bia persoanei respective cu Securitatea.\u00a0<\/i><i>Ca s\u0103 citez:\u00a0`Domnul Pahon\u021bu nu se afl\u0103 \u00een aceast\u0103 situa\u021bie`\u201d.<\/i> a explicat\u00a0M\u0103d\u0103lin Hodor, mar\u021bi, \u00eentr-o postare pe Facebook.<\/p>\n<p>Declara\u021bia vine \u00een contextul \u00een care pre\u0219edintele Nicu\u0219or Dan \u0219i-a exprimat sprijinul pentru \u0219eful SPP \u0219i a sus\u021binut c\u0103 acesta nu s-a aflat \u00een situa\u021bia de a participa la reprimarea manifestan\u021bilor \u00een timpul Revolu\u021biei din 1989 sau al Mineriadei din 1990.<\/p>\n<div class=\"raw-block\"><iframe loading=\"lazy\" src=\"https:\/\/www.facebook.com\/plugins\/post.php?href=https%3A%2F%2Fwww.facebook.com%2Fmadalin.hodor.1%2Fposts%2Fpfbid0LZRv3rQELKDfE6Rhg9UuYHFrqs9dsnXw4vnVf42gE9zcJjxnDDVgMV8Eimi76TLRl&amp;show_text=true&amp;width=390\" width=\"500\" height=\"298\" frameborder allowfullscreen=\"true\" allow=\"autoplay; clipboard-write; encrypted-media; picture-in-picture; web-share\" class=\"facebook-iframe\"><\/iframe><\/div>\n<h2>\u201eDac\u0103 ar fi existat o verificare, atunci ar fi avut fie o adeverin\u021b\u0103, fie calitatea de lucr\u0103tor al Securit\u0103\u021bii\u201d<\/h2>\n<p>Vicepre\u0219edintele CNSAS a precizat, de asemenea, c\u0103 institu\u021bia este singura abilitat\u0103 legal s\u0103 efectueze astfel de verific\u0103ri \u0219i a sus\u021binut c\u0103 \u00een ultimii 18 ani nu a fost transmis\u0103 c\u0103tre Consiliu o declara\u021bie pe propria r\u0103spundere din partea lui Lucian Pahon\u021bu referitoare la necolaborarea cu Securitatea.<\/p>\n<p><i>\u201e\u00cen leg\u0103tur\u0103 cu cele afirmate de domnul Pahon\u021bu:<\/i><\/p>\n<ol>\n<li><i>Nu exist\u0103 o verificare a domniei sale de c\u0103tre CNSAS. Dac\u0103 ar fi existat, atunci ar fi avut fie o adeverin\u021b\u0103, fie calitatea de lucr\u0103tor al Securit\u0103\u021bii. Iar aceste acte ar fi fost publice.<br \/>\n<\/i><\/li>\n<li><i>Singura institu\u021bie abilitat\u0103 de legea din Rom\u00e2nia s\u0103 fac\u0103 astfel de verific\u0103ri este CNSAS\u201d<\/i><\/li>\n<\/ol>\n<p>Pre\u0219edintele executiv al Institutului de Investigare a Crimelor Comunismului a apreciat, \u00een nume propriu, c\u0103 at\u00e2t CNSAS, c\u00e2t \u0219i Institutul Revolu\u021biei Rom\u00e2ne ar fi trebuit s\u0103 clarifice de mai mult timp situa\u021bia.<\/p>\n<div class=\"raw-block\"><iframe loading=\"lazy\" src=\"https:\/\/www.facebook.com\/plugins\/post.php?href=https%3A%2F%2Fwww.facebook.com%2Fmadalin.hodor.1%2Fposts%2Fpfbid0pbtxABfkYaaG44BD4gBNyqRVF3qLKaYuZ8xeQAtsXyupa7Vcs5FL9URTVFku6bqml&amp;show_text=true&amp;width=390\" width=\"500\" height=\"272\" frameborder allowfullscreen=\"true\" allow=\"autoplay; clipboard-write; encrypted-media; picture-in-picture; web-share\" class=\"facebook-iframe\"><\/iframe><\/div>\n<h2>Scandalul care a luat amploare<\/h2>\n<p>Amintim c\u0103<a href=\"https:\/\/adevarul.ro\/stiri-interne\/evenimente\/nicusoare-lasa-clontu-da-l-afara-pe-pahontu-2552764.html\">\u00a0scandalul a izbucnit dup\u0103 publicarea investiga\u021biei Recorder privind trecutul lui Lucian Pahon\u021bu.<\/a><\/p>\n<p>\u00a0Nicu\u0219or Dan a declarat joi c\u0103 nu consider\u0103 c\u0103 \u0219eful SPP se afl\u0103 \u00een situa\u021bia unei persoane implicate \u00een ac\u021biuni represive la Revolu\u021bia din 1989 sau la mineriade \u0219i a afirmat:\u00a0<i>\u201eNu \u0219tiu care-i scandalul. Eu am v\u0103zut un articol de pres\u0103 care are un titlu care nu este justificat de con\u021binut. Nu \u0219tiu care este scandalul\u201d<\/i>.<\/p>\n<p>\u00centrebat dac\u0103 va solicita schimbarea lui Lucian Pahon\u021bu dup\u0103 dezv\u0103luirile Recorder,<a href=\"https:\/\/adevarul.ro\/politica\/nicusor-dan-va-fi-in-republica-moldova-de-ziua-2552334.html\">\u00a0pre\u0219edintele a oferit un r\u0103spuns evaziv.<\/a><\/p>\n<p>Amintim c\u0103, pe 29 august, Alian\u021ba \u201eA Patra Putere\u201d, organiza\u021bie care reprezint\u0103 profesioni\u0219ti din domeniul jurnalismului, i-a adresat pre\u0219edintelui Nicu\u0219or Dan\u00a0<a href=\"https:\/\/adevarul.ro\/politica\/scrisoare-deschisa-catre-nicusor-dan-in-cazul-2552902.html\">o scrisoare deschis\u0103<\/a>\u00a0\u00een contextul controversei generate de investiga\u021bia Recorder privind \u0219eful Serviciului de Protec\u021bie \u0219i Paz\u0103 (SPP), generalul Lucian Pahon\u021bu.<\/p>\n<p><a href=\"https:\/\/adevarul.ro\/stiri-interne\/evenimente\/spovedania-lui-pahontu-despre-revolutie-si-2553220.html\">Luni, 31 august, \u0219eful SPP a respins \u00eens\u0103 categoric acuza\u021biile<\/a>, afirm\u00e2nd\u00a0c\u0103 nu a participat la acte de reprimare \u00eempotriva manifestan\u021bilor \u00een decembrie 1989 sau \u00een timpul violen\u021belor din iunie 1990.<\/p>\n<p>P\u00e2n\u0103 \u00een prezent, procurorii militari nu au prezentat informa\u021bii care s\u0103 confirme public afirma\u021biile referitoare la implicarea \u00een acte de represiune a trupelor de securitate din care a f\u0103cut parte \u0219i Lucian Pahon\u021bu.<\/p>\n<p><\/main><\/p>\n<footer class=\"svelte-x63bga\">\n<div class=\"related-wrap related-footer svelte-78g0vl\"><span class=\"related-label svelte-78g0vl\">Cite\u0219te \u0219i<\/span><a class=\"related svelte-78g0vl\" data-gtrack=\"{&quot;event&quot;:&quot;utm_click&quot;,&quot;data&quot;:{&quot;event_category&quot;:&quot;article_related&quot;}}\" href=\"https:\/\/adevarul.ro\/politica\/rectorul-snspa-remus-pricopie-vine-luni-de-la-2553065.html\" title=\"Alt articol de interes pentru tine\"><img decoding=\"async\" class=\"thumb svelte-78g0vl\" src=\"https:\/\/cdn.adh.reperio.news\/image-7\/797869a8-a3c6-437c-b440-a53cd764a752\/index.jpeg?p=f%3Dwebp%26w%3D120%26h%3D80%26r%3Dcover%26a%3D0\" alt loading=\"lazy\" width=\"80\" height=\"54\"><span class=\"title svelte-78g0vl\">De ce rectorul SNSPA, Remus Pricopie, consider\u0103 campania \u00eempotriva lui Lucian Pahon\u021bu un r\u0103zboi hibrid<\/span><\/a><a class=\"related svelte-78g0vl\" data-gtrack=\"{&quot;event&quot;:&quot;utm_click&quot;,&quot;data&quot;:{&quot;event_category&quot;:&quot;article_related&quot;}}\" href=\"https:\/\/adevarul.ro\/stiri-interne\/oamenii-fac-pur-si-simplu-un-pas-in-spate-de-2553179.html\" title=\"Alt articol de interes pentru tine\"><img decoding=\"async\" class=\"thumb svelte-78g0vl\" src=\"https:\/\/cdn.adh.reperio.news\/image-c\/c493ff53-ecd4-43c4-b2ca-04797f39718d\/index.jpeg?p=f%3Dwebp%26w%3D120%26h%3D80%26r%3Dcover%26a%3D0\" alt loading=\"lazy\" width=\"80\" height=\"54\"><span class=\"title svelte-78g0vl\"> \u201eOamenii fac pur \u0219i simplu un pas \u00een spate\u201d. De ce nu ies rom\u00e2nii \u00een strad\u0103, de\u0219i sunt tot mai dezam\u0103gi\u021bi de stat<\/span><\/a><a class=\"related svelte-78g0vl\" data-gtrack=\"{&quot;event&quot;:&quot;utm_click&quot;,&quot;data&quot;:{&quot;event_category&quot;:&quot;article_related&quot;}}\" href=\"https:\/\/adevarul.ro\/stiri-interne\/evenimente\/spovedania-lui-pahontu-despre-revolutie-si-2553220.html\" title=\"Alt articol de interes pentru tine\"><img decoding=\"async\" class=\"thumb svelte-78g0vl\" src=\"https:\/\/cdn.adh.reperio.news\/image-4\/4e5cfee5-acd1-4d36-b18d-47278d3a413f\/index.webp?p=f%3Dwebp%26w%3D120%26h%3D80%26r%3Dcover%26a%3D0\" alt loading=\"lazy\" width=\"80\" height=\"54\"><span class=\"title svelte-78g0vl\">Prima reac\u021bie a lui Lucian Pahon\u021bu fa\u021b\u0103 de acuza\u021biile privind participarea la Revolu\u021bie \u0219i Mineriad\u0103: \u201eNu exist\u0103 nicio prob\u0103\u201d<\/span><\/a><\/div>\n<div class=\"meta svelte-x63bga\">\n<div class=\"authors svelte-x63bga\"><span class=\"names svelte-x63bga\"><a href=\"https:\/\/adevarul.ro\/author\/1228\" rel=\"author\" class=\"svelte-x63bga\">Cristina Stancu<\/a><\/span><\/p>\n<div class=\"_hydratable\" data-props=\"%7B%22showLive%22%3Atrue%7D\" data-context=\"%7B%22parentBlockColumnCount%22%3A%7B%22value%22%3A0%2C%22type%22%3A%22store%2Freadable%22%7D%2C%22parentBlockBackgroundColor%22%3A%7B%22type%22%3A%22store%2Freadable%22%7D%7D\" data-component=\"ShareButton\">\n<div class=\"shareButtons svelte-itwbrr\">\n<div class=\"liveSessions metaFont svelte-1maxmbf\"><span class=\"value svelte-1maxmbf\">1<\/span> live <\/div>\n<\/div>\n<\/div>\n<\/div>\n<div class=\"tags svelte-1l3vwp1\"><span class=\"tags-label metaFont svelte-1l3vwp1\">Cite\u0219te mai multe despre<\/span><\/p>\n<div class=\"tags-list svelte-1l3vwp1\"><a href=\"https:\/\/adevarul.ro\/tag\/nicusor%20dan\" title=\"Ultimele \u0219tiri despre nicusor dan\" class=\"tag-pill svelte-1l3vwp1\">nicusor dan<\/a><a href=\"https:\/\/adevarul.ro\/tag\/securitate\" title=\"Ultimele \u0219tiri despre securitate\" class=\"tag-pill svelte-1l3vwp1\">securitate<\/a><a href=\"https:\/\/adevarul.ro\/tag\/cnsas\" title=\"Ultimele \u0219tiri despre cnsas\" class=\"tag-pill svelte-1l3vwp1\">cnsas<\/a><a href=\"https:\/\/adevarul.ro\/tag\/decembrie%201989\" title=\"Ultimele \u0219tiri despre decembrie 1989\" class=\"tag-pill svelte-1l3vwp1\">decembrie 1989<\/a><a href=\"https:\/\/adevarul.ro\/tag\/lucian%20pahon%C8%9Bu\" title=\"Ultimele \u0219tiri despre lucian pahon\u021bu\" class=\"tag-pill svelte-1l3vwp1\">lucian pahon\u021bu<\/a><a href=\"https:\/\/adevarul.ro\/tag\/m%C4%83d%C4%83lin%20hodor\" title=\"Ultimele \u0219tiri despre m\u0103d\u0103lin hodor\" class=\"tag-pill svelte-1l3vwp1\">m\u0103d\u0103lin hodor<\/a><\/div>\n<\/div>\n<\/div>\n<p><a class=\"moreFromCategory svelte-x63bga\" href=\"https:\/\/adevarul.ro\/stiri-interne\/evenimente\" title=\"Evenimente\">Mai multe din <strong class=\"svelte-x63bga\">Evenimente<\/strong> \u203a<\/a><\/footer>\n<\/article>\n<p>[analyse_source url=&#8221;https:\/\/adevarul.ro\/stiri-interne\/evenimente\/vicepresedintele-cnsas-dupa-explicatiile-lui-2553475.html&#8221;]<\/p>\n","protected":false},"excerpt":{"rendered":"<p>[analyse_image type=&#8221;featured&#8221; src=&#8221;https:\/\/cdn.adh.reperio.news\/image-4\/4e5cfee5-acd1-4d36-b18d-47278d3a413f\/index.webp?p=f%3Djpeg%26w%3D1200%26h%3D630%26r%3Dcover&#8221;] Home \u0218tiri Interne Evenimente Rela\u021bia lui Lucian Pahon\u021bu cu fosta Securitate nu a fost analizat\u0103 de CNSAS. Vicepre\u0219edintele M\u0103d\u0103lin Hodor: \u201eNu exist\u0103 o verificare a domniei sale\u201d Noi controverse apar \u00een jurul directorului Serviciului de Protec\u021bie \u0219i Paz\u0103 (SPP), Lucian Pahon\u021bu, dup\u0103 ce\u00a0M\u0103d\u0103lin Hodor, vicepre\u0219edintele Consiliului Na\u021bional pentru Studierea Arhivelor Securit\u0103\u021bii (CNSAS), [&hellip;]<\/p>\n","protected":false},"author":1,"featured_media":0,"comment_status":"open","ping_status":"","sticky":false,"template":"","format":"standard","meta":{"footnotes":""},"categories":[89],"tags":[19,226],"class_list":["post-2123972","post","type-post","status-publish","format-standard","hentry","category-romania","tag-adevarul","tag-crawlmanager"],"_links":{"self":[{"href":"https:\/\/analyse.optim.biz\/index.php?rest_route=\/wp\/v2\/posts\/2123972","targetHints":{"allow":["GET"]}}],"collection":[{"href":"https:\/\/analyse.optim.biz\/index.php?rest_route=\/wp\/v2\/posts"}],"about":[{"href":"https:\/\/analyse.optim.biz\/index.php?rest_route=\/wp\/v2\/types\/post"}],"author":[{"embeddable":true,"href":"https:\/\/analyse.optim.biz\/index.php?rest_route=\/wp\/v2\/users\/1"}],"replies":[{"embeddable":true,"href":"https:\/\/analyse.optim.biz\/index.php?rest_route=%2Fwp%2Fv2%2Fcomments&post=2123972"}],"version-history":[{"count":0,"href":"https:\/\/analyse.optim.biz\/index.php?rest_route=\/wp\/v2\/posts\/2123972\/revisions"}],"wp:attachment":[{"href":"https:\/\/analyse.optim.biz\/index.php?rest_route=%2Fwp%2Fv2%2Fmedia&parent=2123972"}],"wp:term":[{"taxonomy":"category","embeddable":true,"href":"https:\/\/analyse.optim.biz\/index.php?rest_route=%2Fwp%2Fv2%2Fcategories&post=2123972"},{"taxonomy":"post_tag","embeddable":true,"href":"https:\/\/analyse.optim.biz\/index.php?rest_route=%2Fwp%2Fv2%2Ftags&post=2123972"}],"curies":[{"name":"wp","href":"https:\/\/api.w.org\/{rel}","templated":true}]}}