{"id":2123968,"date":"2026-09-01T15:14:37","date_gmt":"2026-09-01T12:14:37","guid":{"rendered":"https:\/\/analyse.optim.biz\/?p=2123968"},"modified":"2026-09-01T15:14:37","modified_gmt":"2026-09-01T12:14:37","slug":"oamenii-fac-pur-si-simplu-un-pas-in-spate-de-ce-nu-ies-romanii-in-strada-desi-sunt-tot-mai-dezamagiti","status":"publish","type":"post","link":"https:\/\/analyse.optim.biz\/?p=2123968","title":{"rendered":"\u201eOamenii fac pur \u0219i simplu un pas \u00een spate\u201d. De ce nu ies rom\u00e2nii \u00een strad\u0103, de\u0219i sunt tot mai dezam\u0103gi\u021bi&#8230;"},"content":{"rendered":"<p>[analyse_image type=&#8221;featured&#8221; src=&#8221;https:\/\/cdn.adh.reperio.news\/image-c\/c493ff53-ecd4-43c4-b2ca-04797f39718d\/index.jpeg?p=f%3Djpeg%26w%3D1200%26h%3D630%26r%3Dcover&#8221;]<\/p>\n<article class=\"svelte-x63bga\">\n<nav>\n<ul class=\"breadcrump svelte-1pk9a69\">\n<li class=\"svelte-1pk9a69\"><a href=\"https:\/\/adevarul.ro\/\" title=\"Adev\u0103rul\" class=\"svelte-1pk9a69\">Home<\/a><\/li>\n<li class=\"svelte-1pk9a69\"><a href=\"https:\/\/adevarul.ro\/stiri-interne\" class=\"svelte-1pk9a69\">\u0218tiri Interne<\/a><\/li>\n<li class=\"svelte-1pk9a69\"><a href=\"https:\/\/adevarul.ro\/stiri-interne\/oamenii-fac-pur-si-simplu-un-pas-in-spate-de-2553179.html\" class=\"svelte-1pk9a69\"> \u201eOamenii fac pur \u0219i simplu un pas \u00een spate\u201d. De ce nu ies rom\u00e2nii \u00een strad\u0103, de\u0219i sunt tot mai dezam\u0103gi\u021bi de stat<\/a><\/li>\n<\/ul>\n<\/nav>\n<p><main class=\"svelte-x63bga\"><\/p>\n<p>Doar c\u00e2teva zeci de oameni au ie\u0219it s\u0103pt\u0103m\u00e2na trecut\u0103 \u00een strad\u0103 dup\u0103 ce Nicu\u0219or Dan a decis s\u0103-i ia ap\u0103rarea \u0219efului SPP, Lucian Pahon\u021bu. Nici scandalul privind capturarea justi\u021biei nu a reu\u0219it s\u0103 adune mai mult de c\u00e2teva mii de oameni, \u00eentr-un moment \u00een care, cu doar c\u00e2\u021biva ani \u00een urm\u0103, teme similare puteau mobiliza sute de mii de persoane. Ce s-a schimbat \u00een societatea rom\u00e2neasc\u0103 \u0219i de ce oamenii sunt tot mai pu\u021bin dispu\u0219i s\u0103 ias\u0103 \u00een strad\u0103? Sociologul Antonio Amuza explic\u0103 pentru \u201eAdev\u0103rul\u201d de ce protestele \u0219i-au pierdut for\u021ba, \u00een condi\u021biile \u00een care dezam\u0103girea fa\u021b\u0103 de institu\u021bii s-a accentuat, iar nivelul de trai a crescut.<\/p>\n<div class=\"container-image  svelte-1xbw4f3\"><source type=\"image\/webp\" srcset=\"https:\/\/cdn.adh.reperio.news\/image-c\/c493ff53-ecd4-43c4-b2ca-04797f39718d\/index.jpeg?p=a%3D1%26co%3D1.05%26w%3D1400%26h%3D750%26r%3Dcontain%26f%3Dwebp 1400w\" media=\"(min-width: 1400px)\" \/><\/p>\n<div class=\"caption svelte-1xbw4f3\"><span class=\"captionText svelte-1xbw4f3\"><span class=\"source svelte-1xbw4f3\">Foto: Inquam Photos  \/ Octav Ganea<\/span><\/span><\/div>\n<\/div>\n<p>Amploarea protestelor din Rom\u00e2nia a sc\u0103zut considerabil \u00een ultimii ani, cel pu\u021bin \u00een compara\u021bie cu mobiliz\u0103rile masive din urm\u0103 cu un deceniu. Pe 5 martie 2017, aproximativ 600.000 de oameni au protestat \u00een Rom\u00e2nia \u0219i \u00een str\u0103in\u0103tate \u00eempotriva Ordonan\u021bei 13 \u0219i a PSD-ului lui Liviu Dragnea. Se estimeaz\u0103 c\u0103, \u00een ciuda vremii potrivnice, peste 1 milion de oameni au protestat \u00een acele zile.\u00a0<\/p>\n<p>Nu a fost prima mi\u0219care de acest gen. \u00cen urma tragediei din clubul Colectiv, c\u00e2teva zeci de mii de oameni au protestat \u00een strad\u0103 fa\u021b\u0103 de lan\u021bul de complicit\u0103\u021bi care a dus \u00een cele din urm\u0103 la moartea a 65 de persoane. \u00cen cele din urm\u0103, Victor Ponta a demisionat din func\u021bia de prim-ministru, iar Cristian Popescu-Piedone din cea de primar al Sectorului 4.<\/p>\n<h2>O mi\u0219care social\u0103 despre merdenea, nu despre justi\u021bie<\/h2>\n<p>\u00cen prezent, astfel de mobiliz\u0103ri par tot mai greu de imaginat, iar probleme care alt\u0103dat\u0103 adunau sute de mii de oameni, cum este cazul justi\u021biei, abia reu\u0219esc s\u0103 adune \u00een strad\u0103 c\u00e2teva mii de oameni. Un exemplu care arat\u0103 c\u00e2t de mult s-a schimbat felul \u00een care oamenii reac\u021bioneaz\u0103 la subiectele publice. Dezbaterea despre merdenea versus croissant a str\u00e2ns mult\u0103 energie \u00een spa\u021biul public, \u00een timp ce teme care \u00eei afecteaz\u0103 direct pe oameni au r\u0103mas f\u0103r\u0103 o reac\u021bie comparabil\u0103. Antonio Amuza spune \u00eens\u0103 c\u0103 fenomenul are mai multe explica\u021bii.<\/p>\n<p><i>\u201eVedem mi\u0219c\u0103ri sociale de alte naturi, inclusiv dezbaterea recent\u0103 cu merdeneaua versus croissantul. Chiar dac\u0103 subiectul este destul de amuzant, cred c\u0103 ne poate ridica un semn de \u00eentrebare. De ce, pentru cauze mai degrab\u0103 legate de starea noastr\u0103 de bine \u0219i de lucrurile care ne afecteaz\u0103 \u00een mod direct, nu exist\u0103 acela\u0219i aplomb? Nu vreau neap\u0103rat s\u0103 simplific exagerat explica\u021bia. Lucrurile nu sunt niciodat\u0103 at\u00e2t de simple \u0219i, clar, exist\u0103 chestiuni complexe care pun bazele pentru genul acesta de mi\u0219c\u0103ri sociale. Pe de alt\u0103 parte, sunt ni\u0219te tu\u0219e care ar trebui s\u0103 ne ajute s\u0103 simplific\u0103m felul \u00een care privim societatea \u0219i interesele oamenilor&#8221;,<\/i> a explicat Antonio Amuza.<\/p>\n<p>Una dintre aceste explica\u021bii este sc\u0103derea \u00eencrederii \u00een clasa politic\u0103. Fenomenul apare constant \u00een barometrele de opinie \u0219i nu mai \u021bine de o anumit\u0103 tab\u0103r\u0103. Electoratul poate avea simpatii politice diferite, \u00eens\u0103 ne\u00eencrederea \u00een clasa politic\u0103 a devenit larg r\u0103sp\u00e2ndit\u0103.<\/p>\n<p><i>\u201eUna dintre ele este nivelul tot mai sc\u0103zut de \u00eencredere, eviden\u021biat de sociologi \u0219i de numeroase voci din spa\u021biul public, care au subliniat faptul c\u0103 oamenii sunt tot mai dezam\u0103gi\u021bi de clasa politic\u0103 \u00een ansamblul ei. Nu vorbim despre tabere care, la final, au pozi\u021bii complet diferite. Pe teme politice, chiar dac\u0103 oamenii se asociaz\u0103 unor simpatii politice sau unor grupuri ideologice, dezam\u0103girea este, p\u00e2n\u0103 la urm\u0103, o caracteristic\u0103 pe care o reg\u0103sim la cet\u0103\u021beni \u00een ansamblul lor, \u00een raport cu clasa politic\u0103. Faptul c\u0103 vedem \u00een barometrele sociologice aceast\u0103 constant\u0103 \u00een ultimii ani poate fi o explica\u021bie pentru care oamenii nu simt cu adev\u0103rat c\u0103 vocea lor poate s\u0103 conteze, s\u0103 contribuie la schimbarea sau la mersul lucrurilor&#8221;,<\/i> a explicat Antonio Amuza.<\/p>\n<p>Anularea alegerilor preziden\u021biale este unul dintre momentele recente care au accentuat aceast\u0103 ne\u00eencredere, \u00eens\u0103 Amuza spune c\u0103 ar fi gre\u0219it ca \u00eentreaga schimbare s\u0103 fie pus\u0103 pe seama unui singur eveniment.<\/p>\n<p><i>\u201eSigur c\u0103 avem o serie de momente \u0219i evenimente din trecutul recent care, la r\u00e2ndul lor, au contribuit la aceast\u0103 erodare a \u00eencrederii. Putem s\u0103 \u00eencepem sau nu neap\u0103rat de la momentul anul\u0103rii alegerilor. E greu de spus dac\u0103 acesta a fost principalul punct de cotitur\u0103. Dar concluzia mea, ca cercet\u0103tor, este c\u0103, cel pu\u021bin \u00een leg\u0103tur\u0103 cu acel moment \u0219i cu toate celelalte care au urmat, s-a n\u0103scut o alt\u0103 form\u0103 de dezam\u0103gire, care are \u0219i ancore politice, dar este, \u00een primul r\u00e2nd, o dezam\u0103gire institu\u021bional\u0103 \u0219i fa\u021b\u0103 de tot ce provine din zona aceasta institu\u021bional\u0103&#8221;,<\/i> a explicat Antonio Amuza.<\/p>\n<h2>\u201eOamenii fac un pas \u00een spate\u201d<\/h2>\n<p>Aceast\u0103 ne\u00eencredere nu mai produce \u00eens\u0103 automat protest. Reac\u021bia este tot mai des retragerea din spa\u021biul civic \u0219i refuzul de a mai avea \u00eencredere \u00een mesajele venite dinspre institu\u021bii.<\/p>\n<p><i>\u201eMai simplu spus, \u00een momentul \u00een care mesajele \u00eencep s\u0103 curg\u0103, indiferent de natura lor, dinspre institu\u021bii publice, reac\u021bia oamenilor este mai degrab\u0103 una de pas \u00eenapoi, de retragere, de rupere. Nu vor s\u0103 se asocieze cu tipul acela de idei, chiar dac\u0103, la o analiz\u0103 ra\u021bional\u0103, multe dintre explica\u021biile care provin din aceast\u0103 zon\u0103 institu\u021bional\u0103 pot s\u0103 fie \u00een beneficiul cet\u0103\u021beanului. Este o reac\u021bie mai degrab\u0103 negativ\u0103, dar nu \u00een sensul unui protest. Asta ar fi explica\u021bia pentru care oamenii nu apar acolo. Mai degrab\u0103 este vorba despre o dezangajare civic\u0103&#8221;<\/i>, a explicat Antonio Amuza.<\/p>\n<p>Sociologul vorbe\u0219te \u00een acest context despre anomie social\u0103, adic\u0103 retragerea individului din rela\u021bia civic\u0103 cu statul. Iar consecin\u021bele pot fi mai serioase dec\u00e2t simpla lips\u0103 a protestelor.<\/p>\n<p><i>\u201eA\u0219 merge p\u00e2n\u0103 \u00eentr-acolo \u00eenc\u00e2t a\u0219 pune sub lup\u0103 anomia social\u0103. Mai simplu spus, oamenii fac pur \u0219i simplu un pas lateral, un pas \u00een spate, \u00een tot ce \u00eenseamn\u0103 implicare civic\u0103, nemaijustific\u00e2ndu-\u0219i rolul \u00een rela\u021bia cu statul. \u0218i asta, de fapt, devine periculos din toate punctele de vedere, inclusiv pentru rezilien\u021b\u0103, pentru identitate cultural\u0103 \u0219i a\u0219a mai departe&#8221;<\/i>, a explicat Antonio Amuza.<\/p>\n<p>\u00cen ultimul deceniu, justi\u021bia a fost una dintre temele care au mobilizat cel mai puternic societatea. Ast\u0103zi, \u00eens\u0103, aceast\u0103 tem\u0103 nu mai produce aceea\u0219i reac\u021bie. Protestele repetate \u0219i rezultatele lor au erodat \u00eencrederea c\u0103 ie\u0219irea \u00een strad\u0103 poate schimba lucrurile.<\/p>\n<p><i>\u201eAsta a\u0219 spune c\u0103 este, \u00eentr-o form\u0103 simplificat\u0103, una dintre cauzele pentru care oamenii nu se mai str\u00e2ng cum se str\u00e2ngeau odinioar\u0103. Mai exist\u0103 \u0219i o explica\u021bie legat\u0103 de evenimentele care ar trebui s\u0103 genereze aceast\u0103 combustie. Tema justi\u021biei sau oricare alta cred c\u0103, \u00eentr-o oarecare m\u0103sur\u0103, a devenit caduc\u0103. Nu mai reu\u0219e\u0219te s\u0103 ofere combustia unei mi\u0219c\u0103ri sociale ca alt\u0103dat\u0103, pentru c\u0103 nu s-au \u00eendeplinit o serie dintre speran\u021bele celor care au folosit aceste teme \u00een trecut ca motiva\u021bie pentru schimbare&#8221;<\/i>, a explicat Antonio Amuza.<\/p>\n<p><a class=\"related-inline svelte-78g0vl\" data-gtrack=\"{&quot;event&quot;:&quot;utm_click&quot;,&quot;data&quot;:{&quot;event_category&quot;:&quot;article_related&quot;}}\" href=\"https:\/\/adevarul.ro\/politica\/de-ce-nu-l-demite-nicusor-dan-pe-generalul-2552754.html\" title=\"Alt articol de interes pentru tine\"><span class=\"inline-title svelte-78g0vl\">De ce nu-l demite Nicu\u0219or Dan pe generalul Pahon\u021bu? \u201ePare c\u0103 exist\u0103 un soi de complicitate\u201d. C\u00e2t st\u0103 \u00een picioare ap\u0103rarea pre\u0219edintelui<\/span><\/a><\/p>\n<p>Pentru ca oamenii s\u0103 revin\u0103 \u00een strad\u0103 ar trebui s\u0103 apar\u0103 motive noi sau s\u0103 fie rezolvate problemele pentru care au protestat deja. C\u00e2nd acelea\u0219i cauze r\u0103m\u00e2n nerezolvate ani la r\u00e2nd, apare \u00eentrebarea dac\u0103 protestul mai are vreun efect.<\/p>\n<p><i>\u201eAr trebui s\u0103 se \u00eent\u00e2mple altceva. Pe de o parte, ar trebui s\u0103 apar\u0103 alte motive, iar pe de alt\u0103 parte ar trebui s\u0103 se \u00eent\u00e2mple lucrurile pentru care oamenii au protestat. Dar s\u0103 protestezi at\u00e2t de mult timp pentru ni\u0219te cauze care par aproape solidificate, calcifiate, dac\u0103 vre\u021bi, la nivel de stat, cred c\u0103 \u00eei face chiar \u0219i pe cei mai \u00eenver\u0219una\u021bi dintre protestatari s\u0103 se \u00eentrebe \u00een ce m\u0103sur\u0103 protestul lor mai conteaz\u0103&#8221;, <\/i>a explicat Antonio Amuza.<\/p>\n<p>Aceast\u0103 dezam\u0103gire \u00eei afecteaz\u0103 inclusiv pe cei care au ie\u0219it \u00een trecut \u00een strad\u0103 f\u0103r\u0103 s\u0103 fie parte dintr-un nucleu militant.<\/p>\n<p><i>\u201e\u0218i atunci unii probabil pur \u0219i simplu nu mai particip\u0103. Sigur c\u0103 sunt \u0219i oameni care particip\u0103 din logica apartenen\u021bei la un anumit grup, la comunitatea oamenilor care protesteaz\u0103. Este \u0219i asta o explica\u021bie, dar nu cred c\u0103 este definitorie. Este mai degrab\u0103 vorba despre dezam\u0103girea oamenilor \u00een ansamblul lor, inclusiv a celor care nu protestau \u00een mod obi\u0219nuit, dar care considerau c\u0103 astfel de gesturi pot avea un efect. \u00cen acest moment, ei primesc cumva o explica\u021bie pentru care participarea lor la astfel de proteste nu mai schimb\u0103 lucrurile&#8221;<\/i>, a explicat Antonio Amuza.<\/p>\n<h2>Rom\u00e2nii o duc mai bine, iar asta schimb\u0103 calculul<\/h2>\n<p>Exist\u0103 \u0219i o explica\u021bie care \u021bine de schimb\u0103rile din via\u021ba de zi cu zi. Nivelul de trai a crescut, iar acest lucru poate reduce disponibilitatea oamenilor de a-\u0219i asuma costurile \u0219i riscurile unui protest. Amuza spune c\u0103 schimbarea este observat\u0103 mai ales de rom\u00e2nii care pleac\u0103 din \u021bar\u0103 pentru perioade mai lungi \u0219i revin acas\u0103.<\/p>\n<p><i>\u201eSociologic, dac\u0103 ne uit\u0103m cu instrumentele pe care le avem, lucrurile se schimb\u0103 \u00een societate. Cei care sunt poate mai con\u0219tien\u021bi de asta sunt rom\u00e2nii care pleac\u0103 din \u021bar\u0103 pentru o perioad\u0103 mai \u00eendelungat\u0103, revin \u0219i v\u0103d ni\u0219te schimb\u0103ri. Rom\u00e2nii o duc mai bine dec\u00e2t acum \u0219ase, \u0219apte, opt ani. E posibil ca lucrul acesta s\u0103 influen\u021beze \u0219i starea de apatie din societate. Una dintre explica\u021biile pentru lipsa acestei \u00abcombustii\u00bb poate fi \u0219i nevoia mai redus\u0103 a oamenilor de a protesta atunci c\u00e2nd lucrurile individual le merg mai bine&#8221;,<\/i> a explicat Antonio Amuza.<\/p>\n<p>C\u00e2nd situa\u021bia personal\u0103 este stabil\u0103, interesul pentru schimbarea sistemului poate sc\u0103dea. Oamenii ajung s\u0103 pun\u0103 mai mult accent pe propriile resurse \u0219i pe ceea ce pot controla individual dec\u00e2t pe sprijinul pe care \u00eel pot primi din partea statului.<\/p>\n<p><i>\u201eC\u00e2nd \u021bi-e bine, poate c\u0103 principala ta prioritate nu este s\u0103-\u021bi fie \u0219i mai bine. Predictibilitatea ta este asigurat\u0103 la nivel individual. Eu mai degrab\u0103 a\u0219 lega aceast\u0103 situa\u021bie de m\u0103sura \u00een care oamenii resimt c\u0103 ac\u021biunile lor individuale sunt mult mai importante pentru propriul viitor dec\u00e2t orice form\u0103 de sprijin sau de garan\u021bie care provine din partea statului&#8221;,<\/i> a explicat Antonio Amuza.<\/p>\n<p>Aceast\u0103 schimbare are \u00eens\u0103 \u0219i o consecin\u021b\u0103 pentru stat. Dac\u0103 oamenii ajung s\u0103 cread\u0103 c\u0103 viitorul lor depinde \u00een primul r\u00e2nd de propriile decizii, institu\u021biile devin tot mai pu\u021bin relevante \u00een ochii lor.<\/p>\n<p><i>\u201eCred c\u0103 aceast\u0103 dezangajare are leg\u0103tur\u0103 \u0219i cu faptul c\u0103, mental, oamenii \u00ee\u0219i exerseaz\u0103 un rol individual mult mai important dec\u00e2t ar putea s\u0103 o fac\u0103 statul. \u0218i asta este o explica\u021bie a felului \u00een care statul e\u0219ueaz\u0103 \u00een \u00eencercarea lui de a contribui, p\u00e2n\u0103 la urm\u0103, la viitorul oamenilor. O contribu\u021bie pe care mul\u021bi o consider\u0103 aproape neimportant\u0103, dac\u0103 nu chiar dezam\u0103gitoare&#8221;<\/i>, a explicat Antonio Amuza.<\/p>\n<p>Exist\u0103, \u00een acela\u0219i timp, o contradic\u021bie \u00een raportarea rom\u00e2nilor la stat. Mul\u021bi \u00ee\u0219i doresc un stat c\u00e2t mai pu\u021bin prezent, \u00eens\u0103 protestul presupune tocmai cererea unei interven\u021bii mai puternice a statului pentru rezolvarea unei probleme.<\/p>\n<p><a class=\"related-inline svelte-78g0vl\" data-gtrack=\"{&quot;event&quot;:&quot;utm_click&quot;,&quot;data&quot;:{&quot;event_category&quot;:&quot;article_related&quot;}}\" href=\"https:\/\/adevarul.ro\/stiri-interne\/evenimente\/nicusoare-lasa-clontu-da-l-afara-pe-pahontu-2552764.html\" title=\"Alt articol de interes pentru tine\"><span class=\"inline-title svelte-78g0vl\">\u201dNicu\u015foare, las\u0103 clon\u0163u, d\u0103-l afar\u0103 pe Pahon\u0163u\u201d. Protest la Palatul Cotroceni \u00eempotriva \u0219efului SPP<\/span><\/a><\/p>\n<p><i>\u201eCumva, a\u0219teptarea oamenilor este ca statul s\u0103 fie tot mai mic. Exist\u0103 o logic\u0103 de tipul acesta, un mental colectiv liberal ca ideologie, dar, \u00een acela\u0219i timp, protestele presupun \u0219i un rol al statului mult mai important&#8221;,<\/i> a explicat Antonio Amuza.<\/p>\n<h2>Cine mai poate scoate oamenii \u00een strad\u0103?<\/h2>\n<p>La protestele \u00eempotriva OUG 13, Klaus Iohannis a devenit una dintre figurile asociate cu mobilizarea din strad\u0103. Ast\u0103zi, spune Amuza, lipse\u0219te un lider capabil s\u0103 adune \u00een jurul s\u0103u nemul\u021bumirile foarte diferite din societate.<\/p>\n<p><i>\u201eAbsolut, conteaz\u0103, \u00een sensul \u00een care cred c\u0103 este o criz\u0103 de leadership politic \u00een general. Leadership-ul politic \u00eenseamn\u0103, printre altele, s\u0103 po\u021bi s\u0103 str\u00e2ngi toate ideile \u00eentr-o singur\u0103 direc\u021bie \u0219i s\u0103 ar\u0103\u021bi unor oameni cu a\u0219tept\u0103ri diferite o cale comun\u0103. \u00cen acest moment, cred c\u0103 este destul de clar pentru majoritatea cet\u0103\u021benilor c\u0103 oferta politic\u0103 din Rom\u00e2nia a e\u0219uat grav \u00een acest sens. Nu a oferit o figur\u0103, \u0219i nu vorbesc neap\u0103rat despre carism\u0103, ci despre un mesaj, despre un personaj care s\u0103 poat\u0103 \u00eengloba toate aceste lucruri \u00een sensul unei solu\u021bii&#8221;<\/i>, a explicat Antonio Amuza.<\/p>\n<p>Lipsa unui astfel de lider las\u0103 loc pentru figuri care reu\u0219esc s\u0103 canalizeze nemul\u021bumirea, chiar dac\u0103 nu ofer\u0103 neap\u0103rat solu\u021bii politice viabile. Amuza vede aici \u0219i una dintre explica\u021biile pentru sus\u021binerea de care s-a bucurat C\u0103lin Georgescu.<\/p>\n<p><i>\u201ePoate c\u0103 acesta este \u0219i unul dintre motivele pentru care o parte dintre rom\u00e2ni a fost at\u00e2t de ata\u0219at\u0103 de imaginea lui C\u0103lin Georgescu. Indiferent dac\u0103 avea sau nu poten\u021bialul de a fi un bun politician, reu\u0219ise cel pu\u021bin s\u0103 difuzeze aceste caracteristici de coagulare a emo\u021biilor \u00eentr-o direc\u021bie&#8221;<\/i>, a explicat Antonio Amuza.<\/p>\n<p>\u00cen acela\u0219i timp, problema \u00eencepe mult mai devreme, \u00een interiorul partidelor \u0219i \u00een modul \u00een care acestea \u00ee\u0219i aleg \u0219i promoveaz\u0103 liderii. Dac\u0103 promovarea politic\u0103 nu se face pe criterii de competen\u021b\u0103 \u0219i performan\u021b\u0103, distan\u021ba dintre cet\u0103\u021beni \u0219i clasa politic\u0103 va continua s\u0103 creasc\u0103.<\/p>\n<p><i>\u201eEste foarte greu de umplut acest gol \u00een condi\u021biile \u00een care felul \u00een care se face recrutarea \u00een zona politic\u0103 nu este pe criterii de competen\u021b\u0103, performan\u021b\u0103 sau de orice alt\u0103 natur\u0103. Organiza\u021biile politice nu se preocup\u0103 \u00een mod real de performan\u021bele individuale ale liderilor \u0219i, \u00een felul acesta, s\u0103-i propulseze pe cei mai buni dintre ei. Nu se \u00eent\u00e2mpl\u0103 asta. Oamenii sunt evident con\u0219tien\u021bi de acest lucru, \u00eel observ\u0103 \u0219i, prin urmare, se vor sim\u021bi tot mai pu\u021bin reprezenta\u021bi de ace\u0219ti lideri ai politicii rom\u00e2ne\u0219ti&#8221;,<\/i> a explicat Antonio Amuza.<\/p>\n<p><\/main><\/p>\n<footer class=\"svelte-x63bga\">\n<div class=\"related-wrap related-footer svelte-78g0vl\"><span class=\"related-label svelte-78g0vl\">Cite\u0219te \u0219i<\/span><a class=\"related svelte-78g0vl\" data-gtrack=\"{&quot;event&quot;:&quot;utm_click&quot;,&quot;data&quot;:{&quot;event_category&quot;:&quot;article_related&quot;}}\" href=\"https:\/\/adevarul.ro\/blogurile-adevarul\/pahontu-si-minciuna-de-stat-2552878.html\" title=\"Alt articol de interes pentru tine\"><img decoding=\"async\" class=\"thumb svelte-78g0vl\" src=\"https:\/\/cdn.adh.reperio.news\/image-a\/a793a99a-014e-4809-8cf4-60196845acc2\/index.png?p=f%3Dwebp%26w%3D120%26h%3D80%26r%3Dcover%26a%3D0\" alt loading=\"lazy\" width=\"80\" height=\"54\"><span class=\"title svelte-78g0vl\">Pahon\u021bu \u0219i minciuna de stat<\/span><\/a><a class=\"related svelte-78g0vl\" data-gtrack=\"{&quot;event&quot;:&quot;utm_click&quot;,&quot;data&quot;:{&quot;event_category&quot;:&quot;article_related&quot;}}\" href=\"https:\/\/adevarul.ro\/politica\/scrisoare-deschisa-catre-nicusor-dan-in-cazul-2552902.html\" title=\"Alt articol de interes pentru tine\"><img decoding=\"async\" class=\"thumb svelte-78g0vl\" src=\"https:\/\/cdn.adh.reperio.news\/image-e\/e1751fdf-2c19-4c35-b2c6-7ef9064e46b8\/index.png?p=f%3Dwebp%26w%3D120%26h%3D80%26r%3Dcover%26a%3D0\" alt loading=\"lazy\" width=\"80\" height=\"54\"><span class=\"title svelte-78g0vl\">Scrisoare deschis\u0103 c\u0103tre Nicu\u0219or Dan \u00een cazul Pahon\u021bu: \u201eUn pre\u0219edinte conduce, nu se ascunde\u201d<\/span><\/a><\/div>\n<div class=\"meta svelte-x63bga\">\n<div class=\"authors svelte-x63bga\"><span class=\"names svelte-x63bga\"><a href=\"https:\/\/adevarul.ro\/author\/2121\" rel=\"author\" class=\"svelte-x63bga\">Robert V\u00eerban<\/a><\/span><\/p>\n<div class=\"_hydratable\" data-props=\"%7B%22showLive%22%3Atrue%7D\" data-context=\"%7B%22parentBlockColumnCount%22%3A%7B%22value%22%3A0%2C%22type%22%3A%22store%2Freadable%22%7D%2C%22parentBlockBackgroundColor%22%3A%7B%22type%22%3A%22store%2Freadable%22%7D%7D\" data-component=\"ShareButton\">\n<div class=\"shareButtons svelte-itwbrr\">\n<div class=\"liveSessions metaFont svelte-1maxmbf\"><span class=\"value svelte-1maxmbf\">1<\/span> live <\/div>\n<\/div>\n<\/div>\n<\/div>\n<div class=\"tags svelte-1l3vwp1\"><span class=\"tags-label metaFont svelte-1l3vwp1\">Cite\u0219te mai multe despre<\/span><\/p>\n<div class=\"tags-list svelte-1l3vwp1\"><a href=\"https:\/\/adevarul.ro\/tag\/proteste\" title=\"Ultimele \u0219tiri despre proteste\" class=\"tag-pill svelte-1l3vwp1\">proteste<\/a><a href=\"https:\/\/adevarul.ro\/tag\/nicusor%20dan\" title=\"Ultimele \u0219tiri despre nicusor dan\" class=\"tag-pill svelte-1l3vwp1\">nicusor dan<\/a><a href=\"https:\/\/adevarul.ro\/tag\/analiza\" title=\"Ultimele \u0219tiri despre analiza\" class=\"tag-pill svelte-1l3vwp1\">analiza<\/a><a href=\"https:\/\/adevarul.ro\/tag\/oug%2013\" title=\"Ultimele \u0219tiri despre oug 13\" class=\"tag-pill svelte-1l3vwp1\">oug 13<\/a><a href=\"https:\/\/adevarul.ro\/tag\/proteste%20bucure%C8%99ti\" title=\"Ultimele \u0219tiri despre proteste bucure\u0219ti\" class=\"tag-pill svelte-1l3vwp1\">proteste bucure\u0219ti<\/a><a href=\"https:\/\/adevarul.ro\/tag\/lucian%20pahon%C8%9Bu\" title=\"Ultimele \u0219tiri despre lucian pahon\u021bu\" class=\"tag-pill svelte-1l3vwp1\">lucian pahon\u021bu<\/a><a href=\"https:\/\/adevarul.ro\/tag\/protest%20justitie\" title=\"Ultimele \u0219tiri despre protest justitie\" class=\"tag-pill svelte-1l3vwp1\">protest justitie<\/a><a href=\"https:\/\/adevarul.ro\/tag\/proteste%20justi%C8%9Bie\" title=\"Ultimele \u0219tiri despre proteste justi\u021bie\" class=\"tag-pill svelte-1l3vwp1\">proteste justi\u021bie<\/a><\/div>\n<\/div>\n<\/div>\n<p><a class=\"moreFromCategory svelte-x63bga\" href=\"https:\/\/adevarul.ro\/stiri-interne\" title=\"\u0218tiri Interne\">Mai multe din <strong class=\"svelte-x63bga\">\u0218tiri Interne<\/strong> \u203a<\/a><\/footer>\n<\/article>\n<p>[analyse_source url=&#8221;https:\/\/adevarul.ro\/stiri-interne\/oamenii-fac-pur-si-simplu-un-pas-in-spate-de-2553179.html&#8221;]<\/p>\n","protected":false},"excerpt":{"rendered":"<p>[analyse_image type=&#8221;featured&#8221; src=&#8221;https:\/\/cdn.adh.reperio.news\/image-c\/c493ff53-ecd4-43c4-b2ca-04797f39718d\/index.jpeg?p=f%3Djpeg%26w%3D1200%26h%3D630%26r%3Dcover&#8221;] Home \u0218tiri Interne \u201eOamenii fac pur \u0219i simplu un pas \u00een spate\u201d. De ce nu ies rom\u00e2nii \u00een strad\u0103, de\u0219i sunt tot mai dezam\u0103gi\u021bi de stat Doar c\u00e2teva zeci de oameni au ie\u0219it s\u0103pt\u0103m\u00e2na trecut\u0103 \u00een strad\u0103 dup\u0103 ce Nicu\u0219or Dan a decis s\u0103-i ia ap\u0103rarea \u0219efului SPP, Lucian Pahon\u021bu. Nici scandalul [&hellip;]<\/p>\n","protected":false},"author":1,"featured_media":0,"comment_status":"open","ping_status":"","sticky":false,"template":"","format":"standard","meta":{"footnotes":""},"categories":[89],"tags":[19,226],"class_list":["post-2123968","post","type-post","status-publish","format-standard","hentry","category-romania","tag-adevarul","tag-crawlmanager"],"_links":{"self":[{"href":"https:\/\/analyse.optim.biz\/index.php?rest_route=\/wp\/v2\/posts\/2123968","targetHints":{"allow":["GET"]}}],"collection":[{"href":"https:\/\/analyse.optim.biz\/index.php?rest_route=\/wp\/v2\/posts"}],"about":[{"href":"https:\/\/analyse.optim.biz\/index.php?rest_route=\/wp\/v2\/types\/post"}],"author":[{"embeddable":true,"href":"https:\/\/analyse.optim.biz\/index.php?rest_route=\/wp\/v2\/users\/1"}],"replies":[{"embeddable":true,"href":"https:\/\/analyse.optim.biz\/index.php?rest_route=%2Fwp%2Fv2%2Fcomments&post=2123968"}],"version-history":[{"count":0,"href":"https:\/\/analyse.optim.biz\/index.php?rest_route=\/wp\/v2\/posts\/2123968\/revisions"}],"wp:attachment":[{"href":"https:\/\/analyse.optim.biz\/index.php?rest_route=%2Fwp%2Fv2%2Fmedia&parent=2123968"}],"wp:term":[{"taxonomy":"category","embeddable":true,"href":"https:\/\/analyse.optim.biz\/index.php?rest_route=%2Fwp%2Fv2%2Fcategories&post=2123968"},{"taxonomy":"post_tag","embeddable":true,"href":"https:\/\/analyse.optim.biz\/index.php?rest_route=%2Fwp%2Fv2%2Ftags&post=2123968"}],"curies":[{"name":"wp","href":"https:\/\/api.w.org\/{rel}","templated":true}]}}