{"id":212395,"date":"2014-02-14T15:01:55","date_gmt":"2014-02-14T12:01:55","guid":{"rendered":"https:\/\/analyse.optim.biz\/?p=212395"},"modified":"2014-02-14T15:01:55","modified_gmt":"2014-02-14T12:01:55","slug":"traian-basescu-ar-fi-un-lucru-bun-daca-as-putea-sa-fac-echipa-cu-klaus-iohannis","status":"publish","type":"post","link":"https:\/\/analyse.optim.biz\/?p=212395","title":{"rendered":"Traian B\u0103sescu: Ar fi un lucru bun dac\u0103 a\u0219 putea s\u0103 fac echip\u0103 cu Klaus Iohannis"},"content":{"rendered":"<div class=\"entry data-app-meta data-app-meta-article\" data-embed-base-url-canonical=\"https:\/\/www.digi24.ro\/embed\/stiri\/actualitate\/politica\/traian-basescu-ar-fi-un-lucru-bun-daca-as-putea-sa-fac-echipa-cu-klaus-iohannis-200500\">\n<p data-index=\"1\">Pre\u0219edintele a f\u0103cut aceast\u0103 afirma\u021bie \u00een timpul unei conferin\u021be de pres\u0103 comune cu pre\u0219edintele CE <strong>Jose Manuel Baroso<\/strong>, \u00een timpul c\u0103reia a fost abordat subiectul ader\u0103rii la<strong> spa\u021biul Schengen<\/strong>.<\/p>\n<p data-index=\"2\"><strong>Traian B\u0103sescu<\/strong> a subliniat c\u0103 ultimul raport MCV laud\u0103 modul \u00een care institu\u021biile statului implicate \u00een combaterea corup\u021biei \u0219i-au f\u0103cut treaba, ceea ce d\u0103 dreptul Rom\u00e2niei s\u0103 solicite din nou aderarea la spa\u021biul Schengen.<\/p>\n<p data-index=\"3\">\u00cen r\u00e2ndul institu\u021biilor care au fost apreciate \u00een raportul MCV, Traian B\u0103sescu a enumerat <strong>DNA, ANI, \u00cenalta Curte, Curtea Constitu\u021bional\u0103.<\/strong><\/p>\n<p data-index=\"4\">\u201eEste foarte adev\u0103rat c\u0103 Raportul <strong>MCV<\/strong> face referiri cu privire la abordarea politicienilor din rom\u00e2nia, \u00een mod deosebit a Parlamentului, dar esen\u0163a realit\u0103\u0163ilor este modul cum func\u0163ioneaz\u0103 institu\u0163iile statului rom\u00e2n, iar func\u0163ionarea acestor institu\u0163ii ne \u00eendrept\u0103\u0163e\u015fte ca \u00een acest an s\u0103 parcurgem prima etap\u0103 de integrare \u00een spa\u0163iul Schengen\u201d, spus Traian B\u0103sescu.<\/p>\n<p data-index=\"5\">\u00centrebat dac\u0103 va face vizite \u00een <strong>Germania<\/strong> \u0219i <strong>Olanda<\/strong>, \u021b\u0103ri care s-au opus ader\u0103rii Rom\u00e2niei la Schengen, pre\u0219edintele a r\u0103spuns:\u00a0<\/p>\n<p data-index=\"6\">\u201eNu \u0219tiu dac\u0103 voi face vizite \u00een capitalele unde avem vulnerabilit\u0103\u021bi, dar un bun lucru ar fi dac\u0103 a\u015f putea face echip\u0103 pentru a sprijin intrarea \u00een Schengen cu un ministru de Interne care s-ar numi <a href=\"https:\/\/www.digi24.ro\/Stiri\/Digi24\/Actualitate\/Politica\/Klaus+Iohannis+Nu+acceptam+ca+PNL+sa+fie+pus+pe+picior+de+egalit\" target=\"_blank\" data-skip-linkfix=\"1\" rel=\"noopener\"><strong>Iohannis<\/strong><\/a>\u201d, a r\u0103spuns Traian B\u0103sescu.<\/p>\n<p data-index=\"7\">\u00cen conferin\u021ba de pres\u0103,<strong> Jose Barroso<\/strong> a spus, cu referire la cel mai recent raport asupra Mecanismului de Cooperare \u0219i Verificare, c\u0103 \u201eRom\u00e2nia a f\u0103cut progrese, dar r\u0103m\u00e2n preocup\u0103ri \u00een ceea ce prive\u0219te corup\u021bia. Sper\u0103m c\u0103 va exista consens pentru \u00eendeplinirea obliga\u021biilor din raport\u201d.<\/p>\n<p data-index=\"8\">Pre\u0219edintele CE a mai spus c\u0103 \u201eRom\u00e2nia trebuie s\u0103 adere la Schengen pentru c\u0103 toate criteriile au fost \u00eendeplinite\u201d. \u00a0<\/p>\n<\/div>\n<p> Source URL: https:\/\/www.digi24.ro\/stiri\/actualitate\/politica\/traian-basescu-ar-fi-un-lucru-bun-daca-as-putea-sa-fac-echipa-cu-klaus-iohannis-200500<\/p>\n","protected":false},"excerpt":{"rendered":"<p>Pre\u0219edintele a f\u0103cut aceast\u0103 afirma\u021bie \u00een timpul unei conferin\u021be de pres\u0103 comune cu pre\u0219edintele CE Jose Manuel Baroso, \u00een timpul c\u0103reia a fost abordat subiectul ader\u0103rii la spa\u021biul Schengen. Traian B\u0103sescu a subliniat c\u0103 ultimul raport MCV laud\u0103 modul \u00een care institu\u021biile statului implicate \u00een combaterea corup\u021biei \u0219i-au f\u0103cut treaba, ceea ce d\u0103 dreptul Rom\u00e2niei [&hellip;]<\/p>\n","protected":false},"author":1,"featured_media":212396,"comment_status":"open","ping_status":"","sticky":false,"template":"","format":"standard","meta":{"footnotes":""},"categories":[2],"tags":[11],"class_list":["post-212395","post","type-post","status-publish","format-standard","has-post-thumbnail","hentry","category-politics","tag-digi24"],"_links":{"self":[{"href":"https:\/\/analyse.optim.biz\/index.php?rest_route=\/wp\/v2\/posts\/212395","targetHints":{"allow":["GET"]}}],"collection":[{"href":"https:\/\/analyse.optim.biz\/index.php?rest_route=\/wp\/v2\/posts"}],"about":[{"href":"https:\/\/analyse.optim.biz\/index.php?rest_route=\/wp\/v2\/types\/post"}],"author":[{"embeddable":true,"href":"https:\/\/analyse.optim.biz\/index.php?rest_route=\/wp\/v2\/users\/1"}],"replies":[{"embeddable":true,"href":"https:\/\/analyse.optim.biz\/index.php?rest_route=%2Fwp%2Fv2%2Fcomments&post=212395"}],"version-history":[{"count":0,"href":"https:\/\/analyse.optim.biz\/index.php?rest_route=\/wp\/v2\/posts\/212395\/revisions"}],"wp:featuredmedia":[{"embeddable":true,"href":"https:\/\/analyse.optim.biz\/index.php?rest_route=\/wp\/v2\/media\/212396"}],"wp:attachment":[{"href":"https:\/\/analyse.optim.biz\/index.php?rest_route=%2Fwp%2Fv2%2Fmedia&parent=212395"}],"wp:term":[{"taxonomy":"category","embeddable":true,"href":"https:\/\/analyse.optim.biz\/index.php?rest_route=%2Fwp%2Fv2%2Fcategories&post=212395"},{"taxonomy":"post_tag","embeddable":true,"href":"https:\/\/analyse.optim.biz\/index.php?rest_route=%2Fwp%2Fv2%2Ftags&post=212395"}],"curies":[{"name":"wp","href":"https:\/\/api.w.org\/{rel}","templated":true}]}}