{"id":2123905,"date":"2026-09-01T14:08:45","date_gmt":"2026-09-01T11:08:45","guid":{"rendered":"https:\/\/analyse.optim.biz\/?p=2123905"},"modified":"2026-09-01T14:08:45","modified_gmt":"2026-09-01T11:08:45","slug":"casa-de-asigurari-de-sanatate-tulcea-reaminteste-persoanelor-interesate-ca-actele-medicale-pentru-scoala-si-gradinita-sunt-eliberate-gratuit-de-catre-medicii-de-familie","status":"publish","type":"post","link":"https:\/\/analyse.optim.biz\/?p=2123905","title":{"rendered":"Casa de Asigur\u0103ri de S\u0103n\u0103tate Tulcea reaminte\u0219te persoanelor interesate c\u0103 actele medicale pentru \u0219coal\u0103 \u0219i gr\u0103dini\u021b\u0103 sunt eliberate gratuit de c\u0103tre medicii de familie"},"content":{"rendered":"<p>[analyse_image type=&#8221;featured&#8221; src=&#8221;https:\/\/infotulcea.ro\/wp-content\/uploads\/2021\/11\/bulina.png&#8221;]<\/p>\n<div id=\"content\" class=\"site-content container\">\n<div id=\"main-content-row\" class=\"tie-row main-content-row\">\n<div class=\"main-content tie-col-md-8 tie-col-xs-12\" role=\"main\">\n<article id=\"the-post\" class=\"container-wrapper post-content tie-standard\">\n<header class=\"entry-header-outer\">\n<nav id=\"breadcrumb\"><a href=\"https:\/\/infotulcea.ro\/\"> Home<\/a><em class=\"delimiter\">\/<\/em><a href=\"https:\/\/infotulcea.ro\/categorie\/sanatate\/\">S\u0103n\u0103tate<\/a><em class=\"delimiter\">\/<\/em><span class=\"current\">Casa de Asigur\u0103ri de S\u0103n\u0103tate Tulcea reaminte\u0219te persoanelor interesate c\u0103 actele medicale pentru  \u0219coal\u0103 \u0219i gr\u0103dini\u021b\u0103 sunt eliberate gratuit de c\u0103tre medicii de familie<\/span><\/nav>\n<div class=\"entry-header\"><span class=\"post-cat-wrap\"><a class=\"post-cat tie-cat-49\" href=\"https:\/\/infotulcea.ro\/categorie\/sanatate\/\">S\u0103n\u0103tate<\/a><\/span><\/p>\n<h1 class=\"post-title entry-title\">\n\t\t\tCasa de Asigur\u0103ri de S\u0103n\u0103tate Tulcea reaminte\u0219te persoanelor interesate c\u0103 actele medicale pentru  \u0219coal\u0103 \u0219i gr\u0103dini\u021b\u0103 sunt eliberate gratuit de c\u0103tre medicii de familie\t\t<\/h1>\n<div class=\"single-post-meta post-meta clearfix\"><span class=\"author-meta single-author no-avatars\"><span class=\"meta-item meta-author-wrapper meta-author-9\"><span class=\"meta-author\"><a href=\"https:\/\/infotulcea.ro\/author\/redactia-2\/\" class=\"author-name tie-icon\" title=\"Redactia\">Redactia<\/a><\/span><\/span><\/span><span class=\"date meta-item tie-icon\">1 septembrie 2026<\/span><\/p>\n<div class=\"tie-alignright\"><span class=\"meta-comment tie-icon meta-item fa-before\">0<\/span><span class=\"meta-views meta-item \"> 87 <\/span><span class=\"meta-reading-time meta-item\"> 1 minute read<\/span><\/div>\n<\/div>\n<\/div>\n<\/header>\n<div class=\"entry-content entry clearfix\">\n<p><strong>Casa de Asigur\u0103ri de S\u0103n\u0103tate Tulcea informeaz\u0103 p\u0103rin\u021bii c\u0103 toate documentele medicale solicitate<\/strong><br \/><strong>de unit\u0103\u021bile de \u00eenv\u0103\u021b\u0103m\u00e2nt la \u00eenceputul anului \u0219colar sunt eliberate gratuit de c\u0103tre medicii de familie,<\/strong><br \/><strong>costurile fiind suportate integral din Fondul Na\u021bional Unic de Asigur\u0103ri Sociale de S\u0103n\u0103tate.<\/strong><br \/>\n\u201eAsigur\u0103m p\u0103rin\u021bii c\u0103 \u0219i \u00een acest nou an \u0219colar medicii de familie r\u0103m\u00e2n un sprijin direct \u0219i gratuit<br \/>\npentru ob\u021binerea documentelor necesare \u00eenscrierii \u0219i frecvent\u0103rii cursurilor. Conform reglement\u0103rilor<br \/>\nactuale, eliberarea adeverin\u021belor \u0219i a avizelor epidemiologice face parte din serviciile de suport pe care<br \/>\nmedicii de familie le ofer\u0103 comunit\u0103\u021bii. Obiectivul nostru este ca fiecare copil s\u0103 \u00eenceap\u0103 \u0219coala \u00een<br \/>\nsiguran\u021b\u0103, av\u00e2nd acces rapid \u0219i f\u0103r\u0103 costuri la serviciile medicale esen\u021biale\u201d, a declarat Eugenia Vasile,<br \/>\nDirector General Casa de Asigur\u0103ri de S\u0103n\u0103tate Tulcea.<br \/>\nDocumentele care se elibereaz\u0103 gratuit sunt:<br \/>\n\uf0b7 adeverin\u021ba medical\u0103 pentru \u00eenscrierea \u00een colectivitate<br \/>\n\uf0b7 avizul epidemiologic de intrare \u00een colectivitate<br \/>\n\uf0b7 fi\u0219a de vaccin\u0103ri a elevului<br \/>\nMedicii de familie afla\u021bi \u00een rela\u021bie contractual\u0103 cu CAS Tulcea nu au dreptul s\u0103 solicite taxe pentru<br \/>\naceste documente specifice.<br \/>\nDocumentele se solicit\u0103 la intrarea \u00een anumite cicluri de \u00eenv\u0103\u021b\u0103m\u00e2nt (cre\u0219\u0103, gr\u0103dini\u021b\u0103, clasa<br \/>\npreg\u0103titoare \u0219i clasa a IX-a), nu \u00een fiecare an \u0219colar. Pentru a evita aglomera\u021bia din cabinete, CAS Tulcea<br \/>\nrecomand\u0103 p\u0103rin\u021bilor s\u0103 \u00ee\u0219i programeze vizita din timp.<\/p>\n<\/div>\n<div id=\"post-extra-info\">\n<div class=\"theiaStickySidebar\">\n<div class=\"single-post-meta post-meta clearfix\"><span class=\"author-meta single-author no-avatars\"><span class=\"meta-item meta-author-wrapper meta-author-9\"><span class=\"meta-author\"><a href=\"https:\/\/infotulcea.ro\/author\/redactia-2\/\" class=\"author-name tie-icon\" title=\"Redactia\">Redactia<\/a><\/span><\/span><\/span><span class=\"date meta-item tie-icon\">1 septembrie 2026<\/span><\/p>\n<div class=\"tie-alignright\"><span class=\"meta-comment tie-icon meta-item fa-before\">0<\/span><span class=\"meta-views meta-item \"> 87 <\/span><span class=\"meta-reading-time meta-item\"> 1 minute read<\/span><\/div>\n<\/div>\n<\/div>\n<\/div>\n<div id=\"share-buttons-bottom\" class=\"share-buttons share-buttons-bottom\">\n<div class=\"share-links  icons-only\">\n<div class=\"share-title\"><span> Share<\/span><\/div>\n<p><a href=\"https:\/\/www.facebook.com\/sharer.php?u=https:\/\/infotulcea.ro\/casa-de-asigurari-de-sanatate-tulcea-reaminteste-persoanelor-interesate-ca-actele-medicale-pentru-scoala-si-gradinita-sunt-eliberate-gratuit-de-catre-medicii-de-familie\/\" rel=\"external noopener nofollow\" title=\"Facebook\" target=\"_blank\" class=\"facebook-share-btn \" data-raw=\"https:\/\/www.facebook.com\/sharer.php?u={post_link}\"><span class=\"screen-reader-text\">Facebook<\/span><\/a><a href=\"https:\/\/twitter.com\/intent\/tweet?text=Casa%20de%20Asigur%C4%83ri%20de%20S%C4%83n%C4%83tate%20Tulcea%20reaminte%C8%99te%20persoanelor%20interesate%20c%C4%83%20actele%20medicale%20pentru%20%20%C8%99coal%C4%83%20%C8%99i%20gr%C4%83dini%C8%9B%C4%83%20sunt%20eliberate%20gratuit%20de%20c%C4%83tre%20medicii%20de%20familie&amp;url=https:\/\/infotulcea.ro\/casa-de-asigurari-de-sanatate-tulcea-reaminteste-persoanelor-interesate-ca-actele-medicale-pentru-scoala-si-gradinita-sunt-eliberate-gratuit-de-catre-medicii-de-familie\/\" rel=\"external noopener nofollow\" title=\"X\" target=\"_blank\" class=\"twitter-share-btn \" data-raw=\"https:\/\/twitter.com\/intent\/tweet?text={post_title}&amp;url={post_link}\"><span class=\"screen-reader-text\">X<\/span><\/a><a href=\"https:\/\/api.whatsapp.com\/send?text=Casa%20de%20Asigur%C4%83ri%20de%20S%C4%83n%C4%83tate%20Tulcea%20reaminte%C8%99te%20persoanelor%20interesate%20c%C4%83%20actele%20medicale%20pentru%20%20%C8%99coal%C4%83%20%C8%99i%20gr%C4%83dini%C8%9B%C4%83%20sunt%20eliberate%20gratuit%20de%20c%C4%83tre%20medicii%20de%20familie%20https:\/\/infotulcea.ro\/casa-de-asigurari-de-sanatate-tulcea-reaminteste-persoanelor-interesate-ca-actele-medicale-pentru-scoala-si-gradinita-sunt-eliberate-gratuit-de-catre-medicii-de-familie\/\" rel=\"external noopener nofollow\" title=\"WhatsApp\" target=\"_blank\" class=\"whatsapp-share-btn \" data-raw=\"https:\/\/api.whatsapp.com\/send?text={post_title}%20{post_link}\"><span class=\"screen-reader-text\">WhatsApp<\/span><\/a><a href=\"https:\/\/telegram.me\/share\/url?url=https:\/\/infotulcea.ro\/casa-de-asigurari-de-sanatate-tulcea-reaminteste-persoanelor-interesate-ca-actele-medicale-pentru-scoala-si-gradinita-sunt-eliberate-gratuit-de-catre-medicii-de-familie\/&amp;text=Casa%20de%20Asigur%C4%83ri%20de%20S%C4%83n%C4%83tate%20Tulcea%20reaminte%C8%99te%20persoanelor%20interesate%20c%C4%83%20actele%20medicale%20pentru%20%20%C8%99coal%C4%83%20%C8%99i%20gr%C4%83dini%C8%9B%C4%83%20sunt%20eliberate%20gratuit%20de%20c%C4%83tre%20medicii%20de%20familie\" rel=\"external noopener nofollow\" title=\"Telegram\" target=\"_blank\" class=\"telegram-share-btn \" data-raw=\"https:\/\/telegram.me\/share\/url?url={post_link}&amp;text={post_title}\"><span class=\"screen-reader-text\">Telegram<\/span><\/a><a href=\"mailto:?subject=Casa%20de%20Asigur%C4%83ri%20de%20S%C4%83n%C4%83tate%20Tulcea%20reaminte%C8%99te%20persoanelor%20interesate%20c%C4%83%20actele%20medicale%20pentru%20%20%C8%99coal%C4%83%20%C8%99i%20gr%C4%83dini%C8%9B%C4%83%20sunt%20eliberate%20gratuit%20de%20c%C4%83tre%20medicii%20de%20familie&amp;body=https:\/\/infotulcea.ro\/casa-de-asigurari-de-sanatate-tulcea-reaminteste-persoanelor-interesate-ca-actele-medicale-pentru-scoala-si-gradinita-sunt-eliberate-gratuit-de-catre-medicii-de-familie\/\" rel=\"external noopener nofollow\" title=\"Share via Email\" target=\"_blank\" class=\"email-share-btn \" data-raw=\"mailto:?subject={post_title}&amp;body={post_link}\"><span class=\"screen-reader-text\">Share via Email<\/span><\/a><a href=\"https:\/\/infotulcea.ro\/casa-de-asigurari-de-sanatate-tulcea-reaminteste-persoanelor-interesate-ca-actele-medicale-pentru-scoala-si-gradinita-sunt-eliberate-gratuit-de-catre-medicii-de-familie\/\" rel=\"external noopener nofollow\" title=\"Print\" target=\"_blank\" class=\"print-share-btn \" data-raw=\"#\"><span class=\"screen-reader-text\">Print<\/span><\/a><\/div>\n<\/div>\n<\/article>\n<div class=\"post-components\">\n<div id=\"related-posts\" class=\"container-wrapper has-extra-post\">\n<div class=\"mag-box-title the-global-title\">\n<h3>Related Articles<\/h3>\n<\/div>\n<div class=\"related-posts-list\">\n<div class=\"related-item tie-standard\"><a aria-label=\"Spitalul Jude\u021bean Tulcea luat cu asalt de pompieri \u0219i pichetat de sindicali\u0219ti\" href=\"https:\/\/infotulcea.ro\/spitalul-judetean-tulcea-luat-cu-asalt-de-pompieri-si-pichetat-de-sindicalisti\/\" class=\"post-thumb\"><source sizes=\"(max-width: 352px) 100vw, 352px\" type=\"image\/webp\" data-srcset=\"https:\/\/infotulcea.ro\/wp-content\/uploads\/2020\/04\/spitaltl.jpg.webp 646w, https:\/\/infotulcea.ro\/wp-content\/uploads\/2020\/04\/spitaltl-300x188.jpg.webp 300w\" \/><img loading=\"lazy\" decoding=\"async\" width=\"352\" height=\"220\" src=\"https:\/\/infotulcea.ro\/wp-content\/uploads\/2020\/04\/spitaltl.jpg\" class=\"attachment-jannah-image-large size-jannah-image-large wp-post-image\" alt><\/a><\/p>\n<h3 class=\"post-title\"><a href=\"https:\/\/infotulcea.ro\/spitalul-judetean-tulcea-luat-cu-asalt-de-pompieri-si-pichetat-de-sindicalisti\/\">Spitalul Jude\u021bean Tulcea luat cu asalt de pompieri \u0219i pichetat de sindicali\u0219ti<\/a><\/h3>\n<div class=\"post-meta clearfix\"><span class=\"date meta-item tie-icon\">14 iunie 2023<\/span><\/div>\n<\/div>\n<div class=\"related-item tie-standard\"><a aria-label=\"De miercuri, 20 martie 2024: Radiologie la RoutineMed!\" href=\"https:\/\/infotulcea.ro\/de-miercuri-20-martie-2024-radiologie-la-routinemed\/\" class=\"post-thumb\"><source type=\"image\/webp\" data-srcset=\"https:\/\/infotulcea.ro\/wp-content\/uploads\/2024\/03\/IMG_20240319_181129-390x220.jpg.webp\" \/><img loading=\"lazy\" decoding=\"async\" width=\"390\" height=\"220\" src=\"https:\/\/infotulcea.ro\/wp-content\/uploads\/2024\/03\/IMG_20240319_181129-390x220.jpg\" class=\"attachment-jannah-image-large size-jannah-image-large wp-post-image\" alt><\/a><\/p>\n<h3 class=\"post-title\"><a href=\"https:\/\/infotulcea.ro\/de-miercuri-20-martie-2024-radiologie-la-routinemed\/\">De miercuri, 20 martie 2024: Radiologie la RoutineMed!<\/a><\/h3>\n<div class=\"post-meta clearfix\"><span class=\"date meta-item tie-icon\">19 martie 2024<\/span><\/div>\n<\/div>\n<div class=\"related-item tie-standard\"><a aria-label=\"Suplimentare de buget pentru serviciile acordate persoanelor cu tulbur\u0103ri din spectrul autist!\" href=\"https:\/\/infotulcea.ro\/suplimentare-de-buget-pentru-serviciile-acordate-persoanelor-cu-tulburari-din-spectrul-autist\/\" class=\"post-thumb\"><source type=\"image\/webp\" data-srcset=\"https:\/\/infotulcea.ro\/wp-content\/uploads\/2025\/05\/cas-tulcea-390x220.jpg.webp\" \/><img loading=\"lazy\" decoding=\"async\" width=\"390\" height=\"220\" src=\"https:\/\/infotulcea.ro\/wp-content\/uploads\/2025\/05\/cas-tulcea-390x220.jpg\" class=\"attachment-jannah-image-large size-jannah-image-large wp-post-image\" alt><\/a><\/p>\n<h3 class=\"post-title\"><a href=\"https:\/\/infotulcea.ro\/suplimentare-de-buget-pentru-serviciile-acordate-persoanelor-cu-tulburari-din-spectrul-autist\/\">Suplimentare de buget pentru serviciile acordate persoanelor cu tulbur\u0103ri din spectrul autist!<\/a><\/h3>\n<div class=\"post-meta clearfix\"><span class=\"date meta-item tie-icon\">7 noiembrie 2025<\/span><\/div>\n<\/div>\n<div class=\"related-item tie-standard\"><a aria-label=\"Nou la Routine Med: \u00a0Dr. Lascu Gabriela-M\u0103d\u0103lina, medic specialist neurologie pediatric\u0103\u00a0\" href=\"https:\/\/infotulcea.ro\/nou-la-routine-med-dr-lascu-gabriela-madalina-medic-specialist-neurologie-pediatrica\/\" class=\"post-thumb\"><source sizes=\"(max-width: 390px) 100vw, 390px\" type=\"image\/webp\" data-srcset=\"https:\/\/infotulcea.ro\/wp-content\/uploads\/2023\/12\/routddd-390x220.jpg.webp 390w, https:\/\/infotulcea.ro\/wp-content\/uploads\/2023\/12\/routddd-500x281.jpg.webp 500w, https:\/\/infotulcea.ro\/wp-content\/uploads\/2023\/12\/routddd-1024x576.jpg.webp 1024w, https:\/\/infotulcea.ro\/wp-content\/uploads\/2023\/12\/routddd-768x432.jpg.webp 768w, https:\/\/infotulcea.ro\/wp-content\/uploads\/2023\/12\/routddd.jpg.webp 1080w\" \/><img loading=\"lazy\" decoding=\"async\" width=\"390\" height=\"220\" src=\"https:\/\/infotulcea.ro\/wp-content\/uploads\/2023\/12\/routddd-390x220.jpg\" class=\"attachment-jannah-image-large size-jannah-image-large wp-post-image\" alt><\/a><\/p>\n<h3 class=\"post-title\"><a href=\"https:\/\/infotulcea.ro\/nou-la-routine-med-dr-lascu-gabriela-madalina-medic-specialist-neurologie-pediatrica\/\">Nou la Routine Med: \u00a0Dr. Lascu Gabriela-M\u0103d\u0103lina, medic specialist neurologie pediatric\u0103\u00a0<\/a><\/h3>\n<div class=\"post-meta clearfix\"><span class=\"date meta-item tie-icon\">6 decembrie 2023<\/span><\/div>\n<\/div>\n<\/div>\n<\/div>\n<div id=\"comments\" class=\"comments-area\">\n<div id=\"add-comment-block\" class=\"container-wrapper\">\n<div id=\"respond\" class=\"comment-respond\">\n<h3 id=\"reply-title\" class=\"comment-reply-title the-global-title\">Las\u0103 un r\u0103spuns <small><a rel=\"nofollow\" id=\"cancel-comment-reply-link\" href=\"https:\/\/infotulcea.ro\/casa-de-asigurari-de-sanatate-tulcea-reaminteste-persoanelor-interesate-ca-actele-medicale-pentru-scoala-si-gradinita-sunt-eliberate-gratuit-de-catre-medicii-de-familie\/#respond\">Anuleaz\u0103 r\u0103spunsul<\/a><\/small><\/h3>\n<p class=\"comment-notes\"><span id=\"email-notes\">Adresa ta de email nu va fi publicat\u0103.<\/span><span class=\"required-field-message\">C\u00e2mpurile obligatorii sunt marcate cu <span class=\"required\">*<\/span><\/span><\/p>\n<\/div>\n<\/div>\n<\/div>\n<\/div>\n<\/div>\n<div id=\"check-also-box\" class=\"container-wrapper check-also-right\">\n<div class=\"widget-title the-global-title\">\n<div class=\"the-subtitle\">Check Also<\/div>\n<p><a href=\"https:\/\/infotulcea.ro\/casa-de-asigurari-de-sanatate-tulcea-reaminteste-persoanelor-interesate-ca-actele-medicale-pentru-scoala-si-gradinita-sunt-eliberate-gratuit-de-catre-medicii-de-familie\/\" id=\"check-also-close\" class=\"remove\"><span class=\"screen-reader-text\">Close<\/span><\/a><\/div>\n<div class=\"widget posts-list-big-first has-first-big-post\">\n<ul class=\"posts-list-items\">\n<li class=\"widget-single-post-item widget-post-list tie-standard\">\n<div class=\"post-widget-thumbnail\"><a aria-label=\"Centrul medical Routine Med v\u0103 ureaz\u0103 \u201eLa mul\u0163i ani!\u201d\" href=\"https:\/\/infotulcea.ro\/centrul-medical-routine-med-va-ureaza-la-multi-ani\/\" class=\"post-thumb\"><span class=\"post-cat-wrap\"><span class=\"post-cat tie-cat-49\">S\u0103n\u0103tate<\/span><\/span><img loading=\"lazy\" decoding=\"async\" width=\"390\" height=\"220\" src=\"https:\/\/infotulcea.ro\/wp-content\/uploads\/2021\/12\/rm-390x220.jpg\" class=\"attachment-jannah-image-large size-jannah-image-large wp-post-image lazyload\" alt><img loading=\"lazy\" decoding=\"async\" width=\"390\" height=\"220\" src=\"https:\/\/infotulcea.ro\/wp-content\/uploads\/2021\/12\/rm-390x220.jpg\" class=\"attachment-jannah-image-large size-jannah-image-large wp-post-image\" alt><\/a><\/div>\n<div class=\"post-widget-body \"><a class=\"post-title the-subtitle\" href=\"https:\/\/infotulcea.ro\/centrul-medical-routine-med-va-ureaza-la-multi-ani\/\">Centrul medical Routine Med v\u0103 ureaz\u0103 \u201eLa mul\u0163i ani!\u201d<\/a><\/p>\n<div class=\"post-meta\"><span class=\"date meta-item tie-icon\">31 decembrie 2021<\/span><\/div>\n<\/div>\n<\/li>\n<\/ul>\n<\/div>\n<\/div>\n<aside class=\"sidebar tie-col-md-4 tie-col-xs-12 normal-side is-sticky\" aria-label=\"Primary Sidebar\">\n<div class=\"theiaStickySidebar\">\n<div id=\"media_image-19\" class=\"container-wrapper widget widget_media_image\"><a href=\"https:\/\/infotulcea.ro\/delta-dunarii-mai-accesibila-navrom-delta-creste-numarul-curselor-regulate-de-la-1-mai-2025\/\"><source sizes=\"(max-width: 500px) 100vw, 500px\" type=\"image\/webp\" data-srcset=\"https:\/\/infotulcea.ro\/wp-content\/uploads\/2025\/04\/navrom-delta-500x271.jpg.webp 500w, https:\/\/infotulcea.ro\/wp-content\/uploads\/2025\/04\/navrom-delta-1024x555.jpg.webp 1024w, https:\/\/infotulcea.ro\/wp-content\/uploads\/2025\/04\/navrom-delta-768x416.jpg.webp 768w, https:\/\/infotulcea.ro\/wp-content\/uploads\/2025\/04\/navrom-delta.jpg.webp 1080w\" \/><img loading=\"lazy\" decoding=\"async\" width=\"500\" height=\"271\" src=\"https:\/\/infotulcea.ro\/wp-content\/uploads\/2025\/04\/navrom-delta-500x271.jpg\" class=\"image wp-image-34487  attachment-medium size-medium\" alt><\/a><\/div>\n<div id=\"media_image-17\" class=\"container-wrapper widget widget_media_image\"><a href=\"https:\/\/www.facebook.com\/share\/p\/1DGAD1tLWN\/?mibextid=wwXIfr\" target=\"_blank\"><source sizes=\"(max-width: 500px) 100vw, 500px\" type=\"image\/webp\" data-srcset=\"https:\/\/infotulcea.ro\/wp-content\/uploads\/2026\/01\/IMG_1563-500x500.jpeg.webp 500w, https:\/\/infotulcea.ro\/wp-content\/uploads\/2026\/01\/IMG_1563-1024x1024.jpeg.webp 1024w, https:\/\/infotulcea.ro\/wp-content\/uploads\/2026\/01\/IMG_1563-250x250.jpeg.webp 250w, https:\/\/infotulcea.ro\/wp-content\/uploads\/2026\/01\/IMG_1563-768x768.jpeg.webp 768w, https:\/\/infotulcea.ro\/wp-content\/uploads\/2026\/01\/IMG_1563.jpeg.webp 1080w\" \/><img loading=\"lazy\" decoding=\"async\" width=\"500\" height=\"500\" src=\"https:\/\/infotulcea.ro\/wp-content\/uploads\/2026\/01\/IMG_1563-500x500.jpeg\" class=\"image wp-image-37932  attachment-medium size-medium\" alt title=\"Centrale pe lemne\"><\/a><\/div>\n<div id=\"media_image-18\" class=\"container-wrapper widget widget_media_image\"><a href=\"https:\/\/www.licitatia.ro\/site\/index-guest\"><img loading=\"lazy\" decoding=\"async\" width=\"500\" height=\"262\" src=\"https:\/\/infotulcea.ro\/wp-content\/uploads\/2025\/09\/licitatia-500x262.png\" class=\"image wp-image-36670  attachment-medium size-medium lazyload\" alt data-max-width=\"500\"><img loading=\"lazy\" decoding=\"async\" width=\"500\" height=\"262\" src=\"https:\/\/infotulcea.ro\/wp-content\/uploads\/2025\/09\/licitatia-500x262.png\" class=\"image wp-image-36670  attachment-medium size-medium\" alt><\/a><\/div>\n<div id=\"media_image-27\" class=\"container-wrapper widget widget_media_image\"><a href=\"https:\/\/www.centrale-lemne-liepsnele.ro\/\"><img loading=\"lazy\" decoding=\"async\" width=\"500\" height=\"500\" src=\"https:\/\/infotulcea.ro\/wp-content\/uploads\/2025\/09\/Centrale-pe-Lemne-Liepsnele-500x500.png\" class=\"image wp-image-36541  attachment-medium size-medium lazyload\" alt=\"Centrala pe lemne\" data-max-width=\"500\"><img loading=\"lazy\" decoding=\"async\" width=\"500\" height=\"500\" src=\"https:\/\/infotulcea.ro\/wp-content\/uploads\/2025\/09\/Centrale-pe-Lemne-Liepsnele-500x500.png\" class=\"image wp-image-36541  attachment-medium size-medium\" alt=\"Centrala pe lemne\"><\/a><\/div>\n<div id=\"media_image-28\" class=\"container-wrapper widget widget_media_image\"><a href=\"https:\/\/infotulcea.ro\/angajeaza-te-ro-platforma-ta-online-de-angajari-si-forta-de-munca\/\"><source sizes=\"(max-width: 500px) 100vw, 500px\" type=\"image\/webp\" data-srcset=\"https:\/\/infotulcea.ro\/wp-content\/uploads\/2025\/04\/banner-angajazate-1-500x305.jpg.webp 500w, https:\/\/infotulcea.ro\/wp-content\/uploads\/2025\/04\/banner-angajazate-1-1024x625.jpg.webp 1024w, https:\/\/infotulcea.ro\/wp-content\/uploads\/2025\/04\/banner-angajazate-1-768x469.jpg.webp 768w, https:\/\/infotulcea.ro\/wp-content\/uploads\/2025\/04\/banner-angajazate-1.jpg.webp 1080w\" \/><img loading=\"lazy\" decoding=\"async\" width=\"500\" height=\"305\" src=\"https:\/\/infotulcea.ro\/wp-content\/uploads\/2025\/04\/banner-angajazate-1-500x305.jpg\" class=\"image wp-image-34317  attachment-medium size-medium\" alt><\/a><\/div>\n<\/div>\n<\/aside>\n<\/div>\n<\/div>\n<div class=\"entry-content entry clearfix\">\n<p><strong>Casa de Asigur\u0103ri de S\u0103n\u0103tate Tulcea informeaz\u0103 p\u0103rin\u021bii c\u0103 toate documentele medicale solicitate<\/strong><br \/><strong>de unit\u0103\u021bile de \u00eenv\u0103\u021b\u0103m\u00e2nt la \u00eenceputul anului \u0219colar sunt eliberate gratuit de c\u0103tre medicii de familie,<\/strong><br \/><strong>costurile fiind suportate integral din Fondul Na\u021bional Unic de Asigur\u0103ri Sociale de S\u0103n\u0103tate.<\/strong><br \/>\n\u201eAsigur\u0103m p\u0103rin\u021bii c\u0103 \u0219i \u00een acest nou an \u0219colar medicii de familie r\u0103m\u00e2n un sprijin direct \u0219i gratuit<br \/>\npentru ob\u021binerea documentelor necesare \u00eenscrierii \u0219i frecvent\u0103rii cursurilor. Conform reglement\u0103rilor<br \/>\nactuale, eliberarea adeverin\u021belor \u0219i a avizelor epidemiologice face parte din serviciile de suport pe care<br \/>\nmedicii de familie le ofer\u0103 comunit\u0103\u021bii. Obiectivul nostru este ca fiecare copil s\u0103 \u00eenceap\u0103 \u0219coala \u00een<br \/>\nsiguran\u021b\u0103, av\u00e2nd acces rapid \u0219i f\u0103r\u0103 costuri la serviciile medicale esen\u021biale\u201d, a declarat Eugenia Vasile,<br \/>\nDirector General Casa de Asigur\u0103ri de S\u0103n\u0103tate Tulcea.<br \/>\nDocumentele care se elibereaz\u0103 gratuit sunt:<br \/>\n\uf0b7 adeverin\u021ba medical\u0103 pentru \u00eenscrierea \u00een colectivitate<br \/>\n\uf0b7 avizul epidemiologic de intrare \u00een colectivitate<br \/>\n\uf0b7 fi\u0219a de vaccin\u0103ri a elevului<br \/>\nMedicii de familie afla\u021bi \u00een rela\u021bie contractual\u0103 cu CAS Tulcea nu au dreptul s\u0103 solicite taxe pentru<br \/>\naceste documente specifice.<br \/>\nDocumentele se solicit\u0103 la intrarea \u00een anumite cicluri de \u00eenv\u0103\u021b\u0103m\u00e2nt (cre\u0219\u0103, gr\u0103dini\u021b\u0103, clasa<br \/>\npreg\u0103titoare \u0219i clasa a IX-a), nu \u00een fiecare an \u0219colar. Pentru a evita aglomera\u021bia din cabinete, CAS Tulcea<br \/>\nrecomand\u0103 p\u0103rin\u021bilor s\u0103 \u00ee\u0219i programeze vizita din timp.<\/p>\n<\/div>\n<div class=\"articleBody\" data-key=\"articleBody\">Casa de Asigur\u0103ri de S\u0103n\u0103tate Tulcea informeaz\u0103 p\u0103rin\u021bii c\u0103 toate documentele medicale solicitate<br \/>\nde unit\u0103\u021bile de \u00eenv\u0103\u021b\u0103m\u00e2nt la \u00eenceputul anului \u0219colar sunt eliberate gratuit de c\u0103tre medicii de familie,<br \/>\ncosturile fiind suportate integral din Fondul Na\u021bional Unic de Asigur\u0103ri Sociale de S\u0103n\u0103tate.<br \/>\n\u201eAsigur\u0103m p\u0103rin\u021bii c\u0103 \u0219i \u00een acest nou an \u0219colar medicii de familie r\u0103m\u00e2n un sprijin direct \u0219i gratuit<br \/>\npentru ob\u021binerea documentelor necesare \u00eenscrierii \u0219i frecvent\u0103rii cursurilor. Conform reglement\u0103rilor<br \/>\nactuale, eliberarea adeverin\u021belor \u0219i a avizelor epidemiologice face parte din serviciile de suport pe care<br \/>\nmedicii de familie le ofer\u0103 comunit\u0103\u021bii. Obiectivul nostru este ca fiecare copil s\u0103 \u00eenceap\u0103 \u0219coala \u00een<br \/>\nsiguran\u021b\u0103, av\u00e2nd acces rapid \u0219i f\u0103r\u0103 costuri la serviciile medicale esen\u021biale\u201d, a declarat Eugenia Vasile,<br \/>\nDirector General Casa de Asigur\u0103ri de S\u0103n\u0103tate Tulcea.<br \/>\nDocumentele care se elibereaz\u0103 gratuit sunt:<br \/>\n\uf0b7 adeverin\u021ba medical\u0103 pentru \u00eenscrierea \u00een colectivitate<br \/>\n\uf0b7 avizul epidemiologic de intrare \u00een colectivitate<br \/>\n\uf0b7 fi\u0219a de vaccin\u0103ri a elevului<br \/>\nMedicii de familie afla\u021bi \u00een rela\u021bie contractual\u0103 cu CAS Tulcea nu au dreptul s\u0103 solicite taxe pentru<br \/>\naceste documente specifice.<br \/>\nDocumentele se solicit\u0103 la intrarea \u00een anumite cicluri de \u00eenv\u0103\u021b\u0103m\u00e2nt (cre\u0219\u0103, gr\u0103dini\u021b\u0103, clasa<br \/>\npreg\u0103titoare \u0219i clasa a IX-a), nu \u00een fiecare an \u0219colar. Pentru a evita aglomera\u021bia din cabinete, CAS Tulcea<br \/>\nrecomand\u0103 p\u0103rin\u021bilor s\u0103 \u00ee\u0219i programeze vizita din timp.<\/div>\n<p>[analyse_source url=&#8221;https:\/\/infotulcea.ro\/casa-de-asigurari-de-sanatate-tulcea-reaminteste-persoanelor-interesate-ca-actele-medicale-pentru-scoala-si-gradinita-sunt-eliberate-gratuit-de-catre-medicii-de-familie\/&#8221;]<\/p>\n","protected":false},"excerpt":{"rendered":"<p>[analyse_image type=&#8221;featured&#8221; src=&#8221;https:\/\/infotulcea.ro\/wp-content\/uploads\/2021\/11\/bulina.png&#8221;] Home\/S\u0103n\u0103tate\/Casa de Asigur\u0103ri de S\u0103n\u0103tate Tulcea reaminte\u0219te persoanelor interesate c\u0103 actele medicale pentru \u0219coal\u0103 \u0219i gr\u0103dini\u021b\u0103 sunt eliberate gratuit de c\u0103tre medicii de familie S\u0103n\u0103tate Casa de Asigur\u0103ri de S\u0103n\u0103tate Tulcea reaminte\u0219te persoanelor interesate c\u0103 actele medicale pentru \u0219coal\u0103 \u0219i gr\u0103dini\u021b\u0103 sunt eliberate gratuit de c\u0103tre medicii de familie Redactia1 septembrie 2026 [&hellip;]<\/p>\n","protected":false},"author":1,"featured_media":0,"comment_status":"open","ping_status":"","sticky":false,"template":"","format":"standard","meta":{"footnotes":""},"categories":[89],"tags":[226,221],"class_list":["post-2123905","post","type-post","status-publish","format-standard","hentry","category-romania","tag-crawlmanager","tag-infotulcea-ro"],"_links":{"self":[{"href":"https:\/\/analyse.optim.biz\/index.php?rest_route=\/wp\/v2\/posts\/2123905","targetHints":{"allow":["GET"]}}],"collection":[{"href":"https:\/\/analyse.optim.biz\/index.php?rest_route=\/wp\/v2\/posts"}],"about":[{"href":"https:\/\/analyse.optim.biz\/index.php?rest_route=\/wp\/v2\/types\/post"}],"author":[{"embeddable":true,"href":"https:\/\/analyse.optim.biz\/index.php?rest_route=\/wp\/v2\/users\/1"}],"replies":[{"embeddable":true,"href":"https:\/\/analyse.optim.biz\/index.php?rest_route=%2Fwp%2Fv2%2Fcomments&post=2123905"}],"version-history":[{"count":0,"href":"https:\/\/analyse.optim.biz\/index.php?rest_route=\/wp\/v2\/posts\/2123905\/revisions"}],"wp:attachment":[{"href":"https:\/\/analyse.optim.biz\/index.php?rest_route=%2Fwp%2Fv2%2Fmedia&parent=2123905"}],"wp:term":[{"taxonomy":"category","embeddable":true,"href":"https:\/\/analyse.optim.biz\/index.php?rest_route=%2Fwp%2Fv2%2Fcategories&post=2123905"},{"taxonomy":"post_tag","embeddable":true,"href":"https:\/\/analyse.optim.biz\/index.php?rest_route=%2Fwp%2Fv2%2Ftags&post=2123905"}],"curies":[{"name":"wp","href":"https:\/\/api.w.org\/{rel}","templated":true}]}}