{"id":2123902,"date":"2026-09-01T14:07:50","date_gmt":"2026-09-01T11:07:50","guid":{"rendered":"https:\/\/analyse.optim.biz\/?p=2123902"},"modified":"2026-09-01T14:07:50","modified_gmt":"2026-09-01T11:07:50","slug":"schimbare-la-conducerea-jandarmeriei-tulcea-colonelul-dragos-duluchian-preia-comanda-dupa-aproape-12-ani-in-care-institutia-a-fost-condusa-de-ion-bordei","status":"publish","type":"post","link":"https:\/\/analyse.optim.biz\/?p=2123902","title":{"rendered":"Schimbare la conducerea Jandarmeriei Tulcea. Colonelul Drago\u0219 Duluchian preia comanda dup\u0103 aproape 12 ani \u00een care institu\u021bia a fost condus\u0103 de Ion Bordei"},"content":{"rendered":"<p>[analyse_image type=&#8221;featured&#8221; src=&#8221;https:\/\/www.tlnews.ro\/wp-content\/uploads\/2026\/09\/IMG_7540-1024&#215;576.jpghttps:\/\/www.tlnews.ro\/wp-content\/uploads\/2026\/09\/IMG_7540.jpg&#8221;]<\/p>\n<div id=\"main-content\" class=\"mh-content\" role=\"main\">\n<article id=\"post-33716\" class=\"post-33716 post type-post status-publish format-standard has-post-thumbnail hentry category-comunicat-de-presa category-eveniment tag-blinkfeedrss tag-comunicat-de-presa tag-constanta tag-constanta-news tag-ctnews tag-ctnews-ro tag-grss tag-jandarmeria-tulcea tag-jandarmi tag-news tag-stiri tag-yahoorss\">\n<header class=\"entry-header clearfix\">\n<h1 class=\"entry-title\">Schimbare la conducerea Jandarmeriei Tulcea. Colonelul Drago\u0219 Duluchian preia comanda dup\u0103 aproape 12 ani \u00een care institu\u021bia a fost condus\u0103 de Ion Bordei<\/h1>\n<div class=\"mh-meta entry-meta\"><span class=\"entry-meta-date updated\"><a href=\"https:\/\/www.tlnews.ro\/2026\/09\/\">September 1, 2026<\/a><\/span><span class=\"entry-meta-author author vcard\"><a class=\"fn\" href=\"https:\/\/www.tlnews.ro\/author\/cosmin79\/\">\u0218tefan POPESCU<\/a><\/span><span class=\"entry-meta-categories\"><a href=\"https:\/\/www.tlnews.ro\/category\/comunicat-de-presa\/\" rel=\"category tag\">Comunicat de Presa<\/a>, <a href=\"https:\/\/www.tlnews.ro\/category\/eveniment\/\" rel=\"category tag\">Eveniment<\/a><\/span><\/div>\n<\/header>\n<div class=\"entry-content clearfix\">\n<figure class=\"entry-thumbnail\"><a href=\"https:\/\/www.tlnews.ro\/schimbare-la-conducerea-jandarmeriei-tulcea-colonelul-dragos-duluchian-preia-comanda-dupa-aproape-12-ani-in-care-institutia-a-fost-condusa-de-ion-bordei\/img_7540\/\"><img decoding=\"async\" src=\"https:\/\/www.tlnews.ro\/wp-content\/uploads\/2026\/09\/IMG_7540-678x381.jpg\" alt title=\"Schimbare la conducerea Jandarmeriei Tulcea. FOTO Jandarmeria Tulcea\"><\/a><figcaption class=\"wp-caption-text\">Schimbare la conducerea Jandarmeriei Tulcea. FOTO Jandarmeria Tulcea <\/figcaption><\/figure>\n<p class=\"isSelectedEnd\">Inspectoratul de Jandarmi Jude\u021bean Tulcea are un nou comandant. Colonelul Ion Bordei a predat, mar\u021bi, 1 septembrie 2026, comanda unit\u0103\u021bii colonelului Drago\u0219 Duluchian, care a ocupat din 2017 func\u021bia de prim-adjunct al inspectorului \u0219ef.<\/p>\n<p class=\"isSelectedEnd\">Ceremonia militar\u0103 de predare-primire a comenzii a avut loc la sediul Inspectoratului de Jandarmi Jude\u021bean Tulcea, \u00een prezen\u021ba colonelului Mihai Cr\u0103ciun, \u0219eful Direc\u021biei Juridice din cadrul Inspectoratului General al Jandarmeriei Rom\u00e2ne, \u0219i a personalului unit\u0103\u021bii.<\/p>\n<p class=\"isSelectedEnd\">Schimbarea de la conducerea institu\u021biei vine dup\u0103 o perioad\u0103 de aproape 12 ani \u00een care Inspectoratul de Jandarmi Jude\u021bean Tulcea a fost condus de colonelul Ion Bordei.<\/p>\n<p class=\"isSelectedEnd\">Potrivit Jandarmeriei Tulcea, \u00een aceast\u0103 perioad\u0103 unitatea a desf\u0103\u0219urat numeroase misiuni pentru men\u021binerea ordinii \u0219i siguran\u021bei publice, protejarea cet\u0103\u021benilor \u0219i asigurarea unui climat de siguran\u021b\u0103 la nivelul jude\u021bului.<\/p>\n<p class=\"isSelectedEnd\">\u00cen cadrul ceremoniei de mar\u021bi, colonelul Ion Bordei a predat oficial comanda unit\u0103\u021bii colonelului Drago\u0219 Duluchian.<\/p>\n<p class=\"isSelectedEnd\">Colonelul Drago\u0219 Duluchian cunoa\u0219te deja activitatea \u0219i structura Inspectoratului de Jandarmi Jude\u021bean Tulcea, dup\u0103 ce, \u00eencep\u00e2nd din anul 2017, a \u00eendeplinit atribu\u021biile func\u021biei de prim-adjunct al inspectorului \u0219ef.<\/p>\n<p class=\"isSelectedEnd\">Din noua pozi\u021bie, acesta va conduce activitatea unit\u0103\u021bii \u0219i va coordona misiunile desf\u0103\u0219urate de jandarmii tulceni.<\/p>\n<p>Reprezentan\u021bii institu\u021biei consider\u0103 predarea comenzii un moment important \u00een activitatea unei unit\u0103\u021bi militare, care marcheaz\u0103 at\u00e2t \u00eencheierea unei etape, c\u00e2t \u0219i \u00eenceputul unei noi perioade bazate pe experien\u021b\u0103, responsabilitate \u0219i continuitate.<\/p>\n<div class=\"sharedaddy sd-sharing-enabled\">\n<div class=\"robots-nocontent sd-block sd-social sd-social-official sd-sharing\">\n<h3 class=\"sd-title\">Trimite unui prieten:<\/h3>\n<div class=\"sd-content\">\n<ul>\n<li class=\"share-jetpack-whatsapp\"><a rel=\"nofollow noopener noreferrer\" data-shared=\"sharing-whatsapp-33716\" class=\"share-jetpack-whatsapp sd-button\" href=\"https:\/\/www.tlnews.ro\/schimbare-la-conducerea-jandarmeriei-tulcea-colonelul-dragos-duluchian-preia-comanda-dupa-aproape-12-ani-in-care-institutia-a-fost-condusa-de-ion-bordei\/?share=jetpack-whatsapp\" target=\"_blank\" aria-labelledby=\"sharing-whatsapp-33716\"><span id=\"sharing-whatsapp-33716\" hidden>Share on WhatsApp (Opens in new window)<\/span><span>WhatsApp<\/span><\/a><\/li>\n<li class=\"share-email\"><a rel=\"nofollow noopener noreferrer\" data-shared=\"sharing-email-33716\" class=\"share-email sd-button\" href=\"mailto:?subject=%5BShared%20Post%5D%20Schimbare%20la%20conducerea%20Jandarmeriei%20Tulcea.%20Colonelul%20Drago%C8%99%20Duluchian%20preia%20comanda%20dup%C4%83%20aproape%2012%20ani%20%C3%AEn%20care%20institu%C8%9Bia%20a%20fost%20condus%C4%83%20de%20Ion%20Bordei&amp;body=https%3A%2F%2Fwww.tlnews.ro%2Fschimbare-la-conducerea-jandarmeriei-tulcea-colonelul-dragos-duluchian-preia-comanda-dupa-aproape-12-ani-in-care-institutia-a-fost-condusa-de-ion-bordei%2F&amp;share=email\" target=\"_blank\" aria-labelledby=\"sharing-email-33716\" data-email-share-error-title=\"Do you have email set up?\" data-email-share-error-text=\"If you&apos;re having problems sharing via email, you might not have email set up for your browser. You may need to create a new email yourself.\" data-email-share-nonce=\"97da3fecdb\" data-email-share-track-url=\"https:\/\/www.tlnews.ro\/schimbare-la-conducerea-jandarmeriei-tulcea-colonelul-dragos-duluchian-preia-comanda-dupa-aproape-12-ani-in-care-institutia-a-fost-condusa-de-ion-bordei\/?share=email\"><span id=\"sharing-email-33716\" hidden>Email a link to a friend (Opens in new window)<\/span><span>Email<\/span><\/a><\/li>\n<li class=\"share-telegram\"><a rel=\"nofollow noopener noreferrer\" data-shared=\"sharing-telegram-33716\" class=\"share-telegram sd-button\" href=\"https:\/\/www.tlnews.ro\/schimbare-la-conducerea-jandarmeriei-tulcea-colonelul-dragos-duluchian-preia-comanda-dupa-aproape-12-ani-in-care-institutia-a-fost-condusa-de-ion-bordei\/?share=telegram\" target=\"_blank\" aria-labelledby=\"sharing-telegram-33716\"><span id=\"sharing-telegram-33716\" hidden>Share on Telegram (Opens in new window)<\/span><span>Telegram<\/span><\/a><\/li>\n<li class=\"share-twitter\"><a href=\"https:\/\/twitter.com\/share\" class=\"twitter-share-button\" data-url=\"https:\/\/www.tlnews.ro\/schimbare-la-conducerea-jandarmeriei-tulcea-colonelul-dragos-duluchian-preia-comanda-dupa-aproape-12-ani-in-care-institutia-a-fost-condusa-de-ion-bordei\/\" data-text=\"Schimbare la conducerea Jandarmeriei Tulcea. Colonelul Drago\u0219 Duluchian preia comanda dup\u0103 aproape 12 ani \u00een care institu\u021bia a fost condus\u0103 de Ion Bordei\" data-via=\"boioglu\">Tweet<\/a><\/li>\n<li class=\"share-print\"><a rel=\"nofollow noopener noreferrer\" data-shared=\"sharing-print-33716\" class=\"share-print sd-button\" href=\"https:\/\/www.tlnews.ro\/schimbare-la-conducerea-jandarmeriei-tulcea-colonelul-dragos-duluchian-preia-comanda-dupa-aproape-12-ani-in-care-institutia-a-fost-condusa-de-ion-bordei\/#print?share=print\" target=\"_blank\" aria-labelledby=\"sharing-print-33716\"><span id=\"sharing-print-33716\" hidden>Print (Opens in new window)<\/span><span>Print<\/span><\/a><\/li>\n<li class=\"share-facebook\">\n<li class=\"share-end\"><\/ul>\n<\/div>\n<\/div>\n<\/div>\n<\/div>\n<div class=\"entry-tags clearfix\">\n<ul>\n<li><a href=\"https:\/\/www.tlnews.ro\/tag\/blinkfeedrss\/\" rel=\"tag\">blinkfeedrss<\/a><\/li>\n<li><a href=\"https:\/\/www.tlnews.ro\/tag\/comunicat-de-presa\/\" rel=\"tag\">Comunicat de Presa<\/a><\/li>\n<li><a href=\"https:\/\/www.tlnews.ro\/tag\/constanta\/\" rel=\"tag\">Constanta<\/a><\/li>\n<li><a href=\"https:\/\/www.tlnews.ro\/tag\/constanta-news\/\" rel=\"tag\">Constanta NEWS<\/a><\/li>\n<li><a href=\"https:\/\/www.tlnews.ro\/tag\/ctnews\/\" rel=\"tag\">CTnews<\/a><\/li>\n<li><a href=\"https:\/\/www.tlnews.ro\/tag\/ctnews-ro\/\" rel=\"tag\">CTnews.ro<\/a><\/li>\n<li><a href=\"https:\/\/www.tlnews.ro\/tag\/grss\/\" rel=\"tag\">grss<\/a><\/li>\n<li><a href=\"https:\/\/www.tlnews.ro\/tag\/jandarmeria-tulcea\/\" rel=\"tag\">Jandarmeria Tulcea<\/a><\/li>\n<li><a href=\"https:\/\/www.tlnews.ro\/tag\/jandarmi\/\" rel=\"tag\">jandarmi<\/a><\/li>\n<li><a href=\"https:\/\/www.tlnews.ro\/tag\/news\/\" rel=\"tag\">news<\/a><\/li>\n<li><a href=\"https:\/\/www.tlnews.ro\/tag\/stiri\/\" rel=\"tag\">stiri<\/a><\/li>\n<li><a href=\"https:\/\/www.tlnews.ro\/tag\/yahoorss\/\" rel=\"tag\">yahoorss<\/a><\/li>\n<\/ul>\n<\/div>\n<div id=\"text-16\" class=\"mh-widget mh-posts-2 widget_text\">\n<div class=\"textwidget\">\n<p><em><strong>R\u0103spunderea pentru textul acestui articol apar\u021bine exclusiv autorului. \u00cen cazul unui Comunicat de Pres\u0103, r\u0103spunderea apar\u021bine exclusiv institu\u021biei care l-a emis \u0219i persoanelor fizice sau juridice care au fost citate \u00een articol.<\/strong><\/em><\/p>\n<p><em><strong>Publica\u021bia <a href=\"https:\/\/www.tlnews.ro\">TLnews<\/a>, persoana juridic\u0103 asociat\u0103 cu aceasta \u0219i persoanele fizice care administreaz\u0103 aceast\u0103 companie nu \u00ee\u0219i asum\u0103 r\u0103spunderea pentru informa\u021biile publicate de autorii articolelor sau ale comunicatelor de pres\u0103.<\/strong><\/em><\/p>\n<p><em><strong>Informa\u021biile de pe TLnews.ro sunt ob\u021binute din surse publice \u0219i deschise. <\/strong><\/em><\/p>\n<p>Conform articolului 7 din legea 190\/2018, prelucrarea \u00een scop jurnalistic este derogat\u0103 de prevederile Regulamentului general privind protec\u021bia datelor cu caracter personal daca este asigurat un echilibru \u00een ceea ce prive\u0219te libertatea de exprimare \u0219i dreptul la informa\u021bie. <\/p>\n<\/div>\n<\/div>\n<\/article>\n<section class=\"mh-related-content\">\n<h3 class=\"mh-widget-title mh-related-content-title\"><span class=\"mh-widget-title-inner\">Related Articles<\/span><\/h3>\n<div class=\"mh-related-wrap mh-row clearfix\">\n<div class=\"mh-col-1-3 mh-posts-grid-col clearfix\">\n<article class=\"post-33749 format-standard mh-posts-grid-item clearfix\">\n<figure class=\"mh-posts-grid-thumb\"><a class=\"mh-thumb-icon mh-thumb-icon-small-mobile\" href=\"https:\/\/www.tlnews.ro\/peste-6-000-de-perechi-de-incaltaminte-susceptibile-a-fi-contrafacute-descoperite-la-isaccea\/\" title=\"Peste 6.000 de perechi de \u00eenc\u0103l\u021b\u0103minte susceptibile a fi contraf\u0103cute, descoperite la Isaccea\"><img loading=\"lazy\" decoding=\"async\" width=\"326\" height=\"245\" src=\"https:\/\/www.tlnews.ro\/wp-content\/uploads\/2026\/09\/WhatsApp-Image-2026-09-02-at-11.47.53-326x245.jpeg\" class=\"attachment-mh-magazine-medium size-mh-magazine-medium wp-post-image\" alt><\/a><\/p>\n<div class=\"mh-image-caption mh-posts-grid-caption\">\n\t\t\t\tComunicat de Presa\t\t\t<\/div>\n<\/figure>\n<h3 class=\"entry-title mh-posts-grid-title\"><a href=\"https:\/\/www.tlnews.ro\/peste-6-000-de-perechi-de-incaltaminte-susceptibile-a-fi-contrafacute-descoperite-la-isaccea\/\" title=\"Peste 6.000 de perechi de \u00eenc\u0103l\u021b\u0103minte susceptibile a fi contraf\u0103cute, descoperite la Isaccea\" rel=\"bookmark\"><br \/>\n\t\t\tPeste 6.000 de perechi de \u00eenc\u0103l\u021b\u0103minte susceptibile a fi contraf\u0103cute, descoperite la Isaccea\t\t<\/a><\/h3>\n<div class=\"mh-meta entry-meta\"><span class=\"entry-meta-date updated\"><a href=\"https:\/\/www.tlnews.ro\/2026\/09\/\">September 2, 2026<\/a><\/span><span class=\"entry-meta-author author vcard\"><a class=\"fn\" href=\"https:\/\/www.tlnews.ro\/author\/cosmin79\/\">\u0218tefan POPESCU<\/a><\/span><span class=\"entry-meta-categories\"><a href=\"https:\/\/www.tlnews.ro\/category\/comunicat-de-presa\/\" rel=\"category tag\">Comunicat de Presa<\/a>, <a href=\"https:\/\/www.tlnews.ro\/category\/eveniment\/\" rel=\"category tag\">Eveniment<\/a><\/span><\/div>\n<div class=\"mh-posts-grid-excerpt clearfix\">\n<div class=\"mh-excerpt\">\n<p>Poli\u021bi\u0219tii de frontier\u0103 din cadrul G\u0103rzii de Coast\u0103, \u00eempreun\u0103 cu inspectorii vamali ai Biroului Vamal de Frontier\u0103 Isaccea, au descoperit <a class=\"mh-excerpt-more\" href=\"https:\/\/www.tlnews.ro\/peste-6-000-de-perechi-de-incaltaminte-susceptibile-a-fi-contrafacute-descoperite-la-isaccea\/\" title=\"Peste 6.000 de perechi de \u00eenc\u0103l\u021b\u0103minte susceptibile a fi contraf\u0103cute, descoperite la Isaccea\">[\u2026]<\/a><\/p>\n<\/div>\n<div class=\"sharedaddy sd-sharing-enabled\">\n<div class=\"robots-nocontent sd-block sd-social sd-social-official sd-sharing\">\n<h3 class=\"sd-title\">Trimite unui prieten:<\/h3>\n<div class=\"sd-content\">\n<ul>\n<li class=\"share-jetpack-whatsapp\"><a rel=\"nofollow noopener noreferrer\" data-shared=\"sharing-whatsapp-33749\" class=\"share-jetpack-whatsapp sd-button\" href=\"https:\/\/www.tlnews.ro\/peste-6-000-de-perechi-de-incaltaminte-susceptibile-a-fi-contrafacute-descoperite-la-isaccea\/?share=jetpack-whatsapp\" target=\"_blank\" aria-labelledby=\"sharing-whatsapp-33749\"><span id=\"sharing-whatsapp-33749\" hidden>Share on WhatsApp (Opens in new window)<\/span><span>WhatsApp<\/span><\/a><\/li>\n<li class=\"share-email\"><a rel=\"nofollow noopener noreferrer\" data-shared=\"sharing-email-33749\" class=\"share-email sd-button\" href=\"mailto:?subject=%5BShared%20Post%5D%20Peste%206.000%20de%20perechi%20de%20%C3%AEnc%C4%83l%C8%9B%C4%83minte%20susceptibile%20a%20fi%20contraf%C4%83cute%2C%20descoperite%20la%20Isaccea&amp;body=https%3A%2F%2Fwww.tlnews.ro%2Fpeste-6-000-de-perechi-de-incaltaminte-susceptibile-a-fi-contrafacute-descoperite-la-isaccea%2F&amp;share=email\" target=\"_blank\" aria-labelledby=\"sharing-email-33749\" data-email-share-error-title=\"Do you have email set up?\" data-email-share-error-text=\"If you&apos;re having problems sharing via email, you might not have email set up for your browser. You may need to create a new email yourself.\" data-email-share-nonce=\"14103640a5\" data-email-share-track-url=\"https:\/\/www.tlnews.ro\/peste-6-000-de-perechi-de-incaltaminte-susceptibile-a-fi-contrafacute-descoperite-la-isaccea\/?share=email\"><span id=\"sharing-email-33749\" hidden>Email a link to a friend (Opens in new window)<\/span><span>Email<\/span><\/a><\/li>\n<li class=\"share-telegram\"><a rel=\"nofollow noopener noreferrer\" data-shared=\"sharing-telegram-33749\" class=\"share-telegram sd-button\" href=\"https:\/\/www.tlnews.ro\/peste-6-000-de-perechi-de-incaltaminte-susceptibile-a-fi-contrafacute-descoperite-la-isaccea\/?share=telegram\" target=\"_blank\" aria-labelledby=\"sharing-telegram-33749\"><span id=\"sharing-telegram-33749\" hidden>Share on Telegram (Opens in new window)<\/span><span>Telegram<\/span><\/a><\/li>\n<li class=\"share-twitter\"><a href=\"https:\/\/twitter.com\/share\" class=\"twitter-share-button\" data-url=\"https:\/\/www.tlnews.ro\/peste-6-000-de-perechi-de-incaltaminte-susceptibile-a-fi-contrafacute-descoperite-la-isaccea\/\" data-text=\"Peste 6.000 de perechi de \u00eenc\u0103l\u021b\u0103minte susceptibile a fi contraf\u0103cute, descoperite la Isaccea\" data-via=\"boioglu\">Tweet<\/a><\/li>\n<li class=\"share-print\"><a rel=\"nofollow noopener noreferrer\" data-shared=\"sharing-print-33749\" class=\"share-print sd-button\" href=\"https:\/\/www.tlnews.ro\/peste-6-000-de-perechi-de-incaltaminte-susceptibile-a-fi-contrafacute-descoperite-la-isaccea\/#print?share=print\" target=\"_blank\" aria-labelledby=\"sharing-print-33749\"><span id=\"sharing-print-33749\" hidden>Print (Opens in new window)<\/span><span>Print<\/span><\/a><\/li>\n<li class=\"share-facebook\">\n<li class=\"share-end\"><\/ul>\n<\/div>\n<\/div>\n<\/div>\n<\/div>\n<\/article>\n<\/div>\n<div class=\"mh-col-1-3 mh-posts-grid-col clearfix\">\n<article class=\"post-33719 format-standard mh-posts-grid-item clearfix\">\n<figure class=\"mh-posts-grid-thumb\"><a class=\"mh-thumb-icon mh-thumb-icon-small-mobile\" href=\"https:\/\/www.tlnews.ro\/foto-video-scolile-din-nalbant-intra-in-noul-an-cu-mobilier-nou-si-clase-informatizate-laboratorul-de-biologie-are-zeci-de-microscoape-noi\/\" title=\"FOTO VIDEO \u0218colile din Nalbant intr\u0103 \u00een noul an cu mobilier nou \u0219i clase informatizate. Laboratorul de biologie are zeci de microscoape noi\"><img loading=\"lazy\" decoding=\"async\" width=\"326\" height=\"245\" src=\"https:\/\/www.tlnews.ro\/wp-content\/uploads\/2026\/09\/img_6822.j6-326x245.jpg\" class=\"attachment-mh-magazine-medium size-mh-magazine-medium wp-post-image\" alt><\/a><\/p>\n<div class=\"mh-image-caption mh-posts-grid-caption\">\n\t\t\t\tAdministratie\t\t\t<\/div>\n<\/figure>\n<h3 class=\"entry-title mh-posts-grid-title\"><a href=\"https:\/\/www.tlnews.ro\/foto-video-scolile-din-nalbant-intra-in-noul-an-cu-mobilier-nou-si-clase-informatizate-laboratorul-de-biologie-are-zeci-de-microscoape-noi\/\" title=\"FOTO VIDEO \u0218colile din Nalbant intr\u0103 \u00een noul an cu mobilier nou \u0219i clase informatizate. Laboratorul de biologie are zeci de microscoape noi\" rel=\"bookmark\"><br \/>\n\t\t\tFOTO VIDEO \u0218colile din Nalbant intr\u0103 \u00een noul an cu mobilier nou \u0219i clase informatizate. Laboratorul de biologie are zeci de microscoape noi\t\t<\/a><\/h3>\n<div class=\"mh-meta entry-meta\"><span class=\"entry-meta-date updated\"><a href=\"https:\/\/www.tlnews.ro\/2026\/09\/\">September 2, 2026<\/a><\/span><span class=\"entry-meta-author author vcard\"><a class=\"fn\" href=\"https:\/\/www.tlnews.ro\/author\/razvanandrei\/\">R\u0103zvan ANDREI<\/a><\/span><span class=\"entry-meta-categories\"><a href=\"https:\/\/www.tlnews.ro\/category\/administratie\/\" rel=\"category tag\">Administratie<\/a>, <a href=\"https:\/\/www.tlnews.ro\/category\/tv\/\" rel=\"category tag\">Emisiune<\/a>, <a href=\"https:\/\/www.tlnews.ro\/category\/featured\/\" rel=\"category tag\">Featured<\/a><\/span><\/div>\n<div class=\"mh-posts-grid-excerpt clearfix\">\n<div class=\"mh-excerpt\">\n<p>Noul an \u0219colar vine cu o schimbare vizibil\u0103 pentru elevii din comuna Nalbant. Cele dou\u0103 \u0219coli din comun\u0103, cea din <a class=\"mh-excerpt-more\" href=\"https:\/\/www.tlnews.ro\/foto-video-scolile-din-nalbant-intra-in-noul-an-cu-mobilier-nou-si-clase-informatizate-laboratorul-de-biologie-are-zeci-de-microscoape-noi\/\" title=\"FOTO VIDEO \u0218colile din Nalbant intr\u0103 \u00een noul an cu mobilier nou \u0219i clase informatizate. Laboratorul de biologie are zeci de microscoape noi\">[\u2026]<\/a><\/p>\n<\/div>\n<div class=\"sharedaddy sd-sharing-enabled\">\n<div class=\"robots-nocontent sd-block sd-social sd-social-official sd-sharing\">\n<h3 class=\"sd-title\">Trimite unui prieten:<\/h3>\n<div class=\"sd-content\">\n<ul>\n<li class=\"share-jetpack-whatsapp\"><a rel=\"nofollow noopener noreferrer\" data-shared=\"sharing-whatsapp-33719\" class=\"share-jetpack-whatsapp sd-button\" href=\"https:\/\/www.tlnews.ro\/foto-video-scolile-din-nalbant-intra-in-noul-an-cu-mobilier-nou-si-clase-informatizate-laboratorul-de-biologie-are-zeci-de-microscoape-noi\/?share=jetpack-whatsapp\" target=\"_blank\" aria-labelledby=\"sharing-whatsapp-33719\"><span id=\"sharing-whatsapp-33719\" hidden>Share on WhatsApp (Opens in new window)<\/span><span>WhatsApp<\/span><\/a><\/li>\n<li class=\"share-email\"><a rel=\"nofollow noopener noreferrer\" data-shared=\"sharing-email-33719\" class=\"share-email sd-button\" href=\"mailto:?subject=%5BShared%20Post%5D%20FOTO%20VIDEO%20%C8%98colile%20din%20Nalbant%20intr%C4%83%20%C3%AEn%20noul%20an%20cu%20mobilier%20nou%20%C8%99i%20clase%20informatizate.%20Laboratorul%20de%20biologie%20are%20zeci%20de%20microscoape%20noi&amp;body=https%3A%2F%2Fwww.tlnews.ro%2Ffoto-video-scolile-din-nalbant-intra-in-noul-an-cu-mobilier-nou-si-clase-informatizate-laboratorul-de-biologie-are-zeci-de-microscoape-noi%2F&amp;share=email\" target=\"_blank\" aria-labelledby=\"sharing-email-33719\" data-email-share-error-title=\"Do you have email set up?\" data-email-share-error-text=\"If you&apos;re having problems sharing via email, you might not have email set up for your browser. You may need to create a new email yourself.\" data-email-share-nonce=\"eec3219bf0\" data-email-share-track-url=\"https:\/\/www.tlnews.ro\/foto-video-scolile-din-nalbant-intra-in-noul-an-cu-mobilier-nou-si-clase-informatizate-laboratorul-de-biologie-are-zeci-de-microscoape-noi\/?share=email\"><span id=\"sharing-email-33719\" hidden>Email a link to a friend (Opens in new window)<\/span><span>Email<\/span><\/a><\/li>\n<li class=\"share-telegram\"><a rel=\"nofollow noopener noreferrer\" data-shared=\"sharing-telegram-33719\" class=\"share-telegram sd-button\" href=\"https:\/\/www.tlnews.ro\/foto-video-scolile-din-nalbant-intra-in-noul-an-cu-mobilier-nou-si-clase-informatizate-laboratorul-de-biologie-are-zeci-de-microscoape-noi\/?share=telegram\" target=\"_blank\" aria-labelledby=\"sharing-telegram-33719\"><span id=\"sharing-telegram-33719\" hidden>Share on Telegram (Opens in new window)<\/span><span>Telegram<\/span><\/a><\/li>\n<li class=\"share-twitter\"><a href=\"https:\/\/twitter.com\/share\" class=\"twitter-share-button\" data-url=\"https:\/\/www.tlnews.ro\/foto-video-scolile-din-nalbant-intra-in-noul-an-cu-mobilier-nou-si-clase-informatizate-laboratorul-de-biologie-are-zeci-de-microscoape-noi\/\" data-text=\"FOTO VIDEO \u0218colile din Nalbant intr\u0103 \u00een noul an cu mobilier nou \u0219i clase informatizate. Laboratorul de biologie are zeci de microscoape noi\" data-via=\"boioglu\">Tweet<\/a><\/li>\n<li class=\"share-print\"><a rel=\"nofollow noopener noreferrer\" data-shared=\"sharing-print-33719\" class=\"share-print sd-button\" href=\"https:\/\/www.tlnews.ro\/foto-video-scolile-din-nalbant-intra-in-noul-an-cu-mobilier-nou-si-clase-informatizate-laboratorul-de-biologie-are-zeci-de-microscoape-noi\/#print?share=print\" target=\"_blank\" aria-labelledby=\"sharing-print-33719\"><span id=\"sharing-print-33719\" hidden>Print (Opens in new window)<\/span><span>Print<\/span><\/a><\/li>\n<li class=\"share-facebook\">\n<li class=\"share-end\"><\/ul>\n<\/div>\n<\/div>\n<\/div>\n<\/div>\n<\/article>\n<\/div>\n<div class=\"mh-col-1-3 mh-posts-grid-col clearfix\">\n<article class=\"post-33711 format-standard mh-posts-grid-item clearfix\">\n<figure class=\"mh-posts-grid-thumb\"><a class=\"mh-thumb-icon mh-thumb-icon-small-mobile\" href=\"https:\/\/www.tlnews.ro\/trecerea-cu-bacul-intre-isaccea-si-orlivka-suspendata-temporar-dupa-incidentele-produse-in-ucraina\/\" title=\"Trecerea cu bacul \u00eentre Isaccea \u0219i Orlivka, suspendat\u0103 temporar dup\u0103 incidentele produse \u00een Ucraina\"><img loading=\"lazy\" decoding=\"async\" width=\"326\" height=\"245\" src=\"https:\/\/www.tlnews.ro\/wp-content\/uploads\/2026\/09\/WhatsApp-Image-2026-09-01-at-10.45.35-326x245.jpeg\" class=\"attachment-mh-magazine-medium size-mh-magazine-medium wp-post-image\" alt><\/a><\/p>\n<div class=\"mh-image-caption mh-posts-grid-caption\">\n\t\t\t\tComunicat de Presa\t\t\t<\/div>\n<\/figure>\n<h3 class=\"entry-title mh-posts-grid-title\"><a href=\"https:\/\/www.tlnews.ro\/trecerea-cu-bacul-intre-isaccea-si-orlivka-suspendata-temporar-dupa-incidentele-produse-in-ucraina\/\" title=\"Trecerea cu bacul \u00eentre Isaccea \u0219i Orlivka, suspendat\u0103 temporar dup\u0103 incidentele produse \u00een Ucraina\" rel=\"bookmark\"><br \/>\n\t\t\tTrecerea cu bacul \u00eentre Isaccea \u0219i Orlivka, suspendat\u0103 temporar dup\u0103 incidentele produse \u00een Ucraina\t\t<\/a><\/h3>\n<div class=\"mh-meta entry-meta\"><span class=\"entry-meta-date updated\"><a href=\"https:\/\/www.tlnews.ro\/2026\/09\/\">September 1, 2026<\/a><\/span><span class=\"entry-meta-author author vcard\"><a class=\"fn\" href=\"https:\/\/www.tlnews.ro\/author\/cosmin79\/\">\u0218tefan POPESCU<\/a><\/span><span class=\"entry-meta-categories\"><a href=\"https:\/\/www.tlnews.ro\/category\/comunicat-de-presa\/\" rel=\"category tag\">Comunicat de Presa<\/a>, <a href=\"https:\/\/www.tlnews.ro\/category\/eveniment\/\" rel=\"category tag\">Eveniment<\/a>, <a href=\"https:\/\/www.tlnews.ro\/category\/featured\/\" rel=\"category tag\">Featured<\/a><\/span><\/div>\n<div class=\"mh-posts-grid-excerpt clearfix\">\n<div class=\"mh-excerpt\">\n<p>Trecerea cu bacul peste Dun\u0103re prin Punctul de Trecere a Frontierei Isaccea\u2013Orlivka a fost suspendat\u0103 temporar, mar\u021bi, 1 septembrie, \u00een <a class=\"mh-excerpt-more\" href=\"https:\/\/www.tlnews.ro\/trecerea-cu-bacul-intre-isaccea-si-orlivka-suspendata-temporar-dupa-incidentele-produse-in-ucraina\/\" title=\"Trecerea cu bacul \u00eentre Isaccea \u0219i Orlivka, suspendat\u0103 temporar dup\u0103 incidentele produse \u00een Ucraina\">[\u2026]<\/a><\/p>\n<\/div>\n<div class=\"sharedaddy sd-sharing-enabled\">\n<div class=\"robots-nocontent sd-block sd-social sd-social-official sd-sharing\">\n<h3 class=\"sd-title\">Trimite unui prieten:<\/h3>\n<div class=\"sd-content\">\n<ul>\n<li class=\"share-jetpack-whatsapp\"><a rel=\"nofollow noopener noreferrer\" data-shared=\"sharing-whatsapp-33711\" class=\"share-jetpack-whatsapp sd-button\" href=\"https:\/\/www.tlnews.ro\/trecerea-cu-bacul-intre-isaccea-si-orlivka-suspendata-temporar-dupa-incidentele-produse-in-ucraina\/?share=jetpack-whatsapp\" target=\"_blank\" aria-labelledby=\"sharing-whatsapp-33711\"><span id=\"sharing-whatsapp-33711\" hidden>Share on WhatsApp (Opens in new window)<\/span><span>WhatsApp<\/span><\/a><\/li>\n<li class=\"share-email\"><a rel=\"nofollow noopener noreferrer\" data-shared=\"sharing-email-33711\" class=\"share-email sd-button\" href=\"mailto:?subject=%5BShared%20Post%5D%20Trecerea%20cu%20bacul%20%C3%AEntre%20Isaccea%20%C8%99i%20Orlivka%2C%20suspendat%C4%83%20temporar%20dup%C4%83%20incidentele%20produse%20%C3%AEn%20Ucraina&amp;body=https%3A%2F%2Fwww.tlnews.ro%2Ftrecerea-cu-bacul-intre-isaccea-si-orlivka-suspendata-temporar-dupa-incidentele-produse-in-ucraina%2F&amp;share=email\" target=\"_blank\" aria-labelledby=\"sharing-email-33711\" data-email-share-error-title=\"Do you have email set up?\" data-email-share-error-text=\"If you&apos;re having problems sharing via email, you might not have email set up for your browser. You may need to create a new email yourself.\" data-email-share-nonce=\"e7c814f7f2\" data-email-share-track-url=\"https:\/\/www.tlnews.ro\/trecerea-cu-bacul-intre-isaccea-si-orlivka-suspendata-temporar-dupa-incidentele-produse-in-ucraina\/?share=email\"><span id=\"sharing-email-33711\" hidden>Email a link to a friend (Opens in new window)<\/span><span>Email<\/span><\/a><\/li>\n<li class=\"share-telegram\"><a rel=\"nofollow noopener noreferrer\" data-shared=\"sharing-telegram-33711\" class=\"share-telegram sd-button\" href=\"https:\/\/www.tlnews.ro\/trecerea-cu-bacul-intre-isaccea-si-orlivka-suspendata-temporar-dupa-incidentele-produse-in-ucraina\/?share=telegram\" target=\"_blank\" aria-labelledby=\"sharing-telegram-33711\"><span id=\"sharing-telegram-33711\" hidden>Share on Telegram (Opens in new window)<\/span><span>Telegram<\/span><\/a><\/li>\n<li class=\"share-twitter\"><a href=\"https:\/\/twitter.com\/share\" class=\"twitter-share-button\" data-url=\"https:\/\/www.tlnews.ro\/trecerea-cu-bacul-intre-isaccea-si-orlivka-suspendata-temporar-dupa-incidentele-produse-in-ucraina\/\" data-text=\"Trecerea cu bacul \u00eentre Isaccea \u0219i Orlivka, suspendat\u0103 temporar dup\u0103 incidentele produse \u00een Ucraina\" data-via=\"boioglu\">Tweet<\/a><\/li>\n<li class=\"share-print\"><a rel=\"nofollow noopener noreferrer\" data-shared=\"sharing-print-33711\" class=\"share-print sd-button\" href=\"https:\/\/www.tlnews.ro\/trecerea-cu-bacul-intre-isaccea-si-orlivka-suspendata-temporar-dupa-incidentele-produse-in-ucraina\/#print?share=print\" target=\"_blank\" aria-labelledby=\"sharing-print-33711\"><span id=\"sharing-print-33711\" hidden>Print (Opens in new window)<\/span><span>Print<\/span><\/a><\/li>\n<li class=\"share-facebook\">\n<li class=\"share-end\"><\/ul>\n<\/div>\n<\/div>\n<\/div>\n<\/div>\n<\/article>\n<\/div>\n<\/div>\n<\/section>\n<div id=\"comments\" class=\"mh-comments-wrap\">\n<h4 class=\"mh-widget-title mh-comment-form-title\"><span class=\"mh-widget-title-inner\"><br \/>\n\t\t\t\t\tBe the first to comment\t\t\t\t<\/span><\/h4>\n<div id=\"respond\" class=\"comment-respond\">\n<h3 id=\"reply-title\" class=\"comment-reply-title\">Leave a Reply <small><a rel=\"nofollow\" id=\"cancel-comment-reply-link\" href=\"https:\/\/www.tlnews.ro\/schimbare-la-conducerea-jandarmeriei-tulcea-colonelul-dragos-duluchian-preia-comanda-dupa-aproape-12-ani-in-care-institutia-a-fost-condusa-de-ion-bordei\/#respond\">Cancel reply<\/a><\/small><\/h3>\n<p class=\"comment-notes\">Your email address will not be published.<\/p>\n<p class=\"comment-form-comment\"><\/p>\n<p class=\"comment-form-author\"><span class=\"required\">*<\/span><\/p>\n<p class=\"comment-form-email\"><span class=\"required\">*<\/span><\/p>\n<p class=\"comment-form-url\"><\/p>\n<\/div>\n<\/div>\n<\/div>\n<div class=\"entry-content clearfix\">\n<figure class=\"entry-thumbnail\"><a href=\"https:\/\/www.tlnews.ro\/schimbare-la-conducerea-jandarmeriei-tulcea-colonelul-dragos-duluchian-preia-comanda-dupa-aproape-12-ani-in-care-institutia-a-fost-condusa-de-ion-bordei\/img_7540\/\"><img decoding=\"async\" src=\"https:\/\/www.tlnews.ro\/wp-content\/uploads\/2026\/09\/IMG_7540-678x381.jpg\" alt title=\"Schimbare la conducerea Jandarmeriei Tulcea. FOTO Jandarmeria Tulcea\"><\/a><figcaption class=\"wp-caption-text\">Schimbare la conducerea Jandarmeriei Tulcea. FOTO Jandarmeria Tulcea <\/figcaption><\/figure>\n<p class=\"isSelectedEnd\">Inspectoratul de Jandarmi Jude\u021bean Tulcea are un nou comandant. Colonelul Ion Bordei a predat, mar\u021bi, 1 septembrie 2026, comanda unit\u0103\u021bii colonelului Drago\u0219 Duluchian, care a ocupat din 2017 func\u021bia de prim-adjunct al inspectorului \u0219ef.<\/p>\n<p class=\"isSelectedEnd\">Ceremonia militar\u0103 de predare-primire a comenzii a avut loc la sediul Inspectoratului de Jandarmi Jude\u021bean Tulcea, \u00een prezen\u021ba colonelului Mihai Cr\u0103ciun, \u0219eful Direc\u021biei Juridice din cadrul Inspectoratului General al Jandarmeriei Rom\u00e2ne, \u0219i a personalului unit\u0103\u021bii.<\/p>\n<p class=\"isSelectedEnd\">Schimbarea de la conducerea institu\u021biei vine dup\u0103 o perioad\u0103 de aproape 12 ani \u00een care Inspectoratul de Jandarmi Jude\u021bean Tulcea a fost condus de colonelul Ion Bordei.<\/p>\n<p class=\"isSelectedEnd\">Potrivit Jandarmeriei Tulcea, \u00een aceast\u0103 perioad\u0103 unitatea a desf\u0103\u0219urat numeroase misiuni pentru men\u021binerea ordinii \u0219i siguran\u021bei publice, protejarea cet\u0103\u021benilor \u0219i asigurarea unui climat de siguran\u021b\u0103 la nivelul jude\u021bului.<\/p>\n<p class=\"isSelectedEnd\">\u00cen cadrul ceremoniei de mar\u021bi, colonelul Ion Bordei a predat oficial comanda unit\u0103\u021bii colonelului Drago\u0219 Duluchian.<\/p>\n<p class=\"isSelectedEnd\">Colonelul Drago\u0219 Duluchian cunoa\u0219te deja activitatea \u0219i structura Inspectoratului de Jandarmi Jude\u021bean Tulcea, dup\u0103 ce, \u00eencep\u00e2nd din anul 2017, a \u00eendeplinit atribu\u021biile func\u021biei de prim-adjunct al inspectorului \u0219ef.<\/p>\n<p class=\"isSelectedEnd\">Din noua pozi\u021bie, acesta va conduce activitatea unit\u0103\u021bii \u0219i va coordona misiunile desf\u0103\u0219urate de jandarmii tulceni.<\/p>\n<p>Reprezentan\u021bii institu\u021biei consider\u0103 predarea comenzii un moment important \u00een activitatea unei unit\u0103\u021bi militare, care marcheaz\u0103 at\u00e2t \u00eencheierea unei etape, c\u00e2t \u0219i \u00eenceputul unei noi perioade bazate pe experien\u021b\u0103, responsabilitate \u0219i continuitate.<\/p>\n<div class=\"sharedaddy sd-sharing-enabled\">\n<div class=\"robots-nocontent sd-block sd-social sd-social-official sd-sharing\">\n<h3 class=\"sd-title\">Trimite unui prieten:<\/h3>\n<div class=\"sd-content\">\n<ul>\n<li class=\"share-jetpack-whatsapp\"><a rel=\"nofollow noopener noreferrer\" data-shared=\"sharing-whatsapp-33716\" class=\"share-jetpack-whatsapp sd-button\" href=\"https:\/\/www.tlnews.ro\/schimbare-la-conducerea-jandarmeriei-tulcea-colonelul-dragos-duluchian-preia-comanda-dupa-aproape-12-ani-in-care-institutia-a-fost-condusa-de-ion-bordei\/?share=jetpack-whatsapp\" target=\"_blank\" aria-labelledby=\"sharing-whatsapp-33716\"><span id=\"sharing-whatsapp-33716\" hidden>Share on WhatsApp (Opens in new window)<\/span><span>WhatsApp<\/span><\/a><\/li>\n<li class=\"share-email\"><a rel=\"nofollow noopener noreferrer\" data-shared=\"sharing-email-33716\" class=\"share-email sd-button\" href=\"mailto:?subject=%5BShared%20Post%5D%20Schimbare%20la%20conducerea%20Jandarmeriei%20Tulcea.%20Colonelul%20Drago%C8%99%20Duluchian%20preia%20comanda%20dup%C4%83%20aproape%2012%20ani%20%C3%AEn%20care%20institu%C8%9Bia%20a%20fost%20condus%C4%83%20de%20Ion%20Bordei&amp;body=https%3A%2F%2Fwww.tlnews.ro%2Fschimbare-la-conducerea-jandarmeriei-tulcea-colonelul-dragos-duluchian-preia-comanda-dupa-aproape-12-ani-in-care-institutia-a-fost-condusa-de-ion-bordei%2F&amp;share=email\" target=\"_blank\" aria-labelledby=\"sharing-email-33716\" data-email-share-error-title=\"Do you have email set up?\" data-email-share-error-text=\"If you&apos;re having problems sharing via email, you might not have email set up for your browser. You may need to create a new email yourself.\" data-email-share-nonce=\"97da3fecdb\" data-email-share-track-url=\"https:\/\/www.tlnews.ro\/schimbare-la-conducerea-jandarmeriei-tulcea-colonelul-dragos-duluchian-preia-comanda-dupa-aproape-12-ani-in-care-institutia-a-fost-condusa-de-ion-bordei\/?share=email\"><span id=\"sharing-email-33716\" hidden>Email a link to a friend (Opens in new window)<\/span><span>Email<\/span><\/a><\/li>\n<li class=\"share-telegram\"><a rel=\"nofollow noopener noreferrer\" data-shared=\"sharing-telegram-33716\" class=\"share-telegram sd-button\" href=\"https:\/\/www.tlnews.ro\/schimbare-la-conducerea-jandarmeriei-tulcea-colonelul-dragos-duluchian-preia-comanda-dupa-aproape-12-ani-in-care-institutia-a-fost-condusa-de-ion-bordei\/?share=telegram\" target=\"_blank\" aria-labelledby=\"sharing-telegram-33716\"><span id=\"sharing-telegram-33716\" hidden>Share on Telegram (Opens in new window)<\/span><span>Telegram<\/span><\/a><\/li>\n<li class=\"share-twitter\"><a href=\"https:\/\/twitter.com\/share\" class=\"twitter-share-button\" data-url=\"https:\/\/www.tlnews.ro\/schimbare-la-conducerea-jandarmeriei-tulcea-colonelul-dragos-duluchian-preia-comanda-dupa-aproape-12-ani-in-care-institutia-a-fost-condusa-de-ion-bordei\/\" data-text=\"Schimbare la conducerea Jandarmeriei Tulcea. Colonelul Drago\u0219 Duluchian preia comanda dup\u0103 aproape 12 ani \u00een care institu\u021bia a fost condus\u0103 de Ion Bordei\" data-via=\"boioglu\">Tweet<\/a><\/li>\n<li class=\"share-print\"><a rel=\"nofollow noopener noreferrer\" data-shared=\"sharing-print-33716\" class=\"share-print sd-button\" href=\"https:\/\/www.tlnews.ro\/schimbare-la-conducerea-jandarmeriei-tulcea-colonelul-dragos-duluchian-preia-comanda-dupa-aproape-12-ani-in-care-institutia-a-fost-condusa-de-ion-bordei\/#print?share=print\" target=\"_blank\" aria-labelledby=\"sharing-print-33716\"><span id=\"sharing-print-33716\" hidden>Print (Opens in new window)<\/span><span>Print<\/span><\/a><\/li>\n<li class=\"share-facebook\">\n<li class=\"share-end\"><\/ul>\n<\/div>\n<\/div>\n<\/div>\n<\/div>\n<p>[analyse_source url=&#8221;https:\/\/www.tlnews.ro\/schimbare-la-conducerea-jandarmeriei-tulcea-colonelul-dragos-duluchian-preia-comanda-dupa-aproape-12-ani-in-care-institutia-a-fost-condusa-de-ion-bordei\/&#8221;]<\/p>\n","protected":false},"excerpt":{"rendered":"<p>[analyse_image type=&#8221;featured&#8221; src=&#8221;https:\/\/www.tlnews.ro\/wp-content\/uploads\/2026\/09\/IMG_7540-1024&#215;576.jpghttps:\/\/www.tlnews.ro\/wp-content\/uploads\/2026\/09\/IMG_7540.jpg&#8221;] Schimbare la conducerea Jandarmeriei Tulcea. Colonelul Drago\u0219 Duluchian preia comanda dup\u0103 aproape 12 ani \u00een care institu\u021bia a fost condus\u0103 de Ion Bordei September 1, 2026\u0218tefan POPESCUComunicat de Presa, Eveniment Schimbare la conducerea Jandarmeriei Tulcea. FOTO Jandarmeria Tulcea Inspectoratul de Jandarmi Jude\u021bean Tulcea are un nou comandant. Colonelul Ion Bordei a predat, [&hellip;]<\/p>\n","protected":false},"author":1,"featured_media":0,"comment_status":"open","ping_status":"","sticky":false,"template":"","format":"standard","meta":{"footnotes":""},"categories":[89],"tags":[226,193],"class_list":["post-2123902","post","type-post","status-publish","format-standard","hentry","category-romania","tag-crawlmanager","tag-tlnews-ro"],"_links":{"self":[{"href":"https:\/\/analyse.optim.biz\/index.php?rest_route=\/wp\/v2\/posts\/2123902","targetHints":{"allow":["GET"]}}],"collection":[{"href":"https:\/\/analyse.optim.biz\/index.php?rest_route=\/wp\/v2\/posts"}],"about":[{"href":"https:\/\/analyse.optim.biz\/index.php?rest_route=\/wp\/v2\/types\/post"}],"author":[{"embeddable":true,"href":"https:\/\/analyse.optim.biz\/index.php?rest_route=\/wp\/v2\/users\/1"}],"replies":[{"embeddable":true,"href":"https:\/\/analyse.optim.biz\/index.php?rest_route=%2Fwp%2Fv2%2Fcomments&post=2123902"}],"version-history":[{"count":0,"href":"https:\/\/analyse.optim.biz\/index.php?rest_route=\/wp\/v2\/posts\/2123902\/revisions"}],"wp:attachment":[{"href":"https:\/\/analyse.optim.biz\/index.php?rest_route=%2Fwp%2Fv2%2Fmedia&parent=2123902"}],"wp:term":[{"taxonomy":"category","embeddable":true,"href":"https:\/\/analyse.optim.biz\/index.php?rest_route=%2Fwp%2Fv2%2Fcategories&post=2123902"},{"taxonomy":"post_tag","embeddable":true,"href":"https:\/\/analyse.optim.biz\/index.php?rest_route=%2Fwp%2Fv2%2Ftags&post=2123902"}],"curies":[{"name":"wp","href":"https:\/\/api.w.org\/{rel}","templated":true}]}}