{"id":2123899,"date":"2026-08-26T05:45:52","date_gmt":"2026-08-26T02:45:52","guid":{"rendered":"https:\/\/analyse.optim.biz\/?p=2123899"},"modified":"2026-08-26T05:45:52","modified_gmt":"2026-08-26T02:45:52","slug":"guvernul-bolojan-de-la-spaga-de-supravietuire-la-trafic-de-influenta","status":"publish","type":"post","link":"https:\/\/analyse.optim.biz\/?p=2123899","title":{"rendered":"Guvernul Bolojan, de la \u0219pag\u0103 de supravie\u021buire, la trafic de influen\u021b\u0103!"},"content":{"rendered":"<p>[analyse_image type=&#8221;featured&#8221; src=&#8221;https:\/\/cdn.expressdebanat.ro\/wp-content\/uploads\/2026\/08\/bolojan_coruptie_guvern.jpg&#8221;]<\/p>\n<div id=\"post-area\" class=\"post-981702 post type-post status-publish format-standard has-post-thumbnail hentry category-justitie category-national category-politica tag-coruptie-in-guvernul-bolojan tag-cristina-traila tag-dna tag-express-de-banat tag-fanel-bogos tag-folosirea-influentei tag-important tag-secretar-general-adjunct-al-guvernului\">\n<div id=\"social-box\">\n<ul class=\"post-social\">\n<li class=\"social-share-button\">\n<li class=\"social-share-button\">\n<li class=\"social-share-button\"><\/ul>\n<\/div>\n<div id=\"content-area\">\n<div class=\"post-image\"><img loading=\"lazy\" decoding=\"async\" width=\"620\" height=\"400\" src=\"https:\/\/cdn.expressdebanat.ro\/wp-content\/uploads\/2026\/08\/bolojan_coruptie_guvern-620x400.jpg\" class=\"attachment-post-thumb size-post-thumb wp-post-image perfmatters-lazy\" alt=\"bolojan coruptie guvern\"><img loading=\"lazy\" decoding=\"async\" width=\"620\" height=\"400\" src=\"https:\/\/cdn.expressdebanat.ro\/wp-content\/uploads\/2026\/08\/bolojan_coruptie_guvern-620x400.jpg\" class=\"attachment-post-thumb size-post-thumb wp-post-image\" alt=\"bolojan coruptie guvern\"><\/div>\n<p><strong>Premierul Ilie Bolojan n-a demis-o \u00eenc\u0103 pe Cristina Tr\u0103il\u0103 din pozi\u021bia de secretar general adjunct al Guvernului, \u00eenvinuit\u0103 de DNA \u00eentr-un dosar de corup\u021bie!<\/strong><\/p>\n<p>De mitul incoruptibilului Bolojan s-a cam ales praful dup\u0103 ce \u00eenc\u0103 un om din anturajul s\u0103u a devenit penal cu acte \u00een regul\u0103.<\/p>\n<p>Mai \u00eent\u00e2i a c\u0103zut vicepremierul Drago\u0219 Anastasiu, ca urmare a scandalului mitei pe care ar fi dat-o reprezentan\u021bilor ANAF timp de opt ani. Nu orice fel de mit\u0103. Mit\u0103 de supravie\u021buire!<\/p>\n<p>Tot despre corup\u021bie vorbesc procurorii DNA \u0219i \u00een cazul secretarului general adjunct al Guvernului Bolojan, Cristina Tr\u0103il\u0103. Ca chiar prim-ministrul Rom\u00e2niei ar fi a\u0219teptat la audieri, deoarece unul dintre afaceri\u0219tii din doarul de corup\u021bie i-a p\u0103\u0219it pragul cabinetului de la Guvern! Imaginea executivului e praf, la fel cum \u00eencepe s\u0103 fie \u0219i imaginea PNL, mai ales c\u0103 Bolojan nu s-a dezis, cel pu\u021bin deocamdat\u0103, de Cristina Tr\u0103il\u0103.<\/p>\n<p>Premierul demis Ilie Bolojan a declarat c\u0103 va avea abia ast\u0103zi o discu\u021bie cu secretarul general adjunct al Guvernului, de\u0219i a fost pus sub urm\u0103rire penal\u0103 de procurorii DNA \u00eenc\u0103 de ieri.<\/p>\n<p><em>\u201eAm rugat-o ca diminea\u021ba s\u0103 vin\u0103 s\u0103 purt\u0103m o discu\u021bie, s\u0103 \u00een\u021beleg care sunt acuzele care i se aduc \u0219i vom lua m\u00e2ine o decizie dup\u0103 discu\u021bia pe care o s\u0103 o am cu d\u00e2nsa\u201d<\/em>, a declarat Ilie Bolojan, asear\u0103, la Digi24.<\/p>\n<p><em>\u201eNu \u0219tiu de ce este acuzat\u0103 d\u00e2nsa \u0219i ce rol are \u00een aceast\u0103 ecua\u021bie, pentru c\u0103 acel cet\u0103\u021bean care a venit la mine \u00een birou, f\u0103r\u0103 s\u0103 \u0219tiu care este scopul pentru care vine \u0219i s\u0103-i \u0219tiu CV-ul\u201d,<\/em> a mai spus liderul de la Palatul Victoria.<\/p>\n<p>\u00centrebat dac\u0103 Cristina Tr\u0103il\u0103 ar trebui s\u0103 demisioneze din func\u021bie, Bolojan a f\u0103cut apel la r\u0103bdare: <em>\u201e\u00cencerc s\u0103 nu condamn pe cineva \u00eenainte de a vedea despre ce este vorba. \u0218ti\u021bi c\u0103 se fac foarte multe specula\u021bii\u201d.<\/em><\/p>\n<p>\u00centrebat despre o eventual\u0103 implicare sau chemare la audieri, \u0219eful Executivului a spus: <em>\u201e \u00een orice dosar de genul acesta, dac\u0103 ai avut o tangen\u021b\u0103 sau alta, la un moment dat po\u021bi s\u0103 fii invitat s\u0103 dai o declara\u021bie. Nu v\u0103d o formul\u0103 de implica\u021bie\u201d.<\/em><\/p>\n<p>Cristina Tr\u0103il\u0103 e urm\u0103rit\u0103 penal pentru s\u0103v\u00e2r\u0219irea infrac\u021biunii de complicitate la folosirea influen\u021bei ori autorit\u0103\u021bii \u00een scopul ob\u021binerii pentru sine ori pentru altul de bani, bunuri sau alte foloase necuvenite.<\/p>\n<p>Din probatoriul administrat p\u00e2n\u0103 \u00een prezent, procurorii au re\u021binut c\u0103, \u00een perioada 03\u201304 noiembrie 2025, suspecta Tr\u0103il\u0103 Cristina, \u00een calitate de secretar general adjunct al Guvernului Rom\u00e2niei, ar fi sprijinit demersurile inculpatului Barbu Mihai de exercitare a influen\u021bei asupra pre\u0219edintelui A.N.S.V.S.A., \u00een scopul \u00eenlocuirii din func\u021bie a directorului D.S.V.S.A. Vaslui cu o persoan\u0103 agreat\u0103 de inculpatul Bogos F\u0103nel.<\/p>\n<p>Scopul urm\u0103rit ar fi fost ob\u021binerea unor foloase necuvenite pentru inculpatul Bogos F\u0103nel \u0219i pentru societatea de\u021binut\u0103 de acesta, const\u00e2nd, \u00eentre altele, \u00een aprobarea unui dosar de desp\u0103gubire \u00een valoare de aproximativ 3 milioane de euro, precum \u0219i \u00een diminuarea sau \u00eencetarea controalelor sanitar-veterinare la fermele societ\u0103\u021bii.<\/p>\n<p>\u00cen urma acestui scandal de corup\u021bie, absolut firesc, Partidul Social Democrat a solicitat demisia Cristinei Tr\u0103il\u0103 din func\u021bia de la Palatul Victoria. Ilie Bolojan se mai g\u00e2nde\u0219te!<\/p>\n<p>\u00a0<\/p>\n<p>FOTO: Inquam Photos \/<a href=\"https:\/\/inquamphotos.com\/user\/malina-norocea\">M\u0103lina\u00a0Norocea<\/a><\/p>\n<\/div>\n<div id=\"social-box\">\n<ul class=\"post-social\">\n<li class=\"fb-line\">\n<li><a href=\"http:\/\/twitter.com\/share\" class=\"twitter-share-button\" data-lang=\"en\" data-count=\"horizontal\">Tweet<\/a><\/li>\n<li>\n<li><a href=\"http:\/\/pinterest.com\/pin\/create\/button\/?url=https%3A%2F%2Fexpressdebanat.ro%2Fguvernul-bolojan-de-la-spaga-de-supravietuire-la-trafic-de-influenta%2F&amp;media=https:\/\/cdn.expressdebanat.ro\/wp-content\/uploads\/2026\/08\/bolojan_coruptie_guvern.jpg&amp;description=Guvernul%20Bolojan,%20de%20la%20%C8%99pag%C4%83%20de%20supravie%C8%9Buire,%20la%20trafic%20de%20influen%C8%9B%C4%83!\" class=\"pin-it-button\">Pin It<\/a><\/li>\n<\/ul>\n<\/div>\n<\/div>\n<div id=\"content-area\">\n<div class=\"post-image\"><img loading=\"lazy\" decoding=\"async\" width=\"620\" height=\"400\" src=\"https:\/\/cdn.expressdebanat.ro\/wp-content\/uploads\/2026\/08\/bolojan_coruptie_guvern-620x400.jpg\" class=\"attachment-post-thumb size-post-thumb wp-post-image perfmatters-lazy\" alt=\"bolojan coruptie guvern\"><img loading=\"lazy\" decoding=\"async\" width=\"620\" height=\"400\" src=\"https:\/\/cdn.expressdebanat.ro\/wp-content\/uploads\/2026\/08\/bolojan_coruptie_guvern-620x400.jpg\" class=\"attachment-post-thumb size-post-thumb wp-post-image\" alt=\"bolojan coruptie guvern\"><\/div>\n<p><strong>Premierul Ilie Bolojan n-a demis-o \u00eenc\u0103 pe Cristina Tr\u0103il\u0103 din pozi\u021bia de secretar general adjunct al Guvernului, \u00eenvinuit\u0103 de DNA \u00eentr-un dosar de corup\u021bie!<\/strong><\/p>\n<p>De mitul incoruptibilului Bolojan s-a cam ales praful dup\u0103 ce \u00eenc\u0103 un om din anturajul s\u0103u a devenit penal cu acte \u00een regul\u0103.<\/p>\n<p>Mai \u00eent\u00e2i a c\u0103zut vicepremierul Drago\u0219 Anastasiu, ca urmare a scandalului mitei pe care ar fi dat-o reprezentan\u021bilor ANAF timp de opt ani. Nu orice fel de mit\u0103. Mit\u0103 de supravie\u021buire!<\/p>\n<p>Tot despre corup\u021bie vorbesc procurorii DNA \u0219i \u00een cazul secretarului general adjunct al Guvernului Bolojan, Cristina Tr\u0103il\u0103. Ca chiar prim-ministrul Rom\u00e2niei ar fi a\u0219teptat la audieri, deoarece unul dintre afaceri\u0219tii din doarul de corup\u021bie i-a p\u0103\u0219it pragul cabinetului de la Guvern! Imaginea executivului e praf, la fel cum \u00eencepe s\u0103 fie \u0219i imaginea PNL, mai ales c\u0103 Bolojan nu s-a dezis, cel pu\u021bin deocamdat\u0103, de Cristina Tr\u0103il\u0103.<\/p>\n<p>Premierul demis Ilie Bolojan a declarat c\u0103 va avea abia ast\u0103zi o discu\u021bie cu secretarul general adjunct al Guvernului, de\u0219i a fost pus sub urm\u0103rire penal\u0103 de procurorii DNA \u00eenc\u0103 de ieri.<\/p>\n<p><em>\u201eAm rugat-o ca diminea\u021ba s\u0103 vin\u0103 s\u0103 purt\u0103m o discu\u021bie, s\u0103 \u00een\u021beleg care sunt acuzele care i se aduc \u0219i vom lua m\u00e2ine o decizie dup\u0103 discu\u021bia pe care o s\u0103 o am cu d\u00e2nsa\u201d<\/em>, a declarat Ilie Bolojan, asear\u0103, la Digi24.<\/p>\n<p><em>\u201eNu \u0219tiu de ce este acuzat\u0103 d\u00e2nsa \u0219i ce rol are \u00een aceast\u0103 ecua\u021bie, pentru c\u0103 acel cet\u0103\u021bean care a venit la mine \u00een birou, f\u0103r\u0103 s\u0103 \u0219tiu care este scopul pentru care vine \u0219i s\u0103-i \u0219tiu CV-ul\u201d,<\/em> a mai spus liderul de la Palatul Victoria.<\/p>\n<p>\u00centrebat dac\u0103 Cristina Tr\u0103il\u0103 ar trebui s\u0103 demisioneze din func\u021bie, Bolojan a f\u0103cut apel la r\u0103bdare: <em>\u201e\u00cencerc s\u0103 nu condamn pe cineva \u00eenainte de a vedea despre ce este vorba. \u0218ti\u021bi c\u0103 se fac foarte multe specula\u021bii\u201d.<\/em><\/p>\n<p>\u00centrebat despre o eventual\u0103 implicare sau chemare la audieri, \u0219eful Executivului a spus: <em>\u201e \u00een orice dosar de genul acesta, dac\u0103 ai avut o tangen\u021b\u0103 sau alta, la un moment dat po\u021bi s\u0103 fii invitat s\u0103 dai o declara\u021bie. Nu v\u0103d o formul\u0103 de implica\u021bie\u201d.<\/em><\/p>\n<p>Cristina Tr\u0103il\u0103 e urm\u0103rit\u0103 penal pentru s\u0103v\u00e2r\u0219irea infrac\u021biunii de complicitate la folosirea influen\u021bei ori autorit\u0103\u021bii \u00een scopul ob\u021binerii pentru sine ori pentru altul de bani, bunuri sau alte foloase necuvenite.<\/p>\n<p>Din probatoriul administrat p\u00e2n\u0103 \u00een prezent, procurorii au re\u021binut c\u0103, \u00een perioada 03\u201304 noiembrie 2025, suspecta Tr\u0103il\u0103 Cristina, \u00een calitate de secretar general adjunct al Guvernului Rom\u00e2niei, ar fi sprijinit demersurile inculpatului Barbu Mihai de exercitare a influen\u021bei asupra pre\u0219edintelui A.N.S.V.S.A., \u00een scopul \u00eenlocuirii din func\u021bie a directorului D.S.V.S.A. Vaslui cu o persoan\u0103 agreat\u0103 de inculpatul Bogos F\u0103nel.<\/p>\n<p>Scopul urm\u0103rit ar fi fost ob\u021binerea unor foloase necuvenite pentru inculpatul Bogos F\u0103nel \u0219i pentru societatea de\u021binut\u0103 de acesta, const\u00e2nd, \u00eentre altele, \u00een aprobarea unui dosar de desp\u0103gubire \u00een valoare de aproximativ 3 milioane de euro, precum \u0219i \u00een diminuarea sau \u00eencetarea controalelor sanitar-veterinare la fermele societ\u0103\u021bii.<\/p>\n<p>\u00cen urma acestui scandal de corup\u021bie, absolut firesc, Partidul Social Democrat a solicitat demisia Cristinei Tr\u0103il\u0103 din func\u021bia de la Palatul Victoria. Ilie Bolojan se mai g\u00e2nde\u0219te!<\/p>\n<p>\u00a0<\/p>\n<p>FOTO: Inquam Photos \/<a href=\"https:\/\/inquamphotos.com\/user\/malina-norocea\">M\u0103lina\u00a0Norocea<\/a><\/p>\n<\/div>\n<p>[analyse_source url=&#8221;https:\/\/expressdebanat.ro\/guvernul-bolojan-de-la-spaga-de-supravietuire-la-trafic-de-influenta\/&#8221;]<\/p>\n","protected":false},"excerpt":{"rendered":"<p>[analyse_image type=&#8221;featured&#8221; src=&#8221;https:\/\/cdn.expressdebanat.ro\/wp-content\/uploads\/2026\/08\/bolojan_coruptie_guvern.jpg&#8221;] Premierul Ilie Bolojan n-a demis-o \u00eenc\u0103 pe Cristina Tr\u0103il\u0103 din pozi\u021bia de secretar general adjunct al Guvernului, \u00eenvinuit\u0103 de DNA \u00eentr-un dosar de corup\u021bie! De mitul incoruptibilului Bolojan s-a cam ales praful dup\u0103 ce \u00eenc\u0103 un om din anturajul s\u0103u a devenit penal cu acte \u00een regul\u0103. Mai \u00eent\u00e2i a c\u0103zut vicepremierul [&hellip;]<\/p>\n","protected":false},"author":1,"featured_media":0,"comment_status":"open","ping_status":"","sticky":false,"template":"","format":"standard","meta":{"footnotes":""},"categories":[89],"tags":[226,196],"class_list":["post-2123899","post","type-post","status-publish","format-standard","hentry","category-romania","tag-crawlmanager","tag-expressdebanat-ro"],"_links":{"self":[{"href":"https:\/\/analyse.optim.biz\/index.php?rest_route=\/wp\/v2\/posts\/2123899","targetHints":{"allow":["GET"]}}],"collection":[{"href":"https:\/\/analyse.optim.biz\/index.php?rest_route=\/wp\/v2\/posts"}],"about":[{"href":"https:\/\/analyse.optim.biz\/index.php?rest_route=\/wp\/v2\/types\/post"}],"author":[{"embeddable":true,"href":"https:\/\/analyse.optim.biz\/index.php?rest_route=\/wp\/v2\/users\/1"}],"replies":[{"embeddable":true,"href":"https:\/\/analyse.optim.biz\/index.php?rest_route=%2Fwp%2Fv2%2Fcomments&post=2123899"}],"version-history":[{"count":0,"href":"https:\/\/analyse.optim.biz\/index.php?rest_route=\/wp\/v2\/posts\/2123899\/revisions"}],"wp:attachment":[{"href":"https:\/\/analyse.optim.biz\/index.php?rest_route=%2Fwp%2Fv2%2Fmedia&parent=2123899"}],"wp:term":[{"taxonomy":"category","embeddable":true,"href":"https:\/\/analyse.optim.biz\/index.php?rest_route=%2Fwp%2Fv2%2Fcategories&post=2123899"},{"taxonomy":"post_tag","embeddable":true,"href":"https:\/\/analyse.optim.biz\/index.php?rest_route=%2Fwp%2Fv2%2Ftags&post=2123899"}],"curies":[{"name":"wp","href":"https:\/\/api.w.org\/{rel}","templated":true}]}}